{"id":27044,"date":"2013-11-23T02:49:40","date_gmt":"2013-11-23T07:49:40","guid":{"rendered":"http:\/\/akunq.net\/tr\/?p=27044"},"modified":"2013-11-23T02:49:40","modified_gmt":"2013-11-23T07:49:40","slug":"sanatcilardan-madimak-sergisi-unutmamamak","status":"publish","type":"post","link":"https:\/\/akunq.net\/tr\/?p=27044","title":{"rendered":"Sanat\u00e7\u0131lardan Mad\u0131mak Sergisi: Unutmamamak!"},"content":{"rendered":"<p style=\"text-align: justify;\"><b><i><a href=\"http:\/\/akunq.net\/tr\/wp-content\/uploads\/2013\/11\/\u0531\u0580\u0561-\u0533\u0575\u0578\u0582\u056c\u0565\u0580.jpg\"><img loading=\"lazy\" decoding=\"async\" class=\"alignright size-full wp-image-27045\" alt=\"\u0531\u0580\u0561 \u0533\u0575\u0578\u0582\u056c\u0565\u0580\" src=\"http:\/\/akunq.net\/tr\/wp-content\/uploads\/2013\/11\/\u0531\u0580\u0561-\u0533\u0575\u0578\u0582\u056c\u0565\u0580.jpg\" width=\"268\" height=\"177\" \/><\/a>T\u00fcrkiye\u2019nin \u00f6nde gelen 35 sanat\u00e7\u0131s\u0131 Sivas Katliam\u0131 davas\u0131nda zamana\u015f\u0131m\u0131na u\u011framas\u0131na tepki olarak kendi eserlerini yakt\u0131lar. D\u00fcnyaca \u00fcnl\u00fc foto\u011fraf sanat\u00e7\u0131s\u0131 Ara G\u00fcler\u2019de Sivas Katliam\u0131n\u0131n unutulmamas\u0131 i\u00e7in bir eserini kendi elleriyle yakt\u0131.<\/i><\/b><\/p>\n<p style=\"text-align: justify;\">H\u00fcrriyet\u2019in haberine g\u00f6re; Sivas\u2019taki Mad\u0131mak Oteli\u2019nde, 2 Temmuz 1993 tarihinde 35 ki\u015finin yak\u0131larak katledilmesine ili\u015fkin davan\u0131n, 19\u2019uncu y\u0131l\u0131n sonunda zamana\u015f\u0131m\u0131na u\u011framas\u0131 \u00fczerine anlaml\u0131 bir tepki g\u00f6stermek i\u00e7in bir araya gelen 35 sanat\u00e7\u0131, eserlerini k\u0131smen yakt\u0131. Sanat\u00e7\u0131lar\u0131n bu ortak tepkisine destek veren Be\u015fikta\u015f Belediye Ba\u015fkan\u0131 \u0130smail \u00dcnal, bu eserlerin izleyiciyle bulu\u015fabilmesi i\u00e7in \u2018Unutmamak\u2019 adl\u0131 sergiyi hayata ge\u00e7iriyor. \u201c\u0130nsanl\u0131k su\u00e7u kapsam\u0131nda de\u011ferlendirilmesi gereken bu davan\u0131n zamana\u015f\u0131m\u0131na u\u011framas\u0131, kabul edilemez\u201d mesaj\u0131 veren \u2018Unutmamak\u2019 Sergisi, 19 Kas\u0131m Sal\u0131 g\u00fcn\u00fc Mustafa Kemal K\u00fclt\u00fcr Merkezi\u2019ndeki Be\u015fikta\u015f \u00c7a\u011fda\u015f Galerisi\u2019nde a\u00e7\u0131lacak. Be\u015fikta\u015f Belediye Ba\u015fkan\u0131 \u0130smail \u00dcnal ve sanat\u00e7\u0131lar\u0131n bir \u2018toplumsal sorumluluk projesi\u2019 olarak g\u00f6rd\u00fc\u011f\u00fc bu \u00e7al\u0131\u015fma, sadece sergiyle de s\u0131n\u0131rl\u0131 kalmayacak.\u00a0\u0130stanbul\u2019da d\u00fczenlenecek serginin ard\u0131ndan\u00a0Ankara,\u00a0\u0130zmir, Eski\u015fehir gibi bir\u00e7ok ilde halkla bulu\u015facak eserler, ard\u0131ndan yurtd\u0131\u015f\u0131nda sergilenecek. Ayr\u0131ca Be\u015fikta\u015f Belediyesi \u2018Unutmamak\u2019 sergisine kat\u0131lan eserleri bir kitapta toplayarak, \u00e7al\u0131\u015fman\u0131n daha \u00e7ok insana ula\u015fmas\u0131n\u0131 sa\u011flayacak.<\/p>\n<p style=\"text-align: justify;\"><b>UNUTMAMAK M\u00dcZES\u0130 KURULUYOR<\/b><\/p>\n<p style=\"text-align: justify;\">Sanat\u00e7\u0131 Bubi\u2019nin projesi i\u00e7inde bir araya gelen resim, heykel, grav\u00fcr ve foto\u011fraf sanat\u00e7\u0131lar\u0131, ortak \u00e7al\u0131\u015fmaya ili\u015fkin bir de ortak a\u00e7\u0131klama yapt\u0131lar: \u201c19 y\u0131ll\u0131k dava s\u00fcreci toplumsal vicdan\u0131 tatmin etmekten uzak bir seyir izlemi\u015ftir. \u0130nsanl\u0131k su\u00e7u kapsam\u0131nda de\u011ferlendirilmesi gereken bu davan\u0131n zamana\u015f\u0131m\u0131na u\u011framas\u0131, kabul edilemez bir durumdur. Bu bir toplumsal sorumluluk projesidir. Amac\u0131 \u00f6zg\u00fcrl\u00fcklere, farkl\u0131l\u0131klara, adalet ve demokrasiye ili\u015fkin duyarl\u0131l\u0131\u011f\u0131n, peki\u015fip yayg\u0131nla\u015fmas\u0131na katk\u0131da bulunmakt\u0131r. Hi\u00e7bir politik y\u00f6nelime \u00f6ncelik tan\u0131madan, t\u00fcm toplumsal gruplara e\u015fit mesafede, hi\u00e7 kimsenin dili, dini, \u0131rk\u0131, cinsiyeti ve cinsel tercihinden dolay\u0131s\u0131yla ayr\u0131mc\u0131l\u0131\u011fa tabi tutulmad\u0131\u011f\u0131 bir T\u00fcrkiye \u00f6zlemiyle. Unutmamak ve Unutturmamak i\u00e7in\u2026\u201d Y\u0131l sonunda \u2018Unutmamak\u2019 sergisinin, Sivas katliam\u0131nda \u00f6len insanlar\u0131n an\u0131s\u0131na kal\u0131c\u0131 bir hale d\u00f6n\u00fc\u015ft\u00fcr\u00fclmesi i\u00e7in Unutmamak M\u00fczesi kurulacak. Sivas Katliam\u0131\u2019n\u0131 unutturmamay\u0131 ve tarihe ta\u015f\u0131may\u0131 hedefleyen 35 sanat\u00e7\u0131n\u0131n \u00e7abas\u0131n\u0131 daimi k\u0131lmak isteyen Be\u015fikta\u015f Belediye Ba\u015fkan\u0131 \u0130smail \u00dcnal, m\u00fczenin kurulmas\u0131 amac\u0131yla Karanfilk\u00f6y\u2019de \u00e7al\u0131\u015fmalar ba\u015flatt\u0131. Yap\u0131m\u0131 Y\u00fcksek Mimar Mustafa Toner taraf\u0131ndan \u00fcstlenilen m\u00fczenin y\u0131l bitmeden ziyarete a\u00e7\u0131lmas\u0131 hedefleniyor.<\/p>\n<p style=\"text-align: justify;\"><b><i>http<\/i><\/b><b><i>:\/\/<\/i><\/b><b><i>dersimnews<\/i><\/b><b><i>.<\/i><\/b><b><i>com<\/i><\/b><b><i>\/<\/i><\/b><b><i>manset<\/i><\/b><b><i>\/<\/i><\/b><b><i>sanatcilardan<\/i><\/b><b><i>&#8211;<\/i><\/b><b><i>madimak<\/i><\/b><b><i>&#8211;<\/i><\/b><b><i>sergisi<\/i><\/b><b><i>&#8211;<\/i><\/b><b><i>unutmamamak<\/i><\/b><b><i>.<\/i><\/b><b><i>html<\/i><\/b><\/p>\n","protected":false},"excerpt":{"rendered":"<p>T\u00fcrkiye\u2019nin \u00f6nde gelen 35 sanat\u00e7\u0131s\u0131 Sivas Katliam\u0131 davas\u0131nda zamana\u015f\u0131m\u0131na u\u011framas\u0131na tepki olarak kendi eserlerini yakt\u0131lar. D\u00fcnyaca \u00fcnl\u00fc foto\u011fraf sanat\u00e7\u0131s\u0131 Ara G\u00fcler\u2019de Sivas Katliam\u0131n\u0131n unutulmamas\u0131 i\u00e7in bir eserini kendi elleriyle yakt\u0131. H\u00fcrriyet\u2019in haberine g\u00f6re; Sivas\u2019taki Mad\u0131mak Oteli\u2019nde, 2 Temmuz 1993 tarihinde 35 ki\u015finin yak\u0131larak katledilmesine ili\u015fkin davan\u0131n, 19\u2019uncu y\u0131l\u0131n sonunda zamana\u015f\u0131m\u0131na u\u011framas\u0131 \u00fczerine anlaml\u0131 bir tepki [&hellip;]<\/p>\n","protected":false},"author":7,"featured_media":0,"comment_status":"open","ping_status":"open","sticky":false,"template":"","format":"standard","meta":{"footnotes":""},"categories":[1],"tags":[],"class_list":["post-27044","post","type-post","status-publish","format-standard","hentry","category-haberler"],"yoast_head":"<!-- This site is optimized with the Yoast SEO plugin v27.4 - https:\/\/yoast.com\/product\/yoast-seo-wordpress\/ -->\n<title>Sanat\u00e7\u0131lardan Mad\u0131mak Sergisi: Unutmamamak! - Bati Ermenistan Ve Bati Ermenileri Sorunlari Ara\u015ftirmalar Merkezi<\/title>\n<meta name=\"robots\" content=\"index, follow, max-snippet:-1, max-image-preview:large, max-video-preview:-1\" \/>\n<link rel=\"canonical\" href=\"https:\/\/akunq.net\/tr\/?p=27044\" \/>\n<meta property=\"og:locale\" content=\"en_US\" \/>\n<meta property=\"og:type\" content=\"article\" \/>\n<meta property=\"og:title\" content=\"Sanat\u00e7\u0131lardan Mad\u0131mak Sergisi: Unutmamamak! - Bati Ermenistan Ve Bati Ermenileri Sorunlari Ara\u015ftirmalar Merkezi\" \/>\n<meta property=\"og:description\" content=\"T\u00fcrkiye\u2019nin \u00f6nde gelen 35 sanat\u00e7\u0131s\u0131 Sivas Katliam\u0131 davas\u0131nda zamana\u015f\u0131m\u0131na u\u011framas\u0131na tepki olarak kendi eserlerini yakt\u0131lar. D\u00fcnyaca \u00fcnl\u00fc foto\u011fraf sanat\u00e7\u0131s\u0131 Ara G\u00fcler\u2019de Sivas Katliam\u0131n\u0131n unutulmamas\u0131 i\u00e7in bir eserini kendi elleriyle yakt\u0131. H\u00fcrriyet\u2019in haberine g\u00f6re; Sivas\u2019taki Mad\u0131mak Oteli\u2019nde, 2 Temmuz 1993 tarihinde 35 ki\u015finin yak\u0131larak katledilmesine ili\u015fkin davan\u0131n, 19\u2019uncu y\u0131l\u0131n sonunda zamana\u015f\u0131m\u0131na u\u011framas\u0131 \u00fczerine anlaml\u0131 bir tepki [&hellip;]\" \/>\n<meta property=\"og:url\" content=\"https:\/\/akunq.net\/tr\/?p=27044\" \/>\n<meta property=\"og:site_name\" content=\"Bati Ermenistan Ve Bati Ermenileri Sorunlari Ara\u015ftirmalar Merkezi\" \/>\n<meta property=\"article:published_time\" content=\"2013-11-23T07:49:40+00:00\" \/>\n<meta name=\"author\" content=\"admin\" \/>\n<meta name=\"twitter:card\" content=\"summary_large_image\" \/>\n<meta name=\"twitter:label1\" content=\"Written by\" \/>\n\t<meta name=\"twitter:data1\" content=\"admin\" \/>\n\t<meta name=\"twitter:label2\" content=\"Est. reading time\" \/>\n\t<meta name=\"twitter:data2\" content=\"2 minutes\" \/>\n<script type=\"application\/ld+json\" class=\"yoast-schema-graph\">{\"@context\":\"https:\\\/\\\/schema.org\",\"@graph\":[{\"@type\":\"Article\",\"@id\":\"https:\\\/\\\/akunq.net\\\/tr\\\/?p=27044#article\",\"isPartOf\":{\"@id\":\"https:\\\/\\\/akunq.net\\\/tr\\\/?p=27044\"},\"author\":{\"name\":\"admin\",\"@id\":\"https:\\\/\\\/akunq.net\\\/tr\\\/#\\\/schema\\\/person\\\/096f1d38a12cce57fb855b485ed24c9e\"},\"headline\":\"Sanat\u00e7\u0131lardan Mad\u0131mak Sergisi: Unutmamamak!\",\"datePublished\":\"2013-11-23T07:49:40+00:00\",\"mainEntityOfPage\":{\"@id\":\"https:\\\/\\\/akunq.net\\\/tr\\\/?p=27044\"},\"wordCount\":487,\"commentCount\":0,\"articleSection\":[\"Haberler\"],\"inLanguage\":\"en-US\",\"potentialAction\":[{\"@type\":\"CommentAction\",\"name\":\"Comment\",\"target\":[\"https:\\\/\\\/akunq.net\\\/tr\\\/?p=27044#respond\"]}]},{\"@type\":\"WebPage\",\"@id\":\"https:\\\/\\\/akunq.net\\\/tr\\\/?p=27044\",\"url\":\"https:\\\/\\\/akunq.net\\\/tr\\\/?p=27044\",\"name\":\"Sanat\u00e7\u0131lardan Mad\u0131mak Sergisi: Unutmamamak! - Bati Ermenistan Ve Bati Ermenileri Sorunlari Ara\u015ftirmalar Merkezi\",\"isPartOf\":{\"@id\":\"https:\\\/\\\/akunq.net\\\/tr\\\/#website\"},\"datePublished\":\"2013-11-23T07:49:40+00:00\",\"author\":{\"@id\":\"https:\\\/\\\/akunq.net\\\/tr\\\/#\\\/schema\\\/person\\\/096f1d38a12cce57fb855b485ed24c9e\"},\"breadcrumb\":{\"@id\":\"https:\\\/\\\/akunq.net\\\/tr\\\/?p=27044#breadcrumb\"},\"inLanguage\":\"en-US\",\"potentialAction\":[{\"@type\":\"ReadAction\",\"target\":[\"https:\\\/\\\/akunq.net\\\/tr\\\/?p=27044\"]}]},{\"@type\":\"BreadcrumbList\",\"@id\":\"https:\\\/\\\/akunq.net\\\/tr\\\/?p=27044#breadcrumb\",\"itemListElement\":[{\"@type\":\"ListItem\",\"position\":1,\"name\":\"Home\",\"item\":\"https:\\\/\\\/akunq.net\\\/tr\"},{\"@type\":\"ListItem\",\"position\":2,\"name\":\"Sanat\u00e7\u0131lardan Mad\u0131mak Sergisi: Unutmamamak!\"}]},{\"@type\":\"WebSite\",\"@id\":\"https:\\\/\\\/akunq.net\\\/tr\\\/#website\",\"url\":\"https:\\\/\\\/akunq.net\\\/tr\\\/\",\"name\":\"Bati Ermenistan Ve Bati Ermenileri Sorunlari Ara\u015ftirmalar Merkezi\",\"description\":\"\",\"potentialAction\":[{\"@type\":\"SearchAction\",\"target\":{\"@type\":\"EntryPoint\",\"urlTemplate\":\"https:\\\/\\\/akunq.net\\\/tr\\\/?s={search_term_string}\"},\"query-input\":{\"@type\":\"PropertyValueSpecification\",\"valueRequired\":true,\"valueName\":\"search_term_string\"}}],\"inLanguage\":\"en-US\"},{\"@type\":\"Person\",\"@id\":\"https:\\\/\\\/akunq.net\\\/tr\\\/#\\\/schema\\\/person\\\/096f1d38a12cce57fb855b485ed24c9e\",\"name\":\"admin\",\"url\":\"https:\\\/\\\/akunq.net\\\/tr\\\/?author=7\"}]}<\/script>\n<!-- \/ Yoast SEO plugin. -->","yoast_head_json":{"title":"Sanat\u00e7\u0131lardan Mad\u0131mak Sergisi: Unutmamamak! - Bati Ermenistan Ve Bati Ermenileri Sorunlari Ara\u015ftirmalar Merkezi","robots":{"index":"index","follow":"follow","max-snippet":"max-snippet:-1","max-image-preview":"max-image-preview:large","max-video-preview":"max-video-preview:-1"},"canonical":"https:\/\/akunq.net\/tr\/?p=27044","og_locale":"en_US","og_type":"article","og_title":"Sanat\u00e7\u0131lardan Mad\u0131mak Sergisi: Unutmamamak! - Bati Ermenistan Ve Bati Ermenileri Sorunlari Ara\u015ftirmalar Merkezi","og_description":"T\u00fcrkiye\u2019nin \u00f6nde gelen 35 sanat\u00e7\u0131s\u0131 Sivas Katliam\u0131 davas\u0131nda zamana\u015f\u0131m\u0131na u\u011framas\u0131na tepki olarak kendi eserlerini yakt\u0131lar. D\u00fcnyaca \u00fcnl\u00fc foto\u011fraf sanat\u00e7\u0131s\u0131 Ara G\u00fcler\u2019de Sivas Katliam\u0131n\u0131n unutulmamas\u0131 i\u00e7in bir eserini kendi elleriyle yakt\u0131. H\u00fcrriyet\u2019in haberine g\u00f6re; Sivas\u2019taki Mad\u0131mak Oteli\u2019nde, 2 Temmuz 1993 tarihinde 35 ki\u015finin yak\u0131larak katledilmesine ili\u015fkin davan\u0131n, 19\u2019uncu y\u0131l\u0131n sonunda zamana\u015f\u0131m\u0131na u\u011framas\u0131 \u00fczerine anlaml\u0131 bir tepki [&hellip;]","og_url":"https:\/\/akunq.net\/tr\/?p=27044","og_site_name":"Bati Ermenistan Ve Bati Ermenileri Sorunlari Ara\u015ftirmalar Merkezi","article_published_time":"2013-11-23T07:49:40+00:00","author":"admin","twitter_card":"summary_large_image","twitter_misc":{"Written by":"admin","Est. reading time":"2 minutes"},"schema":{"@context":"https:\/\/schema.org","@graph":[{"@type":"Article","@id":"https:\/\/akunq.net\/tr\/?p=27044#article","isPartOf":{"@id":"https:\/\/akunq.net\/tr\/?p=27044"},"author":{"name":"admin","@id":"https:\/\/akunq.net\/tr\/#\/schema\/person\/096f1d38a12cce57fb855b485ed24c9e"},"headline":"Sanat\u00e7\u0131lardan Mad\u0131mak Sergisi: Unutmamamak!","datePublished":"2013-11-23T07:49:40+00:00","mainEntityOfPage":{"@id":"https:\/\/akunq.net\/tr\/?p=27044"},"wordCount":487,"commentCount":0,"articleSection":["Haberler"],"inLanguage":"en-US","potentialAction":[{"@type":"CommentAction","name":"Comment","target":["https:\/\/akunq.net\/tr\/?p=27044#respond"]}]},{"@type":"WebPage","@id":"https:\/\/akunq.net\/tr\/?p=27044","url":"https:\/\/akunq.net\/tr\/?p=27044","name":"Sanat\u00e7\u0131lardan Mad\u0131mak Sergisi: Unutmamamak! - Bati Ermenistan Ve Bati Ermenileri Sorunlari Ara\u015ftirmalar Merkezi","isPartOf":{"@id":"https:\/\/akunq.net\/tr\/#website"},"datePublished":"2013-11-23T07:49:40+00:00","author":{"@id":"https:\/\/akunq.net\/tr\/#\/schema\/person\/096f1d38a12cce57fb855b485ed24c9e"},"breadcrumb":{"@id":"https:\/\/akunq.net\/tr\/?p=27044#breadcrumb"},"inLanguage":"en-US","potentialAction":[{"@type":"ReadAction","target":["https:\/\/akunq.net\/tr\/?p=27044"]}]},{"@type":"BreadcrumbList","@id":"https:\/\/akunq.net\/tr\/?p=27044#breadcrumb","itemListElement":[{"@type":"ListItem","position":1,"name":"Home","item":"https:\/\/akunq.net\/tr"},{"@type":"ListItem","position":2,"name":"Sanat\u00e7\u0131lardan Mad\u0131mak Sergisi: Unutmamamak!"}]},{"@type":"WebSite","@id":"https:\/\/akunq.net\/tr\/#website","url":"https:\/\/akunq.net\/tr\/","name":"Bati Ermenistan Ve Bati Ermenileri Sorunlari Ara\u015ftirmalar Merkezi","description":"","potentialAction":[{"@type":"SearchAction","target":{"@type":"EntryPoint","urlTemplate":"https:\/\/akunq.net\/tr\/?s={search_term_string}"},"query-input":{"@type":"PropertyValueSpecification","valueRequired":true,"valueName":"search_term_string"}}],"inLanguage":"en-US"},{"@type":"Person","@id":"https:\/\/akunq.net\/tr\/#\/schema\/person\/096f1d38a12cce57fb855b485ed24c9e","name":"admin","url":"https:\/\/akunq.net\/tr\/?author=7"}]}},"_links":{"self":[{"href":"https:\/\/akunq.net\/tr\/index.php?rest_route=\/wp\/v2\/posts\/27044","targetHints":{"allow":["GET"]}}],"collection":[{"href":"https:\/\/akunq.net\/tr\/index.php?rest_route=\/wp\/v2\/posts"}],"about":[{"href":"https:\/\/akunq.net\/tr\/index.php?rest_route=\/wp\/v2\/types\/post"}],"author":[{"embeddable":true,"href":"https:\/\/akunq.net\/tr\/index.php?rest_route=\/wp\/v2\/users\/7"}],"replies":[{"embeddable":true,"href":"https:\/\/akunq.net\/tr\/index.php?rest_route=%2Fwp%2Fv2%2Fcomments&post=27044"}],"version-history":[{"count":1,"href":"https:\/\/akunq.net\/tr\/index.php?rest_route=\/wp\/v2\/posts\/27044\/revisions"}],"predecessor-version":[{"id":27046,"href":"https:\/\/akunq.net\/tr\/index.php?rest_route=\/wp\/v2\/posts\/27044\/revisions\/27046"}],"wp:attachment":[{"href":"https:\/\/akunq.net\/tr\/index.php?rest_route=%2Fwp%2Fv2%2Fmedia&parent=27044"}],"wp:term":[{"taxonomy":"category","embeddable":true,"href":"https:\/\/akunq.net\/tr\/index.php?rest_route=%2Fwp%2Fv2%2Fcategories&post=27044"},{"taxonomy":"post_tag","embeddable":true,"href":"https:\/\/akunq.net\/tr\/index.php?rest_route=%2Fwp%2Fv2%2Ftags&post=27044"}],"curies":[{"name":"wp","href":"https:\/\/api.w.org\/{rel}","templated":true}]}}