{"id":27038,"date":"2013-11-23T02:15:23","date_gmt":"2013-11-23T07:15:23","guid":{"rendered":"http:\/\/akunq.net\/tr\/?p=27038"},"modified":"2013-11-23T02:15:23","modified_gmt":"2013-11-23T07:15:23","slug":"osmanlidan-gunumuze-tapu-ve-emval-i-metruke","status":"publish","type":"post","link":"https:\/\/akunq.net\/tr\/?p=27038","title":{"rendered":"Osmanl\u0131\u2019dan G\u00fcn\u00fcm\u00fcze Tapu ve Emval-i Metruke"},"content":{"rendered":"<p style=\"text-align: justify;\"><a href=\"http:\/\/www.adaletyayinevi.com\/yazar\/yzrdty.asp?yzid=2299\"><b><a href=\"http:\/\/akunq.net\/tr\/wp-content\/uploads\/2013\/11\/OSMANLIDAN-G\u00dcN\u00dcM\u00dcZE-TAPU-VE-EMVAL-\u0130-METRUKE.jpg\"><img loading=\"lazy\" decoding=\"async\" class=\"size-full wp-image-27039 alignright\" alt=\"OSMANLIDAN G\u00dcN\u00dcM\u00dcZE TAPU VE EMVAL-\u0130 METRUKE\" src=\"http:\/\/akunq.net\/tr\/wp-content\/uploads\/2013\/11\/OSMANLIDAN-G\u00dcN\u00dcM\u00dcZE-TAPU-VE-EMVAL-\u0130-METRUKE.jpg\" width=\"247\" height=\"360\" \/><\/a>Ali ELBEYO\u011eLU<\/b><\/a><\/p>\n<p style=\"text-align: justify;\">E\u011fer Avrupa birli\u011fi projesinden vazge\u00e7ecek ve Rusya\u2019n\u0131n dahi kabul etti\u011fi A\u0130HM\u2019ye bireysel ba\u015fvuru hakk\u0131n\u0131 kald\u0131racaksak ve bunun yan\u0131nda uluslararas\u0131 itibar\u0131m\u0131z\u0131 hi\u00e7e sayacaksak diyecek bir\u015fey yok.<br \/>\nBu \u00e7al\u0131\u015fmam\u0131z\u0131n amac\u0131 meri mevzuat\u0131m\u0131z\u0131 tekrarlamak ve olan\u0131 s\u00f6ylemek de\u011fildir. Olmas\u0131 gerekeni, hukuka ve hakkaniyete uygun olan\u0131 ortaya koymakt\u0131r. Umar\u0131m dikkate al\u0131n\u0131r.<br \/>\nM\u00fclkiyet hakk\u0131 ihlalleri \u00fclkemizde s\u0131k\u00e7a rastlanan ve neredeyse ola\u011fan hale gelmi\u015f bir uygulamad\u0131r. A\u0130HM\u2019ye bireysel ba\u015fvuru hakk\u0131n\u0131n tan\u0131nmas\u0131ndan sonra T\u00fcrkiye aleyhine dava a\u00e7\u0131lan \u00fclkeler aras\u0131nda liderdir. Bu davalar\u0131n b\u00fcy\u00fck \u00e7o\u011funlu\u011funu ise m\u00fclkiyet hakk\u0131 ihlalleri olu\u015fturmaktad\u0131r.<br \/>\nBu ihlallerin \u00f6nde gelenleri ise kamula\u015ft\u0131rmadan el koyma ve orman davalar\u0131d\u0131r. 2004 y\u0131l\u0131na kadar kamula\u015ft\u0131mas\u0131z el koyma nedeniyle onbirlerce tapu, sahiplerine hi\u00e7bir bedel \u00f6denmeden iptal edilmi\u015ftir. A\u0130HM\u2019ye a\u00e7\u0131lan davalar sebebiyle T\u00fcrkiye yeni d\u00fczenlemeler yapmak zorunda kalm\u0131\u015ft\u0131r.<br \/>\nCumhuriyetin ilk y\u0131llar\u0131nda Osmanl\u0131\u2019dan gelen gelene\u011fin etkisiyle orman yap\u0131lacak alanlar kamula\u015ft\u0131r\u0131l\u0131rken 1945 y\u0131l\u0131ndan itibaren -ormanda tapu olmaz- gerek\u00e7esiyle hi\u00e7bir bedel \u00f6denmeden onbirlerce tapu iptal edilmi\u015ftir. Yine A\u0130HM\u2019nin, a\u00e7\u0131lan davalar sebebiyle T\u00fcrkiye\u2019yi mahkum etmesi sonucu ge\u00e7en y\u0131ldan itibaren Yarg\u0131tay g\u00f6r\u00fc\u015f de\u011fi\u015ftirmek zorunda kalm\u0131\u015f ve orman yap\u0131lmak suretiyle tapular\u0131 iptal edilenlere tazminat \u00f6denmesine ba\u015flanm\u0131\u015f bulunmaktad\u0131r.<br \/>\n\u00d6n\u00fcm\u00fczdeki en b\u00fcy\u00fck m\u00fclkiyet ihlallerinden biri olan ve hala \u00e7\u00f6z\u00fclmeyen bir ba\u015fka d\u00fczenleme ise 3402 say\u0131l\u0131 Kadastro Kanununun \u00f6ng\u00f6rd\u00fc\u011f\u00fc 10 y\u0131ll\u0131k hak d\u00fc\u015f\u00fcr\u00fcc\u00fc s\u00fcredir. Kadastro yap\u0131l\u0131rken mevcut tapular\u0131n g\u00fcncellenmesi en \u00f6nemli zorunluluk iken tapular gerek\u00e7esiz olarak g\u00fcncellenmeden, ta\u015f\u0131nmazlar malik olmayan ki\u015filer ad\u0131na veya Maliye Hazinesi ad\u0131na tescil edilmi\u015ftir. \u00d6\u011fretide de kabul edildi\u011fi gibi bu kanun bir tasfiye kanunu olup say\u0131s\u0131z tapu bu \u015fekilde tasfiye edilerek iptal edilmi\u015ftir.<br \/>\nBu konuda \u00fclkemizin alaca\u011f\u0131 daha \u00e7ok mesafe vard\u0131r. Son y\u0131llarda uygulanmaya ba\u015flanan torba kanunu d\u00fczenlemelerine son dakika ilaveleri yap\u0131lmak suretiyle, tart\u0131\u015f\u0131lmadan bir\u00e7ok ihlale imza at\u0131lmaktad\u0131r. Nitekim kamuoyunda Alkol Yasas\u0131 olarak bilinen kanuna bir madde eklenerek 1956 y\u0131l\u0131ndan bu yana yap\u0131lan t\u00fcm usuls\u00fcz kamula\u015ft\u0131rma i\u015flemlerine ge\u00e7erlilik sa\u011flanm\u0131\u015f, yap\u0131lmayan tebli\u011fatlar yap\u0131lm\u0131\u015f ve ge\u00e7erli kabul edilmi\u015ftir.<br \/>\nT\u00fcm bu ihlallerle y\u0131llarca m\u00fccadele eden ve her d\u00f6nem, her t\u00fcrl\u00fc ihlale tan\u0131k olmu\u015f bir hukuk\u00e7u olarak emvali metruke olarak adland\u0131r\u0131lan tasfiye kanunlar\u0131n\u0131 ve uygulan\u0131\u015f \u015feklini g\u00f6rd\u00fc\u011f\u00fcm\u00fczde biz bile hayretler i\u00e7erisinde kald\u0131k. \u00d6zellikle gayr-\u0131 m\u00fcsl\u00fcm \u015fah\u0131slara ait ta\u015f\u0131nmazlar kural olarak metruk mal sahibi ise ka\u00e7ak ve yitik ki\u015fi kabul edilmi\u015f aksini ispat ise hukukun evrensel prensiplerine ayk\u0131r\u0131 olarak bu ki\u015filere y\u00fcklenmi\u015f ve mallar\u0131na el konulmu\u015ftur.<br \/>\nEmvali metruke denince, t\u00fcm devlet kurumlar\u0131, Yarg\u0131tay, Anayasa Mahkemesi ve hatta hukukun \u00f6n\u00fcn\u00fc a\u00e7mas\u0131 ve yarg\u0131 ve y\u00fcr\u00fctmeye y\u00f6n g\u00f6stermesi gereken \u00fcniversitelerin dahi duymad\u0131m, g\u00f6rmedim, bilmiyorum \u015feklinde hareket etmesi anla\u015f\u0131l\u0131r gibi de\u011fildir.<br \/>\nKanunlar, kararnameler ve idari uygulamalar emvali metruke s\u00f6zkonusu, olunca hi\u00e7bir evrensel hukuk normu dikkate almam\u0131\u015ft\u0131r. A\u011f\u0131rl\u0131kl\u0131 olarak gayr-\u0131 m\u00fcsl\u00fcm ki\u015filerin ait olan, fakat bunun yan\u0131nda t\u00fcm di\u011fer etnik k\u00f6ken ve dine mensup ki\u015filerinde aralar\u0131nda bulundu\u011fu di\u011fer tapu sahiplerinin mallar\u0131na hukukun hi\u00e7bir kural\u0131 dikkate al\u0131nmaks\u0131z\u0131n el konulmu\u015ftur.<br \/>\nHatta bununla da kalmay\u0131p ki\u015fileri ve olaylar\u0131 tek tek inceleyip karar vermek yerine toptanc\u0131 bir mant\u0131kla hareket edilmi\u015ftir. Bir k\u00f6yde Ermeni ya\u015f\u0131yorsa o k\u00f6ydeki t\u00fcm ki\u015filer ka\u00e7ak kabul edilmi\u015f ve t\u00fcm\u00fcn\u00fcn mal\u0131na el konulmu\u015ftur. Bu husus bir\u00e7ok Yarg\u0131tay karar\u0131nda, a\u00e7\u0131k\u00e7a karara mesnet ve gerek\u00e7e olu\u015fturmu\u015ftur.<br \/>\nYine \u00f6zellikle \u0130stanbul da onbirlerce ki\u015finin tapusu, metruk mal denilerek, sahibi ka\u00e7ak denilerek, kendisi T\u00fcrk vatanda\u015f\u0131 olsa bile dedesi ka\u00e7ak denilerek hi\u00e7bir ara\u015ft\u0131rma yap\u0131lmadan iptal edilmi\u015ftir. Emvali metruke kanunlar\u0131 zaten hukukun temel ilkelerine ayk\u0131r\u0131 iken, gerek Yarg\u0131tay ve gerekse Maliye Bakanl\u0131\u011f\u0131 ile Vak\u0131flar Genel M\u00fcd\u00fcrl\u00fc\u011f\u00fc bu kapsam\u0131 inan\u0131lmaz \u015fekilde geni\u015fleterek uygulam\u0131\u015flard\u0131r. Lozan Anla\u015fmas\u0131n\u0131n kabul\u00fcnden sonra \u00fclkeden ayr\u0131lan ki\u015filerin mallar\u0131na el konulamayaca\u011f\u0131 kesin olarak kabul edilmi\u015fken bu kurala dahi uyulmam\u0131\u015ft\u0131r.<br \/>\nUygulaman\u0131n i\u00e7inde yer alan bir hukuk\u00e7u olarak m\u00fc\u015fahade etti\u011fimiz husus m\u00fclkiyet haklar\u0131 ihlallerinin azalt\u0131lmas\u0131 ve yeni d\u00fczenlemeler getirilerek son verilmesi genellikle A\u0130HM kararlar\u0131 ve Avrupa Birli\u011finin ilerleme raporlar\u0131 sonucunda olmu\u015ftur. D\u00fcnyaca tan\u0131nan ve \u00f6nemli bir dini kurumun ba\u015f\u0131nda bulunan bir din adam\u0131 Suriyedeki olaylar\u0131n \u00fclkemize s\u0131\u00e7ramas\u0131 konusunda endi\u015felerimizi g\u00f6rd\u00fc\u011f\u00fcnde kendisinden emin \u015fekilde -T\u00fcrkiye\u2019de olmaz T\u00fcrkiye Avrupa Birli\u011fine \u00fcye olma yolunda ilerleyen bir \u00fclkedir- \u015feklinde verdi\u011fi cevap hayli d\u00fc\u015f\u00fcnd\u00fcr\u00fcc\u00fcd\u00fcr.<br \/>\nM\u00fclkiyet ihlallerinin A\u0130HM kararlar\u0131yla d\u00fczeltilmesi \u00fclkemize \u00e7ok daha pahal\u0131ya malolmakta ve ayr\u0131ca devlete olan g\u00fcveni de olduk\u00e7a sarsmaktad\u0131r. Gerek emvali metruke ve gerekse kadastro kanunlar\u0131yla yap\u0131lan ihlallere bir an \u00f6nce hi\u00e7bir zorlama olmadan son vermeliyiz. Bu hem itibar\u0131m\u0131z\u0131 art\u0131r\u0131r ve hem de bize daha ucuza mal olur.<\/p>\n<ul style=\"text-align: justify;\">\n<li>I. B\u00d6L\u00dcM<\/li>\n<li>OSMANLI\u2019DAN G\u00dcN\u00dcM\u00dcZE TAPU<\/li>\n<li>1&#8211;OSMANLI TAPUSU &#8211; SENED-\u0130 HAKAN\u0130-3<\/li>\n<li>2&#8211;TAPULAMA VE KADASTRO MEVZUATINA KRONOLOJ\u0130K BAKI\u015e-3<\/li>\n<li>3&#8211;TAPULARIN GE\u00c7ERL\u0130L\u0130\u011e\u0130-7<\/li>\n<li><\/li>\n<li>II. B\u00d6L\u00dcM<\/li>\n<li>EMVAL-\u0130 METRUKE<\/li>\n<li>1&#8211;\u0130LG\u0130L\u0130 KANUNLAR-11<\/li>\n<li>a)-1331 TAR\u0130HL\u0130 2303 SAYILI KANUN-11<\/li>\n<li>b)-2343 SAYILI N\u0130ZAMNAME-12<\/li>\n<li>c)-333 SAYILI KANUN-13<\/li>\n<li>d)-GAYRIMENKUL EMVAL\u0130N TAPUYA RAPTINA \u0130L\u0130\u015eK\u0130N KANUN-14<\/li>\n<li>2&#8211;Y\u00dcR\u00dcRL\u00dcK SORUNU-15<\/li>\n<li>3&#8211;UYGULANAN TASF\u0130YE USUL\u00dc-15<\/li>\n<li>4&#8211;TASF\u0130YE ED\u0130LMEYEN MALLARIN DURUMU-16<\/li>\n<li>a)-TBMM TEFS\u0130R KARARI-20<\/li>\n<li>b)-ANAYASA MAHKEMES\u0130 KARARI-22<\/li>\n<li>5&#8211;TA\u015eINMAZLARIN M\u00dcLK\u0130YET\u0130 NE ZAMAN GE\u00c7ER-25<\/li>\n<li>a)-OLA\u011eAN ZAMANA\u015eIMI-25<\/li>\n<li>b)-OLA\u011eAN\u00dcST\u00dc ZAMANA\u015eIMI-26<\/li>\n<li>c)-KAMULA\u015eTIRMASIZ EL KOYMA-27<\/li>\n<li>6&#8211;YASAL D\u00dcZENLEMELER, YARGISAL \u0130\u00c7T\u0130HATLAR VE DOKTR\u0130N G\u00d6R\u00dc\u015e\u00dc-28<\/li>\n<li><\/li>\n<li>III. B\u00d6L\u00dcM<\/li>\n<li>KADASTRO<\/li>\n<li>A)-KADASTRO-37<\/li>\n<li>1&#8211;KADASTRO NED\u0130R-37<\/li>\n<li>2&#8211;KADASTRO TESP\u0130T USUL\u00dc-37<\/li>\n<li>3&#8211;KADASTRO YOLUYLA YOLSUZ TESC\u0130L-40<\/li>\n<li>a)-YARGITAY A\u00c7ISINDAN-41<\/li>\n<li>b)-ANAYASA MAHKEMES\u0130 A\u00c7ISINDAN-45<\/li>\n<li>c)-DOKTR\u0130N G\u00d6R\u00dc\u015e\u00dc-48<\/li>\n<li>4&#8211;YOLSUZ TESC\u0130L\u0130N M\u00dcLK\u0130YET \u00dcZER\u0130NDEK\u0130 ETK\u0130S\u0130-49<\/li>\n<li>5&#8211;KADASTRO TUTANAKLARININ KES\u0130NLE\u015eMES\u0130 HAK D\u00dc\u015e\u00dcR\u00dcC\u00dc S\u00dcRE-50<\/li>\n<li>6&#8211;\u0130PTAL KARARININ Y\u00dcR\u00dcRL\u00dc\u011eE G\u0130RECE\u011e\u0130 G\u00dcN SORUNU-54<\/li>\n<li>7&#8211;SONU\u00c7-54<\/li>\n<li>B)-MAHLUL\u0130YET KARARI-58<\/li>\n<li>1&#8211;\u0130LG\u0130L\u0130 MEVZUAT-58<\/li>\n<li>2&#8211;\u0130ADE Y\u00dcK\u00dcML\u00dcL\u00dc\u011e\u00dc-59<\/li>\n<li>3&#8211;YARGITAY KARARLARI-60<\/li>\n<li>C)-GA\u0130PL\u0130K KARARI-63<\/li>\n<li>D)-LOZAN ANDLA\u015eMASINDAN SONRAK\u0130 DURUM-65<\/li>\n<li><\/li>\n<li>EKLER<\/li>\n<li>-EMVAL-\u0130 METRUKE MEVZUATININ TEMEL\u0130N\u0130 OLU\u015eTURAN 14 EYL\u00dcL 1331 G\u00dcN VE 2303 SAYILI KANUN\u2019UN ORJ\u0130NAL METN\u0130-70<\/li>\n<li>-2303 SAYILI KANUNUN UYGULAMA ESASLARINI D\u00dcZENLEYEN N\u0130ZAMNAME\u2019N\u0130N ORJ\u0130NAL METN\u0130-77<\/li>\n<li>-\u0130ADE KARARNAMES\u0130N\u0130N ORJ\u0130NAL METN\u0130-86<\/li>\n<li>EK-1-96<\/li>\n<li>No. 351 &#8211; Di\u011fer Yerlere Nakledilen \u015eah\u0131slar\u0131n Mallar\u0131, Bor\u00e7lar\u0131 ve Metruk Matlubat\u0131\/Talepleri Hakk\u0131nda Ge\u00e7ici Kanun<\/li>\n<li>EK-2-100<\/li>\n<li>No. 370 &#8211; Di\u011fer Yerlere Nakledilen \u015eah\u0131slar\u0131n ve Mallar\u0131, Bor\u00e7lar ve Geride Terk Edip \u0130stediklerine \u0130li\u015fkin 17 Zilkade 1333 Tarihli Ge\u00e7ici Kanunun Uygulanmas\u0131 Hakk\u0131nda Nizamname<\/li>\n<li>EK-3-108<\/li>\n<li>No: 333 &#8211; Ahar Mahallere Nakledilen E\u015fhas\u0131n Emval ve D\u00fcyun ve Matlubat\u0131 Metrukes\u0131 Hakk\u0131ndaki 17 Zilkade 1333 ve 13 Eyl\u00fcl 1331 Tarihli Kanunu Muvakkatin Baz\u0131 Mevadd\u0131 ile 20 Nisan 1338 Tarihli Emvali Metruke Kanununu Muaddil Kanun<\/li>\n<li>EK-4-111<\/li>\n<li>No. 1331 &#8211; M\u00fcbadil, Gayri M\u00fcbadil, Muhacir Vesaireye Kanunlar\u0131na Tevfikan Tefviz veya Adiyen Tahsis Olunan Gayrimenkul Emvalin Tapuya Rapt\u0131na Dair Kanun<\/li>\n<li>EK-5-114<\/li>\n<li>No: 334 &#8211; Di\u011fer Yerlere Nakledilmi\u015f Olan \u015eah\u0131slar\u0131n 17 Zilkade 1333 Tarihli Kararname Gere\u011fi Tasfiyeye Tabi Tutulan Mallar Hakk\u0131nda Kararname<\/li>\n<li>EK-6-124<\/li>\n<li>No. 4796 &#8211; M\u00fcbadele ve Teffiz \u0130\u015flerinin Kesin Tasfiyesi Hakk\u0131nda Kanun<\/li>\n<li>EK-7-128<\/li>\n<li>EK-8-144<\/li>\n<li>EK-9-151<\/li>\n<li>EK-10-158<\/li>\n<\/ul>\n<p style=\"text-align: justify;\"><b><i>http:\/\/www.adaletyayinevi.com\/yynadlt\/ktpdty.asp?kid=4955<\/i><\/b><\/p>\n","protected":false},"excerpt":{"rendered":"<p>Ali ELBEYO\u011eLU E\u011fer Avrupa birli\u011fi projesinden vazge\u00e7ecek ve Rusya\u2019n\u0131n dahi kabul etti\u011fi A\u0130HM\u2019ye bireysel ba\u015fvuru hakk\u0131n\u0131 kald\u0131racaksak ve bunun yan\u0131nda uluslararas\u0131 itibar\u0131m\u0131z\u0131 hi\u00e7e sayacaksak diyecek bir\u015fey yok. Bu \u00e7al\u0131\u015fmam\u0131z\u0131n amac\u0131 meri mevzuat\u0131m\u0131z\u0131 tekrarlamak ve olan\u0131 s\u00f6ylemek de\u011fildir. Olmas\u0131 gerekeni, hukuka ve hakkaniyete uygun olan\u0131 ortaya koymakt\u0131r. Umar\u0131m dikkate al\u0131n\u0131r. M\u00fclkiyet hakk\u0131 ihlalleri \u00fclkemizde s\u0131k\u00e7a rastlanan [&hellip;]<\/p>\n","protected":false},"author":7,"featured_media":0,"comment_status":"open","ping_status":"open","sticky":false,"template":"","format":"standard","meta":{"footnotes":""},"categories":[1,54],"tags":[],"class_list":["post-27038","post","type-post","status-publish","format-standard","hentry","category-haberler","category-kitaplar-elestiriler"],"yoast_head":"<!-- This site is optimized with the Yoast SEO plugin v27.4 - https:\/\/yoast.com\/product\/yoast-seo-wordpress\/ -->\n<title>Osmanl\u0131\u2019dan G\u00fcn\u00fcm\u00fcze Tapu ve Emval-i Metruke - Bati Ermenistan Ve Bati Ermenileri Sorunlari Ara\u015ftirmalar Merkezi<\/title>\n<meta name=\"robots\" content=\"index, follow, max-snippet:-1, max-image-preview:large, max-video-preview:-1\" \/>\n<link rel=\"canonical\" href=\"https:\/\/akunq.net\/tr\/?p=27038\" \/>\n<meta property=\"og:locale\" content=\"en_US\" \/>\n<meta property=\"og:type\" content=\"article\" \/>\n<meta property=\"og:title\" content=\"Osmanl\u0131\u2019dan G\u00fcn\u00fcm\u00fcze Tapu ve Emval-i Metruke - Bati Ermenistan Ve Bati Ermenileri Sorunlari Ara\u015ftirmalar Merkezi\" \/>\n<meta property=\"og:description\" content=\"Ali ELBEYO\u011eLU E\u011fer Avrupa birli\u011fi projesinden vazge\u00e7ecek ve Rusya\u2019n\u0131n dahi kabul etti\u011fi A\u0130HM\u2019ye bireysel ba\u015fvuru hakk\u0131n\u0131 kald\u0131racaksak ve bunun yan\u0131nda uluslararas\u0131 itibar\u0131m\u0131z\u0131 hi\u00e7e sayacaksak diyecek bir\u015fey yok. Bu \u00e7al\u0131\u015fmam\u0131z\u0131n amac\u0131 meri mevzuat\u0131m\u0131z\u0131 tekrarlamak ve olan\u0131 s\u00f6ylemek de\u011fildir. Olmas\u0131 gerekeni, hukuka ve hakkaniyete uygun olan\u0131 ortaya koymakt\u0131r. Umar\u0131m dikkate al\u0131n\u0131r. M\u00fclkiyet hakk\u0131 ihlalleri \u00fclkemizde s\u0131k\u00e7a rastlanan [&hellip;]\" \/>\n<meta property=\"og:url\" content=\"https:\/\/akunq.net\/tr\/?p=27038\" \/>\n<meta property=\"og:site_name\" content=\"Bati Ermenistan Ve Bati Ermenileri Sorunlari Ara\u015ftirmalar Merkezi\" \/>\n<meta property=\"article:published_time\" content=\"2013-11-23T07:15:23+00:00\" \/>\n<meta name=\"author\" content=\"admin\" \/>\n<meta name=\"twitter:card\" content=\"summary_large_image\" \/>\n<meta name=\"twitter:label1\" content=\"Written by\" \/>\n\t<meta name=\"twitter:data1\" content=\"admin\" \/>\n\t<meta name=\"twitter:label2\" content=\"Est. reading time\" \/>\n\t<meta name=\"twitter:data2\" content=\"7 minutes\" \/>\n<script type=\"application\/ld+json\" class=\"yoast-schema-graph\">{\"@context\":\"https:\\\/\\\/schema.org\",\"@graph\":[{\"@type\":\"Article\",\"@id\":\"https:\\\/\\\/akunq.net\\\/tr\\\/?p=27038#article\",\"isPartOf\":{\"@id\":\"https:\\\/\\\/akunq.net\\\/tr\\\/?p=27038\"},\"author\":{\"name\":\"admin\",\"@id\":\"https:\\\/\\\/akunq.net\\\/tr\\\/#\\\/schema\\\/person\\\/096f1d38a12cce57fb855b485ed24c9e\"},\"headline\":\"Osmanl\u0131\u2019dan G\u00fcn\u00fcm\u00fcze Tapu ve Emval-i Metruke\",\"datePublished\":\"2013-11-23T07:15:23+00:00\",\"mainEntityOfPage\":{\"@id\":\"https:\\\/\\\/akunq.net\\\/tr\\\/?p=27038\"},\"wordCount\":1420,\"commentCount\":0,\"articleSection\":[\"Haberler\",\"Kitaplar-Ele\u015ftiriler\"],\"inLanguage\":\"en-US\",\"potentialAction\":[{\"@type\":\"CommentAction\",\"name\":\"Comment\",\"target\":[\"https:\\\/\\\/akunq.net\\\/tr\\\/?p=27038#respond\"]}]},{\"@type\":\"WebPage\",\"@id\":\"https:\\\/\\\/akunq.net\\\/tr\\\/?p=27038\",\"url\":\"https:\\\/\\\/akunq.net\\\/tr\\\/?p=27038\",\"name\":\"Osmanl\u0131\u2019dan G\u00fcn\u00fcm\u00fcze Tapu ve Emval-i Metruke - Bati Ermenistan Ve Bati Ermenileri Sorunlari Ara\u015ftirmalar Merkezi\",\"isPartOf\":{\"@id\":\"https:\\\/\\\/akunq.net\\\/tr\\\/#website\"},\"datePublished\":\"2013-11-23T07:15:23+00:00\",\"author\":{\"@id\":\"https:\\\/\\\/akunq.net\\\/tr\\\/#\\\/schema\\\/person\\\/096f1d38a12cce57fb855b485ed24c9e\"},\"breadcrumb\":{\"@id\":\"https:\\\/\\\/akunq.net\\\/tr\\\/?p=27038#breadcrumb\"},\"inLanguage\":\"en-US\",\"potentialAction\":[{\"@type\":\"ReadAction\",\"target\":[\"https:\\\/\\\/akunq.net\\\/tr\\\/?p=27038\"]}]},{\"@type\":\"BreadcrumbList\",\"@id\":\"https:\\\/\\\/akunq.net\\\/tr\\\/?p=27038#breadcrumb\",\"itemListElement\":[{\"@type\":\"ListItem\",\"position\":1,\"name\":\"Home\",\"item\":\"https:\\\/\\\/akunq.net\\\/tr\"},{\"@type\":\"ListItem\",\"position\":2,\"name\":\"Osmanl\u0131\u2019dan G\u00fcn\u00fcm\u00fcze Tapu ve Emval-i Metruke\"}]},{\"@type\":\"WebSite\",\"@id\":\"https:\\\/\\\/akunq.net\\\/tr\\\/#website\",\"url\":\"https:\\\/\\\/akunq.net\\\/tr\\\/\",\"name\":\"Bati Ermenistan Ve Bati Ermenileri Sorunlari Ara\u015ftirmalar Merkezi\",\"description\":\"\",\"potentialAction\":[{\"@type\":\"SearchAction\",\"target\":{\"@type\":\"EntryPoint\",\"urlTemplate\":\"https:\\\/\\\/akunq.net\\\/tr\\\/?s={search_term_string}\"},\"query-input\":{\"@type\":\"PropertyValueSpecification\",\"valueRequired\":true,\"valueName\":\"search_term_string\"}}],\"inLanguage\":\"en-US\"},{\"@type\":\"Person\",\"@id\":\"https:\\\/\\\/akunq.net\\\/tr\\\/#\\\/schema\\\/person\\\/096f1d38a12cce57fb855b485ed24c9e\",\"name\":\"admin\",\"url\":\"https:\\\/\\\/akunq.net\\\/tr\\\/?author=7\"}]}<\/script>\n<!-- \/ Yoast SEO plugin. -->","yoast_head_json":{"title":"Osmanl\u0131\u2019dan G\u00fcn\u00fcm\u00fcze Tapu ve Emval-i Metruke - Bati Ermenistan Ve Bati Ermenileri Sorunlari Ara\u015ftirmalar Merkezi","robots":{"index":"index","follow":"follow","max-snippet":"max-snippet:-1","max-image-preview":"max-image-preview:large","max-video-preview":"max-video-preview:-1"},"canonical":"https:\/\/akunq.net\/tr\/?p=27038","og_locale":"en_US","og_type":"article","og_title":"Osmanl\u0131\u2019dan G\u00fcn\u00fcm\u00fcze Tapu ve Emval-i Metruke - Bati Ermenistan Ve Bati Ermenileri Sorunlari Ara\u015ftirmalar Merkezi","og_description":"Ali ELBEYO\u011eLU E\u011fer Avrupa birli\u011fi projesinden vazge\u00e7ecek ve Rusya\u2019n\u0131n dahi kabul etti\u011fi A\u0130HM\u2019ye bireysel ba\u015fvuru hakk\u0131n\u0131 kald\u0131racaksak ve bunun yan\u0131nda uluslararas\u0131 itibar\u0131m\u0131z\u0131 hi\u00e7e sayacaksak diyecek bir\u015fey yok. Bu \u00e7al\u0131\u015fmam\u0131z\u0131n amac\u0131 meri mevzuat\u0131m\u0131z\u0131 tekrarlamak ve olan\u0131 s\u00f6ylemek de\u011fildir. Olmas\u0131 gerekeni, hukuka ve hakkaniyete uygun olan\u0131 ortaya koymakt\u0131r. Umar\u0131m dikkate al\u0131n\u0131r. M\u00fclkiyet hakk\u0131 ihlalleri \u00fclkemizde s\u0131k\u00e7a rastlanan [&hellip;]","og_url":"https:\/\/akunq.net\/tr\/?p=27038","og_site_name":"Bati Ermenistan Ve Bati Ermenileri Sorunlari Ara\u015ftirmalar Merkezi","article_published_time":"2013-11-23T07:15:23+00:00","author":"admin","twitter_card":"summary_large_image","twitter_misc":{"Written by":"admin","Est. reading time":"7 minutes"},"schema":{"@context":"https:\/\/schema.org","@graph":[{"@type":"Article","@id":"https:\/\/akunq.net\/tr\/?p=27038#article","isPartOf":{"@id":"https:\/\/akunq.net\/tr\/?p=27038"},"author":{"name":"admin","@id":"https:\/\/akunq.net\/tr\/#\/schema\/person\/096f1d38a12cce57fb855b485ed24c9e"},"headline":"Osmanl\u0131\u2019dan G\u00fcn\u00fcm\u00fcze Tapu ve Emval-i Metruke","datePublished":"2013-11-23T07:15:23+00:00","mainEntityOfPage":{"@id":"https:\/\/akunq.net\/tr\/?p=27038"},"wordCount":1420,"commentCount":0,"articleSection":["Haberler","Kitaplar-Ele\u015ftiriler"],"inLanguage":"en-US","potentialAction":[{"@type":"CommentAction","name":"Comment","target":["https:\/\/akunq.net\/tr\/?p=27038#respond"]}]},{"@type":"WebPage","@id":"https:\/\/akunq.net\/tr\/?p=27038","url":"https:\/\/akunq.net\/tr\/?p=27038","name":"Osmanl\u0131\u2019dan G\u00fcn\u00fcm\u00fcze Tapu ve Emval-i Metruke - Bati Ermenistan Ve Bati Ermenileri Sorunlari Ara\u015ftirmalar Merkezi","isPartOf":{"@id":"https:\/\/akunq.net\/tr\/#website"},"datePublished":"2013-11-23T07:15:23+00:00","author":{"@id":"https:\/\/akunq.net\/tr\/#\/schema\/person\/096f1d38a12cce57fb855b485ed24c9e"},"breadcrumb":{"@id":"https:\/\/akunq.net\/tr\/?p=27038#breadcrumb"},"inLanguage":"en-US","potentialAction":[{"@type":"ReadAction","target":["https:\/\/akunq.net\/tr\/?p=27038"]}]},{"@type":"BreadcrumbList","@id":"https:\/\/akunq.net\/tr\/?p=27038#breadcrumb","itemListElement":[{"@type":"ListItem","position":1,"name":"Home","item":"https:\/\/akunq.net\/tr"},{"@type":"ListItem","position":2,"name":"Osmanl\u0131\u2019dan G\u00fcn\u00fcm\u00fcze Tapu ve Emval-i Metruke"}]},{"@type":"WebSite","@id":"https:\/\/akunq.net\/tr\/#website","url":"https:\/\/akunq.net\/tr\/","name":"Bati Ermenistan Ve Bati Ermenileri Sorunlari Ara\u015ftirmalar Merkezi","description":"","potentialAction":[{"@type":"SearchAction","target":{"@type":"EntryPoint","urlTemplate":"https:\/\/akunq.net\/tr\/?s={search_term_string}"},"query-input":{"@type":"PropertyValueSpecification","valueRequired":true,"valueName":"search_term_string"}}],"inLanguage":"en-US"},{"@type":"Person","@id":"https:\/\/akunq.net\/tr\/#\/schema\/person\/096f1d38a12cce57fb855b485ed24c9e","name":"admin","url":"https:\/\/akunq.net\/tr\/?author=7"}]}},"_links":{"self":[{"href":"https:\/\/akunq.net\/tr\/index.php?rest_route=\/wp\/v2\/posts\/27038","targetHints":{"allow":["GET"]}}],"collection":[{"href":"https:\/\/akunq.net\/tr\/index.php?rest_route=\/wp\/v2\/posts"}],"about":[{"href":"https:\/\/akunq.net\/tr\/index.php?rest_route=\/wp\/v2\/types\/post"}],"author":[{"embeddable":true,"href":"https:\/\/akunq.net\/tr\/index.php?rest_route=\/wp\/v2\/users\/7"}],"replies":[{"embeddable":true,"href":"https:\/\/akunq.net\/tr\/index.php?rest_route=%2Fwp%2Fv2%2Fcomments&post=27038"}],"version-history":[{"count":1,"href":"https:\/\/akunq.net\/tr\/index.php?rest_route=\/wp\/v2\/posts\/27038\/revisions"}],"predecessor-version":[{"id":27040,"href":"https:\/\/akunq.net\/tr\/index.php?rest_route=\/wp\/v2\/posts\/27038\/revisions\/27040"}],"wp:attachment":[{"href":"https:\/\/akunq.net\/tr\/index.php?rest_route=%2Fwp%2Fv2%2Fmedia&parent=27038"}],"wp:term":[{"taxonomy":"category","embeddable":true,"href":"https:\/\/akunq.net\/tr\/index.php?rest_route=%2Fwp%2Fv2%2Fcategories&post=27038"},{"taxonomy":"post_tag","embeddable":true,"href":"https:\/\/akunq.net\/tr\/index.php?rest_route=%2Fwp%2Fv2%2Ftags&post=27038"}],"curies":[{"name":"wp","href":"https:\/\/api.w.org\/{rel}","templated":true}]}}