{"id":27034,"date":"2013-11-23T01:50:29","date_gmt":"2013-11-23T06:50:29","guid":{"rendered":"http:\/\/akunq.net\/tr\/?p=27034"},"modified":"2013-11-23T01:50:50","modified_gmt":"2013-11-23T06:50:50","slug":"davutoglunu-kizdiran-sozler","status":"publish","type":"post","link":"https:\/\/akunq.net\/tr\/?p=27034","title":{"rendered":"Davuto\u011flu&#8217;nu k\u0131zd\u0131ran s\u00f6zler!"},"content":{"rendered":"<h2 style=\"text-align: justify;\"><i><a href=\"http:\/\/akunq.net\/tr\/wp-content\/uploads\/2013\/11\/\u0534\u0561\u057e\u0578\u0582\u0569\u0585\u0572\u056c\u0578\u0582\u056b\u0576-\u0540\u0561\u0575\u0561\u057d\u057f\u0561\u0576\u056b-\u0569\u0565\u0574\u0561\u0575\u0578\u057e-\u00ab\u0566\u0580\u0578\u00bb.jpg\"><img loading=\"lazy\" decoding=\"async\" class=\"size-medium wp-image-27035 alignright\" alt=\"\u0534\u0561\u057e\u0578\u0582\u0569\u0585\u0572\u056c\u0578\u0582\u056b\u0576 \u0540\u0561\u0575\u0561\u057d\u057f\u0561\u0576\u056b \u0569\u0565\u0574\u0561\u0575\u0578\u057e \u00ab\u0566\u0580\u0578\u00bb\" src=\"http:\/\/akunq.net\/tr\/wp-content\/uploads\/2013\/11\/\u0534\u0561\u057e\u0578\u0582\u0569\u0585\u0572\u056c\u0578\u0582\u056b\u0576-\u0540\u0561\u0575\u0561\u057d\u057f\u0561\u0576\u056b-\u0569\u0565\u0574\u0561\u0575\u0578\u057e-\u00ab\u0566\u0580\u0578\u00bb-300x150.jpg\" width=\"300\" height=\"150\" srcset=\"https:\/\/akunq.net\/tr\/wp-content\/uploads\/sites\/6\/2013\/11\/\u0534\u0561\u057e\u0578\u0582\u0569\u0585\u0572\u056c\u0578\u0582\u056b\u0576-\u0540\u0561\u0575\u0561\u057d\u057f\u0561\u0576\u056b-\u0569\u0565\u0574\u0561\u0575\u0578\u057e-\u00ab\u0566\u0580\u0578\u00bb-300x150.jpg 300w, https:\/\/akunq.net\/tr\/wp-content\/uploads\/sites\/6\/2013\/11\/\u0534\u0561\u057e\u0578\u0582\u0569\u0585\u0572\u056c\u0578\u0582\u056b\u0576-\u0540\u0561\u0575\u0561\u057d\u057f\u0561\u0576\u056b-\u0569\u0565\u0574\u0561\u0575\u0578\u057e-\u00ab\u0566\u0580\u0578\u00bb-600x300.jpg 600w, https:\/\/akunq.net\/tr\/wp-content\/uploads\/sites\/6\/2013\/11\/\u0534\u0561\u057e\u0578\u0582\u0569\u0585\u0572\u056c\u0578\u0582\u056b\u0576-\u0540\u0561\u0575\u0561\u057d\u057f\u0561\u0576\u056b-\u0569\u0565\u0574\u0561\u0575\u0578\u057e-\u00ab\u0566\u0580\u0578\u00bb.jpg 620w\" sizes=\"auto, (max-width: 300px) 100vw, 300px\" \/><\/a>&#8216;Katil diyemezsiniz&#8217;<\/i><\/h2>\n<p style=\"text-align: justify;\"><b><i>ANKARA &#8211;<\/i><\/b> TBMM Plan ve B\u00fct\u00e7e Komisyonu\u2019nda d\u00fcn D\u0131\u015fi\u015fleri Bakanl\u0131\u011f\u0131 b\u00fct\u00e7esi g\u00f6r\u00fc\u015f\u00fcld\u00fc. Bakanl\u0131\u011f\u0131n\u0131n \u00e7al\u0131\u015fmalar\u0131na ili\u015fkin bilgi veren Davuto\u011flu, \u201cT\u00fcrkiye\u2019nin kom\u015fular\u0131yla ili\u015fkileri son 10 y\u0131l i\u00e7inde paradigmatik bir de\u011fi\u015fim ya\u015fam\u0131\u015ft\u0131r. Kom\u015fu \u00fclkelerle s\u0131f\u0131r sorun ilkesini ge\u00e7mi\u015fte ele\u015ftirenler, \u015fimdi bu ilkeye sahip \u00e7\u0131karak, bizi ele\u015ftirme \u00e7abas\u0131 i\u00e7indeler. Bu ilke sa\u011flam temellere oturmu\u015ftur\u201d dedi. T\u00fcrkiye\u2019nin 3 kom\u015fusuyla s\u0131k\u0131nt\u0131 ya\u015fad\u0131\u011f\u0131n\u0131 belirten Davuto\u011flu, bu \u00fclkelerin Suriye, G\u00fcney K\u0131br\u0131s, ve Ermenistan oldu\u011funu s\u00f6yledi.<\/p>\n<p style=\"text-align: justify;\">CHP\u2019li At\u0131c\u0131 konu\u015fmas\u0131nda Gezi park\u0131 olaylar\u0131na de\u011finince tart\u0131\u015fma \u00e7\u0131kt\u0131. At\u0131c\u0131\u2019n\u0131n, \u201cGezide halka silah do\u011frultmad\u0131n\u0131z m\u0131? Sizin halk\u0131n\u0131za silah do\u011frulttu\u011funuz gibi Esad da halk\u0131na silah do\u011frultuyor. Ne fark var?\u201d demesi \u00fczerine, Davuto\u011flu, \u201cOrada y\u00fczbinlerce ki\u015fi \u00f6ld\u00fc\u201d kar\u015f\u0131l\u0131\u011f\u0131n\u0131 verdi. \u201cSadece \u00f6len insan say\u0131s\u0131 farkl\u0131\u201d diyen At\u0131c\u0131, \u201c7 insan\u0131 da m\u0131 Esad \u00f6ld\u00fcrd\u00fc?\u201d diye sordu.<\/p>\n<p style=\"text-align: justify;\"><b>Katil tart\u0131\u015fmas\u0131<\/b><\/p>\n<p style=\"text-align: justify;\">Davuto\u011flu, Cenevre &#8211; 2 toplant\u0131n\u0131n sonucuyla ilgili beklentisine y\u00f6nelik bir soru \u00fczerine ise, \u201cSuriye\u2019de ele kana bula\u015fm\u0131\u015f hi\u00e7 kimse olmayacak\u201d yan\u0131t\u0131n\u0131 verirken, CHP s\u0131ralar\u0131ndan gelen yan\u0131t ortal\u0131\u011f\u0131n kar\u0131\u015fmas\u0131na neden oldu. CHP\u2019li \u00d6zg\u00fcr \u00d6zel, Davuto\u011flu\u2019na y\u00f6nelik olarak, \u201cO zaman siz de olmay\u0131n\u201d deyince. Davuto\u011flu \u00e7ok sert tepki g\u00f6stererek, \u201cE\u011fer bizi Be\u015far Esad ile kar\u015f\u0131la\u015ft\u0131r\u0131yorsan\u0131z, sizi \u00f6nce Allah\u2019a sonra millete havale ediyorum\u201d dedi. Bunun \u00fczerine \u00d6zel, \u201cKatili de ma\u011fduru da mezhebine g\u00f6re ay\u0131ramazs\u0131n\u0131z. Bakan provake ediyor? Gezide bir s\u00fcr\u00fc insan \u00f6ld\u00fc Gezi\u2019de\u201d diye seslendi. Bu yan\u0131t \u00fczerine Davuto\u011flu daha sert tepki g\u00f6sterdi. D\u0131\u015fi\u015fleri Bakan\u0131, \u201cBizi nas\u0131l kendi halk\u0131n\u0131 katledenlerle kar\u015f\u0131la\u015ft\u0131rabilirsiniz. T\u00fcrkiye Cumhuriyeti D\u0131\u015fi\u015fleri Bakan\u0131n\u0131 katille nas\u0131l kar\u015f\u0131la\u015ft\u0131r\u0131rs\u0131n. Hangi hakla kar\u015f\u0131la\u015ft\u0131r\u0131rs\u0131n.\u201d dedi.<\/p>\n<p style=\"text-align: justify;\"><b>21. y\u00fczy\u0131l\u0131n Enver Pa\u015fas\u0131!<\/b><\/p>\n<p style=\"text-align: justify;\">CHP\u2019li M\u00fcslim Sar\u0131, Davuto\u011flu\u2019nu izlenen d\u0131\u015f politikan\u0131n geneli konusunda \u201chayalci olmakla\u201d ele\u015ftirdi ve \u201cSiz 21. y\u00fczy\u0131l\u0131n Enver Pa\u015fas\u0131\u2019s\u0131n\u0131z\u201d dedi.<\/p>\n<p style=\"text-align: justify;\"><b>Sorun tablosu<\/b><\/p>\n<p style=\"text-align: justify;\">CHP\u2019li milletvekilleri, Komisyona \u201csorun karnesi\u201d ba\u015fl\u0131\u011f\u0131yla bir tablo getirdi. Davuto\u011flu sunumuna ba\u015flamadan tablo salondan \u00e7\u0131kar\u0131ld\u0131. Karnede, dersler b\u00f6l\u00fcm\u00fcnde \u201cMauritius, Malavi: ten point, Suriye:-5, Irak:1, \u0130ran: 2, M\u0131s\u0131r: 0\u201d yaz\u0131l\u0131 oldu\u011fu g\u00f6r\u00fcld\u00fc. TBMM Plan ve B\u00fct\u00e7e Komisyonu\u2019nun CHP\u2019li \u00fcyesi Ayd\u0131n Ayayd\u0131n ise \u201cSabah 4\u2019lere kadar \u00e7al\u0131\u015f\u0131yor ertesi g\u00fcn de erken saatlerde geliyoruz. Bu kadar yo\u011fun \u00e7al\u0131\u015fma i\u00e7indeyken bir de D\u0131\u015fi\u015fleri b\u00fct\u00e7e g\u00f6r\u00fc\u015fmesi bir saat erkene al\u0131nd\u0131\u201d diye isyan etti. Ayayd\u0131n \u201cBakan\u2019\u0131n bizi s\u0131k\u0131nt\u0131ya sokmamas\u0131 gerekirdi\u201d dedi. Davuto\u011flu ise gecikmeyi \u201cToplant\u0131 saatindeki de\u011fi\u015fiklik Ba\u015fbakan\u2019la birlikte Rusya\u2019ya gitmemden kaynakland\u0131\u201d diye a\u00e7\u0131klad\u0131.<\/p>\n<p style=\"text-align: justify;\"><b><i>http:\/\/haber.gazetevatan.com\/davutoglunu-kizdiran-sozler\/586010\/9\/siyaset<\/i><\/b><\/p>\n","protected":false},"excerpt":{"rendered":"<p>&#8216;Katil diyemezsiniz&#8217; ANKARA &#8211; TBMM Plan ve B\u00fct\u00e7e Komisyonu\u2019nda d\u00fcn D\u0131\u015fi\u015fleri Bakanl\u0131\u011f\u0131 b\u00fct\u00e7esi g\u00f6r\u00fc\u015f\u00fcld\u00fc. Bakanl\u0131\u011f\u0131n\u0131n \u00e7al\u0131\u015fmalar\u0131na ili\u015fkin bilgi veren Davuto\u011flu, \u201cT\u00fcrkiye\u2019nin kom\u015fular\u0131yla ili\u015fkileri son 10 y\u0131l i\u00e7inde paradigmatik bir de\u011fi\u015fim ya\u015fam\u0131\u015ft\u0131r. Kom\u015fu \u00fclkelerle s\u0131f\u0131r sorun ilkesini ge\u00e7mi\u015fte ele\u015ftirenler, \u015fimdi bu ilkeye sahip \u00e7\u0131karak, bizi ele\u015ftirme \u00e7abas\u0131 i\u00e7indeler. Bu ilke sa\u011flam temellere oturmu\u015ftur\u201d dedi. T\u00fcrkiye\u2019nin 3 [&hellip;]<\/p>\n","protected":false},"author":7,"featured_media":0,"comment_status":"open","ping_status":"open","sticky":false,"template":"","format":"standard","meta":{"footnotes":""},"categories":[1],"tags":[],"class_list":["post-27034","post","type-post","status-publish","format-standard","hentry","category-haberler"],"yoast_head":"<!-- This site is optimized with the Yoast SEO plugin v27.4 - https:\/\/yoast.com\/product\/yoast-seo-wordpress\/ -->\n<title>Davuto\u011flu&#039;nu k\u0131zd\u0131ran s\u00f6zler! - Bati Ermenistan Ve Bati Ermenileri Sorunlari Ara\u015ftirmalar Merkezi<\/title>\n<meta name=\"robots\" content=\"index, follow, max-snippet:-1, max-image-preview:large, max-video-preview:-1\" \/>\n<link rel=\"canonical\" href=\"https:\/\/akunq.net\/tr\/?p=27034\" \/>\n<meta property=\"og:locale\" content=\"en_US\" \/>\n<meta property=\"og:type\" content=\"article\" \/>\n<meta property=\"og:title\" content=\"Davuto\u011flu&#039;nu k\u0131zd\u0131ran s\u00f6zler! - Bati Ermenistan Ve Bati Ermenileri Sorunlari Ara\u015ftirmalar Merkezi\" \/>\n<meta property=\"og:description\" content=\"&#8216;Katil diyemezsiniz&#8217; ANKARA &#8211; TBMM Plan ve B\u00fct\u00e7e Komisyonu\u2019nda d\u00fcn D\u0131\u015fi\u015fleri Bakanl\u0131\u011f\u0131 b\u00fct\u00e7esi g\u00f6r\u00fc\u015f\u00fcld\u00fc. Bakanl\u0131\u011f\u0131n\u0131n \u00e7al\u0131\u015fmalar\u0131na ili\u015fkin bilgi veren Davuto\u011flu, \u201cT\u00fcrkiye\u2019nin kom\u015fular\u0131yla ili\u015fkileri son 10 y\u0131l i\u00e7inde paradigmatik bir de\u011fi\u015fim ya\u015fam\u0131\u015ft\u0131r. Kom\u015fu \u00fclkelerle s\u0131f\u0131r sorun ilkesini ge\u00e7mi\u015fte ele\u015ftirenler, \u015fimdi bu ilkeye sahip \u00e7\u0131karak, bizi ele\u015ftirme \u00e7abas\u0131 i\u00e7indeler. Bu ilke sa\u011flam temellere oturmu\u015ftur\u201d dedi. T\u00fcrkiye\u2019nin 3 [&hellip;]\" \/>\n<meta property=\"og:url\" content=\"https:\/\/akunq.net\/tr\/?p=27034\" \/>\n<meta property=\"og:site_name\" content=\"Bati Ermenistan Ve Bati Ermenileri Sorunlari Ara\u015ftirmalar Merkezi\" \/>\n<meta property=\"article:published_time\" content=\"2013-11-23T06:50:29+00:00\" \/>\n<meta property=\"article:modified_time\" content=\"2013-11-23T06:50:50+00:00\" \/>\n<meta name=\"author\" content=\"admin\" \/>\n<meta name=\"twitter:card\" content=\"summary_large_image\" \/>\n<meta name=\"twitter:label1\" content=\"Written by\" \/>\n\t<meta name=\"twitter:data1\" content=\"admin\" \/>\n\t<meta name=\"twitter:label2\" content=\"Est. reading time\" \/>\n\t<meta name=\"twitter:data2\" content=\"3 minutes\" \/>\n<script type=\"application\/ld+json\" class=\"yoast-schema-graph\">{\"@context\":\"https:\\\/\\\/schema.org\",\"@graph\":[{\"@type\":\"Article\",\"@id\":\"https:\\\/\\\/akunq.net\\\/tr\\\/?p=27034#article\",\"isPartOf\":{\"@id\":\"https:\\\/\\\/akunq.net\\\/tr\\\/?p=27034\"},\"author\":{\"name\":\"admin\",\"@id\":\"https:\\\/\\\/akunq.net\\\/tr\\\/#\\\/schema\\\/person\\\/096f1d38a12cce57fb855b485ed24c9e\"},\"headline\":\"Davuto\u011flu&#8217;nu k\u0131zd\u0131ran s\u00f6zler!\",\"datePublished\":\"2013-11-23T06:50:29+00:00\",\"dateModified\":\"2013-11-23T06:50:50+00:00\",\"mainEntityOfPage\":{\"@id\":\"https:\\\/\\\/akunq.net\\\/tr\\\/?p=27034\"},\"wordCount\":554,\"commentCount\":0,\"articleSection\":[\"Haberler\"],\"inLanguage\":\"en-US\",\"potentialAction\":[{\"@type\":\"CommentAction\",\"name\":\"Comment\",\"target\":[\"https:\\\/\\\/akunq.net\\\/tr\\\/?p=27034#respond\"]}]},{\"@type\":\"WebPage\",\"@id\":\"https:\\\/\\\/akunq.net\\\/tr\\\/?p=27034\",\"url\":\"https:\\\/\\\/akunq.net\\\/tr\\\/?p=27034\",\"name\":\"Davuto\u011flu'nu k\u0131zd\u0131ran s\u00f6zler! - Bati Ermenistan Ve Bati Ermenileri Sorunlari Ara\u015ftirmalar Merkezi\",\"isPartOf\":{\"@id\":\"https:\\\/\\\/akunq.net\\\/tr\\\/#website\"},\"datePublished\":\"2013-11-23T06:50:29+00:00\",\"dateModified\":\"2013-11-23T06:50:50+00:00\",\"author\":{\"@id\":\"https:\\\/\\\/akunq.net\\\/tr\\\/#\\\/schema\\\/person\\\/096f1d38a12cce57fb855b485ed24c9e\"},\"breadcrumb\":{\"@id\":\"https:\\\/\\\/akunq.net\\\/tr\\\/?p=27034#breadcrumb\"},\"inLanguage\":\"en-US\",\"potentialAction\":[{\"@type\":\"ReadAction\",\"target\":[\"https:\\\/\\\/akunq.net\\\/tr\\\/?p=27034\"]}]},{\"@type\":\"BreadcrumbList\",\"@id\":\"https:\\\/\\\/akunq.net\\\/tr\\\/?p=27034#breadcrumb\",\"itemListElement\":[{\"@type\":\"ListItem\",\"position\":1,\"name\":\"Home\",\"item\":\"https:\\\/\\\/akunq.net\\\/tr\"},{\"@type\":\"ListItem\",\"position\":2,\"name\":\"Davuto\u011flu&#8217;nu k\u0131zd\u0131ran s\u00f6zler!\"}]},{\"@type\":\"WebSite\",\"@id\":\"https:\\\/\\\/akunq.net\\\/tr\\\/#website\",\"url\":\"https:\\\/\\\/akunq.net\\\/tr\\\/\",\"name\":\"Bati Ermenistan Ve Bati Ermenileri Sorunlari Ara\u015ftirmalar Merkezi\",\"description\":\"\",\"potentialAction\":[{\"@type\":\"SearchAction\",\"target\":{\"@type\":\"EntryPoint\",\"urlTemplate\":\"https:\\\/\\\/akunq.net\\\/tr\\\/?s={search_term_string}\"},\"query-input\":{\"@type\":\"PropertyValueSpecification\",\"valueRequired\":true,\"valueName\":\"search_term_string\"}}],\"inLanguage\":\"en-US\"},{\"@type\":\"Person\",\"@id\":\"https:\\\/\\\/akunq.net\\\/tr\\\/#\\\/schema\\\/person\\\/096f1d38a12cce57fb855b485ed24c9e\",\"name\":\"admin\",\"url\":\"https:\\\/\\\/akunq.net\\\/tr\\\/?author=7\"}]}<\/script>\n<!-- \/ Yoast SEO plugin. -->","yoast_head_json":{"title":"Davuto\u011flu'nu k\u0131zd\u0131ran s\u00f6zler! - Bati Ermenistan Ve Bati Ermenileri Sorunlari Ara\u015ftirmalar Merkezi","robots":{"index":"index","follow":"follow","max-snippet":"max-snippet:-1","max-image-preview":"max-image-preview:large","max-video-preview":"max-video-preview:-1"},"canonical":"https:\/\/akunq.net\/tr\/?p=27034","og_locale":"en_US","og_type":"article","og_title":"Davuto\u011flu'nu k\u0131zd\u0131ran s\u00f6zler! - Bati Ermenistan Ve Bati Ermenileri Sorunlari Ara\u015ftirmalar Merkezi","og_description":"&#8216;Katil diyemezsiniz&#8217; ANKARA &#8211; TBMM Plan ve B\u00fct\u00e7e Komisyonu\u2019nda d\u00fcn D\u0131\u015fi\u015fleri Bakanl\u0131\u011f\u0131 b\u00fct\u00e7esi g\u00f6r\u00fc\u015f\u00fcld\u00fc. Bakanl\u0131\u011f\u0131n\u0131n \u00e7al\u0131\u015fmalar\u0131na ili\u015fkin bilgi veren Davuto\u011flu, \u201cT\u00fcrkiye\u2019nin kom\u015fular\u0131yla ili\u015fkileri son 10 y\u0131l i\u00e7inde paradigmatik bir de\u011fi\u015fim ya\u015fam\u0131\u015ft\u0131r. Kom\u015fu \u00fclkelerle s\u0131f\u0131r sorun ilkesini ge\u00e7mi\u015fte ele\u015ftirenler, \u015fimdi bu ilkeye sahip \u00e7\u0131karak, bizi ele\u015ftirme \u00e7abas\u0131 i\u00e7indeler. Bu ilke sa\u011flam temellere oturmu\u015ftur\u201d dedi. T\u00fcrkiye\u2019nin 3 [&hellip;]","og_url":"https:\/\/akunq.net\/tr\/?p=27034","og_site_name":"Bati Ermenistan Ve Bati Ermenileri Sorunlari Ara\u015ftirmalar Merkezi","article_published_time":"2013-11-23T06:50:29+00:00","article_modified_time":"2013-11-23T06:50:50+00:00","author":"admin","twitter_card":"summary_large_image","twitter_misc":{"Written by":"admin","Est. reading time":"3 minutes"},"schema":{"@context":"https:\/\/schema.org","@graph":[{"@type":"Article","@id":"https:\/\/akunq.net\/tr\/?p=27034#article","isPartOf":{"@id":"https:\/\/akunq.net\/tr\/?p=27034"},"author":{"name":"admin","@id":"https:\/\/akunq.net\/tr\/#\/schema\/person\/096f1d38a12cce57fb855b485ed24c9e"},"headline":"Davuto\u011flu&#8217;nu k\u0131zd\u0131ran s\u00f6zler!","datePublished":"2013-11-23T06:50:29+00:00","dateModified":"2013-11-23T06:50:50+00:00","mainEntityOfPage":{"@id":"https:\/\/akunq.net\/tr\/?p=27034"},"wordCount":554,"commentCount":0,"articleSection":["Haberler"],"inLanguage":"en-US","potentialAction":[{"@type":"CommentAction","name":"Comment","target":["https:\/\/akunq.net\/tr\/?p=27034#respond"]}]},{"@type":"WebPage","@id":"https:\/\/akunq.net\/tr\/?p=27034","url":"https:\/\/akunq.net\/tr\/?p=27034","name":"Davuto\u011flu'nu k\u0131zd\u0131ran s\u00f6zler! - Bati Ermenistan Ve Bati Ermenileri Sorunlari Ara\u015ftirmalar Merkezi","isPartOf":{"@id":"https:\/\/akunq.net\/tr\/#website"},"datePublished":"2013-11-23T06:50:29+00:00","dateModified":"2013-11-23T06:50:50+00:00","author":{"@id":"https:\/\/akunq.net\/tr\/#\/schema\/person\/096f1d38a12cce57fb855b485ed24c9e"},"breadcrumb":{"@id":"https:\/\/akunq.net\/tr\/?p=27034#breadcrumb"},"inLanguage":"en-US","potentialAction":[{"@type":"ReadAction","target":["https:\/\/akunq.net\/tr\/?p=27034"]}]},{"@type":"BreadcrumbList","@id":"https:\/\/akunq.net\/tr\/?p=27034#breadcrumb","itemListElement":[{"@type":"ListItem","position":1,"name":"Home","item":"https:\/\/akunq.net\/tr"},{"@type":"ListItem","position":2,"name":"Davuto\u011flu&#8217;nu k\u0131zd\u0131ran s\u00f6zler!"}]},{"@type":"WebSite","@id":"https:\/\/akunq.net\/tr\/#website","url":"https:\/\/akunq.net\/tr\/","name":"Bati Ermenistan Ve Bati Ermenileri Sorunlari Ara\u015ftirmalar Merkezi","description":"","potentialAction":[{"@type":"SearchAction","target":{"@type":"EntryPoint","urlTemplate":"https:\/\/akunq.net\/tr\/?s={search_term_string}"},"query-input":{"@type":"PropertyValueSpecification","valueRequired":true,"valueName":"search_term_string"}}],"inLanguage":"en-US"},{"@type":"Person","@id":"https:\/\/akunq.net\/tr\/#\/schema\/person\/096f1d38a12cce57fb855b485ed24c9e","name":"admin","url":"https:\/\/akunq.net\/tr\/?author=7"}]}},"_links":{"self":[{"href":"https:\/\/akunq.net\/tr\/index.php?rest_route=\/wp\/v2\/posts\/27034","targetHints":{"allow":["GET"]}}],"collection":[{"href":"https:\/\/akunq.net\/tr\/index.php?rest_route=\/wp\/v2\/posts"}],"about":[{"href":"https:\/\/akunq.net\/tr\/index.php?rest_route=\/wp\/v2\/types\/post"}],"author":[{"embeddable":true,"href":"https:\/\/akunq.net\/tr\/index.php?rest_route=\/wp\/v2\/users\/7"}],"replies":[{"embeddable":true,"href":"https:\/\/akunq.net\/tr\/index.php?rest_route=%2Fwp%2Fv2%2Fcomments&post=27034"}],"version-history":[{"count":2,"href":"https:\/\/akunq.net\/tr\/index.php?rest_route=\/wp\/v2\/posts\/27034\/revisions"}],"predecessor-version":[{"id":27037,"href":"https:\/\/akunq.net\/tr\/index.php?rest_route=\/wp\/v2\/posts\/27034\/revisions\/27037"}],"wp:attachment":[{"href":"https:\/\/akunq.net\/tr\/index.php?rest_route=%2Fwp%2Fv2%2Fmedia&parent=27034"}],"wp:term":[{"taxonomy":"category","embeddable":true,"href":"https:\/\/akunq.net\/tr\/index.php?rest_route=%2Fwp%2Fv2%2Fcategories&post=27034"},{"taxonomy":"post_tag","embeddable":true,"href":"https:\/\/akunq.net\/tr\/index.php?rest_route=%2Fwp%2Fv2%2Ftags&post=27034"}],"curies":[{"name":"wp","href":"https:\/\/api.w.org\/{rel}","templated":true}]}}