{"id":27018,"date":"2013-11-22T03:04:57","date_gmt":"2013-11-22T08:04:57","guid":{"rendered":"http:\/\/akunq.net\/tr\/?p=27018"},"modified":"2013-11-22T03:04:57","modified_gmt":"2013-11-22T08:04:57","slug":"erdogan-mihail-gusmana-ucuncu-kez-konustu-gencken-dostoyevski-okurdum","status":"publish","type":"post","link":"https:\/\/akunq.net\/tr\/?p=27018","title":{"rendered":"Erdo\u011fan, Mihail Gusman&#8217;a \u00fc\u00e7\u00fcnc\u00fc kez konu\u015ftu: Gen\u00e7ken Dostoyevski okurdum"},"content":{"rendered":"<p style=\"text-align: justify;\"><b><i><a href=\"http:\/\/akunq.net\/tr\/wp-content\/uploads\/2013\/11\/Erdo\u011fan.jpg\"><img loading=\"lazy\" decoding=\"async\" class=\"alignright size-medium wp-image-27019\" alt=\"Erdo\u011fan\" src=\"http:\/\/akunq.net\/tr\/wp-content\/uploads\/2013\/11\/Erdo\u011fan-300x169.jpg\" width=\"300\" height=\"169\" srcset=\"https:\/\/akunq.net\/tr\/wp-content\/uploads\/sites\/6\/2013\/11\/Erdo\u011fan-300x169.jpg 300w, https:\/\/akunq.net\/tr\/wp-content\/uploads\/sites\/6\/2013\/11\/Erdo\u011fan-600x338.jpg 600w, https:\/\/akunq.net\/tr\/wp-content\/uploads\/sites\/6\/2013\/11\/Erdo\u011fan.jpg 620w\" sizes=\"auto, (max-width: 300px) 100vw, 300px\" \/><\/a>Ba\u015fbakan Recep Tayyip Erdo\u011fan, Rusya ziyareti \u00f6ncesi Rus devlet haber ajans\u0131 Itar-Tass Genel M\u00fcd\u00fcr Birinci Yard\u0131mc\u0131s\u0131 Mihail Gusman\u2019a \u00f6zel m\u00fclakat verdi. 11 y\u0131ll\u0131k iktidar\u0131nda \u00fc\u00e7\u00fcnc\u00fc kez Gusman&#8217;a \u00f6zel r\u00f6portaj veren Erdo\u011fan, gen\u00e7lik y\u0131llar\u0131nda Dostoyevski okudu\u011funu, kilosuna dikkat etti\u011fini s\u00f6yledi. Erdo\u011fan, &#8216;Spasibo&#8217; diyerek Rus halk\u0131na Rus\u00e7a te\u015fekk\u00fcr etti.<\/i><\/b><\/p>\n<p style=\"text-align: justify;\">Rusya\u2019n\u0131n St. Petersburg kentine bug\u00fcn ba\u015flayacak iki g\u00fcnl\u00fck ziyarete b\u00fcy\u00fck \u00f6nem verdi\u011fini s\u00f6yleyen Erdo\u011fan, \u201cRusya ve T\u00fcrkiye aras\u0131nda enerji alan\u0131nda ili\u015fkiler stratejik boyuta ula\u015ft\u0131, \u00e7ok b\u00fcy\u00fck geli\u015fme var. Turizm alan\u0131nda ciddi geli\u015fme sa\u011fland\u0131. A\u2019dan Z\u2019ye t\u00fcm alanlar\u0131 de\u011ferlendirece\u011fiz. \u0130ki \u00fclke aras\u0131nda ticari hacim 35 milyar dolara ula\u015ft\u0131. Daha y\u00fcksek d\u00fczeye ula\u015fmas\u0131 i\u00e7in \u00e7aba g\u00f6sterece\u011fiz. \u00c7\u00fcnk\u00fc hedefimiz 100 milyar <a title=\"dolar\" href=\"http:\/\/www.bigpara.com\/dolar\/?utm_source=hurriyet-haber-detay&amp;utm_medium=backlink&amp;utm_campaign=dolar\" target=\"_blank\">dolar<\/a>. Bu hedefe ula\u015fmak i\u00e7in her iki \u00fclke tam oybirli\u011fi ve iradeye sahip. Dolay\u0131s\u0131yla bu bizler i\u00e7in sorun de\u011fil\u201d dedi.<\/p>\n<p style=\"text-align: justify;\">Gazetecinin, Rusya Devlet Ba\u015fkan\u0131 Vladimir Putin\u2019le \u015fahsi ili\u015fkilerini sormas\u0131 \u00fczerine Ba\u015fbakan, gelecekte bu ili\u015fkilerin daha da olumlu olmas\u0131n\u0131, daha \u00f6nemli ortak ad\u0131mlarla ta\u00e7land\u0131r\u0131lmas\u0131n\u0131 arzu etti\u011fini vurgulad\u0131. Erdo\u011fan, \u201cEminim ki zengin tarihi ili\u015fkilerle \u015fanl\u0131 olan iki kom\u015fu \u00fclke T\u00fcrkiye ve Rusya aras\u0131ndaki b\u00f6yle bir diyalogun artmas\u0131, gelecek nesil i\u00e7in g\u00fczel \u00f6rnek olacak\u201d \u015feklinde konu\u015ftu.<\/p>\n<p style=\"text-align: justify;\"><b>&#8220;RUSLAR, ALMAN TUR\u0130STLER\u0130 SOLLAR&#8221;<\/b><br \/>\nT\u00fcrk in\u015faat \u015firketlerinin Rusya\u2019da \u00f6nemli misyona imza att\u0131\u011f\u0131n\u0131 ifade eden Erdo\u011fan iki \u00fclke aras\u0131nda vize sorununun da olmad\u0131\u011f\u0131na dikkat \u00e7ekti. Bu hususun turizm ili\u015fkilerine b\u00fcy\u00fck katk\u0131 sa\u011flad\u0131\u011f\u0131n\u0131 belirten Erdo\u011fan, \u201cBug\u00fcn Rusya\u2019dan T\u00fcrkiye\u2019ye yakla\u015f\u0131k 4 milyon turist geliyor. Biraz da artsa Almanlar\u0131 geride b\u0131rak\u0131r. \u015eu anda Almanya ilk s\u0131rada, sonra Rusya geliyor. Fakat Rusya bu bo\u015flu\u011fu azalt\u0131yor. Rus dostlar\u0131m\u0131z \u015funu \u00e7ok g\u00fczel biliyor; T\u00fcrkiye \u00e7e\u015fitli turizm alanlar\u0131 bak\u0131m\u0131ndan zengin bir yer ve d\u00f6rt mevsim turizm hizmeti verecek durumda\u201d dedi.<\/p>\n<p style=\"text-align: justify;\"><b>&#8220;GEN\u00c7L\u0130K YILLARIMDA DOSTOYEVSK\u0130\u2019Y\u0130 OKUDUM&#8221;<\/b><br \/>\n\u0130kili k\u00fclt\u00fcrel ili\u015fkilerin geli\u015fti\u011fini kaydeden <a title=\"Ba\u015fbakan Erdo\u011fan\" href=\"http:\/\/www.hurriyet.com.tr\/index\/recep_tayyip_erdo\u011fan\" target=\"_blank\">Ba\u015fbakan Erdo\u011fan<\/a>, \u201cNaz\u0131m Hikmet Rusya\u2019da topra\u011fa verildi. T\u00fcrkiye\u2019de gen\u00e7ler Dostoyevski\u2019nin \u00e7o\u011fu eserini okuyor. Ben de gen\u00e7lik y\u0131llar\u0131nda Dostoyevski\u2019nin eserlerini okudum\u201d dedi. Daha \u00f6nce Mehter tak\u0131m\u0131n\u0131n Rus devlet orkestralar\u0131yla birka\u00e7 kez ortak konser verdi\u011fini hat\u0131rlatan Erdo\u011fan, ikili k\u00fclt\u00fcrel ili\u015fkilerin geli\u015fmesinde ilgili bakanl\u0131k ve kurumlar\u0131n ba\u015far\u0131l\u0131 \u00e7al\u0131\u015fmalara imza att\u0131\u011f\u0131n\u0131 kaydetti.<\/p>\n<p style=\"text-align: justify;\"><b>&#8220;K\u0130LOMU KORUYORUM, 6 SAAT UYUYORUM&#8221;<\/b><br \/>\nGazeteci Gusman, \u201cSay\u0131n Ba\u015fbakan son 10 y\u0131lda 3 kere g\u00f6r\u00fc\u015ft\u00fck. Sizin m\u00fckemmel bir \u015fekilde formda kalman\u0131z beni b\u00fcy\u00fcl\u00fcyor. Hi\u00e7 de\u011fi\u015fmemi\u015fsiniz. Bunu nas\u0131l ba\u015far\u0131yorsunuz?\u201d sorusuna Erdo\u011fan, \u201cKilomu kontrol etmeye \u00e7al\u0131\u015f\u0131yorum. Her zaman kilom ayn\u0131d\u0131r. Bunun sayesinde formday\u0131m. \u00c7al\u0131\u015fma g\u00fcn\u00fcm \u00e7ok uzuyor ama toplam 6 saatlik uykum var\u201d cevab\u0131n\u0131 verdi.<\/p>\n<p style=\"text-align: justify;\"><b>ERDO\u011eAN\u2019DAN RUS\u00c7A TE\u015eEKK\u00dcR<\/b><br \/>\nT\u00fcrkiye\u2019nin <a title=\"petrol\" href=\"http:\/\/www.bigpara.com\/dunya-emtia-borsalari?utm_source=hurriyet-haber-detay&amp;utm_medium=backlink&amp;utm_campaign=euro\" target=\"_blank\">petrol<\/a> zenginli\u011finin bulunmamas\u0131na ra\u011fmen ekonomi alan\u0131nda \u00f6nemli geli\u015fmeler sa\u011flad\u0131\u011f\u0131n\u0131 anlatan Erdo\u011fan, \u201cBiz iktidara geldi\u011fimizde milli gelirimiz 230 milyar dolar idi, bug\u00fcn ise 900 milyara yakla\u015f\u0131yor. Bu uzun \u00e7al\u0131\u015fman\u0131n meyvesi. E\u011fer yan gelip yatsayd\u0131k bunu ba\u015faramazd\u0131k. Sanayi \u00fcretimine a\u011f\u0131rl\u0131k veriyoruz, \u00e7\u00fcnk\u00fc petrol\u00fcm\u00fcz yok\u201d dedi.<\/p>\n<p style=\"text-align: justify;\">Gazetecinin, \u201cS\u00f6zleriniz Rusya\u2019ya ima m\u0131\u201d sorusu \u00fczerine Erdo\u011fan, \u201cHay\u0131r, Rusya\u2019n\u0131n di\u011fer \u00fclkelere g\u00f6re kendine has \u00f6zellikleri var. Sadece do\u011fal kaynaklar alan\u0131nda de\u011fil, savunma ve sanayi \u00fcretiminde de geli\u015fmi\u015f altyap\u0131ya sahip. \u00dclkenizin ciddi turizm altyap\u0131s\u0131 var. Kendim ve halk\u0131m\u0131n ad\u0131na Rusya halk\u0131na ve dostlar\u0131ma selam, sevgi ve sayg\u0131 iletiyorum. Spasibo!\u201d dedi.<\/p>\n<p style=\"text-align: justify;\"><b>DO\u011eALGAZIN Y\u00dcZDE 56\u2019SI RUSYA\u2019DAN<\/b><br \/>\nT\u00fcrkiye&#8217;nin do\u011falgaz ihtiyac\u0131n\u0131n y\u00fczde 56\u2019s\u0131n\u0131n Rusya\u2019dan kar\u015f\u0131land\u0131\u011f\u0131n\u0131 hat\u0131rlatan Ba\u015fbakan, \u201cBu b\u00fcy\u00fck bir rakam. Burada yeni kar\u015f\u0131l\u0131kl\u0131 i\u015fbirli\u011fi alanlar\u0131n\u0131 da geli\u015ftirmeyi \u00f6neriyoruz. Bu ba\u011flamda ba\u015fl\u0131\u00e7a n\u00fckleer enerji alan\u0131 olmak \u00fczere ilgili \u00e7al\u0131\u015fmalar yap\u0131l\u0131yor. \u00d6nemli geli\u015fmeler sa\u011flad\u0131k. Rusya ile Akkuyu\u2019da n\u00fckleer enerji santrali in\u015fa ediyoruz. \u00c7al\u0131\u015fmalar ba\u015flad\u0131, gen\u00e7 uzman m\u00fchendislerimiz \u00fclkenizde e\u011fitim al\u0131yor. E\u011fitimin ard\u0131ndan onlar Rus uzmanlarla omuz omuza projenin devam eden ger\u00e7ekle\u015ftirilmesi s\u00fcrecinde yer alacak\u201d diyerek Rusya ile bu alanda ilk ad\u0131m\u0131n at\u0131lmas\u0131n\u0131n \u00e7ok \u00f6nemli oldu\u011funa i\u015faret etti.<\/p>\n<p style=\"text-align: justify;\"><b>&#8220;EN UYGUN F\u0130YATI \u00c7\u0130N VERD\u0130&#8221;<\/b><br \/>\nNATO \u00fcyesi olarak T\u00fcrkiye\u2019nin Rusya ile askeri teknik alanda i\u015fbirli\u011fini de\u011ferlendiren Erdo\u011fan, Ankara d\u0131\u015f\u0131nda NATO&#8217;ya \u00fcye baz\u0131 \u00fclkelerin de Moskova ile benzer i\u015fbirli\u011fi yapt\u0131\u011f\u0131n\u0131 kaydetti. \u00c7in ile benzer i\u015fbirliklerini art\u0131rd\u0131klar\u0131n\u0131 s\u00f6yleyen Erdo\u011fan, \u00c7in ile ortak askeri tatbikat yapt\u0131klar\u0131n\u0131 ve f\u00fcze kalkan\u0131 sevkiyat\u0131 ihalesinde d\u00f6rt \u00fclkeden sadece \u00c7in taraf\u0131n\u0131n fiyat\u0131n\u0131 daha makul bulduklar\u0131n\u0131 ifade etti. Rusya\u2019n\u0131n bu ihalede en y\u00fcksek fiyat belirledi\u011fine i\u015faret eden Ba\u015fbakan, \u201c\u015eimdi \u00c7in ile ticari s\u00f6zle\u015fme i\u00e7in g\u00f6r\u00fc\u015fmelere devam ediyoruz. Bizim i\u00e7in \u00f6nemli olan \u015fu parametreler: \u00dcretim s\u00fcresi, ortak \u00fcretim f\u0131rsat\u0131, ortak yat\u0131r\u0131m, fiyat ve \u00fc\u00e7\u00fcnc\u00fc \u00fclkelere ihracat olana\u011f\u0131. T\u00fcm bu hususlarda \u00c7in ger\u00e7ekten de daha olumlu tutum sergiledi. Dolay\u0131s\u0131yla \u015fimdiki s\u00fcre\u00e7 \u00c7in lehine devam ediyor. Tabii ki bu birilerinde rahats\u0131zl\u0131k olu\u015fturdu\u201d dedi.<\/p>\n<p style=\"text-align: justify;\">Baz\u0131 askeri ekipmanlar\u0131n sat\u0131\u015f\u0131 konusunda g\u00f6r\u00fc\u015fmelerin s\u00fcrd\u00fc\u011f\u00fcn\u00fc hat\u0131rlatan Erdo\u011fan, Rusya&#8217;dan NATO sistemine uygun askeri ekipman ald\u0131klar\u0131n\u0131 da vurgulad\u0131.<\/p>\n<p style=\"text-align: justify;\"><b>&#8220;AB B\u0130Z\u0130 YANILTMAYA DEVAM ED\u0130YOR&#8221;<\/b><br \/>\nAvrupa Birli\u011fi-T\u00fcrkiye ili\u015fkilerine de de\u011finen Erdo\u011fan, \u201cEskisi gibi AB bizi yan\u0131ltmaya devam ediyor. Bu \u00fcz\u00fcc\u00fc. Aradan uzun y\u0131llar ge\u00e7tikten sonra yeni m\u00fczakereler ba\u015fl\u0131\u011f\u0131n\u0131 a\u00e7t\u0131lar. Biz Avrupal\u0131lara \u015funu dedik; siz 22 numaral\u0131 ba\u015fl\u0131k a\u00e7t\u0131n\u0131z, gelin o zaman 23 ve 24 numaral\u0131 ba\u015fl\u0131klar\u0131 hemen a\u00e7al\u0131m. Avrupa \u00fclkeleri aras\u0131nda en fazla buna ilgi duyan \u00fclke T\u00fcrkiye. Biz hi\u00e7 aksatmadan bu ad\u0131m\u0131 atmaya haz\u0131r\u0131z. Bunu her AB \u00fclkesiyle g\u00f6r\u00fc\u015ft\u00fck. \u00d6rne\u011fin ge\u00e7en hafta Finlandiya, \u0130sve\u00e7 ve Polonya\u2019da idim. Bu \u00fclkeler bizim hakl\u0131 oldu\u011fumuzdan emin ve T\u00fcrkiye\u2019nin dostlar\u0131 oldu\u011funu beyan ediyorlar. Ger\u00e7ekten de onlar bizi hep destekledi ve desteklemeye devam ediyorlar. Fransa\u2019da cumhurba\u015fkanl\u0131\u011f\u0131 se\u00e7imlerinin ard\u0131ndan bende b\u00fcy\u00fck umut do\u011fdu. \u015eimdi T\u00fcrkiye\u2019de AB ile ili\u015fkilerden sorumlu bakanl\u0131\u011f\u0131n olu\u015fturulmas\u0131yla ilgili \u00e7al\u0131\u015fmalara faal \u015fekilde devam ediyoruz. Art\u0131k bizi yan\u0131ltmaya son vermelerini ve AB ile somut neticelere ula\u015fmam\u0131z\u0131 istiyorum. Bu konuda konu\u015fmak kolay, ama 1963\u2019ten bu yana 50 y\u0131l ge\u00e7ti, bug\u00fcn ise 2013. 50 y\u0131l bir \u00fclkeyi bu \u015fekilde yan\u0131ltmak do\u011fru de\u011fil bence\u201d ele\u015ftirisinde bulundu.<\/p>\n<p style=\"text-align: justify;\"><b>&#8220;SUR\u0130YE KONUSUNDA RUSYA \u0130LE SONU\u00c7 ALAMADIK&#8221;<\/b><br \/>\nSuriye ile ilgili sorunlara da de\u011finen Erdo\u011fan, T\u00fcrkiye\u2019nin Suriye ile daha yak\u0131n ili\u015fkilerde oldu\u011funa i\u015faret ederek, \u201c911 kilometre ortak s\u0131n\u0131r\u0131m\u0131z. Tarihi, dini ve akrabal\u0131k ba\u011flam\u0131nda ili\u015fkilerimiz var. S\u0131k\u0131 ili\u015fkilerimiz s\u00f6z konusu. Tabii ki Suriye\u2019de ya\u015fananlardan \u00fclkemiz daha fazla fatura \u00f6d\u00fcyor. En son edindi\u011fim bilgilere g\u00f6re, Suriye\u2019de 133 bin ki\u015fi hayat\u0131n\u0131 kaybetti. Bize gelen m\u00fclteci say\u0131s\u0131 600 bini ge\u00e7ti. Bu alanda 2 milyar dolardan fazla masraf yapt\u0131k. Uluslararas\u0131 kamuoyudan gelen yard\u0131m paras\u0131 135 milyon dolar. Bunun 50 milyonunu Suudi Arabistan, 25 milyonunu BM verdi, geriye kalan\u0131 ba\u015fka kaynaklardan. Yani masraf\u0131 biz \u00f6d\u00fcyoruz. 200 bin Suriyeli bug\u00fcn \u00e7ad\u0131rkent ve konteynerlerde kal\u0131yor. 400 bini \u00e7e\u015fitli b\u00f6lgelerde kal\u0131yor, evlerde ya\u015f\u0131yor. Rusya, \u0130ran, Irak, L\u00fcbnan ve \u00dcrd\u00fcn\u2019le birlikte bu sorunu \u00e7\u00f6zmekten yanay\u0131z. Ne yaz\u0131k ki, \u015funu ifade etmem daha do\u011fru olur: Bu konuda Rusya ile yapt\u0131\u011f\u0131m\u0131z 3 y\u0131ll\u0131k g\u00f6r\u00fc\u015fmeler olumlu meyvelerini vermedi. Durumun geli\u015fme elde etmesinden yanay\u0131m. E\u011fer Rusya, T\u00fcrkiye, ABD, \u0130ran gibi 3-4 \u00fclke bunun i\u00e7in u\u011fra\u015f\u0131rsa, kendini bu i\u015fe y\u00fcklerse, ve buraya ba\u015fka BM G\u00fcvenlik Konseyi \u00fcye \u00fclkeleri de kat\u0131l\u0131rsa, bu durumda sorununun \u00e7\u00f6z\u00fcm\u00fcne h\u0131zl\u0131ca yakla\u015f\u0131r\u0131z. Yoksa ba\u015fta Be\u015f\u015far Esed olmak \u00fczere Suriye rejimiyle birlikte bir sonuca varmam\u0131z m\u00fcmk\u00fcn de\u011fil. Bizler demokratik \u015fartlarda siyasetle u\u011fra\u015fan insanlar\u0131z. Bu durumda orada 133 bin insan\u0131n \u00f6l\u00fcm\u00fcn\u00fc kabul edemeyiz, bunlar\u0131n yakla\u015f\u0131k 6 bini \u00e7ocuk, \u00e7ok say\u0131da kad\u0131n. Buna nas\u0131l evet deriz? Eminim ki Rusya da buna r\u0131za g\u00f6stermez\u201d dedi.<\/p>\n<p style=\"text-align: justify;\"><b>KIBRIS\u2019TA \u00c7\u00d6Z\u00dcM \u00d6NER\u0130S\u0130<\/b><br \/>\nGazeteci Gusman K\u0131br\u0131s sorununun sormas\u0131 \u00fczerine Erdo\u011fan, \u00e7\u00f6z\u00fcm s\u00fcrecine garant\u00f6r \u00fclkeler olarak T\u00fcrkiye, Yunanistan ve \u0130ngiltere\u2019nin kat\u0131lmas\u0131n\u0131 ve \u00e7\u00f6z\u00fcm bulunmad\u0131\u011f\u0131 s\u00fcrece her 3 \u00fclkenin \u00e7al\u0131\u015fmalar\u0131n\u0131 sona erdirmemesi \u00f6nerisinde bulundu. Etkili \u00e7\u00f6z\u00fcme ula\u015f\u0131lmas\u0131 a\u00e7\u0131s\u0131ndan daha do\u011fal davran\u0131lmas\u0131 \u00e7a\u011fr\u0131s\u0131n\u0131 yapan Ba\u015fbakan, G\u00fcney ve Kuzey K\u0131br\u0131s taraf\u0131n\u0131n masaya oturtulmas\u0131 gerekti\u011fini ifade etti. Erdo\u011fan, \u201cSonu\u00e7ta tek bir K\u0131br\u0131s ortaya \u00e7\u0131ks\u0131n. \u00c7\u00fcnk\u00fc AB \u201cK\u0131br\u0131s\u201d dedi\u011fi zaman tek ada anlam\u0131nda ifade etmiyor. Oysa aday\u0131 halen ye\u015fil alan ikiye ay\u0131rm\u0131\u015f durumda\u201d diyerek \u00e7\u00f6z\u00fcme davet etti.<\/p>\n<p style=\"text-align: justify;\">11 y\u0131ll\u0131k Ba\u015fbakanl\u0131k g\u00f6revinde ekonomi alan\u0131nda \u00f6nemli \u00e7al\u0131\u015fmalara imza att\u0131klar\u0131n\u0131 kaydeden Erdo\u011fan, yolsuzlu\u011fu dize getirmeyi ba\u015fard\u0131klar\u0131n\u0131 vurgulad\u0131. Erdo\u011fan, &#8220;Bu kablo art\u0131k kesildi. Tabii daha \u00f6nce yolsuzluk \u00e7ok g\u00fc\u00e7l\u00fc idi. Mafya, su\u00e7 \u00f6rg\u00fctleri ve \u00e7eteler, h\u00fck\u00fcmeti kurma ve feshettirme g\u00fcc\u00fcne sahip idi. Ama bunlar art\u0131k geride kald\u0131. Bug\u00fcn T\u00fcrkiye\u2019de g\u00fcven ve istikrar var. Bu da uluslar aras\u0131 sermayenin \u00fclke giri\u015fi i\u00e7in geni\u015f yol a\u00e7\u0131yor. \u0130ktidar\u0131m\u0131za kadar olan T\u00fcrkiye\u2019nin t\u00fcm tarihinde yabanc\u0131 yat\u0131r\u0131m hacmi 9 milyar dolar idi. 11 y\u0131lda ise yabanc\u0131 sermaye 122 milyar oldu. \u0130ktidar\u0131m\u0131zdan \u00f6nceki d\u00f6nemlerde devlet bankalar\u0131n\u0131n b\u00fcy\u00fck bor\u00e7lar\u0131 vard\u0131 veya \u00fclkenin sorunlar\u0131 say\u0131l\u0131yordu. Fakat bizim geli\u015fimizle durum d\u00fczeldi. Devlet bankalar\u0131 gelir vermeye ba\u015flad\u0131. \u00d6rne\u011fin bizden \u00f6nce Ziraat Bankas\u0131&#8217;n\u0131n s\u00fcrekli bor\u00e7 i\u00e7indeydi, bug\u00fcn ise T\u00fcrkiye ve Balkanlar\u0131n en dev bankas\u0131 oldu. Bizden \u00f6nce T\u00fcrkiye\u2019nin ihracat\u0131 36 milyar dolar idi, bug\u00fcn biz ise 155 milyar dolar ihracat yap\u0131yoruz. Param\u0131z d\u00fcnya d\u00f6vizleri fiyat\u0131 ba\u011flam\u0131nda artt\u0131. Rus rublesi ile ticari operasyonlar yapabiliriz. Benzer \u015fekilde \u00c7in ve \u0130ran\u2019la \u00e7al\u0131\u015fabiliriz. \u00d6zellikle eminim ki Rus sermayesi de T\u00fcrk ekonomisinde daha \u00f6nemli rol oynayabilir. T\u00fcrkiye So\u00e7i-2014 olimpiyat oyunlar\u0131 i\u00e7in \u00e7ok ciddi projelere imza at\u0131yor. Eminim ki, bu olimpiyat sayesinde Rusya tarih olacak. Bizim in\u015faat \u015firketleri de bu tarihle ba\u011flant\u0131s\u0131 olacak\u201d dedi.\u00a0<\/p>\n<p style=\"text-align: justify;\">Anayasa de\u011fi\u015fikli\u011fi \u00e7al\u0131\u015fmalar\u0131na da de\u011finen Erdo\u011fan, \u201cMevcut Anayasa devlet darbesi d\u00f6nemlerinin \u00fcr\u00fcn\u00fcd\u00fcr, dolay\u0131s\u0131yla bug\u00fcn halkta de\u011fi\u015fikliklere y\u00f6nelik ihtiya\u00e7 do\u011fdu. Yeni temel yasan\u0131n daha demokratik, halk\u00e7\u0131 ve sivil oldu\u011funu nitelendirmek laz\u0131m. Tabii ki bu konuda istenilen sonuca tam \u015fekilde ula\u015famad\u0131k. Neden? Meclisteki 4 siyasi parti, anayasa maddelerinin onaylanmas\u0131 konusunda kararl\u0131l\u0131\u011f\u0131n\u0131 ortaya koymuyor, hatta mutab\u0131k kal\u0131nan maddeler de buna dahil.\u201d diyerek her \u015feye ra\u011fmen anayasa \u00fczerinde \u00e7al\u0131\u015fma yapacaklar\u0131n\u0131 belirtti.<\/p>\n<p style=\"text-align: justify;\"><b><i>C\u0130HAN<\/i><\/b><\/p>\n<p style=\"text-align: justify;\"><b><i>http:\/\/www.hurriyet.com.tr\/dunya\/25173276.asp<\/i><\/b><\/p>\n","protected":false},"excerpt":{"rendered":"<p>Ba\u015fbakan Recep Tayyip Erdo\u011fan, Rusya ziyareti \u00f6ncesi Rus devlet haber ajans\u0131 Itar-Tass Genel M\u00fcd\u00fcr Birinci Yard\u0131mc\u0131s\u0131 Mihail Gusman\u2019a \u00f6zel m\u00fclakat verdi. 11 y\u0131ll\u0131k iktidar\u0131nda \u00fc\u00e7\u00fcnc\u00fc kez Gusman&#8217;a \u00f6zel r\u00f6portaj veren Erdo\u011fan, gen\u00e7lik y\u0131llar\u0131nda Dostoyevski okudu\u011funu, kilosuna dikkat etti\u011fini s\u00f6yledi. Erdo\u011fan, &#8216;Spasibo&#8217; diyerek Rus halk\u0131na Rus\u00e7a te\u015fekk\u00fcr etti. Rusya\u2019n\u0131n St. Petersburg kentine bug\u00fcn ba\u015flayacak iki g\u00fcnl\u00fck [&hellip;]<\/p>\n","protected":false},"author":7,"featured_media":0,"comment_status":"open","ping_status":"open","sticky":false,"template":"","format":"standard","meta":{"footnotes":""},"categories":[1],"tags":[],"class_list":["post-27018","post","type-post","status-publish","format-standard","hentry","category-haberler"],"yoast_head":"<!-- This site is optimized with the Yoast SEO plugin v27.4 - https:\/\/yoast.com\/product\/yoast-seo-wordpress\/ -->\n<title>Erdo\u011fan, Mihail Gusman&#039;a \u00fc\u00e7\u00fcnc\u00fc kez konu\u015ftu: Gen\u00e7ken Dostoyevski okurdum - Bati Ermenistan Ve Bati Ermenileri Sorunlari Ara\u015ftirmalar Merkezi<\/title>\n<meta name=\"robots\" content=\"index, follow, max-snippet:-1, max-image-preview:large, max-video-preview:-1\" \/>\n<link rel=\"canonical\" href=\"https:\/\/akunq.net\/tr\/?p=27018\" \/>\n<meta property=\"og:locale\" content=\"en_US\" \/>\n<meta property=\"og:type\" content=\"article\" \/>\n<meta property=\"og:title\" content=\"Erdo\u011fan, Mihail Gusman&#039;a \u00fc\u00e7\u00fcnc\u00fc kez konu\u015ftu: Gen\u00e7ken Dostoyevski okurdum - Bati Ermenistan Ve Bati Ermenileri Sorunlari Ara\u015ftirmalar Merkezi\" \/>\n<meta property=\"og:description\" content=\"Ba\u015fbakan Recep Tayyip Erdo\u011fan, Rusya ziyareti \u00f6ncesi Rus devlet haber ajans\u0131 Itar-Tass Genel M\u00fcd\u00fcr Birinci Yard\u0131mc\u0131s\u0131 Mihail Gusman\u2019a \u00f6zel m\u00fclakat verdi. 11 y\u0131ll\u0131k iktidar\u0131nda \u00fc\u00e7\u00fcnc\u00fc kez Gusman&#8217;a \u00f6zel r\u00f6portaj veren Erdo\u011fan, gen\u00e7lik y\u0131llar\u0131nda Dostoyevski okudu\u011funu, kilosuna dikkat etti\u011fini s\u00f6yledi. Erdo\u011fan, &#8216;Spasibo&#8217; diyerek Rus halk\u0131na Rus\u00e7a te\u015fekk\u00fcr etti. Rusya\u2019n\u0131n St. Petersburg kentine bug\u00fcn ba\u015flayacak iki g\u00fcnl\u00fck [&hellip;]\" \/>\n<meta property=\"og:url\" content=\"https:\/\/akunq.net\/tr\/?p=27018\" \/>\n<meta property=\"og:site_name\" content=\"Bati Ermenistan Ve Bati Ermenileri Sorunlari Ara\u015ftirmalar Merkezi\" \/>\n<meta property=\"article:published_time\" content=\"2013-11-22T08:04:57+00:00\" \/>\n<meta name=\"author\" content=\"admin\" \/>\n<meta name=\"twitter:card\" content=\"summary_large_image\" \/>\n<meta name=\"twitter:label1\" content=\"Written by\" \/>\n\t<meta name=\"twitter:data1\" content=\"admin\" \/>\n\t<meta name=\"twitter:label2\" content=\"Est. reading time\" \/>\n\t<meta name=\"twitter:data2\" content=\"10 minutes\" \/>\n<script type=\"application\/ld+json\" class=\"yoast-schema-graph\">{\"@context\":\"https:\\\/\\\/schema.org\",\"@graph\":[{\"@type\":\"Article\",\"@id\":\"https:\\\/\\\/akunq.net\\\/tr\\\/?p=27018#article\",\"isPartOf\":{\"@id\":\"https:\\\/\\\/akunq.net\\\/tr\\\/?p=27018\"},\"author\":{\"name\":\"admin\",\"@id\":\"https:\\\/\\\/akunq.net\\\/tr\\\/#\\\/schema\\\/person\\\/096f1d38a12cce57fb855b485ed24c9e\"},\"headline\":\"Erdo\u011fan, Mihail Gusman&#8217;a \u00fc\u00e7\u00fcnc\u00fc kez konu\u015ftu: Gen\u00e7ken Dostoyevski okurdum\",\"datePublished\":\"2013-11-22T08:04:57+00:00\",\"mainEntityOfPage\":{\"@id\":\"https:\\\/\\\/akunq.net\\\/tr\\\/?p=27018\"},\"wordCount\":2063,\"commentCount\":0,\"articleSection\":[\"Haberler\"],\"inLanguage\":\"en-US\",\"potentialAction\":[{\"@type\":\"CommentAction\",\"name\":\"Comment\",\"target\":[\"https:\\\/\\\/akunq.net\\\/tr\\\/?p=27018#respond\"]}]},{\"@type\":\"WebPage\",\"@id\":\"https:\\\/\\\/akunq.net\\\/tr\\\/?p=27018\",\"url\":\"https:\\\/\\\/akunq.net\\\/tr\\\/?p=27018\",\"name\":\"Erdo\u011fan, Mihail Gusman'a \u00fc\u00e7\u00fcnc\u00fc kez konu\u015ftu: Gen\u00e7ken Dostoyevski okurdum - Bati Ermenistan Ve Bati Ermenileri Sorunlari Ara\u015ftirmalar Merkezi\",\"isPartOf\":{\"@id\":\"https:\\\/\\\/akunq.net\\\/tr\\\/#website\"},\"datePublished\":\"2013-11-22T08:04:57+00:00\",\"author\":{\"@id\":\"https:\\\/\\\/akunq.net\\\/tr\\\/#\\\/schema\\\/person\\\/096f1d38a12cce57fb855b485ed24c9e\"},\"breadcrumb\":{\"@id\":\"https:\\\/\\\/akunq.net\\\/tr\\\/?p=27018#breadcrumb\"},\"inLanguage\":\"en-US\",\"potentialAction\":[{\"@type\":\"ReadAction\",\"target\":[\"https:\\\/\\\/akunq.net\\\/tr\\\/?p=27018\"]}]},{\"@type\":\"BreadcrumbList\",\"@id\":\"https:\\\/\\\/akunq.net\\\/tr\\\/?p=27018#breadcrumb\",\"itemListElement\":[{\"@type\":\"ListItem\",\"position\":1,\"name\":\"Home\",\"item\":\"https:\\\/\\\/akunq.net\\\/tr\"},{\"@type\":\"ListItem\",\"position\":2,\"name\":\"Erdo\u011fan, Mihail Gusman&#8217;a \u00fc\u00e7\u00fcnc\u00fc kez konu\u015ftu: Gen\u00e7ken Dostoyevski okurdum\"}]},{\"@type\":\"WebSite\",\"@id\":\"https:\\\/\\\/akunq.net\\\/tr\\\/#website\",\"url\":\"https:\\\/\\\/akunq.net\\\/tr\\\/\",\"name\":\"Bati Ermenistan Ve Bati Ermenileri Sorunlari Ara\u015ftirmalar Merkezi\",\"description\":\"\",\"potentialAction\":[{\"@type\":\"SearchAction\",\"target\":{\"@type\":\"EntryPoint\",\"urlTemplate\":\"https:\\\/\\\/akunq.net\\\/tr\\\/?s={search_term_string}\"},\"query-input\":{\"@type\":\"PropertyValueSpecification\",\"valueRequired\":true,\"valueName\":\"search_term_string\"}}],\"inLanguage\":\"en-US\"},{\"@type\":\"Person\",\"@id\":\"https:\\\/\\\/akunq.net\\\/tr\\\/#\\\/schema\\\/person\\\/096f1d38a12cce57fb855b485ed24c9e\",\"name\":\"admin\",\"url\":\"https:\\\/\\\/akunq.net\\\/tr\\\/?author=7\"}]}<\/script>\n<!-- \/ Yoast SEO plugin. -->","yoast_head_json":{"title":"Erdo\u011fan, Mihail Gusman'a \u00fc\u00e7\u00fcnc\u00fc kez konu\u015ftu: Gen\u00e7ken Dostoyevski okurdum - Bati Ermenistan Ve Bati Ermenileri Sorunlari Ara\u015ftirmalar Merkezi","robots":{"index":"index","follow":"follow","max-snippet":"max-snippet:-1","max-image-preview":"max-image-preview:large","max-video-preview":"max-video-preview:-1"},"canonical":"https:\/\/akunq.net\/tr\/?p=27018","og_locale":"en_US","og_type":"article","og_title":"Erdo\u011fan, Mihail Gusman'a \u00fc\u00e7\u00fcnc\u00fc kez konu\u015ftu: Gen\u00e7ken Dostoyevski okurdum - Bati Ermenistan Ve Bati Ermenileri Sorunlari Ara\u015ftirmalar Merkezi","og_description":"Ba\u015fbakan Recep Tayyip Erdo\u011fan, Rusya ziyareti \u00f6ncesi Rus devlet haber ajans\u0131 Itar-Tass Genel M\u00fcd\u00fcr Birinci Yard\u0131mc\u0131s\u0131 Mihail Gusman\u2019a \u00f6zel m\u00fclakat verdi. 11 y\u0131ll\u0131k iktidar\u0131nda \u00fc\u00e7\u00fcnc\u00fc kez Gusman&#8217;a \u00f6zel r\u00f6portaj veren Erdo\u011fan, gen\u00e7lik y\u0131llar\u0131nda Dostoyevski okudu\u011funu, kilosuna dikkat etti\u011fini s\u00f6yledi. Erdo\u011fan, &#8216;Spasibo&#8217; diyerek Rus halk\u0131na Rus\u00e7a te\u015fekk\u00fcr etti. Rusya\u2019n\u0131n St. Petersburg kentine bug\u00fcn ba\u015flayacak iki g\u00fcnl\u00fck [&hellip;]","og_url":"https:\/\/akunq.net\/tr\/?p=27018","og_site_name":"Bati Ermenistan Ve Bati Ermenileri Sorunlari Ara\u015ftirmalar Merkezi","article_published_time":"2013-11-22T08:04:57+00:00","author":"admin","twitter_card":"summary_large_image","twitter_misc":{"Written by":"admin","Est. reading time":"10 minutes"},"schema":{"@context":"https:\/\/schema.org","@graph":[{"@type":"Article","@id":"https:\/\/akunq.net\/tr\/?p=27018#article","isPartOf":{"@id":"https:\/\/akunq.net\/tr\/?p=27018"},"author":{"name":"admin","@id":"https:\/\/akunq.net\/tr\/#\/schema\/person\/096f1d38a12cce57fb855b485ed24c9e"},"headline":"Erdo\u011fan, Mihail Gusman&#8217;a \u00fc\u00e7\u00fcnc\u00fc kez konu\u015ftu: Gen\u00e7ken Dostoyevski okurdum","datePublished":"2013-11-22T08:04:57+00:00","mainEntityOfPage":{"@id":"https:\/\/akunq.net\/tr\/?p=27018"},"wordCount":2063,"commentCount":0,"articleSection":["Haberler"],"inLanguage":"en-US","potentialAction":[{"@type":"CommentAction","name":"Comment","target":["https:\/\/akunq.net\/tr\/?p=27018#respond"]}]},{"@type":"WebPage","@id":"https:\/\/akunq.net\/tr\/?p=27018","url":"https:\/\/akunq.net\/tr\/?p=27018","name":"Erdo\u011fan, Mihail Gusman'a \u00fc\u00e7\u00fcnc\u00fc kez konu\u015ftu: Gen\u00e7ken Dostoyevski okurdum - Bati Ermenistan Ve Bati Ermenileri Sorunlari Ara\u015ftirmalar Merkezi","isPartOf":{"@id":"https:\/\/akunq.net\/tr\/#website"},"datePublished":"2013-11-22T08:04:57+00:00","author":{"@id":"https:\/\/akunq.net\/tr\/#\/schema\/person\/096f1d38a12cce57fb855b485ed24c9e"},"breadcrumb":{"@id":"https:\/\/akunq.net\/tr\/?p=27018#breadcrumb"},"inLanguage":"en-US","potentialAction":[{"@type":"ReadAction","target":["https:\/\/akunq.net\/tr\/?p=27018"]}]},{"@type":"BreadcrumbList","@id":"https:\/\/akunq.net\/tr\/?p=27018#breadcrumb","itemListElement":[{"@type":"ListItem","position":1,"name":"Home","item":"https:\/\/akunq.net\/tr"},{"@type":"ListItem","position":2,"name":"Erdo\u011fan, Mihail Gusman&#8217;a \u00fc\u00e7\u00fcnc\u00fc kez konu\u015ftu: Gen\u00e7ken Dostoyevski okurdum"}]},{"@type":"WebSite","@id":"https:\/\/akunq.net\/tr\/#website","url":"https:\/\/akunq.net\/tr\/","name":"Bati Ermenistan Ve Bati Ermenileri Sorunlari Ara\u015ftirmalar Merkezi","description":"","potentialAction":[{"@type":"SearchAction","target":{"@type":"EntryPoint","urlTemplate":"https:\/\/akunq.net\/tr\/?s={search_term_string}"},"query-input":{"@type":"PropertyValueSpecification","valueRequired":true,"valueName":"search_term_string"}}],"inLanguage":"en-US"},{"@type":"Person","@id":"https:\/\/akunq.net\/tr\/#\/schema\/person\/096f1d38a12cce57fb855b485ed24c9e","name":"admin","url":"https:\/\/akunq.net\/tr\/?author=7"}]}},"_links":{"self":[{"href":"https:\/\/akunq.net\/tr\/index.php?rest_route=\/wp\/v2\/posts\/27018","targetHints":{"allow":["GET"]}}],"collection":[{"href":"https:\/\/akunq.net\/tr\/index.php?rest_route=\/wp\/v2\/posts"}],"about":[{"href":"https:\/\/akunq.net\/tr\/index.php?rest_route=\/wp\/v2\/types\/post"}],"author":[{"embeddable":true,"href":"https:\/\/akunq.net\/tr\/index.php?rest_route=\/wp\/v2\/users\/7"}],"replies":[{"embeddable":true,"href":"https:\/\/akunq.net\/tr\/index.php?rest_route=%2Fwp%2Fv2%2Fcomments&post=27018"}],"version-history":[{"count":1,"href":"https:\/\/akunq.net\/tr\/index.php?rest_route=\/wp\/v2\/posts\/27018\/revisions"}],"predecessor-version":[{"id":27020,"href":"https:\/\/akunq.net\/tr\/index.php?rest_route=\/wp\/v2\/posts\/27018\/revisions\/27020"}],"wp:attachment":[{"href":"https:\/\/akunq.net\/tr\/index.php?rest_route=%2Fwp%2Fv2%2Fmedia&parent=27018"}],"wp:term":[{"taxonomy":"category","embeddable":true,"href":"https:\/\/akunq.net\/tr\/index.php?rest_route=%2Fwp%2Fv2%2Fcategories&post=27018"},{"taxonomy":"post_tag","embeddable":true,"href":"https:\/\/akunq.net\/tr\/index.php?rest_route=%2Fwp%2Fv2%2Ftags&post=27018"}],"curies":[{"name":"wp","href":"https:\/\/api.w.org\/{rel}","templated":true}]}}