{"id":27015,"date":"2013-11-22T02:49:25","date_gmt":"2013-11-22T07:49:25","guid":{"rendered":"http:\/\/akunq.net\/tr\/?p=27015"},"modified":"2013-11-22T02:49:25","modified_gmt":"2013-11-22T07:49:25","slug":"ermeninin-askerligi","status":"publish","type":"post","link":"https:\/\/akunq.net\/tr\/?p=27015","title":{"rendered":"Ermeninin askerli\u011fi"},"content":{"rendered":"<p style=\"text-align: justify;\"><b><a href=\"http:\/\/akunq.net\/tr\/wp-content\/uploads\/2013\/11\/Aris-Nalci1.jpg\"><img loading=\"lazy\" decoding=\"async\" class=\"alignright size-full wp-image-27016\" alt=\"Aris Nalci\" src=\"http:\/\/akunq.net\/tr\/wp-content\/uploads\/2013\/11\/Aris-Nalci1.jpg\" width=\"200\" height=\"152\" \/><\/a>Aris Nalc\u0131<\/b><\/p>\n<p style=\"text-align: justify;\"><em><b>T24 sitesinde \u201cErmeninin askerli\u011fi\u201d ba\u015fl\u0131\u011f\u0131 ile yay\u0131nlanan, Aris Nalc\u0131\u2019ya ait makalede; <\/b><a title=\"Ermeni\" href=\"http:\/\/www.hristiyanforum.com\/forum\/forumdisplay.php?f=223\" target=\"_blank\"><b>Ermeni<\/b><\/a><b> vatanda\u015flar\u0131n askerlikte ya\u015fad\u0131klar\u0131 olaylar konu ediliyor.<\/b><\/em><\/p>\n<p style=\"text-align: justify;\">\u201cHerkesin bir askerlik an\u0131s\u0131 vard\u0131r bu memlekette. Baz\u0131lar\u0131 \u201cbeni adam ettiler\u201d der baz\u0131s\u0131 da gitmek bile istemez. \u00c7ok korkan da bu \u00fclkenin kurallar\u0131na uymak gerekti\u011fini s\u00f6yleyerek kendini ikna eder bu \u201cvatani\u201d g\u00f6revi yapmak i\u00e7in.<\/p>\n<p style=\"text-align: justify;\">\u201cHer <a href=\"http:\/\/www.hristiyanforum.com\/forum\/forumdisplay.php?f=524\" target=\"_blank\">T\u00fcrk<\/a> asker do\u011far\u201d \u015fiar\u0131na etnik kimlikten uymayan biz Ermenilerin askerde ya\u015fad\u0131klar\u0131n\u0131 biraz anlay\u0131nca belki Sevag Bal\u0131k\u00e7\u0131\u2019n\u0131n ya\u015fad\u0131klar\u0131n\u0131 da daha iyi anlar\u0131z diye sadece kendi \u00e7evremden toplad\u0131\u011f\u0131m askerlik an\u0131lar\u0131n\u0131 sunuyorum sizlere. (Bu konuda daha detayl\u0131 r\u00f6protajlar yapan Rifat Bali\u2019nin Gayrimuslim Mehmet\u00e7ikler: Hat\u0131ralar \u2013 Tan\u0131kl\u0131klar \u00e7al\u0131\u015fmas\u0131na bakman\u0131z\u0131 tavsiye ederim)<\/p>\n<p style=\"text-align: justify;\">Tabi \u015funu da \u00f6zellikle belirtmek gerekiyor ki askerli\u011fini belirli kademelerde kalabal\u0131ktan uzak tutul<a href=\"http:\/\/www.hristiyanolmak.com\/bulma-firsati-varken-rabbi-arayin-yakindayken-ona-yakarin\/\" target=\"_blank\">ara<\/a>k yapan (ya da kafeslenerek) Ermenilerin say\u0131s\u0131 olduk\u00e7a fazla. Komutan\u0131n\u0131n saklad\u0131\u011f\u0131 veya korudu\u011fu, T\u00fcrkiye\u2019nin bat\u0131s\u0131nda askerlik yapanlar\u0131n durumunun analizi ise bamba\u015fka bir konu. Zira Ermenileri askerlik yaparken korumak amac\u0131yla yaln\u0131zla\u015ft\u0131rmak da askeriyenin \u00fcretti\u011fi \u00e7\u00f6z\u00fcmlerinden biri. Ancak bu tavr\u0131n o askerler taraf\u0131ndan hissedilmese de elindeki ki\u015filere \u2018m\u00fczelik\u2019 olarak bakmaktan fark\u0131 yok.<\/p>\n<p style=\"text-align: justify;\"><b>SEVAN K.<\/b><\/p>\n<p style=\"text-align: justify;\">19 Ocak 2007\u2026<br \/>\nKantinde oturuyoruz. Do\u011funun en y\u00fcksek yerlerinden birindeyiz. Zaten Ermenistan s\u0131n\u0131r\u0131nday\u0131z diye s\u00fcrekli kimli\u011fim \u00fczerinde konu\u015fmalar d\u00f6n\u00fcyor. O g\u00fcn kantindeki <a href=\"http:\/\/www.incil.tv\/\" target=\"_blank\">televizyon<\/a> <a title=\"Hrant\" href=\"http:\/\/www.hristiyanforum.com\/forum\/showthread.php?t=3154\" target=\"_blank\">Hrant<\/a> <a title=\"Dink\" href=\"http:\/\/www.hristiyanforum.com\/forum\/showthread.php?t=3151\" target=\"_blank\">Dink<\/a>\u2019in \u00f6ld\u00fcr\u00fcld\u00fc\u011f\u00fc <a href=\"http:\/\/www.hristiyangazete.com\/hakkimizda\/\" target=\"_blank\">haber<\/a>ini veriyor. ABD\u2019de okulu bitirip diplomay\u0131 al\u0131p geldi\u011fimde biraz farkl\u0131 olaca\u011f\u0131n\u0131 d\u00fc\u015f\u00fcnm\u00fc\u015ft\u00fcm memleketin. Kal\u0131r\u0131m belki, ailem burada diye askerli\u011fi yapay\u0131m dedim. O g\u00fcn bir \u015fey de\u011fi\u015fmedi\u011fini g\u00f6rd\u00fcm g\u00f6zlerimle. Kantinde Hrant\u2019\u0131n \u00f6ld\u00fcr\u00fclmesini g\u00fcl\u00fcmseyerek kar\u015f\u0131layan askerler neredeyse halay \u00e7ekecekler. Baz\u0131lar\u0131 zaten konu\u015fuyor. Her dedikleri kula\u011f\u0131mda hala. G\u00fcnlerce kafamda \u00e7\u0131nlad\u0131 t\u00fcm birlik uyurken.<br \/>\nBen duyay\u0131m diye yap\u0131yorlar.<br \/>\nKendimi tutuyorum.<br \/>\nSiniyorum\u2026<br \/>\nErtesi g\u00fcn komutan \u00e7a\u011f\u0131r\u0131yor:<br \/>\n\u201cO\u011flum bak bir \u015fey derler yaparlar ise bana gel tamam m\u0131\u201d<\/p>\n<p style=\"text-align: justify;\"><b>KEVORK D.<\/b><\/p>\n<p style=\"text-align: justify;\">Kantindeyim. Kantini bana devretmi\u015fler hesap <a href=\"http:\/\/www.incil.biz\/incil\" target=\"_blank\">kitap<\/a> bende. K\u0131br\u0131s\u2019tay\u0131m \u00fcstelik. Her g\u00fcn geliyor \u00fcst\u00fcm bana hesap soruyor. Her hesap sordu\u011funda da bir tost istiyor. Arada \u00f6d\u00fcyor, \u00e7o\u011fu zaman da \u00f6demiyor. Hafta sonu geliyor hesaplar\u0131 kontrol edecek tostunun paras\u0131n\u0131 vermedi\u011finden \u00e7\u0131kan eksik hesaptan bir de azar yiyorum:<br \/>\n\u201cNeden eksik lan hesap\u201d<br \/>\nErmeni oldu\u011fum ismimden belli zaten. Soyad\u0131mda \u201c-yan\u201d olmasa da herkes biliyor. Daha bir kibirliler bana. \u00d6zellikle de \u00fcstlerim.<br \/>\nO tost paras\u0131 y\u00fcz\u00fcnden \u00e7enemi darma duman ettiler. Bir hafta hastanede kald\u0131m. Sevgilim, yurtd\u0131\u015f\u0131nda o d\u00f6nem. S\u00fcrekli ar\u0131yorum. Arayamad\u0131m d\u00fczelene kadar. Hastanedeyken \u00e7enemi k\u0131ran \u00fcst\u00fcm geldi, \u201cald\u0131n m\u0131 dersini?\u201d diye. \u201cYok\u201d dedim. Bu kez kolumu k\u0131rd\u0131lar. Bir hafta daha hastane\u2026 Sonra terhis\u2026<\/p>\n<p style=\"text-align: justify;\"><b>LEVON T.<\/b><\/p>\n<p style=\"text-align: justify;\">Ben bedelliydim. Kanada\u2019dan geldim. \u0130lk s\u0131raday\u0131z. Bizi ald\u0131lar isimlerimizi s\u00f6yl\u00fcyorlar. \u00dcst\u00fcm \u201cLeon\u201d diyor. Sonra di\u011ferlerini say\u0131yor. Arada \u201cLeon ne bi\u00e7im isim\u201d diye soruyor. \u201cErmeniyim\u201d diyorum.<br \/>\nDi\u011ferleri yan yan bak\u0131yorlar. Niye Ermenistan\u2019dan gelip burada askerlik yap\u0131yor ki bu diye.<br \/>\n\u00dcst\u00fcm cevap veriyor: \u201cNe bi\u00e7im adams\u0131n\u0131z o TC vatanda\u015f\u0131. Siz evinizde K\u00fcrt\u00e7e konu\u015fursunuz o EV\u0130NDE T\u00fcrk\u00e7e konu\u015fur. Dimi Leon\u201d deyince ne diyece\u011fimi bilmiyorum. Beni savundu mu bu \u015fimdi yoksa bana \u201cVatanda\u015f T\u00fcrk\u00e7e konu\u015f\u201d mu dedi?<\/p>\n<p style=\"text-align: justify;\"><b>HAYKO BA\u011eDAT<\/b><\/p>\n<p style=\"text-align: justify;\">96-98 y\u0131llar\u0131 aras\u0131nda yapt\u0131m ben askerli\u011fimi. Acemili\u011fim \u00c7anakkale\u2019de oldu sonra Jandarma Bandosu\u2019na girdim. Ama \u0130stanbul\u2019da jandarma bandosu yokmu\u015f \u015fansa.<br \/>\nTam da sava\u015f\u0131n en yo\u011fun oldu\u011fu d\u00f6nemlerdi. 96\u2032da Dersim\u2019de Jandarma Bandosu\u2019na sald\u0131r\u0131 da olmu\u015ftu. Hatta yaln\u0131\u015f hat\u0131rlam\u0131yorsum ilk kez bir jandarma bandosu \u015fehit olmu\u015ftu.<br \/>\nNormalde G\u00fcneydo\u011fuya askerlik \u00e7\u0131kmazd\u0131 bizim oradan. Ama o d\u00f6nem \u00e7\u0131kt\u0131. Dersim\u2019deki bandonun yerine g\u00f6nderildik. Biz gitti\u011fimizde halen trompetler falan parampar\u00e7ayd\u0131. Zor zamanlard\u0131.<br \/>\nBa\u015f\u0131m\u0131zda astsubaylar k\u0131demli askerler vard\u0131. Birg\u00fcn e\u011fitim aras\u0131nda kendisine <a href=\"http:\/\/www.hristiyanchat.com\/\" target=\"_blank\">sohbet<\/a> arayan bir astsubay ad\u0131m\u0131 sordu. \u201cHayko\u201d deyince de \u201cNeden Hayko?\u201d dedi. \u201cErmeniyim\u201d dedim. Bir s\u00fcre sonra da s\u00fcnnet olup olmad\u0131\u011f\u0131m\u0131, askeriyenin b\u00f6yle bir g\u00f6revi de oldu\u011funu ve s\u00fcnnetsiz askerlere bu imkan\u0131 sa\u011flad\u0131\u011f\u0131n\u0131 s\u00f6yledi. Ben ise \u00fcniversite terk uzun d\u00f6nem askerlik yapan bir Ermeni olarak Lozan Antla\u015fmas\u0131\u2019n\u0131n o maddelerini ilk kez ezberden okudum. \u00c7ok ironik. O an akl\u0131ma gelmesi ve ezberden okuyabilmem. S\u00fcnnete gerek olmad\u0131\u011f\u0131n\u0131 s\u00f6yledim. K\u00f6t\u00fc niyetle falan da sormad\u0131 asl\u0131nda. Sonras\u0131ndaki bir bu\u00e7uk hafta kadar beni s\u00fcnnet etmek i\u00e7in \u00e7e\u015fitli ikna yollar\u0131na giri\u015fti ama olmad\u0131. Birileri anlatm\u0131\u015f herhalde sonucu bana \u2018\u00fcz\u00fclerek\u2019 bildirdi bana \u201ctamam s\u00fcnnet olmana gerek yokmu\u015f\u201d diye.<\/p>\n<p style=\"text-align: justify;\"><b>ARARAT MOR<\/b><\/p>\n<p style=\"text-align: justify;\">Ben 2000 y\u0131l\u0131nda bedelli askerlik yapt\u0131m. Ayd\u0131n\u2019da jandarma olarak. 28 g\u00fcn. Sorun ya\u015famad\u0131m orada ama hat\u0131rl\u0131yorum Almanya\u2019dan gelen ba\u015fka bir bedelli askerlik yapan er bana \u201cSiz Ermeniler hain de\u011fil misiniz? Niye sizi askere al\u0131yorlar ki?\u201d diye sormu\u015ftu. Ben de \u201chain olsak da verdi\u011fimiz para tatl\u0131 geliyor devlete demek ki\u201d diye cevap verince susmu\u015ftu.<\/p>\n<p style=\"text-align: justify;\"><b>ZAVEN \u00c7\u0130\u011eDEMO\u011eLU<\/b><\/p>\n<p style=\"text-align: justify;\">Ben askere gitmeden \u00f6nce Bo\u011fazi\u00e7i \u00dcniversitesi\u2019nde d\u00fczenli bir \u00f6\u011frenciydim!<br \/>\n1980 Askeri darbesi sonras\u0131 1985 y\u0131l\u0131na kadar say\u0131s\u0131n\u0131 hat\u0131rlayamayaca\u011f\u0131m kadar asker ka\u00e7a\u011f\u0131 \u015f\u00fcphesiyle \u00e7e\u015fitli il ve il\u00e7elerde en az\u0131 3-5 g\u00fcnl\u00fck, en \u00e7o\u011fu da 2 ay 10 g\u00fcn <a href=\"http:\/\/www.hristiyanolmak.com\/nasil-hristiyan-olunur\/\" target=\"_blank\">olmak<\/a> \u00fczere g\u00f6zalt\u0131na al\u0131nd\u0131m. \u00d6\u011frenci kimli\u011fim olmas\u0131na ra\u011fmen hakk\u0131mda yap\u0131lan ara\u015ft\u0131rmalar\u0131n sonu\u00e7lar\u0131n\u0131 bekledim.<br \/>\nEn uzunu olan 2 ay 10 g\u00fcnl\u00fck g\u00f6zalt\u0131 Bodrum Mu\u011fla\u2019da. Kimlik bilgilerinde ve k\u00fct\u00fc\u011f\u00fcm\u00fcn ba\u011fl\u0131 oldu\u011fu Ankara Yenimahalle Zir Portistan Mahallesi Askerlik \u015fubesi ile g\u00f6zalt\u0131na al\u0131nd\u0131\u011f\u0131m yerler aras\u0131ndaki yaz\u0131\u015fmalar kal\u0131n bir dosya olu\u015fmu\u015ftur. (1992 Ekim\u2019inde Bedelli askerlik ba\u015fvurum sonucu dosyay\u0131 elime verdiklerinde g\u00f6rd\u00fcm) Toplamda 2 y\u0131la yay\u0131lan bir g\u00f6zalt\u0131 ve sal\u0131vermeler sonucu a\u00e7l\u0131k, susuzluk, yorgunluk , uykusuzluk ve 2 yumruk yiyerek 72 kilodan 53 kiloya kadar indim. Bu arada verem de olmu\u015fum. Daha sonra tedaviyle atlatt\u0131m. Askerlik \u00f6ncesi kar\u015f\u0131la\u015ft\u0131\u011f\u0131m bu olaylar dizisi, beni askerlikten so\u011futtu. Sonu\u00e7 olarak 1992 y\u0131l\u0131nda \u00e7\u0131kan Bedelli Askerlik Yasas\u0131\u2019ndan yararlanarak Burdur\u2019da 2 ayl\u0131k askerli\u011fi tamamlad\u0131m. Fakat benim i\u00e7in askerlik ser\u00fcveni 12 y\u0131l s\u00fcrm\u00fc\u015f gibiydi\u201d<\/p>\n<p style=\"text-align: justify;\"><b><i>http:\/\/www.hristiyangazete.com\/2013\/11\/ermeninin-askerligi-aris-nalci\/<\/i><\/b><\/p>\n","protected":false},"excerpt":{"rendered":"<p>Aris Nalc\u0131 T24 sitesinde \u201cErmeninin askerli\u011fi\u201d ba\u015fl\u0131\u011f\u0131 ile yay\u0131nlanan, Aris Nalc\u0131\u2019ya ait makalede; Ermeni vatanda\u015flar\u0131n askerlikte ya\u015fad\u0131klar\u0131 olaylar konu ediliyor. \u201cHerkesin bir askerlik an\u0131s\u0131 vard\u0131r bu memlekette. Baz\u0131lar\u0131 \u201cbeni adam ettiler\u201d der baz\u0131s\u0131 da gitmek bile istemez. \u00c7ok korkan da bu \u00fclkenin kurallar\u0131na uymak gerekti\u011fini s\u00f6yleyerek kendini ikna eder bu \u201cvatani\u201d g\u00f6revi yapmak i\u00e7in. \u201cHer [&hellip;]<\/p>\n","protected":false},"author":7,"featured_media":0,"comment_status":"open","ping_status":"open","sticky":false,"template":"","format":"standard","meta":{"footnotes":""},"categories":[1],"tags":[],"class_list":["post-27015","post","type-post","status-publish","format-standard","hentry","category-haberler"],"yoast_head":"<!-- This site is optimized with the Yoast SEO plugin v27.4 - https:\/\/yoast.com\/product\/yoast-seo-wordpress\/ -->\n<title>Ermeninin askerli\u011fi - Bati Ermenistan Ve Bati Ermenileri Sorunlari Ara\u015ftirmalar Merkezi<\/title>\n<meta name=\"robots\" content=\"index, follow, max-snippet:-1, max-image-preview:large, max-video-preview:-1\" \/>\n<link rel=\"canonical\" href=\"https:\/\/akunq.net\/tr\/?p=27015\" \/>\n<meta property=\"og:locale\" content=\"en_US\" \/>\n<meta property=\"og:type\" content=\"article\" \/>\n<meta property=\"og:title\" content=\"Ermeninin askerli\u011fi - Bati Ermenistan Ve Bati Ermenileri Sorunlari Ara\u015ftirmalar Merkezi\" \/>\n<meta property=\"og:description\" content=\"Aris Nalc\u0131 T24 sitesinde \u201cErmeninin askerli\u011fi\u201d ba\u015fl\u0131\u011f\u0131 ile yay\u0131nlanan, Aris Nalc\u0131\u2019ya ait makalede; Ermeni vatanda\u015flar\u0131n askerlikte ya\u015fad\u0131klar\u0131 olaylar konu ediliyor. \u201cHerkesin bir askerlik an\u0131s\u0131 vard\u0131r bu memlekette. Baz\u0131lar\u0131 \u201cbeni adam ettiler\u201d der baz\u0131s\u0131 da gitmek bile istemez. \u00c7ok korkan da bu \u00fclkenin kurallar\u0131na uymak gerekti\u011fini s\u00f6yleyerek kendini ikna eder bu \u201cvatani\u201d g\u00f6revi yapmak i\u00e7in. \u201cHer [&hellip;]\" \/>\n<meta property=\"og:url\" content=\"https:\/\/akunq.net\/tr\/?p=27015\" \/>\n<meta property=\"og:site_name\" content=\"Bati Ermenistan Ve Bati Ermenileri Sorunlari Ara\u015ftirmalar Merkezi\" \/>\n<meta property=\"article:published_time\" content=\"2013-11-22T07:49:25+00:00\" \/>\n<meta property=\"og:image\" content=\"http:\/\/akunq.net\/tr\/wp-content\/uploads\/2013\/11\/Aris-Nalci1.jpg\" \/>\n<meta name=\"author\" content=\"admin\" \/>\n<meta name=\"twitter:card\" content=\"summary_large_image\" \/>\n<meta name=\"twitter:label1\" content=\"Written by\" \/>\n\t<meta name=\"twitter:data1\" content=\"admin\" \/>\n\t<meta name=\"twitter:label2\" content=\"Est. reading time\" \/>\n\t<meta name=\"twitter:data2\" content=\"6 minutes\" \/>\n<script type=\"application\/ld+json\" class=\"yoast-schema-graph\">{\"@context\":\"https:\\\/\\\/schema.org\",\"@graph\":[{\"@type\":\"Article\",\"@id\":\"https:\\\/\\\/akunq.net\\\/tr\\\/?p=27015#article\",\"isPartOf\":{\"@id\":\"https:\\\/\\\/akunq.net\\\/tr\\\/?p=27015\"},\"author\":{\"name\":\"admin\",\"@id\":\"https:\\\/\\\/akunq.net\\\/tr\\\/#\\\/schema\\\/person\\\/096f1d38a12cce57fb855b485ed24c9e\"},\"headline\":\"Ermeninin askerli\u011fi\",\"datePublished\":\"2013-11-22T07:49:25+00:00\",\"mainEntityOfPage\":{\"@id\":\"https:\\\/\\\/akunq.net\\\/tr\\\/?p=27015\"},\"wordCount\":1160,\"commentCount\":0,\"image\":{\"@id\":\"https:\\\/\\\/akunq.net\\\/tr\\\/?p=27015#primaryimage\"},\"thumbnailUrl\":\"http:\\\/\\\/akunq.net\\\/tr\\\/wp-content\\\/uploads\\\/2013\\\/11\\\/Aris-Nalci1.jpg\",\"articleSection\":[\"Haberler\"],\"inLanguage\":\"en-US\",\"potentialAction\":[{\"@type\":\"CommentAction\",\"name\":\"Comment\",\"target\":[\"https:\\\/\\\/akunq.net\\\/tr\\\/?p=27015#respond\"]}]},{\"@type\":\"WebPage\",\"@id\":\"https:\\\/\\\/akunq.net\\\/tr\\\/?p=27015\",\"url\":\"https:\\\/\\\/akunq.net\\\/tr\\\/?p=27015\",\"name\":\"Ermeninin askerli\u011fi - Bati Ermenistan Ve Bati Ermenileri Sorunlari Ara\u015ftirmalar Merkezi\",\"isPartOf\":{\"@id\":\"https:\\\/\\\/akunq.net\\\/tr\\\/#website\"},\"primaryImageOfPage\":{\"@id\":\"https:\\\/\\\/akunq.net\\\/tr\\\/?p=27015#primaryimage\"},\"image\":{\"@id\":\"https:\\\/\\\/akunq.net\\\/tr\\\/?p=27015#primaryimage\"},\"thumbnailUrl\":\"http:\\\/\\\/akunq.net\\\/tr\\\/wp-content\\\/uploads\\\/2013\\\/11\\\/Aris-Nalci1.jpg\",\"datePublished\":\"2013-11-22T07:49:25+00:00\",\"author\":{\"@id\":\"https:\\\/\\\/akunq.net\\\/tr\\\/#\\\/schema\\\/person\\\/096f1d38a12cce57fb855b485ed24c9e\"},\"breadcrumb\":{\"@id\":\"https:\\\/\\\/akunq.net\\\/tr\\\/?p=27015#breadcrumb\"},\"inLanguage\":\"en-US\",\"potentialAction\":[{\"@type\":\"ReadAction\",\"target\":[\"https:\\\/\\\/akunq.net\\\/tr\\\/?p=27015\"]}]},{\"@type\":\"ImageObject\",\"inLanguage\":\"en-US\",\"@id\":\"https:\\\/\\\/akunq.net\\\/tr\\\/?p=27015#primaryimage\",\"url\":\"http:\\\/\\\/akunq.net\\\/tr\\\/wp-content\\\/uploads\\\/2013\\\/11\\\/Aris-Nalci1.jpg\",\"contentUrl\":\"http:\\\/\\\/akunq.net\\\/tr\\\/wp-content\\\/uploads\\\/2013\\\/11\\\/Aris-Nalci1.jpg\"},{\"@type\":\"BreadcrumbList\",\"@id\":\"https:\\\/\\\/akunq.net\\\/tr\\\/?p=27015#breadcrumb\",\"itemListElement\":[{\"@type\":\"ListItem\",\"position\":1,\"name\":\"Home\",\"item\":\"https:\\\/\\\/akunq.net\\\/tr\"},{\"@type\":\"ListItem\",\"position\":2,\"name\":\"Ermeninin askerli\u011fi\"}]},{\"@type\":\"WebSite\",\"@id\":\"https:\\\/\\\/akunq.net\\\/tr\\\/#website\",\"url\":\"https:\\\/\\\/akunq.net\\\/tr\\\/\",\"name\":\"Bati Ermenistan Ve Bati Ermenileri Sorunlari Ara\u015ftirmalar Merkezi\",\"description\":\"\",\"potentialAction\":[{\"@type\":\"SearchAction\",\"target\":{\"@type\":\"EntryPoint\",\"urlTemplate\":\"https:\\\/\\\/akunq.net\\\/tr\\\/?s={search_term_string}\"},\"query-input\":{\"@type\":\"PropertyValueSpecification\",\"valueRequired\":true,\"valueName\":\"search_term_string\"}}],\"inLanguage\":\"en-US\"},{\"@type\":\"Person\",\"@id\":\"https:\\\/\\\/akunq.net\\\/tr\\\/#\\\/schema\\\/person\\\/096f1d38a12cce57fb855b485ed24c9e\",\"name\":\"admin\",\"url\":\"https:\\\/\\\/akunq.net\\\/tr\\\/?author=7\"}]}<\/script>\n<!-- \/ Yoast SEO plugin. -->","yoast_head_json":{"title":"Ermeninin askerli\u011fi - Bati Ermenistan Ve Bati Ermenileri Sorunlari Ara\u015ftirmalar Merkezi","robots":{"index":"index","follow":"follow","max-snippet":"max-snippet:-1","max-image-preview":"max-image-preview:large","max-video-preview":"max-video-preview:-1"},"canonical":"https:\/\/akunq.net\/tr\/?p=27015","og_locale":"en_US","og_type":"article","og_title":"Ermeninin askerli\u011fi - Bati Ermenistan Ve Bati Ermenileri Sorunlari Ara\u015ftirmalar Merkezi","og_description":"Aris Nalc\u0131 T24 sitesinde \u201cErmeninin askerli\u011fi\u201d ba\u015fl\u0131\u011f\u0131 ile yay\u0131nlanan, Aris Nalc\u0131\u2019ya ait makalede; Ermeni vatanda\u015flar\u0131n askerlikte ya\u015fad\u0131klar\u0131 olaylar konu ediliyor. \u201cHerkesin bir askerlik an\u0131s\u0131 vard\u0131r bu memlekette. Baz\u0131lar\u0131 \u201cbeni adam ettiler\u201d der baz\u0131s\u0131 da gitmek bile istemez. \u00c7ok korkan da bu \u00fclkenin kurallar\u0131na uymak gerekti\u011fini s\u00f6yleyerek kendini ikna eder bu \u201cvatani\u201d g\u00f6revi yapmak i\u00e7in. \u201cHer [&hellip;]","og_url":"https:\/\/akunq.net\/tr\/?p=27015","og_site_name":"Bati Ermenistan Ve Bati Ermenileri Sorunlari Ara\u015ftirmalar Merkezi","article_published_time":"2013-11-22T07:49:25+00:00","og_image":[{"url":"http:\/\/akunq.net\/tr\/wp-content\/uploads\/2013\/11\/Aris-Nalci1.jpg","type":"","width":"","height":""}],"author":"admin","twitter_card":"summary_large_image","twitter_misc":{"Written by":"admin","Est. reading time":"6 minutes"},"schema":{"@context":"https:\/\/schema.org","@graph":[{"@type":"Article","@id":"https:\/\/akunq.net\/tr\/?p=27015#article","isPartOf":{"@id":"https:\/\/akunq.net\/tr\/?p=27015"},"author":{"name":"admin","@id":"https:\/\/akunq.net\/tr\/#\/schema\/person\/096f1d38a12cce57fb855b485ed24c9e"},"headline":"Ermeninin askerli\u011fi","datePublished":"2013-11-22T07:49:25+00:00","mainEntityOfPage":{"@id":"https:\/\/akunq.net\/tr\/?p=27015"},"wordCount":1160,"commentCount":0,"image":{"@id":"https:\/\/akunq.net\/tr\/?p=27015#primaryimage"},"thumbnailUrl":"http:\/\/akunq.net\/tr\/wp-content\/uploads\/2013\/11\/Aris-Nalci1.jpg","articleSection":["Haberler"],"inLanguage":"en-US","potentialAction":[{"@type":"CommentAction","name":"Comment","target":["https:\/\/akunq.net\/tr\/?p=27015#respond"]}]},{"@type":"WebPage","@id":"https:\/\/akunq.net\/tr\/?p=27015","url":"https:\/\/akunq.net\/tr\/?p=27015","name":"Ermeninin askerli\u011fi - Bati Ermenistan Ve Bati Ermenileri Sorunlari Ara\u015ftirmalar Merkezi","isPartOf":{"@id":"https:\/\/akunq.net\/tr\/#website"},"primaryImageOfPage":{"@id":"https:\/\/akunq.net\/tr\/?p=27015#primaryimage"},"image":{"@id":"https:\/\/akunq.net\/tr\/?p=27015#primaryimage"},"thumbnailUrl":"http:\/\/akunq.net\/tr\/wp-content\/uploads\/2013\/11\/Aris-Nalci1.jpg","datePublished":"2013-11-22T07:49:25+00:00","author":{"@id":"https:\/\/akunq.net\/tr\/#\/schema\/person\/096f1d38a12cce57fb855b485ed24c9e"},"breadcrumb":{"@id":"https:\/\/akunq.net\/tr\/?p=27015#breadcrumb"},"inLanguage":"en-US","potentialAction":[{"@type":"ReadAction","target":["https:\/\/akunq.net\/tr\/?p=27015"]}]},{"@type":"ImageObject","inLanguage":"en-US","@id":"https:\/\/akunq.net\/tr\/?p=27015#primaryimage","url":"http:\/\/akunq.net\/tr\/wp-content\/uploads\/2013\/11\/Aris-Nalci1.jpg","contentUrl":"http:\/\/akunq.net\/tr\/wp-content\/uploads\/2013\/11\/Aris-Nalci1.jpg"},{"@type":"BreadcrumbList","@id":"https:\/\/akunq.net\/tr\/?p=27015#breadcrumb","itemListElement":[{"@type":"ListItem","position":1,"name":"Home","item":"https:\/\/akunq.net\/tr"},{"@type":"ListItem","position":2,"name":"Ermeninin askerli\u011fi"}]},{"@type":"WebSite","@id":"https:\/\/akunq.net\/tr\/#website","url":"https:\/\/akunq.net\/tr\/","name":"Bati Ermenistan Ve Bati Ermenileri Sorunlari Ara\u015ftirmalar Merkezi","description":"","potentialAction":[{"@type":"SearchAction","target":{"@type":"EntryPoint","urlTemplate":"https:\/\/akunq.net\/tr\/?s={search_term_string}"},"query-input":{"@type":"PropertyValueSpecification","valueRequired":true,"valueName":"search_term_string"}}],"inLanguage":"en-US"},{"@type":"Person","@id":"https:\/\/akunq.net\/tr\/#\/schema\/person\/096f1d38a12cce57fb855b485ed24c9e","name":"admin","url":"https:\/\/akunq.net\/tr\/?author=7"}]}},"_links":{"self":[{"href":"https:\/\/akunq.net\/tr\/index.php?rest_route=\/wp\/v2\/posts\/27015","targetHints":{"allow":["GET"]}}],"collection":[{"href":"https:\/\/akunq.net\/tr\/index.php?rest_route=\/wp\/v2\/posts"}],"about":[{"href":"https:\/\/akunq.net\/tr\/index.php?rest_route=\/wp\/v2\/types\/post"}],"author":[{"embeddable":true,"href":"https:\/\/akunq.net\/tr\/index.php?rest_route=\/wp\/v2\/users\/7"}],"replies":[{"embeddable":true,"href":"https:\/\/akunq.net\/tr\/index.php?rest_route=%2Fwp%2Fv2%2Fcomments&post=27015"}],"version-history":[{"count":1,"href":"https:\/\/akunq.net\/tr\/index.php?rest_route=\/wp\/v2\/posts\/27015\/revisions"}],"predecessor-version":[{"id":27017,"href":"https:\/\/akunq.net\/tr\/index.php?rest_route=\/wp\/v2\/posts\/27015\/revisions\/27017"}],"wp:attachment":[{"href":"https:\/\/akunq.net\/tr\/index.php?rest_route=%2Fwp%2Fv2%2Fmedia&parent=27015"}],"wp:term":[{"taxonomy":"category","embeddable":true,"href":"https:\/\/akunq.net\/tr\/index.php?rest_route=%2Fwp%2Fv2%2Fcategories&post=27015"},{"taxonomy":"post_tag","embeddable":true,"href":"https:\/\/akunq.net\/tr\/index.php?rest_route=%2Fwp%2Fv2%2Ftags&post=27015"}],"curies":[{"name":"wp","href":"https:\/\/api.w.org\/{rel}","templated":true}]}}