{"id":27004,"date":"2013-11-22T02:02:04","date_gmt":"2013-11-22T07:02:04","guid":{"rendered":"http:\/\/akunq.net\/tr\/?p=27004"},"modified":"2013-11-22T02:02:04","modified_gmt":"2013-11-22T07:02:04","slug":"turkolog-ermenistana-iliskin-turkiyenin-adimlari-yaklasan-2015le-baglantili","status":"publish","type":"post","link":"https:\/\/akunq.net\/tr\/?p=27004","title":{"rendered":"T\u00fcrkolog: Ermenistan\u2019a ili\u015fkin T\u00fcrkiye\u2019nin ad\u0131mlar\u0131 yakla\u015fan 2015\u2019le ba\u011flant\u0131l\u0131"},"content":{"rendered":"<p style=\"text-align: justify;\"><b><i><a href=\"http:\/\/akunq.net\/tr\/wp-content\/uploads\/2013\/11\/Andranik-\u0130spiryan.jpg\"><img loading=\"lazy\" decoding=\"async\" class=\"alignright size-medium wp-image-27005\" alt=\"Andranik \u0130spiryan\" src=\"http:\/\/akunq.net\/tr\/wp-content\/uploads\/2013\/11\/Andranik-\u0130spiryan-300x224.jpg\" width=\"300\" height=\"224\" srcset=\"https:\/\/akunq.net\/tr\/wp-content\/uploads\/sites\/6\/2013\/11\/Andranik-\u0130spiryan-300x224.jpg 300w, https:\/\/akunq.net\/tr\/wp-content\/uploads\/sites\/6\/2013\/11\/Andranik-\u0130spiryan.jpg 314w\" sizes=\"auto, (max-width: 300px) 100vw, 300px\" \/><\/a>T\u00fcrkiye, Ermenistan\u2019la ili\u015fkileri normalle\u015ftirme inisyatifini yeniden canland\u0131rmaya \u00e7al\u0131\u015f\u0131yor, bu b\u00f6lgede T\u00fcrkiye i\u00e7in olu\u015fan elveri\u015fsiz ko\u015fullar ve ba\u015fl\u0131cas\u0131 yakla\u015fan 2015\u2019le ba\u011flant\u0131l\u0131. A\u00e7\u0131klama 21 Kas\u0131m\u2019da d\u00fczenlenen bas\u0131n toplant\u0131s\u0131nda T\u00fcrkolog Andranik \u0130spiryan\u2019dan geldi.<\/i><\/b><\/p>\n<p style=\"text-align: justify;\">T\u00fcrkolog, son birka\u00e7 hafta esnas\u0131nda T\u00fcrk bas\u0131n\u0131nda Ermenistan\u2019la ili\u015fkilerin normale\u015fmesi giri\u015fiminin gereklili\u011fine ili\u015fkin haberleri, T\u00fcrkiye D\u0131\u015fi\u015fleri Bakan\u0131 Ahmet Davuto\u011flu\u2019nun deme\u00e7lerini izledi. \u0130spiryan, ili\u015fkilerde normalle\u015fmeye ili\u015fkin Davuto\u011flu\u2019nun deme\u00e7lerinde yeni bir \u015fey bulunmad\u0131\u011f\u0131n\u0131, dahas\u0131 Davuto\u011flu\u2019nun tekrar Karaba\u011f sorununu \u00f6nko\u015ful olarak koydu\u011funu, bunun s\u00fcrecin \u00e7\u0131kmazda oldu\u011funu g\u00f6sterdi\u011fini kaydetti.<\/p>\n<p style=\"text-align: justify;\">T\u00fcrkolog, T\u00fcrkiye\u2019nin Ermenistan\u2019la ili\u015fkilerin normalle\u015fmesi inisyatifini yeniden canland\u0131rmaya \u00e7al\u0131\u015ft\u0131\u011f\u0131n\u0131, bunun b\u00f6lgede T\u00fcrkiye i\u00e7in olu\u015fan elveri\u015fsiz ko\u015fullar ve ba\u015fl\u0131cas\u0131 Ermeni Soyk\u0131r\u0131m\u0131n\u0131n 100. Y\u0131l\u0131n\u0131n an\u0131laca\u011f\u0131 yakla\u015fan 2015\u2019le ba\u011flant\u0131l\u0131 odu\u011funu kaydetti.<\/p>\n<p style=\"text-align: justify;\">Son d\u00f6nemde T\u00fcrkiye D\u0131\u015fi\u015fleri Bakan\u0131 Ahmet Davuto\u011flu\u2019nun Ermenistan\u2019la ili\u015fkilerin normalle\u015ftirilmesine ili\u015fkin s\u0131k\u00e7a deme\u00e7lerde bulundu\u011funu, ancak Karaba\u011f sorununu da \u00f6n \u015fart olarak ekledi\u011fini kaydedelim.<\/p>\n<p style=\"text-align: justify;\"><b><i>Foto\u011fraf: Arsen Sarkisyan\/NEWS.am<\/i><\/b><\/p>\n<p style=\"text-align: justify;\"><b><i>http:\/\/news.am\/tur\/news\/181839.html<\/i><\/b><\/p>\n","protected":false},"excerpt":{"rendered":"<p>T\u00fcrkiye, Ermenistan\u2019la ili\u015fkileri normalle\u015ftirme inisyatifini yeniden canland\u0131rmaya \u00e7al\u0131\u015f\u0131yor, bu b\u00f6lgede T\u00fcrkiye i\u00e7in olu\u015fan elveri\u015fsiz ko\u015fullar ve ba\u015fl\u0131cas\u0131 yakla\u015fan 2015\u2019le ba\u011flant\u0131l\u0131. A\u00e7\u0131klama 21 Kas\u0131m\u2019da d\u00fczenlenen bas\u0131n toplant\u0131s\u0131nda T\u00fcrkolog Andranik \u0130spiryan\u2019dan geldi. T\u00fcrkolog, son birka\u00e7 hafta esnas\u0131nda T\u00fcrk bas\u0131n\u0131nda Ermenistan\u2019la ili\u015fkilerin normale\u015fmesi giri\u015fiminin gereklili\u011fine ili\u015fkin haberleri, T\u00fcrkiye D\u0131\u015fi\u015fleri Bakan\u0131 Ahmet Davuto\u011flu\u2019nun deme\u00e7lerini izledi. \u0130spiryan, ili\u015fkilerde normalle\u015fmeye ili\u015fkin [&hellip;]<\/p>\n","protected":false},"author":7,"featured_media":0,"comment_status":"open","ping_status":"open","sticky":false,"template":"","format":"standard","meta":{"footnotes":""},"categories":[1],"tags":[],"class_list":["post-27004","post","type-post","status-publish","format-standard","hentry","category-haberler"],"yoast_head":"<!-- This site is optimized with the Yoast SEO plugin v27.4 - https:\/\/yoast.com\/product\/yoast-seo-wordpress\/ -->\n<title>T\u00fcrkolog: Ermenistan\u2019a ili\u015fkin T\u00fcrkiye\u2019nin ad\u0131mlar\u0131 yakla\u015fan 2015\u2019le ba\u011flant\u0131l\u0131 - Bati Ermenistan Ve Bati Ermenileri Sorunlari Ara\u015ftirmalar Merkezi<\/title>\n<meta name=\"robots\" content=\"index, follow, max-snippet:-1, max-image-preview:large, max-video-preview:-1\" \/>\n<link rel=\"canonical\" href=\"https:\/\/akunq.net\/tr\/?p=27004\" \/>\n<meta property=\"og:locale\" content=\"en_US\" \/>\n<meta property=\"og:type\" content=\"article\" \/>\n<meta property=\"og:title\" content=\"T\u00fcrkolog: Ermenistan\u2019a ili\u015fkin T\u00fcrkiye\u2019nin ad\u0131mlar\u0131 yakla\u015fan 2015\u2019le ba\u011flant\u0131l\u0131 - Bati Ermenistan Ve Bati Ermenileri Sorunlari Ara\u015ftirmalar Merkezi\" \/>\n<meta property=\"og:description\" content=\"T\u00fcrkiye, Ermenistan\u2019la ili\u015fkileri normalle\u015ftirme inisyatifini yeniden canland\u0131rmaya \u00e7al\u0131\u015f\u0131yor, bu b\u00f6lgede T\u00fcrkiye i\u00e7in olu\u015fan elveri\u015fsiz ko\u015fullar ve ba\u015fl\u0131cas\u0131 yakla\u015fan 2015\u2019le ba\u011flant\u0131l\u0131. A\u00e7\u0131klama 21 Kas\u0131m\u2019da d\u00fczenlenen bas\u0131n toplant\u0131s\u0131nda T\u00fcrkolog Andranik \u0130spiryan\u2019dan geldi. T\u00fcrkolog, son birka\u00e7 hafta esnas\u0131nda T\u00fcrk bas\u0131n\u0131nda Ermenistan\u2019la ili\u015fkilerin normale\u015fmesi giri\u015fiminin gereklili\u011fine ili\u015fkin haberleri, T\u00fcrkiye D\u0131\u015fi\u015fleri Bakan\u0131 Ahmet Davuto\u011flu\u2019nun deme\u00e7lerini izledi. \u0130spiryan, ili\u015fkilerde normalle\u015fmeye ili\u015fkin [&hellip;]\" \/>\n<meta property=\"og:url\" content=\"https:\/\/akunq.net\/tr\/?p=27004\" \/>\n<meta property=\"og:site_name\" content=\"Bati Ermenistan Ve Bati Ermenileri Sorunlari Ara\u015ftirmalar Merkezi\" \/>\n<meta property=\"article:published_time\" content=\"2013-11-22T07:02:04+00:00\" \/>\n<meta name=\"author\" content=\"admin\" \/>\n<meta name=\"twitter:card\" content=\"summary_large_image\" \/>\n<meta name=\"twitter:label1\" content=\"Written by\" \/>\n\t<meta name=\"twitter:data1\" content=\"admin\" \/>\n\t<meta name=\"twitter:label2\" content=\"Est. reading time\" \/>\n\t<meta name=\"twitter:data2\" content=\"1 minute\" \/>\n<script type=\"application\/ld+json\" class=\"yoast-schema-graph\">{\"@context\":\"https:\\\/\\\/schema.org\",\"@graph\":[{\"@type\":\"Article\",\"@id\":\"https:\\\/\\\/akunq.net\\\/tr\\\/?p=27004#article\",\"isPartOf\":{\"@id\":\"https:\\\/\\\/akunq.net\\\/tr\\\/?p=27004\"},\"author\":{\"name\":\"admin\",\"@id\":\"https:\\\/\\\/akunq.net\\\/tr\\\/#\\\/schema\\\/person\\\/096f1d38a12cce57fb855b485ed24c9e\"},\"headline\":\"T\u00fcrkolog: Ermenistan\u2019a ili\u015fkin T\u00fcrkiye\u2019nin ad\u0131mlar\u0131 yakla\u015fan 2015\u2019le ba\u011flant\u0131l\u0131\",\"datePublished\":\"2013-11-22T07:02:04+00:00\",\"mainEntityOfPage\":{\"@id\":\"https:\\\/\\\/akunq.net\\\/tr\\\/?p=27004\"},\"wordCount\":255,\"commentCount\":0,\"articleSection\":[\"Haberler\"],\"inLanguage\":\"en-US\",\"potentialAction\":[{\"@type\":\"CommentAction\",\"name\":\"Comment\",\"target\":[\"https:\\\/\\\/akunq.net\\\/tr\\\/?p=27004#respond\"]}]},{\"@type\":\"WebPage\",\"@id\":\"https:\\\/\\\/akunq.net\\\/tr\\\/?p=27004\",\"url\":\"https:\\\/\\\/akunq.net\\\/tr\\\/?p=27004\",\"name\":\"T\u00fcrkolog: Ermenistan\u2019a ili\u015fkin T\u00fcrkiye\u2019nin ad\u0131mlar\u0131 yakla\u015fan 2015\u2019le ba\u011flant\u0131l\u0131 - Bati Ermenistan Ve Bati Ermenileri Sorunlari Ara\u015ftirmalar Merkezi\",\"isPartOf\":{\"@id\":\"https:\\\/\\\/akunq.net\\\/tr\\\/#website\"},\"datePublished\":\"2013-11-22T07:02:04+00:00\",\"author\":{\"@id\":\"https:\\\/\\\/akunq.net\\\/tr\\\/#\\\/schema\\\/person\\\/096f1d38a12cce57fb855b485ed24c9e\"},\"breadcrumb\":{\"@id\":\"https:\\\/\\\/akunq.net\\\/tr\\\/?p=27004#breadcrumb\"},\"inLanguage\":\"en-US\",\"potentialAction\":[{\"@type\":\"ReadAction\",\"target\":[\"https:\\\/\\\/akunq.net\\\/tr\\\/?p=27004\"]}]},{\"@type\":\"BreadcrumbList\",\"@id\":\"https:\\\/\\\/akunq.net\\\/tr\\\/?p=27004#breadcrumb\",\"itemListElement\":[{\"@type\":\"ListItem\",\"position\":1,\"name\":\"Home\",\"item\":\"https:\\\/\\\/akunq.net\\\/tr\"},{\"@type\":\"ListItem\",\"position\":2,\"name\":\"T\u00fcrkolog: Ermenistan\u2019a ili\u015fkin T\u00fcrkiye\u2019nin ad\u0131mlar\u0131 yakla\u015fan 2015\u2019le ba\u011flant\u0131l\u0131\"}]},{\"@type\":\"WebSite\",\"@id\":\"https:\\\/\\\/akunq.net\\\/tr\\\/#website\",\"url\":\"https:\\\/\\\/akunq.net\\\/tr\\\/\",\"name\":\"Bati Ermenistan Ve Bati Ermenileri Sorunlari Ara\u015ftirmalar Merkezi\",\"description\":\"\",\"potentialAction\":[{\"@type\":\"SearchAction\",\"target\":{\"@type\":\"EntryPoint\",\"urlTemplate\":\"https:\\\/\\\/akunq.net\\\/tr\\\/?s={search_term_string}\"},\"query-input\":{\"@type\":\"PropertyValueSpecification\",\"valueRequired\":true,\"valueName\":\"search_term_string\"}}],\"inLanguage\":\"en-US\"},{\"@type\":\"Person\",\"@id\":\"https:\\\/\\\/akunq.net\\\/tr\\\/#\\\/schema\\\/person\\\/096f1d38a12cce57fb855b485ed24c9e\",\"name\":\"admin\",\"url\":\"https:\\\/\\\/akunq.net\\\/tr\\\/?author=7\"}]}<\/script>\n<!-- \/ Yoast SEO plugin. -->","yoast_head_json":{"title":"T\u00fcrkolog: Ermenistan\u2019a ili\u015fkin T\u00fcrkiye\u2019nin ad\u0131mlar\u0131 yakla\u015fan 2015\u2019le ba\u011flant\u0131l\u0131 - Bati Ermenistan Ve Bati Ermenileri Sorunlari Ara\u015ftirmalar Merkezi","robots":{"index":"index","follow":"follow","max-snippet":"max-snippet:-1","max-image-preview":"max-image-preview:large","max-video-preview":"max-video-preview:-1"},"canonical":"https:\/\/akunq.net\/tr\/?p=27004","og_locale":"en_US","og_type":"article","og_title":"T\u00fcrkolog: Ermenistan\u2019a ili\u015fkin T\u00fcrkiye\u2019nin ad\u0131mlar\u0131 yakla\u015fan 2015\u2019le ba\u011flant\u0131l\u0131 - Bati Ermenistan Ve Bati Ermenileri Sorunlari Ara\u015ftirmalar Merkezi","og_description":"T\u00fcrkiye, Ermenistan\u2019la ili\u015fkileri normalle\u015ftirme inisyatifini yeniden canland\u0131rmaya \u00e7al\u0131\u015f\u0131yor, bu b\u00f6lgede T\u00fcrkiye i\u00e7in olu\u015fan elveri\u015fsiz ko\u015fullar ve ba\u015fl\u0131cas\u0131 yakla\u015fan 2015\u2019le ba\u011flant\u0131l\u0131. A\u00e7\u0131klama 21 Kas\u0131m\u2019da d\u00fczenlenen bas\u0131n toplant\u0131s\u0131nda T\u00fcrkolog Andranik \u0130spiryan\u2019dan geldi. T\u00fcrkolog, son birka\u00e7 hafta esnas\u0131nda T\u00fcrk bas\u0131n\u0131nda Ermenistan\u2019la ili\u015fkilerin normale\u015fmesi giri\u015fiminin gereklili\u011fine ili\u015fkin haberleri, T\u00fcrkiye D\u0131\u015fi\u015fleri Bakan\u0131 Ahmet Davuto\u011flu\u2019nun deme\u00e7lerini izledi. \u0130spiryan, ili\u015fkilerde normalle\u015fmeye ili\u015fkin [&hellip;]","og_url":"https:\/\/akunq.net\/tr\/?p=27004","og_site_name":"Bati Ermenistan Ve Bati Ermenileri Sorunlari Ara\u015ftirmalar Merkezi","article_published_time":"2013-11-22T07:02:04+00:00","author":"admin","twitter_card":"summary_large_image","twitter_misc":{"Written by":"admin","Est. reading time":"1 minute"},"schema":{"@context":"https:\/\/schema.org","@graph":[{"@type":"Article","@id":"https:\/\/akunq.net\/tr\/?p=27004#article","isPartOf":{"@id":"https:\/\/akunq.net\/tr\/?p=27004"},"author":{"name":"admin","@id":"https:\/\/akunq.net\/tr\/#\/schema\/person\/096f1d38a12cce57fb855b485ed24c9e"},"headline":"T\u00fcrkolog: Ermenistan\u2019a ili\u015fkin T\u00fcrkiye\u2019nin ad\u0131mlar\u0131 yakla\u015fan 2015\u2019le ba\u011flant\u0131l\u0131","datePublished":"2013-11-22T07:02:04+00:00","mainEntityOfPage":{"@id":"https:\/\/akunq.net\/tr\/?p=27004"},"wordCount":255,"commentCount":0,"articleSection":["Haberler"],"inLanguage":"en-US","potentialAction":[{"@type":"CommentAction","name":"Comment","target":["https:\/\/akunq.net\/tr\/?p=27004#respond"]}]},{"@type":"WebPage","@id":"https:\/\/akunq.net\/tr\/?p=27004","url":"https:\/\/akunq.net\/tr\/?p=27004","name":"T\u00fcrkolog: Ermenistan\u2019a ili\u015fkin T\u00fcrkiye\u2019nin ad\u0131mlar\u0131 yakla\u015fan 2015\u2019le ba\u011flant\u0131l\u0131 - Bati Ermenistan Ve Bati Ermenileri Sorunlari Ara\u015ftirmalar Merkezi","isPartOf":{"@id":"https:\/\/akunq.net\/tr\/#website"},"datePublished":"2013-11-22T07:02:04+00:00","author":{"@id":"https:\/\/akunq.net\/tr\/#\/schema\/person\/096f1d38a12cce57fb855b485ed24c9e"},"breadcrumb":{"@id":"https:\/\/akunq.net\/tr\/?p=27004#breadcrumb"},"inLanguage":"en-US","potentialAction":[{"@type":"ReadAction","target":["https:\/\/akunq.net\/tr\/?p=27004"]}]},{"@type":"BreadcrumbList","@id":"https:\/\/akunq.net\/tr\/?p=27004#breadcrumb","itemListElement":[{"@type":"ListItem","position":1,"name":"Home","item":"https:\/\/akunq.net\/tr"},{"@type":"ListItem","position":2,"name":"T\u00fcrkolog: Ermenistan\u2019a ili\u015fkin T\u00fcrkiye\u2019nin ad\u0131mlar\u0131 yakla\u015fan 2015\u2019le ba\u011flant\u0131l\u0131"}]},{"@type":"WebSite","@id":"https:\/\/akunq.net\/tr\/#website","url":"https:\/\/akunq.net\/tr\/","name":"Bati Ermenistan Ve Bati Ermenileri Sorunlari Ara\u015ftirmalar Merkezi","description":"","potentialAction":[{"@type":"SearchAction","target":{"@type":"EntryPoint","urlTemplate":"https:\/\/akunq.net\/tr\/?s={search_term_string}"},"query-input":{"@type":"PropertyValueSpecification","valueRequired":true,"valueName":"search_term_string"}}],"inLanguage":"en-US"},{"@type":"Person","@id":"https:\/\/akunq.net\/tr\/#\/schema\/person\/096f1d38a12cce57fb855b485ed24c9e","name":"admin","url":"https:\/\/akunq.net\/tr\/?author=7"}]}},"_links":{"self":[{"href":"https:\/\/akunq.net\/tr\/index.php?rest_route=\/wp\/v2\/posts\/27004","targetHints":{"allow":["GET"]}}],"collection":[{"href":"https:\/\/akunq.net\/tr\/index.php?rest_route=\/wp\/v2\/posts"}],"about":[{"href":"https:\/\/akunq.net\/tr\/index.php?rest_route=\/wp\/v2\/types\/post"}],"author":[{"embeddable":true,"href":"https:\/\/akunq.net\/tr\/index.php?rest_route=\/wp\/v2\/users\/7"}],"replies":[{"embeddable":true,"href":"https:\/\/akunq.net\/tr\/index.php?rest_route=%2Fwp%2Fv2%2Fcomments&post=27004"}],"version-history":[{"count":1,"href":"https:\/\/akunq.net\/tr\/index.php?rest_route=\/wp\/v2\/posts\/27004\/revisions"}],"predecessor-version":[{"id":27006,"href":"https:\/\/akunq.net\/tr\/index.php?rest_route=\/wp\/v2\/posts\/27004\/revisions\/27006"}],"wp:attachment":[{"href":"https:\/\/akunq.net\/tr\/index.php?rest_route=%2Fwp%2Fv2%2Fmedia&parent=27004"}],"wp:term":[{"taxonomy":"category","embeddable":true,"href":"https:\/\/akunq.net\/tr\/index.php?rest_route=%2Fwp%2Fv2%2Fcategories&post=27004"},{"taxonomy":"post_tag","embeddable":true,"href":"https:\/\/akunq.net\/tr\/index.php?rest_route=%2Fwp%2Fv2%2Ftags&post=27004"}],"curies":[{"name":"wp","href":"https:\/\/api.w.org\/{rel}","templated":true}]}}