{"id":27000,"date":"2013-11-21T03:49:00","date_gmt":"2013-11-21T08:49:00","guid":{"rendered":"http:\/\/akunq.net\/tr\/?p=27000"},"modified":"2013-11-21T03:49:00","modified_gmt":"2013-11-21T08:49:00","slug":"samatyadaki-ermeni-kadinlarin-oldurulmesi-davasi-neden-gizleniyor","status":"publish","type":"post","link":"https:\/\/akunq.net\/tr\/?p=27000","title":{"rendered":"Samatya&#8217;daki Ermeni kad\u0131nlar\u0131n \u00f6ld\u00fcr\u00fclmesi davas\u0131 neden gizleniyor"},"content":{"rendered":"<p style=\"text-align: justify;\"><strong><i><a href=\"http:\/\/akunq.net\/tr\/wp-content\/uploads\/2013\/11\/Samatyadaki-Ermeni-kad\u0131nlar\u0131n-\u00f6ld\u00fcr\u00fclmesi.jpg\"><img loading=\"lazy\" decoding=\"async\" class=\"alignright size-medium wp-image-27001\" alt=\"Samatya'daki Ermeni kad\u0131nlar\u0131n \u00f6ld\u00fcr\u00fclmesi\" src=\"http:\/\/akunq.net\/tr\/wp-content\/uploads\/2013\/11\/Samatyadaki-Ermeni-kad\u0131nlar\u0131n-\u00f6ld\u00fcr\u00fclmesi-300x169.jpg\" width=\"300\" height=\"169\" srcset=\"https:\/\/akunq.net\/tr\/wp-content\/uploads\/sites\/6\/2013\/11\/Samatyadaki-Ermeni-kad\u0131nlar\u0131n-\u00f6ld\u00fcr\u00fclmesi-300x169.jpg 300w, https:\/\/akunq.net\/tr\/wp-content\/uploads\/sites\/6\/2013\/11\/Samatyadaki-Ermeni-kad\u0131nlar\u0131n-\u00f6ld\u00fcr\u00fclmesi.jpg 360w\" sizes=\"auto, (max-width: 300px) 100vw, 300px\" \/><\/a>\u0130nsan Haklar\u0131 Derne\u011fi \u0130HD ve Maritsa K\u00fc\u00e7\u00fck\u2019\u00fcn avukat\u0131 Eren Keskin, \u0130stanbul \u0130HD binas\u0131nda yap\u0131lan bas\u0131n a\u00e7\u0131klamas\u0131nda davan\u0131n \u00fcst\u00fcn\u00fcn kapat\u0131lmas\u0131 endi\u015fesini ta\u015f\u0131d\u0131klar\u0131n\u0131 belirtti.<\/i><\/strong><i><br \/>\n<\/i>\u00a0<br \/>\nEren Keskin, daha ilk ba\u015ftan davaya gizlilik karar\u0131n\u0131n konularak kendilerinin tam alt\u0131 ay boyunca hi\u00e7bir kan\u0131ta ula\u015famad\u0131klar\u0131n\u0131 ifade etti. Keskin, ya\u015fanan cinayet \u00f6ncesi Ermeni vatanda\u015flara ard\u0131 ard\u0131na ger\u00e7ekle\u015fen sald\u0131r\u0131lar\u0131n davaya eklenmek istenmedi\u011fini aktard\u0131.<br \/>\n\u00a0<br \/>\nSamatya&#8217;da 28 Aral\u0131k 2012&#8217;de Maritsa K\u00fc\u00e7\u00fck adl\u0131 85 ya\u015f\u0131ndaki kad\u0131n evinde vah\u015fice \u00f6ld\u00fcr\u00fclm\u00fc\u015ft\u00fc. B\u0131\u00e7aklanarak \u00f6ld\u00fcr\u00fclen kad\u0131n, \u00e7\u0131plak bir h\u00e2lde bulunmu\u015f ve ziynet e\u015fyalar\u0131 \u00e7al\u0131nm\u0131\u015ft\u0131.<br \/>\n\u00a0<br \/>\nCinayet zanl\u0131s\u0131 olarak yakalanan Murat Nazaryan\u2019\u0131n yarg\u0131lanmas\u0131nda, Eren Keskin davada h\u00e2l\u00e2 gerekli ad\u0131mlar\u0131n at\u0131lmad\u0131\u011f\u0131n\u0131 dile getirdi.<br \/>\n\u00a0<br \/>\n\u0130lk iki duru\u015fmada hi\u00e7 konu\u015fmayan Murat Nazaryan, 3. duru\u015fmada tehditle cinayeti i\u015flemeye giden 3 ki\u015finin yan\u0131nda gitti\u011fini, Maritsa K\u00fc\u00e7\u00fck\u2019\u00fcn b\u0131\u00e7aklanmaya ba\u015fland\u0131\u011f\u0131nda korkup ka\u00e7maya \u00e7al\u0131\u015ft\u0131\u011f\u0131n\u0131, sald\u0131r\u0131y\u0131 ger\u00e7ekle\u015ftirenlerin \u00e7ete oldu\u011funu dile getirdi.<br \/>\n\u00a0<br \/>\nEren Keskin, Nazaryan\u2019\u0131n anlatt\u0131klar\u0131n\u0131n \u00fczerine gidilmedi\u011fini ve Nazaryan\u2019\u0131n konu\u015fmas\u0131 i\u00e7in gereken ad\u0131mlar\u0131n at\u0131lmas\u0131 gerekti\u011fini s\u00f6yledi.<\/p>\n<p style=\"text-align: justify;\">Bas\u0131n a\u00e7\u0131klamas\u0131nda ise i\u015flenen cinayetin bir nefret su\u00e7u olma ihtimalinin bulundu\u011fu belirtilerek daha \u00f6nce ya\u015fanan sald\u0131r\u0131lar\u0131n \u00fczerine gidilmesi ve cinayet davas\u0131n\u0131n geni\u015fletilmesi gerekti\u011fi vurguland\u0131.<\/p>\n<p>Maritsa K\u00fc\u00e7\u00fck\u2019\u00fcn k\u0131z\u0131 Boysar K\u00fc\u00e7\u00fck de katillerin bulunmas\u0131 i\u00e7in devletin gerekli ad\u0131mlar\u0131 atmas\u0131 gerekti\u011fini dile getirdi.<\/p>\n<p style=\"text-align: justify;\"><b><i>http:\/\/yenidunya.biz\/haber\/3121\/samatyadaki-ermeni-kadinlarin-oldurulmesi-davasi-neden-gizleniyor<\/i><\/b><\/p>\n","protected":false},"excerpt":{"rendered":"<p>\u0130nsan Haklar\u0131 Derne\u011fi \u0130HD ve Maritsa K\u00fc\u00e7\u00fck\u2019\u00fcn avukat\u0131 Eren Keskin, \u0130stanbul \u0130HD binas\u0131nda yap\u0131lan bas\u0131n a\u00e7\u0131klamas\u0131nda davan\u0131n \u00fcst\u00fcn\u00fcn kapat\u0131lmas\u0131 endi\u015fesini ta\u015f\u0131d\u0131klar\u0131n\u0131 belirtti. \u00a0 Eren Keskin, daha ilk ba\u015ftan davaya gizlilik karar\u0131n\u0131n konularak kendilerinin tam alt\u0131 ay boyunca hi\u00e7bir kan\u0131ta ula\u015famad\u0131klar\u0131n\u0131 ifade etti. Keskin, ya\u015fanan cinayet \u00f6ncesi Ermeni vatanda\u015flara ard\u0131 ard\u0131na ger\u00e7ekle\u015fen sald\u0131r\u0131lar\u0131n davaya eklenmek istenmedi\u011fini [&hellip;]<\/p>\n","protected":false},"author":7,"featured_media":0,"comment_status":"open","ping_status":"open","sticky":false,"template":"","format":"standard","meta":{"footnotes":""},"categories":[1],"tags":[],"class_list":["post-27000","post","type-post","status-publish","format-standard","hentry","category-haberler"],"yoast_head":"<!-- This site is optimized with the Yoast SEO plugin v27.4 - https:\/\/yoast.com\/product\/yoast-seo-wordpress\/ -->\n<title>Samatya&#039;daki Ermeni kad\u0131nlar\u0131n \u00f6ld\u00fcr\u00fclmesi davas\u0131 neden gizleniyor - Bati Ermenistan Ve Bati Ermenileri Sorunlari Ara\u015ftirmalar Merkezi<\/title>\n<meta name=\"robots\" content=\"index, follow, max-snippet:-1, max-image-preview:large, max-video-preview:-1\" \/>\n<link rel=\"canonical\" href=\"https:\/\/akunq.net\/tr\/?p=27000\" \/>\n<meta property=\"og:locale\" content=\"en_US\" \/>\n<meta property=\"og:type\" content=\"article\" \/>\n<meta property=\"og:title\" content=\"Samatya&#039;daki Ermeni kad\u0131nlar\u0131n \u00f6ld\u00fcr\u00fclmesi davas\u0131 neden gizleniyor - Bati Ermenistan Ve Bati Ermenileri Sorunlari Ara\u015ftirmalar Merkezi\" \/>\n<meta property=\"og:description\" content=\"\u0130nsan Haklar\u0131 Derne\u011fi \u0130HD ve Maritsa K\u00fc\u00e7\u00fck\u2019\u00fcn avukat\u0131 Eren Keskin, \u0130stanbul \u0130HD binas\u0131nda yap\u0131lan bas\u0131n a\u00e7\u0131klamas\u0131nda davan\u0131n \u00fcst\u00fcn\u00fcn kapat\u0131lmas\u0131 endi\u015fesini ta\u015f\u0131d\u0131klar\u0131n\u0131 belirtti. \u00a0 Eren Keskin, daha ilk ba\u015ftan davaya gizlilik karar\u0131n\u0131n konularak kendilerinin tam alt\u0131 ay boyunca hi\u00e7bir kan\u0131ta ula\u015famad\u0131klar\u0131n\u0131 ifade etti. Keskin, ya\u015fanan cinayet \u00f6ncesi Ermeni vatanda\u015flara ard\u0131 ard\u0131na ger\u00e7ekle\u015fen sald\u0131r\u0131lar\u0131n davaya eklenmek istenmedi\u011fini [&hellip;]\" \/>\n<meta property=\"og:url\" content=\"https:\/\/akunq.net\/tr\/?p=27000\" \/>\n<meta property=\"og:site_name\" content=\"Bati Ermenistan Ve Bati Ermenileri Sorunlari Ara\u015ftirmalar Merkezi\" \/>\n<meta property=\"article:published_time\" content=\"2013-11-21T08:49:00+00:00\" \/>\n<meta name=\"author\" content=\"admin\" \/>\n<meta name=\"twitter:card\" content=\"summary_large_image\" \/>\n<meta name=\"twitter:label1\" content=\"Written by\" \/>\n\t<meta name=\"twitter:data1\" content=\"admin\" \/>\n\t<meta name=\"twitter:label2\" content=\"Est. reading time\" \/>\n\t<meta name=\"twitter:data2\" content=\"1 minute\" \/>\n<script type=\"application\/ld+json\" class=\"yoast-schema-graph\">{\"@context\":\"https:\\\/\\\/schema.org\",\"@graph\":[{\"@type\":\"Article\",\"@id\":\"https:\\\/\\\/akunq.net\\\/tr\\\/?p=27000#article\",\"isPartOf\":{\"@id\":\"https:\\\/\\\/akunq.net\\\/tr\\\/?p=27000\"},\"author\":{\"name\":\"admin\",\"@id\":\"https:\\\/\\\/akunq.net\\\/tr\\\/#\\\/schema\\\/person\\\/096f1d38a12cce57fb855b485ed24c9e\"},\"headline\":\"Samatya&#8217;daki Ermeni kad\u0131nlar\u0131n \u00f6ld\u00fcr\u00fclmesi davas\u0131 neden gizleniyor\",\"datePublished\":\"2013-11-21T08:49:00+00:00\",\"mainEntityOfPage\":{\"@id\":\"https:\\\/\\\/akunq.net\\\/tr\\\/?p=27000\"},\"wordCount\":304,\"commentCount\":0,\"articleSection\":[\"Haberler\"],\"inLanguage\":\"en-US\",\"potentialAction\":[{\"@type\":\"CommentAction\",\"name\":\"Comment\",\"target\":[\"https:\\\/\\\/akunq.net\\\/tr\\\/?p=27000#respond\"]}]},{\"@type\":\"WebPage\",\"@id\":\"https:\\\/\\\/akunq.net\\\/tr\\\/?p=27000\",\"url\":\"https:\\\/\\\/akunq.net\\\/tr\\\/?p=27000\",\"name\":\"Samatya'daki Ermeni kad\u0131nlar\u0131n \u00f6ld\u00fcr\u00fclmesi davas\u0131 neden gizleniyor - Bati Ermenistan Ve Bati Ermenileri Sorunlari Ara\u015ftirmalar Merkezi\",\"isPartOf\":{\"@id\":\"https:\\\/\\\/akunq.net\\\/tr\\\/#website\"},\"datePublished\":\"2013-11-21T08:49:00+00:00\",\"author\":{\"@id\":\"https:\\\/\\\/akunq.net\\\/tr\\\/#\\\/schema\\\/person\\\/096f1d38a12cce57fb855b485ed24c9e\"},\"breadcrumb\":{\"@id\":\"https:\\\/\\\/akunq.net\\\/tr\\\/?p=27000#breadcrumb\"},\"inLanguage\":\"en-US\",\"potentialAction\":[{\"@type\":\"ReadAction\",\"target\":[\"https:\\\/\\\/akunq.net\\\/tr\\\/?p=27000\"]}]},{\"@type\":\"BreadcrumbList\",\"@id\":\"https:\\\/\\\/akunq.net\\\/tr\\\/?p=27000#breadcrumb\",\"itemListElement\":[{\"@type\":\"ListItem\",\"position\":1,\"name\":\"Home\",\"item\":\"https:\\\/\\\/akunq.net\\\/tr\"},{\"@type\":\"ListItem\",\"position\":2,\"name\":\"Samatya&#8217;daki Ermeni kad\u0131nlar\u0131n \u00f6ld\u00fcr\u00fclmesi davas\u0131 neden gizleniyor\"}]},{\"@type\":\"WebSite\",\"@id\":\"https:\\\/\\\/akunq.net\\\/tr\\\/#website\",\"url\":\"https:\\\/\\\/akunq.net\\\/tr\\\/\",\"name\":\"Bati Ermenistan Ve Bati Ermenileri Sorunlari Ara\u015ftirmalar Merkezi\",\"description\":\"\",\"potentialAction\":[{\"@type\":\"SearchAction\",\"target\":{\"@type\":\"EntryPoint\",\"urlTemplate\":\"https:\\\/\\\/akunq.net\\\/tr\\\/?s={search_term_string}\"},\"query-input\":{\"@type\":\"PropertyValueSpecification\",\"valueRequired\":true,\"valueName\":\"search_term_string\"}}],\"inLanguage\":\"en-US\"},{\"@type\":\"Person\",\"@id\":\"https:\\\/\\\/akunq.net\\\/tr\\\/#\\\/schema\\\/person\\\/096f1d38a12cce57fb855b485ed24c9e\",\"name\":\"admin\",\"url\":\"https:\\\/\\\/akunq.net\\\/tr\\\/?author=7\"}]}<\/script>\n<!-- \/ Yoast SEO plugin. -->","yoast_head_json":{"title":"Samatya'daki Ermeni kad\u0131nlar\u0131n \u00f6ld\u00fcr\u00fclmesi davas\u0131 neden gizleniyor - Bati Ermenistan Ve Bati Ermenileri Sorunlari Ara\u015ftirmalar Merkezi","robots":{"index":"index","follow":"follow","max-snippet":"max-snippet:-1","max-image-preview":"max-image-preview:large","max-video-preview":"max-video-preview:-1"},"canonical":"https:\/\/akunq.net\/tr\/?p=27000","og_locale":"en_US","og_type":"article","og_title":"Samatya'daki Ermeni kad\u0131nlar\u0131n \u00f6ld\u00fcr\u00fclmesi davas\u0131 neden gizleniyor - Bati Ermenistan Ve Bati Ermenileri Sorunlari Ara\u015ftirmalar Merkezi","og_description":"\u0130nsan Haklar\u0131 Derne\u011fi \u0130HD ve Maritsa K\u00fc\u00e7\u00fck\u2019\u00fcn avukat\u0131 Eren Keskin, \u0130stanbul \u0130HD binas\u0131nda yap\u0131lan bas\u0131n a\u00e7\u0131klamas\u0131nda davan\u0131n \u00fcst\u00fcn\u00fcn kapat\u0131lmas\u0131 endi\u015fesini ta\u015f\u0131d\u0131klar\u0131n\u0131 belirtti. \u00a0 Eren Keskin, daha ilk ba\u015ftan davaya gizlilik karar\u0131n\u0131n konularak kendilerinin tam alt\u0131 ay boyunca hi\u00e7bir kan\u0131ta ula\u015famad\u0131klar\u0131n\u0131 ifade etti. Keskin, ya\u015fanan cinayet \u00f6ncesi Ermeni vatanda\u015flara ard\u0131 ard\u0131na ger\u00e7ekle\u015fen sald\u0131r\u0131lar\u0131n davaya eklenmek istenmedi\u011fini [&hellip;]","og_url":"https:\/\/akunq.net\/tr\/?p=27000","og_site_name":"Bati Ermenistan Ve Bati Ermenileri Sorunlari Ara\u015ftirmalar Merkezi","article_published_time":"2013-11-21T08:49:00+00:00","author":"admin","twitter_card":"summary_large_image","twitter_misc":{"Written by":"admin","Est. reading time":"1 minute"},"schema":{"@context":"https:\/\/schema.org","@graph":[{"@type":"Article","@id":"https:\/\/akunq.net\/tr\/?p=27000#article","isPartOf":{"@id":"https:\/\/akunq.net\/tr\/?p=27000"},"author":{"name":"admin","@id":"https:\/\/akunq.net\/tr\/#\/schema\/person\/096f1d38a12cce57fb855b485ed24c9e"},"headline":"Samatya&#8217;daki Ermeni kad\u0131nlar\u0131n \u00f6ld\u00fcr\u00fclmesi davas\u0131 neden gizleniyor","datePublished":"2013-11-21T08:49:00+00:00","mainEntityOfPage":{"@id":"https:\/\/akunq.net\/tr\/?p=27000"},"wordCount":304,"commentCount":0,"articleSection":["Haberler"],"inLanguage":"en-US","potentialAction":[{"@type":"CommentAction","name":"Comment","target":["https:\/\/akunq.net\/tr\/?p=27000#respond"]}]},{"@type":"WebPage","@id":"https:\/\/akunq.net\/tr\/?p=27000","url":"https:\/\/akunq.net\/tr\/?p=27000","name":"Samatya'daki Ermeni kad\u0131nlar\u0131n \u00f6ld\u00fcr\u00fclmesi davas\u0131 neden gizleniyor - Bati Ermenistan Ve Bati Ermenileri Sorunlari Ara\u015ftirmalar Merkezi","isPartOf":{"@id":"https:\/\/akunq.net\/tr\/#website"},"datePublished":"2013-11-21T08:49:00+00:00","author":{"@id":"https:\/\/akunq.net\/tr\/#\/schema\/person\/096f1d38a12cce57fb855b485ed24c9e"},"breadcrumb":{"@id":"https:\/\/akunq.net\/tr\/?p=27000#breadcrumb"},"inLanguage":"en-US","potentialAction":[{"@type":"ReadAction","target":["https:\/\/akunq.net\/tr\/?p=27000"]}]},{"@type":"BreadcrumbList","@id":"https:\/\/akunq.net\/tr\/?p=27000#breadcrumb","itemListElement":[{"@type":"ListItem","position":1,"name":"Home","item":"https:\/\/akunq.net\/tr"},{"@type":"ListItem","position":2,"name":"Samatya&#8217;daki Ermeni kad\u0131nlar\u0131n \u00f6ld\u00fcr\u00fclmesi davas\u0131 neden gizleniyor"}]},{"@type":"WebSite","@id":"https:\/\/akunq.net\/tr\/#website","url":"https:\/\/akunq.net\/tr\/","name":"Bati Ermenistan Ve Bati Ermenileri Sorunlari Ara\u015ftirmalar Merkezi","description":"","potentialAction":[{"@type":"SearchAction","target":{"@type":"EntryPoint","urlTemplate":"https:\/\/akunq.net\/tr\/?s={search_term_string}"},"query-input":{"@type":"PropertyValueSpecification","valueRequired":true,"valueName":"search_term_string"}}],"inLanguage":"en-US"},{"@type":"Person","@id":"https:\/\/akunq.net\/tr\/#\/schema\/person\/096f1d38a12cce57fb855b485ed24c9e","name":"admin","url":"https:\/\/akunq.net\/tr\/?author=7"}]}},"_links":{"self":[{"href":"https:\/\/akunq.net\/tr\/index.php?rest_route=\/wp\/v2\/posts\/27000","targetHints":{"allow":["GET"]}}],"collection":[{"href":"https:\/\/akunq.net\/tr\/index.php?rest_route=\/wp\/v2\/posts"}],"about":[{"href":"https:\/\/akunq.net\/tr\/index.php?rest_route=\/wp\/v2\/types\/post"}],"author":[{"embeddable":true,"href":"https:\/\/akunq.net\/tr\/index.php?rest_route=\/wp\/v2\/users\/7"}],"replies":[{"embeddable":true,"href":"https:\/\/akunq.net\/tr\/index.php?rest_route=%2Fwp%2Fv2%2Fcomments&post=27000"}],"version-history":[{"count":1,"href":"https:\/\/akunq.net\/tr\/index.php?rest_route=\/wp\/v2\/posts\/27000\/revisions"}],"predecessor-version":[{"id":27002,"href":"https:\/\/akunq.net\/tr\/index.php?rest_route=\/wp\/v2\/posts\/27000\/revisions\/27002"}],"wp:attachment":[{"href":"https:\/\/akunq.net\/tr\/index.php?rest_route=%2Fwp%2Fv2%2Fmedia&parent=27000"}],"wp:term":[{"taxonomy":"category","embeddable":true,"href":"https:\/\/akunq.net\/tr\/index.php?rest_route=%2Fwp%2Fv2%2Fcategories&post=27000"},{"taxonomy":"post_tag","embeddable":true,"href":"https:\/\/akunq.net\/tr\/index.php?rest_route=%2Fwp%2Fv2%2Ftags&post=27000"}],"curies":[{"name":"wp","href":"https:\/\/api.w.org\/{rel}","templated":true}]}}