{"id":26994,"date":"2013-11-21T03:29:22","date_gmt":"2013-11-21T08:29:22","guid":{"rendered":"http:\/\/akunq.net\/tr\/?p=26994"},"modified":"2013-11-21T03:29:22","modified_gmt":"2013-11-21T08:29:22","slug":"yuzyilin-aldatmacasi-yossi-kohen","status":"publish","type":"post","link":"https:\/\/akunq.net\/tr\/?p=26994","title":{"rendered":"Y\u00fczy\u0131l\u0131n Aldatmacas\u0131: Yossi Kohen"},"content":{"rendered":"<p style=\"text-align: justify;\"><b><i><a href=\"http:\/\/akunq.net\/tr\/wp-content\/uploads\/2013\/11\/Ger\u00e7ek-Mustafa-Kemal.jpg\"><img loading=\"lazy\" decoding=\"async\" class=\"alignright size-medium wp-image-26995\" alt=\"Ger\u00e7ek Mustafa Kemal\" src=\"http:\/\/akunq.net\/tr\/wp-content\/uploads\/2013\/11\/Ger\u00e7ek-Mustafa-Kemal-300x234.jpg\" width=\"300\" height=\"234\" srcset=\"https:\/\/akunq.net\/tr\/wp-content\/uploads\/sites\/6\/2013\/11\/Ger\u00e7ek-Mustafa-Kemal-300x234.jpg 300w, https:\/\/akunq.net\/tr\/wp-content\/uploads\/sites\/6\/2013\/11\/Ger\u00e7ek-Mustafa-Kemal.jpg 320w\" sizes=\"auto, (max-width: 300px) 100vw, 300px\" \/><\/a>Son y\u00fczy\u0131l\u0131m\u0131z\u0131n en b\u00fcy\u00fck aldatmacas\u0131 olan ve alt\u0131 as\u0131rl\u0131k tarihimizi de propaganda \u00e7\u00f6pl\u00fc\u011f\u00fcne g\u00f6men bir muamma s\u00f6z konusu. Ba\u011f\u0131ms\u0131z tarih bilimine duyulan sayg\u0131 ve cesur tarih\u00e7ilerimiz sayesinde tarihi ger\u00e7ekler tozlu raflardan indirilip g\u00f6zler \u00f6n\u00fcne seriliyor neyse ki.<\/i><\/b><\/p>\n<p style=\"text-align: justify;\">\u00d6ncelikle ezber bozan yaz\u0131lar\u0131yla bu sorumlulu\u011fun ba\u015f\u0131n\u0131 \u00e7eken &#8216;Yalan Yazan Tarih Utans\u0131n ? Extra Versiyon&#8217; adl\u0131 sayfan\u0131n payla\u015f\u0131mlar\u0131ndan baz\u0131 paragraflar verelim.\u00a0<\/p>\n<p style=\"text-align: justify;\"><em>&#8220;Mustafa Kemal <\/em><a href=\"http:\/\/radikal.com.tr\/index\/Ataturk\" target=\"_blank\">Atat\u00fcrk<\/a><em> diye bir ki\u015filik <\/em><a href=\"http:\/\/www.radikal.com.tr\/dunya\" target=\"_blank\">d\u00fcnya<\/a><em>ya gelmemi\u015ftir. Bize foto\u011fraflarda, g\u00f6r\u00fcnt\u00fclerde g\u00f6sterilen \u015fahsiyet, Yahudi bir i\u015f adam\u0131 Yossi Kohen&#8217;dir. Ger\u00e7ek Mustafa Kemal, 1911&#8217;de Trablusgarp&#8217;ta \u015fehit oldu.&#8221;<\/em><\/p>\n<p style=\"text-align: justify;\">\u00a0<em>&#8220;Tarihi bir hakikat daha.. \u00dcnl\u00fc \u0130talyan lider Benito Mussolini G\u00fcneydo\u011fulu \u015eafii M\u00fcsl\u00fcmand\u0131!<\/em><\/p>\n<p style=\"text-align: justify;\"><em>Kemalistler, Benito Mussolini i\u00e7in y\u0131llard\u0131r bize &#8220;\u0130talyan Fa\u015fist Lideri&#8221;, &#8220;\u0130talyan milliyet\u00e7isi&#8221; olarak tan\u0131tt\u0131. Ancak bu tan\u0131mlama kattiyen yaland\u0131r. Hakikat ise Mussolini&#8217;nin \u015eafii M\u00fcsl\u00fcman olmas\u0131d\u0131r. Ayr\u0131ca k\u00f6keni de G\u00fcneydo\u011fu Mardin&#8217;dir. As\u0131l ad\u0131 Musa El \u0130ni&#8217;dir.<\/em><\/p>\n<p style=\"text-align: justify;\"><em>Merhum ba\u015fbakan Erbakan, Musa El \u0130ni&#8217;yi \u00f6rnek alm\u0131\u015f, onun el i\u015faretlerini yapm\u0131\u015f, Partisine de &#8220;Fazilet Partisi&#8221; ad\u0131 vererek onun miras\u0131n\u0131 ya\u015fatm\u0131\u015ft\u0131r.&#8221;<\/em><\/p>\n<p style=\"text-align: justify;\"><em>&#8220;Atari kahraman\u0131 S\u00fcper Mario Kemalistti.<\/em><\/p>\n<p style=\"text-align: justify;\"><em>Y\u0131llard\u0131r 80&#8217;li ve 90&#8217;l\u0131 y\u0131llar\u0131n \u00e7ocuklar\u0131n\u0131n bilin\u00e7alt\u0131na Kemalizmi enjekte etmek i\u00e7in Kemalistler ateri oyunlar\u0131na kadar girdiler. Bunun en \u00f6nemlisi S\u00fcper Mario&#8217;dur.<\/em><\/p>\n<p style=\"text-align: justify;\"><em>Resimden de anla\u015f\u0131ld\u0131\u011f\u0131 gibi, S\u00fcper Mario \u015fapka takan birisiydi. Ayr\u0131ca bir d\u00f6nem Mustafa Kemal&#8217;in b\u0131rakt\u0131\u011f\u0131 gibi \u0130ttihat\u00e7\u0131 B\u0131y\u0131\u011f\u0131na da sahipti. Ateri ad\u0131 bile Kemalizmi simgeler. Ad\u0131 \u00fczerinde AT+ER\u0130. Yani At\u0131n \u00fczerinde Asker. Bilirsiniz Mustafa Kemal&#8217;in b\u00f6yle bir foto\u011fraf\u0131 da var.<\/em><\/p>\n<p style=\"text-align: justify;\"><em>Zaten S\u00fcper Mario&#8217;nun Ate\u015f atmas\u0131 da buna delalettir. S\u00fcrekli ate\u015f sa\u00e7\u0131yordu. Ate\u015fi kimler sa\u00e7ar? Cinler, \u015feytanlar. Kemalistler de \u015feytani oldu\u011funa g\u00f6re, bu konuda her hangi bir ku\u015fku kalm\u0131yor<\/em><\/p>\n<p style=\"text-align: justify;\"><em>Marion&#8217;nun M&#8217;si \u015fapkas\u0131nda da var. O da Mustafa Kemal&#8217;in &#8220;M&#8221;sini simgeler.<\/em><\/p>\n<p style=\"text-align: justify;\">\u00a0<em>&#8220;Y\u0131l 1945. Hem Almanya&#8217;y\u0131 hem de <\/em><a href=\"http:\/\/radikal.com.tr\/index\/Turkiye\" target=\"_blank\">T\u00fcrkiye<\/a><em>&#8216;yi y\u00f6neten \u0130smet \u0130n\u00f6n\u00fc,\u00a0<\/em><br \/>\n<em>D\u00fcnya&#8217;da 50 milyon insan\u0131n \u00f6lmesine yol a\u00e7an sava\u015f \u00e7\u0131karm\u0131\u015f, Almanya&#8217;daki Araplara, Almanya&#8217;n\u0131n has yerlisi olan Alman K\u00fcrtlerine Soyk\u0131r\u0131m yapm\u0131\u015ft\u0131r ve kendini D\u00fcnya&#8217;ya &#8220;Adolf Hitler&#8221; olarak tan\u0131tm\u0131\u015ft\u0131r.&#8221;\u00a0<\/em><\/p>\n<p style=\"text-align: justify;\"><em>&#8220;Temel Reis \u00e7izgi filmi sakal b\u0131rakanlar\u0131 itici ve k\u00f6t\u00fc g\u00f6stermek i\u00e7in Kemalistler taraf\u0131ndan yay\u0131na sokuldu.&#8221;<\/em><\/p>\n<p style=\"text-align: justify;\"><em>&#8220;Einstein, atom bombas\u0131n\u0131 Kemalistlerin talimat\u0131yla icat etti. Atom Bombas\u0131&#8217;n\u0131n as\u0131l ad\u0131 ATAM Bombas\u0131&#8217;d\u0131r. Ancak bu Bat\u0131 diline ATOM diye ge\u00e7mi\u015ftir. Mustafa Kemal&#8217;in de, T\u00fcrk milletine &#8220;ATAM&#8221; dedirtti\u011fini biliriz.&#8221;<\/em><\/p>\n<p style=\"text-align: justify;\">Verebilece\u011fimiz \u00f6rnekler bu \u015fekilde. Elbette \u00e7ok sa\u011flam bir mizah, ustaca bir ironi ve yaz\u0131nsan bir zek\u00e2n\u0131n \u00fcr\u00fcn\u00fc bu yaz\u0131lar. Dinci diye niteleyece\u011fimiz sayfalardaki uydurma tarihi bilgilere ve bu bilgilere inanarak kendilerine ideoloji edinen yar\u0131m ak\u0131ll\u0131 ki\u015filere nazire yapmak ama\u00e7l\u0131 yap\u0131lan bu payla\u015f\u0131mlar farkl\u0131 bir a\u00e7\u0131\u011f\u0131m\u0131z\u0131 daha \u00e7\u0131kar\u0131yor g\u00fcn y\u00fcz\u00fcne. Atat\u00fcrk\u00e7\u00fc olanlar\u0131 bile rahats\u0131z edecek \u015fekilde Kemalizmi k\u00f6r haliyle benimsemi\u015f, tabudan \u00f6te zihinlerde bir dini rit\u00fcel haline getirmi\u015f Kemalist gen\u00e7ler (!), ciddi anlamda mizah \u00f6rne\u011fi olan bu payla\u015f\u0131mlar\u0131 ciddiye al\u0131p &#8216;ger\u00e7ekleri sapt\u0131r\u0131yorsunuz&#8217; tarz\u0131 hakaret dolu c\u00fcmlelerle m\u00fcdahalelere ba\u015flad\u0131. Yine ayn\u0131 k\u00f6r zihniyetler muhafazak\u00e2r kesimi &#8216;koyun&#8217; olmakla, okumamakla, bir \u015fey bilmeden ahk\u00e2m kesmekle veya her s\u00f6ylenene kendi akl\u0131n\u0131 kullanmadan kabullenmekle su\u00e7larlar. Ama bu sayfa bize g\u00f6steriyor ki ayn\u0131 cahil g\u00fcruh, Atat\u00fcrk\u00e7\u00fcl\u00fc\u011f\u00fc mutaass\u0131p bir ideoloji olarak benimseyen, \u00e7a\u011fda\u015f diye adland\u0131rd\u0131\u011f\u0131m\u0131z kesim i\u00e7erisinde de var.<\/p>\n<p style=\"text-align: justify;\">Evet, bu abs\u00fcrt mizah sayfas\u0131n\u0131n payla\u015f\u0131mlar\u0131n\u0131 ger\u00e7ek zannedip Atat\u00fcrk&#8217;\u00fc karalayan dinci tayfalar da var. Bu sayfayla tan\u0131\u015fmama vesile olan da, Atat\u00fcrk&#8217;\u00fcn asl\u0131nda Yossi Kohen adl\u0131 bir Yahudi oldu\u011funu salyalar\u0131n\u0131 ak\u0131tarak anlatmaya \u00e7al\u0131\u015fan bir tan\u0131d\u0131\u011f\u0131n vesilesiyle oldu. &#8216;Bana be\u015f dakika ver bu safsatan\u0131n kayna\u011f\u0131n\u0131 bulay\u0131m sana&#8217; diyerek ger\u00e7e\u011fin kendisine be\u015f dakikada ula\u015ft\u0131\u011f\u0131mda, ho\u015f bir mizahla kar\u015f\u0131la\u015ft\u0131\u011f\u0131mda,\u00a0 neden her \u015feye aptalca inanan ki\u015filer be\u015f dakikas\u0131n\u0131 i\u015fin asl\u0131n\u0131 \u00f6\u011frenmeye ay\u0131rmaz diye de d\u00fc\u015f\u00fcnd\u00fcm.<\/p>\n<p style=\"text-align: justify;\">Okumuyoruz, bilgi edinmiyoruz, sa\u011fl\u0131kl\u0131 d\u00fc\u015f\u00fcnmeyi ve bir d\u00fc\u015f\u00fcnceyi savunmay\u0131 bilmiyoruz. Ki\u015fisel g\u00f6r\u00fc\u015f\u00fcm\u00fcz\u00fc \u015f\u00f6valyevari savunuyoruz. Ve cehaletin, asl\u0131nda e\u011fitim imk\u00e2nlar\u0131ndan yoksun, sosyal ve ekonomik konularda kalk\u0131namam\u0131\u015f b\u00f6lgelerin kaderi ve b\u00f6lge \u00e7ocuklar\u0131n\u0131n al\u0131nyaz\u0131s\u0131 olmaktan \u00e7ok, d\u00fc\u015f\u00fcnce olarak kendi beyinlerinin i\u00e7ine hapsolmu\u015f ve d\u00fcnyay\u0131 at g\u00f6zl\u00fckleriyle seyreden insanlar\u0131n zihinlerinde oldu\u011funu g\u00f6r\u00fcyoruz.<\/p>\n<p style=\"text-align: justify;\">Son olarak; bir i\u015fin i\u00e7erisinde mizah yoksa o i\u015fin i\u00e7erisinde hi\u00e7bir \u015fey yok demektir.<\/p>\n<p style=\"text-align: justify;\"><i>Not: Bu yaz\u0131 <\/i><a href=\"http:\/\/santiyedeyiz.blogspot.com\/\"><i>http:\/\/santiyedeyiz.blogspot.com\/<\/i><\/a><i>\u00a0&#8216;da yay\u0131mlanm\u0131\u015ft\u0131r.<\/i><\/p>\n<p style=\"text-align: justify;\"><b><i>http:\/\/blog.radikal.com.tr\/Sayfa\/yuzyilin-aldatmacasi-yossi-kohen-37182<\/i><\/b><\/p>\n","protected":false},"excerpt":{"rendered":"<p>Son y\u00fczy\u0131l\u0131m\u0131z\u0131n en b\u00fcy\u00fck aldatmacas\u0131 olan ve alt\u0131 as\u0131rl\u0131k tarihimizi de propaganda \u00e7\u00f6pl\u00fc\u011f\u00fcne g\u00f6men bir muamma s\u00f6z konusu. Ba\u011f\u0131ms\u0131z tarih bilimine duyulan sayg\u0131 ve cesur tarih\u00e7ilerimiz sayesinde tarihi ger\u00e7ekler tozlu raflardan indirilip g\u00f6zler \u00f6n\u00fcne seriliyor neyse ki. \u00d6ncelikle ezber bozan yaz\u0131lar\u0131yla bu sorumlulu\u011fun ba\u015f\u0131n\u0131 \u00e7eken &#8216;Yalan Yazan Tarih Utans\u0131n ? Extra Versiyon&#8217; adl\u0131 sayfan\u0131n payla\u015f\u0131mlar\u0131ndan [&hellip;]<\/p>\n","protected":false},"author":7,"featured_media":0,"comment_status":"open","ping_status":"open","sticky":false,"template":"","format":"standard","meta":{"footnotes":""},"categories":[1],"tags":[],"class_list":["post-26994","post","type-post","status-publish","format-standard","hentry","category-haberler"],"yoast_head":"<!-- This site is optimized with the Yoast SEO plugin v27.4 - https:\/\/yoast.com\/product\/yoast-seo-wordpress\/ -->\n<title>Y\u00fczy\u0131l\u0131n Aldatmacas\u0131: Yossi Kohen - Bati Ermenistan Ve Bati Ermenileri Sorunlari Ara\u015ftirmalar Merkezi<\/title>\n<meta name=\"robots\" content=\"index, follow, max-snippet:-1, max-image-preview:large, max-video-preview:-1\" \/>\n<link rel=\"canonical\" href=\"https:\/\/akunq.net\/tr\/?p=26994\" \/>\n<meta property=\"og:locale\" content=\"en_US\" \/>\n<meta property=\"og:type\" content=\"article\" \/>\n<meta property=\"og:title\" content=\"Y\u00fczy\u0131l\u0131n Aldatmacas\u0131: Yossi Kohen - Bati Ermenistan Ve Bati Ermenileri Sorunlari Ara\u015ftirmalar Merkezi\" \/>\n<meta property=\"og:description\" content=\"Son y\u00fczy\u0131l\u0131m\u0131z\u0131n en b\u00fcy\u00fck aldatmacas\u0131 olan ve alt\u0131 as\u0131rl\u0131k tarihimizi de propaganda \u00e7\u00f6pl\u00fc\u011f\u00fcne g\u00f6men bir muamma s\u00f6z konusu. Ba\u011f\u0131ms\u0131z tarih bilimine duyulan sayg\u0131 ve cesur tarih\u00e7ilerimiz sayesinde tarihi ger\u00e7ekler tozlu raflardan indirilip g\u00f6zler \u00f6n\u00fcne seriliyor neyse ki. \u00d6ncelikle ezber bozan yaz\u0131lar\u0131yla bu sorumlulu\u011fun ba\u015f\u0131n\u0131 \u00e7eken &#8216;Yalan Yazan Tarih Utans\u0131n ? Extra Versiyon&#8217; adl\u0131 sayfan\u0131n payla\u015f\u0131mlar\u0131ndan [&hellip;]\" \/>\n<meta property=\"og:url\" content=\"https:\/\/akunq.net\/tr\/?p=26994\" \/>\n<meta property=\"og:site_name\" content=\"Bati Ermenistan Ve Bati Ermenileri Sorunlari Ara\u015ftirmalar Merkezi\" \/>\n<meta property=\"article:published_time\" content=\"2013-11-21T08:29:22+00:00\" \/>\n<meta name=\"author\" content=\"admin\" \/>\n<meta name=\"twitter:card\" content=\"summary_large_image\" \/>\n<meta name=\"twitter:label1\" content=\"Written by\" \/>\n\t<meta name=\"twitter:data1\" content=\"admin\" \/>\n\t<meta name=\"twitter:label2\" content=\"Est. reading time\" \/>\n\t<meta name=\"twitter:data2\" content=\"4 minutes\" \/>\n<script type=\"application\/ld+json\" class=\"yoast-schema-graph\">{\"@context\":\"https:\\\/\\\/schema.org\",\"@graph\":[{\"@type\":\"Article\",\"@id\":\"https:\\\/\\\/akunq.net\\\/tr\\\/?p=26994#article\",\"isPartOf\":{\"@id\":\"https:\\\/\\\/akunq.net\\\/tr\\\/?p=26994\"},\"author\":{\"name\":\"admin\",\"@id\":\"https:\\\/\\\/akunq.net\\\/tr\\\/#\\\/schema\\\/person\\\/096f1d38a12cce57fb855b485ed24c9e\"},\"headline\":\"Y\u00fczy\u0131l\u0131n Aldatmacas\u0131: Yossi Kohen\",\"datePublished\":\"2013-11-21T08:29:22+00:00\",\"mainEntityOfPage\":{\"@id\":\"https:\\\/\\\/akunq.net\\\/tr\\\/?p=26994\"},\"wordCount\":870,\"commentCount\":0,\"articleSection\":[\"Haberler\"],\"inLanguage\":\"en-US\",\"potentialAction\":[{\"@type\":\"CommentAction\",\"name\":\"Comment\",\"target\":[\"https:\\\/\\\/akunq.net\\\/tr\\\/?p=26994#respond\"]}]},{\"@type\":\"WebPage\",\"@id\":\"https:\\\/\\\/akunq.net\\\/tr\\\/?p=26994\",\"url\":\"https:\\\/\\\/akunq.net\\\/tr\\\/?p=26994\",\"name\":\"Y\u00fczy\u0131l\u0131n Aldatmacas\u0131: Yossi Kohen - Bati Ermenistan Ve Bati Ermenileri Sorunlari Ara\u015ftirmalar Merkezi\",\"isPartOf\":{\"@id\":\"https:\\\/\\\/akunq.net\\\/tr\\\/#website\"},\"datePublished\":\"2013-11-21T08:29:22+00:00\",\"author\":{\"@id\":\"https:\\\/\\\/akunq.net\\\/tr\\\/#\\\/schema\\\/person\\\/096f1d38a12cce57fb855b485ed24c9e\"},\"breadcrumb\":{\"@id\":\"https:\\\/\\\/akunq.net\\\/tr\\\/?p=26994#breadcrumb\"},\"inLanguage\":\"en-US\",\"potentialAction\":[{\"@type\":\"ReadAction\",\"target\":[\"https:\\\/\\\/akunq.net\\\/tr\\\/?p=26994\"]}]},{\"@type\":\"BreadcrumbList\",\"@id\":\"https:\\\/\\\/akunq.net\\\/tr\\\/?p=26994#breadcrumb\",\"itemListElement\":[{\"@type\":\"ListItem\",\"position\":1,\"name\":\"Home\",\"item\":\"https:\\\/\\\/akunq.net\\\/tr\"},{\"@type\":\"ListItem\",\"position\":2,\"name\":\"Y\u00fczy\u0131l\u0131n Aldatmacas\u0131: Yossi Kohen\"}]},{\"@type\":\"WebSite\",\"@id\":\"https:\\\/\\\/akunq.net\\\/tr\\\/#website\",\"url\":\"https:\\\/\\\/akunq.net\\\/tr\\\/\",\"name\":\"Bati Ermenistan Ve Bati Ermenileri Sorunlari Ara\u015ftirmalar Merkezi\",\"description\":\"\",\"potentialAction\":[{\"@type\":\"SearchAction\",\"target\":{\"@type\":\"EntryPoint\",\"urlTemplate\":\"https:\\\/\\\/akunq.net\\\/tr\\\/?s={search_term_string}\"},\"query-input\":{\"@type\":\"PropertyValueSpecification\",\"valueRequired\":true,\"valueName\":\"search_term_string\"}}],\"inLanguage\":\"en-US\"},{\"@type\":\"Person\",\"@id\":\"https:\\\/\\\/akunq.net\\\/tr\\\/#\\\/schema\\\/person\\\/096f1d38a12cce57fb855b485ed24c9e\",\"name\":\"admin\",\"url\":\"https:\\\/\\\/akunq.net\\\/tr\\\/?author=7\"}]}<\/script>\n<!-- \/ Yoast SEO plugin. -->","yoast_head_json":{"title":"Y\u00fczy\u0131l\u0131n Aldatmacas\u0131: Yossi Kohen - Bati Ermenistan Ve Bati Ermenileri Sorunlari Ara\u015ftirmalar Merkezi","robots":{"index":"index","follow":"follow","max-snippet":"max-snippet:-1","max-image-preview":"max-image-preview:large","max-video-preview":"max-video-preview:-1"},"canonical":"https:\/\/akunq.net\/tr\/?p=26994","og_locale":"en_US","og_type":"article","og_title":"Y\u00fczy\u0131l\u0131n Aldatmacas\u0131: Yossi Kohen - Bati Ermenistan Ve Bati Ermenileri Sorunlari Ara\u015ftirmalar Merkezi","og_description":"Son y\u00fczy\u0131l\u0131m\u0131z\u0131n en b\u00fcy\u00fck aldatmacas\u0131 olan ve alt\u0131 as\u0131rl\u0131k tarihimizi de propaganda \u00e7\u00f6pl\u00fc\u011f\u00fcne g\u00f6men bir muamma s\u00f6z konusu. Ba\u011f\u0131ms\u0131z tarih bilimine duyulan sayg\u0131 ve cesur tarih\u00e7ilerimiz sayesinde tarihi ger\u00e7ekler tozlu raflardan indirilip g\u00f6zler \u00f6n\u00fcne seriliyor neyse ki. \u00d6ncelikle ezber bozan yaz\u0131lar\u0131yla bu sorumlulu\u011fun ba\u015f\u0131n\u0131 \u00e7eken &#8216;Yalan Yazan Tarih Utans\u0131n ? Extra Versiyon&#8217; adl\u0131 sayfan\u0131n payla\u015f\u0131mlar\u0131ndan [&hellip;]","og_url":"https:\/\/akunq.net\/tr\/?p=26994","og_site_name":"Bati Ermenistan Ve Bati Ermenileri Sorunlari Ara\u015ftirmalar Merkezi","article_published_time":"2013-11-21T08:29:22+00:00","author":"admin","twitter_card":"summary_large_image","twitter_misc":{"Written by":"admin","Est. reading time":"4 minutes"},"schema":{"@context":"https:\/\/schema.org","@graph":[{"@type":"Article","@id":"https:\/\/akunq.net\/tr\/?p=26994#article","isPartOf":{"@id":"https:\/\/akunq.net\/tr\/?p=26994"},"author":{"name":"admin","@id":"https:\/\/akunq.net\/tr\/#\/schema\/person\/096f1d38a12cce57fb855b485ed24c9e"},"headline":"Y\u00fczy\u0131l\u0131n Aldatmacas\u0131: Yossi Kohen","datePublished":"2013-11-21T08:29:22+00:00","mainEntityOfPage":{"@id":"https:\/\/akunq.net\/tr\/?p=26994"},"wordCount":870,"commentCount":0,"articleSection":["Haberler"],"inLanguage":"en-US","potentialAction":[{"@type":"CommentAction","name":"Comment","target":["https:\/\/akunq.net\/tr\/?p=26994#respond"]}]},{"@type":"WebPage","@id":"https:\/\/akunq.net\/tr\/?p=26994","url":"https:\/\/akunq.net\/tr\/?p=26994","name":"Y\u00fczy\u0131l\u0131n Aldatmacas\u0131: Yossi Kohen - Bati Ermenistan Ve Bati Ermenileri Sorunlari Ara\u015ftirmalar Merkezi","isPartOf":{"@id":"https:\/\/akunq.net\/tr\/#website"},"datePublished":"2013-11-21T08:29:22+00:00","author":{"@id":"https:\/\/akunq.net\/tr\/#\/schema\/person\/096f1d38a12cce57fb855b485ed24c9e"},"breadcrumb":{"@id":"https:\/\/akunq.net\/tr\/?p=26994#breadcrumb"},"inLanguage":"en-US","potentialAction":[{"@type":"ReadAction","target":["https:\/\/akunq.net\/tr\/?p=26994"]}]},{"@type":"BreadcrumbList","@id":"https:\/\/akunq.net\/tr\/?p=26994#breadcrumb","itemListElement":[{"@type":"ListItem","position":1,"name":"Home","item":"https:\/\/akunq.net\/tr"},{"@type":"ListItem","position":2,"name":"Y\u00fczy\u0131l\u0131n Aldatmacas\u0131: Yossi Kohen"}]},{"@type":"WebSite","@id":"https:\/\/akunq.net\/tr\/#website","url":"https:\/\/akunq.net\/tr\/","name":"Bati Ermenistan Ve Bati Ermenileri Sorunlari Ara\u015ftirmalar Merkezi","description":"","potentialAction":[{"@type":"SearchAction","target":{"@type":"EntryPoint","urlTemplate":"https:\/\/akunq.net\/tr\/?s={search_term_string}"},"query-input":{"@type":"PropertyValueSpecification","valueRequired":true,"valueName":"search_term_string"}}],"inLanguage":"en-US"},{"@type":"Person","@id":"https:\/\/akunq.net\/tr\/#\/schema\/person\/096f1d38a12cce57fb855b485ed24c9e","name":"admin","url":"https:\/\/akunq.net\/tr\/?author=7"}]}},"_links":{"self":[{"href":"https:\/\/akunq.net\/tr\/index.php?rest_route=\/wp\/v2\/posts\/26994","targetHints":{"allow":["GET"]}}],"collection":[{"href":"https:\/\/akunq.net\/tr\/index.php?rest_route=\/wp\/v2\/posts"}],"about":[{"href":"https:\/\/akunq.net\/tr\/index.php?rest_route=\/wp\/v2\/types\/post"}],"author":[{"embeddable":true,"href":"https:\/\/akunq.net\/tr\/index.php?rest_route=\/wp\/v2\/users\/7"}],"replies":[{"embeddable":true,"href":"https:\/\/akunq.net\/tr\/index.php?rest_route=%2Fwp%2Fv2%2Fcomments&post=26994"}],"version-history":[{"count":1,"href":"https:\/\/akunq.net\/tr\/index.php?rest_route=\/wp\/v2\/posts\/26994\/revisions"}],"predecessor-version":[{"id":26996,"href":"https:\/\/akunq.net\/tr\/index.php?rest_route=\/wp\/v2\/posts\/26994\/revisions\/26996"}],"wp:attachment":[{"href":"https:\/\/akunq.net\/tr\/index.php?rest_route=%2Fwp%2Fv2%2Fmedia&parent=26994"}],"wp:term":[{"taxonomy":"category","embeddable":true,"href":"https:\/\/akunq.net\/tr\/index.php?rest_route=%2Fwp%2Fv2%2Fcategories&post=26994"},{"taxonomy":"post_tag","embeddable":true,"href":"https:\/\/akunq.net\/tr\/index.php?rest_route=%2Fwp%2Fv2%2Ftags&post=26994"}],"curies":[{"name":"wp","href":"https:\/\/api.w.org\/{rel}","templated":true}]}}