{"id":26991,"date":"2013-11-21T03:16:39","date_gmt":"2013-11-21T08:16:39","guid":{"rendered":"http:\/\/akunq.net\/tr\/?p=26991"},"modified":"2013-11-21T03:16:39","modified_gmt":"2013-11-21T08:16:39","slug":"aliyev-ve-sarkisyan-viyanada-bir-araya-geldi","status":"publish","type":"post","link":"https:\/\/akunq.net\/tr\/?p=26991","title":{"rendered":"Aliyev ve Sarkisyan Viyana&#8217;da bir araya geldi"},"content":{"rendered":"<p style=\"text-align: justify;\"><b><i><a href=\"http:\/\/akunq.net\/tr\/wp-content\/uploads\/2013\/11\/\u054d\u0561\u0580\u0563\u057d\u0575\u0561\u0576-\u0531\u056c\u056b\u0565\u0582.jpg\"><img loading=\"lazy\" decoding=\"async\" class=\"alignright size-medium wp-image-26992\" alt=\"\u054d\u0561\u0580\u0563\u057d\u0575\u0561\u0576-\u0531\u056c\u056b\u0565\u0582\" src=\"http:\/\/akunq.net\/tr\/wp-content\/uploads\/2013\/11\/\u054d\u0561\u0580\u0563\u057d\u0575\u0561\u0576-\u0531\u056c\u056b\u0565\u0582-300x188.jpg\" width=\"300\" height=\"188\" srcset=\"https:\/\/akunq.net\/tr\/wp-content\/uploads\/sites\/6\/2013\/11\/\u054d\u0561\u0580\u0563\u057d\u0575\u0561\u0576-\u0531\u056c\u056b\u0565\u0582-300x188.jpg 300w, https:\/\/akunq.net\/tr\/wp-content\/uploads\/sites\/6\/2013\/11\/\u054d\u0561\u0580\u0563\u057d\u0575\u0561\u0576-\u0531\u056c\u056b\u0565\u0582.jpg 350w\" sizes=\"auto, (max-width: 300px) 100vw, 300px\" \/><\/a>\u0130lham Aliyev ile Ermenistan Cumhurba\u015fkan\u0131 Serj Sarkisyan, Avrupa G\u00fcvenlik ve \u0130\u015fbirli\u011fi Te\u015fkilat\u0131&#8217;n\u0131n (AG\u0130T) Viyana&#8217;daki merkezinde bir araya geldi.<\/i><\/b><\/p>\n<p style=\"text-align: justify;\">Bas\u0131na kapal\u0131 ger\u00e7ekle\u015fen ve g\u00f6r\u00fcnt\u00fc al\u0131nmas\u0131na da izin verilmeyen g\u00f6r\u00fc\u015fmenin ard\u0131ndan yap\u0131lan k\u0131sa a\u00e7\u0131klamada, iki cumhurba\u015fkan\u0131n\u0131n Da\u011fl\u0131k Karaba\u011fsorununun ele ald\u0131klar\u0131 ve bu konuda Minsk Grubu \u00fcyesi ABD, Rusya Federasyonu ve Fransa daimi temsilcileriyle de g\u00f6r\u00fc\u015ft\u00fckleri bildirildi. Taraflar\u0131n g\u00f6r\u00fc\u015fmede iki \u00fclke aras\u0131ndaki soruna \u00e7\u00f6z\u00fcm bulunmas\u0131 i\u00e7in d\u0131\u015fi\u015fleri bakanlar\u0131n\u0131n 5 ve 6 Aral\u0131k&#8217;ta Kiev&#8217;de bir araya gelmesinin kararla\u015ft\u0131r\u0131ld\u0131\u011f\u0131 belirtildi. Aliyev ile Sarkisyan aras\u0131ndaki g\u00f6r\u00fc\u015fmede d\u0131\u015fi\u015fleri bakanlar\u0131 Elmar Mammadyarov ile Edward Nalbantyan&#8217;\u0131n da haz\u0131r bulundu\u011fu belirtildi. G\u00f6r\u00fc\u015fmede taraflar\u0131n Azerbaycan ile Ermenistan aras\u0131ndaki sorunun \u00e7\u00f6z\u00fcm\u00fcnde arabuluculuk yapan Minsk Gurubu d\u0131\u015fi\u015fleri bakanlar\u0131n\u0131n da \u00e7abalar\u0131n\u0131 art\u0131rmas\u0131 ve MinskGrubu&#8217;nun y\u0131l sonuna kadar b\u00f6lgede \u00e7al\u0131\u015fma ba\u015flatmas\u0131 konusunda da mutab\u0131k kald\u0131klar\u0131 kaydedildi. Azerbaycan ile Ermenistan aras\u0131ndaki soruna \u00e7\u00f6z\u00fcm bulmak \u00fczere AG\u0130T b\u00fcnyesinde kurulan Minsk Grubu&#8217;nda ABD, Rusya ve Fransa g\u00f6rev yap\u0131yor.<\/p>\n<p style=\"text-align: justify;\"><b><i>http:\/\/www.turkiyegazetesi.com.tr\/dunya\/104465.aspx<\/i><\/b><\/p>\n","protected":false},"excerpt":{"rendered":"<p>\u0130lham Aliyev ile Ermenistan Cumhurba\u015fkan\u0131 Serj Sarkisyan, Avrupa G\u00fcvenlik ve \u0130\u015fbirli\u011fi Te\u015fkilat\u0131&#8217;n\u0131n (AG\u0130T) Viyana&#8217;daki merkezinde bir araya geldi. Bas\u0131na kapal\u0131 ger\u00e7ekle\u015fen ve g\u00f6r\u00fcnt\u00fc al\u0131nmas\u0131na da izin verilmeyen g\u00f6r\u00fc\u015fmenin ard\u0131ndan yap\u0131lan k\u0131sa a\u00e7\u0131klamada, iki cumhurba\u015fkan\u0131n\u0131n Da\u011fl\u0131k Karaba\u011fsorununun ele ald\u0131klar\u0131 ve bu konuda Minsk Grubu \u00fcyesi ABD, Rusya Federasyonu ve Fransa daimi temsilcileriyle de g\u00f6r\u00fc\u015ft\u00fckleri bildirildi. Taraflar\u0131n [&hellip;]<\/p>\n","protected":false},"author":7,"featured_media":0,"comment_status":"open","ping_status":"open","sticky":false,"template":"","format":"standard","meta":{"footnotes":""},"categories":[1],"tags":[],"class_list":["post-26991","post","type-post","status-publish","format-standard","hentry","category-haberler"],"yoast_head":"<!-- This site is optimized with the Yoast SEO plugin v27.4 - https:\/\/yoast.com\/product\/yoast-seo-wordpress\/ -->\n<title>Aliyev ve Sarkisyan Viyana&#039;da bir araya geldi - Bati Ermenistan Ve Bati Ermenileri Sorunlari Ara\u015ftirmalar Merkezi<\/title>\n<meta name=\"robots\" content=\"index, follow, max-snippet:-1, max-image-preview:large, max-video-preview:-1\" \/>\n<link rel=\"canonical\" href=\"https:\/\/akunq.net\/tr\/?p=26991\" \/>\n<meta property=\"og:locale\" content=\"en_US\" \/>\n<meta property=\"og:type\" content=\"article\" \/>\n<meta property=\"og:title\" content=\"Aliyev ve Sarkisyan Viyana&#039;da bir araya geldi - Bati Ermenistan Ve Bati Ermenileri Sorunlari Ara\u015ftirmalar Merkezi\" \/>\n<meta property=\"og:description\" content=\"\u0130lham Aliyev ile Ermenistan Cumhurba\u015fkan\u0131 Serj Sarkisyan, Avrupa G\u00fcvenlik ve \u0130\u015fbirli\u011fi Te\u015fkilat\u0131&#8217;n\u0131n (AG\u0130T) Viyana&#8217;daki merkezinde bir araya geldi. Bas\u0131na kapal\u0131 ger\u00e7ekle\u015fen ve g\u00f6r\u00fcnt\u00fc al\u0131nmas\u0131na da izin verilmeyen g\u00f6r\u00fc\u015fmenin ard\u0131ndan yap\u0131lan k\u0131sa a\u00e7\u0131klamada, iki cumhurba\u015fkan\u0131n\u0131n Da\u011fl\u0131k Karaba\u011fsorununun ele ald\u0131klar\u0131 ve bu konuda Minsk Grubu \u00fcyesi ABD, Rusya Federasyonu ve Fransa daimi temsilcileriyle de g\u00f6r\u00fc\u015ft\u00fckleri bildirildi. Taraflar\u0131n [&hellip;]\" \/>\n<meta property=\"og:url\" content=\"https:\/\/akunq.net\/tr\/?p=26991\" \/>\n<meta property=\"og:site_name\" content=\"Bati Ermenistan Ve Bati Ermenileri Sorunlari Ara\u015ftirmalar Merkezi\" \/>\n<meta property=\"article:published_time\" content=\"2013-11-21T08:16:39+00:00\" \/>\n<meta name=\"author\" content=\"admin\" \/>\n<meta name=\"twitter:card\" content=\"summary_large_image\" \/>\n<meta name=\"twitter:label1\" content=\"Written by\" \/>\n\t<meta name=\"twitter:data1\" content=\"admin\" \/>\n\t<meta name=\"twitter:label2\" content=\"Est. reading time\" \/>\n\t<meta name=\"twitter:data2\" content=\"1 minute\" \/>\n<script type=\"application\/ld+json\" class=\"yoast-schema-graph\">{\"@context\":\"https:\\\/\\\/schema.org\",\"@graph\":[{\"@type\":\"Article\",\"@id\":\"https:\\\/\\\/akunq.net\\\/tr\\\/?p=26991#article\",\"isPartOf\":{\"@id\":\"https:\\\/\\\/akunq.net\\\/tr\\\/?p=26991\"},\"author\":{\"name\":\"admin\",\"@id\":\"https:\\\/\\\/akunq.net\\\/tr\\\/#\\\/schema\\\/person\\\/096f1d38a12cce57fb855b485ed24c9e\"},\"headline\":\"Aliyev ve Sarkisyan Viyana&#8217;da bir araya geldi\",\"datePublished\":\"2013-11-21T08:16:39+00:00\",\"mainEntityOfPage\":{\"@id\":\"https:\\\/\\\/akunq.net\\\/tr\\\/?p=26991\"},\"wordCount\":228,\"commentCount\":0,\"articleSection\":[\"Haberler\"],\"inLanguage\":\"en-US\",\"potentialAction\":[{\"@type\":\"CommentAction\",\"name\":\"Comment\",\"target\":[\"https:\\\/\\\/akunq.net\\\/tr\\\/?p=26991#respond\"]}]},{\"@type\":\"WebPage\",\"@id\":\"https:\\\/\\\/akunq.net\\\/tr\\\/?p=26991\",\"url\":\"https:\\\/\\\/akunq.net\\\/tr\\\/?p=26991\",\"name\":\"Aliyev ve Sarkisyan Viyana'da bir araya geldi - Bati Ermenistan Ve Bati Ermenileri Sorunlari Ara\u015ftirmalar Merkezi\",\"isPartOf\":{\"@id\":\"https:\\\/\\\/akunq.net\\\/tr\\\/#website\"},\"datePublished\":\"2013-11-21T08:16:39+00:00\",\"author\":{\"@id\":\"https:\\\/\\\/akunq.net\\\/tr\\\/#\\\/schema\\\/person\\\/096f1d38a12cce57fb855b485ed24c9e\"},\"breadcrumb\":{\"@id\":\"https:\\\/\\\/akunq.net\\\/tr\\\/?p=26991#breadcrumb\"},\"inLanguage\":\"en-US\",\"potentialAction\":[{\"@type\":\"ReadAction\",\"target\":[\"https:\\\/\\\/akunq.net\\\/tr\\\/?p=26991\"]}]},{\"@type\":\"BreadcrumbList\",\"@id\":\"https:\\\/\\\/akunq.net\\\/tr\\\/?p=26991#breadcrumb\",\"itemListElement\":[{\"@type\":\"ListItem\",\"position\":1,\"name\":\"Home\",\"item\":\"https:\\\/\\\/akunq.net\\\/tr\"},{\"@type\":\"ListItem\",\"position\":2,\"name\":\"Aliyev ve Sarkisyan Viyana&#8217;da bir araya geldi\"}]},{\"@type\":\"WebSite\",\"@id\":\"https:\\\/\\\/akunq.net\\\/tr\\\/#website\",\"url\":\"https:\\\/\\\/akunq.net\\\/tr\\\/\",\"name\":\"Bati Ermenistan Ve Bati Ermenileri Sorunlari Ara\u015ftirmalar Merkezi\",\"description\":\"\",\"potentialAction\":[{\"@type\":\"SearchAction\",\"target\":{\"@type\":\"EntryPoint\",\"urlTemplate\":\"https:\\\/\\\/akunq.net\\\/tr\\\/?s={search_term_string}\"},\"query-input\":{\"@type\":\"PropertyValueSpecification\",\"valueRequired\":true,\"valueName\":\"search_term_string\"}}],\"inLanguage\":\"en-US\"},{\"@type\":\"Person\",\"@id\":\"https:\\\/\\\/akunq.net\\\/tr\\\/#\\\/schema\\\/person\\\/096f1d38a12cce57fb855b485ed24c9e\",\"name\":\"admin\",\"url\":\"https:\\\/\\\/akunq.net\\\/tr\\\/?author=7\"}]}<\/script>\n<!-- \/ Yoast SEO plugin. -->","yoast_head_json":{"title":"Aliyev ve Sarkisyan Viyana'da bir araya geldi - Bati Ermenistan Ve Bati Ermenileri Sorunlari Ara\u015ftirmalar Merkezi","robots":{"index":"index","follow":"follow","max-snippet":"max-snippet:-1","max-image-preview":"max-image-preview:large","max-video-preview":"max-video-preview:-1"},"canonical":"https:\/\/akunq.net\/tr\/?p=26991","og_locale":"en_US","og_type":"article","og_title":"Aliyev ve Sarkisyan Viyana'da bir araya geldi - Bati Ermenistan Ve Bati Ermenileri Sorunlari Ara\u015ftirmalar Merkezi","og_description":"\u0130lham Aliyev ile Ermenistan Cumhurba\u015fkan\u0131 Serj Sarkisyan, Avrupa G\u00fcvenlik ve \u0130\u015fbirli\u011fi Te\u015fkilat\u0131&#8217;n\u0131n (AG\u0130T) Viyana&#8217;daki merkezinde bir araya geldi. Bas\u0131na kapal\u0131 ger\u00e7ekle\u015fen ve g\u00f6r\u00fcnt\u00fc al\u0131nmas\u0131na da izin verilmeyen g\u00f6r\u00fc\u015fmenin ard\u0131ndan yap\u0131lan k\u0131sa a\u00e7\u0131klamada, iki cumhurba\u015fkan\u0131n\u0131n Da\u011fl\u0131k Karaba\u011fsorununun ele ald\u0131klar\u0131 ve bu konuda Minsk Grubu \u00fcyesi ABD, Rusya Federasyonu ve Fransa daimi temsilcileriyle de g\u00f6r\u00fc\u015ft\u00fckleri bildirildi. Taraflar\u0131n [&hellip;]","og_url":"https:\/\/akunq.net\/tr\/?p=26991","og_site_name":"Bati Ermenistan Ve Bati Ermenileri Sorunlari Ara\u015ftirmalar Merkezi","article_published_time":"2013-11-21T08:16:39+00:00","author":"admin","twitter_card":"summary_large_image","twitter_misc":{"Written by":"admin","Est. reading time":"1 minute"},"schema":{"@context":"https:\/\/schema.org","@graph":[{"@type":"Article","@id":"https:\/\/akunq.net\/tr\/?p=26991#article","isPartOf":{"@id":"https:\/\/akunq.net\/tr\/?p=26991"},"author":{"name":"admin","@id":"https:\/\/akunq.net\/tr\/#\/schema\/person\/096f1d38a12cce57fb855b485ed24c9e"},"headline":"Aliyev ve Sarkisyan Viyana&#8217;da bir araya geldi","datePublished":"2013-11-21T08:16:39+00:00","mainEntityOfPage":{"@id":"https:\/\/akunq.net\/tr\/?p=26991"},"wordCount":228,"commentCount":0,"articleSection":["Haberler"],"inLanguage":"en-US","potentialAction":[{"@type":"CommentAction","name":"Comment","target":["https:\/\/akunq.net\/tr\/?p=26991#respond"]}]},{"@type":"WebPage","@id":"https:\/\/akunq.net\/tr\/?p=26991","url":"https:\/\/akunq.net\/tr\/?p=26991","name":"Aliyev ve Sarkisyan Viyana'da bir araya geldi - Bati Ermenistan Ve Bati Ermenileri Sorunlari Ara\u015ftirmalar Merkezi","isPartOf":{"@id":"https:\/\/akunq.net\/tr\/#website"},"datePublished":"2013-11-21T08:16:39+00:00","author":{"@id":"https:\/\/akunq.net\/tr\/#\/schema\/person\/096f1d38a12cce57fb855b485ed24c9e"},"breadcrumb":{"@id":"https:\/\/akunq.net\/tr\/?p=26991#breadcrumb"},"inLanguage":"en-US","potentialAction":[{"@type":"ReadAction","target":["https:\/\/akunq.net\/tr\/?p=26991"]}]},{"@type":"BreadcrumbList","@id":"https:\/\/akunq.net\/tr\/?p=26991#breadcrumb","itemListElement":[{"@type":"ListItem","position":1,"name":"Home","item":"https:\/\/akunq.net\/tr"},{"@type":"ListItem","position":2,"name":"Aliyev ve Sarkisyan Viyana&#8217;da bir araya geldi"}]},{"@type":"WebSite","@id":"https:\/\/akunq.net\/tr\/#website","url":"https:\/\/akunq.net\/tr\/","name":"Bati Ermenistan Ve Bati Ermenileri Sorunlari Ara\u015ftirmalar Merkezi","description":"","potentialAction":[{"@type":"SearchAction","target":{"@type":"EntryPoint","urlTemplate":"https:\/\/akunq.net\/tr\/?s={search_term_string}"},"query-input":{"@type":"PropertyValueSpecification","valueRequired":true,"valueName":"search_term_string"}}],"inLanguage":"en-US"},{"@type":"Person","@id":"https:\/\/akunq.net\/tr\/#\/schema\/person\/096f1d38a12cce57fb855b485ed24c9e","name":"admin","url":"https:\/\/akunq.net\/tr\/?author=7"}]}},"_links":{"self":[{"href":"https:\/\/akunq.net\/tr\/index.php?rest_route=\/wp\/v2\/posts\/26991","targetHints":{"allow":["GET"]}}],"collection":[{"href":"https:\/\/akunq.net\/tr\/index.php?rest_route=\/wp\/v2\/posts"}],"about":[{"href":"https:\/\/akunq.net\/tr\/index.php?rest_route=\/wp\/v2\/types\/post"}],"author":[{"embeddable":true,"href":"https:\/\/akunq.net\/tr\/index.php?rest_route=\/wp\/v2\/users\/7"}],"replies":[{"embeddable":true,"href":"https:\/\/akunq.net\/tr\/index.php?rest_route=%2Fwp%2Fv2%2Fcomments&post=26991"}],"version-history":[{"count":1,"href":"https:\/\/akunq.net\/tr\/index.php?rest_route=\/wp\/v2\/posts\/26991\/revisions"}],"predecessor-version":[{"id":26993,"href":"https:\/\/akunq.net\/tr\/index.php?rest_route=\/wp\/v2\/posts\/26991\/revisions\/26993"}],"wp:attachment":[{"href":"https:\/\/akunq.net\/tr\/index.php?rest_route=%2Fwp%2Fv2%2Fmedia&parent=26991"}],"wp:term":[{"taxonomy":"category","embeddable":true,"href":"https:\/\/akunq.net\/tr\/index.php?rest_route=%2Fwp%2Fv2%2Fcategories&post=26991"},{"taxonomy":"post_tag","embeddable":true,"href":"https:\/\/akunq.net\/tr\/index.php?rest_route=%2Fwp%2Fv2%2Ftags&post=26991"}],"curies":[{"name":"wp","href":"https:\/\/api.w.org\/{rel}","templated":true}]}}