{"id":26985,"date":"2013-11-21T02:13:15","date_gmt":"2013-11-21T07:13:15","guid":{"rendered":"http:\/\/akunq.net\/tr\/?p=26985"},"modified":"2013-11-21T02:13:15","modified_gmt":"2013-11-21T07:13:15","slug":"bizansin-en-buyuk-manastiri-camiye-cevriliyor","status":"publish","type":"post","link":"https:\/\/akunq.net\/tr\/?p=26985","title":{"rendered":"Bizans\u2019\u0131n en b\u00fcy\u00fck manast\u0131r\u0131 camiye \u00e7evriliyor"},"content":{"rendered":"<p style=\"text-align: justify;\"><b><a href=\"http:\/\/akunq.net\/tr\/wp-content\/uploads\/2013\/11\/\u0130mrahor-An\u0131t\u0131.jpg\"><img loading=\"lazy\" decoding=\"async\" class=\"alignright size-medium wp-image-26986\" alt=\"\u0130mrahor An\u0131t\u0131\" src=\"http:\/\/akunq.net\/tr\/wp-content\/uploads\/2013\/11\/\u0130mrahor-An\u0131t\u0131-300x218.jpg\" width=\"300\" height=\"218\" srcset=\"https:\/\/akunq.net\/tr\/wp-content\/uploads\/sites\/6\/2013\/11\/\u0130mrahor-An\u0131t\u0131-300x218.jpg 300w, https:\/\/akunq.net\/tr\/wp-content\/uploads\/sites\/6\/2013\/11\/\u0130mrahor-An\u0131t\u0131.jpg 549w\" sizes=\"auto, (max-width: 300px) 100vw, 300px\" \/><\/a>SERDAR KORUCU<\/b><\/p>\n<p style=\"text-align: justify;\"><b><i>\u0130stanbul\u2019daki Ayasofya M\u00fczesi\u2019nin cami olarak a\u00e7\u0131lmas\u0131 i\u00e7in MHP\u2019nin teklifi ve Ba\u015fbakan Yard\u0131mc\u0131s\u0131 B\u00fclent Ar\u0131n\u00e7\u2019\u0131n \u2018ima\u2019s\u0131 tart\u0131\u015fma yarat\u0131rken, sessiz sedas\u0131z bir ba\u015fka de\u011fi\u015fiklik hayata ge\u00e7irildi. Ayasofya M\u00fczesi\u2019ne ba\u011fl\u0131 bulunan \u2018\u0130mrahor An\u0131t\u0131\u2019, restore edilerek \u2018\u0130mrahor \u0130lyas Bey Camii\u2019 olarak a\u00e7\u0131lacak.<\/i><\/b><\/p>\n<p style=\"text-align: justify;\">\u0130stanbul\u2019daki Ayasofya M\u00fczesi\u2019nin cami olarak a\u00e7\u0131lmas\u0131 i\u00e7in MHP\u2019nin teklifi ve Ba\u015fbakan Yard\u0131mc\u0131s\u0131 B\u00fclent Ar\u0131n\u00e7\u2019\u0131n \u2018ima\u2019s\u0131 tart\u0131\u015fma yarat\u0131rken, sessiz sedas\u0131z bir ba\u015fka de\u011fi\u015fiklik hayata ge\u00e7irildi. Ayasofya M\u00fczesi\u2019ne ba\u011fl\u0131 bulunan \u2018\u0130mrahor An\u0131t\u0131\u2019, restore edilerek \u2018\u0130mrahor \u0130lyas Bey Camii\u2019 olarak a\u00e7\u0131lacak.<\/p>\n<p style=\"text-align: justify;\">Agios Ioannes Prodromos (Vaftizci Yahya) Kilisesi ya da bug\u00fcnk\u00fc ad\u0131yla \u2018\u0130mrahor An\u0131t\u0131\u2019, Bizans \u0130mparatorlu\u011fu\u2019nun en b\u00fcy\u00fck manast\u0131rlar\u0131ndan Studios\u2019un ayakta kalan en \u00f6nemli b\u00f6l\u00fcm\u00fcn\u00fc olu\u015fturuyor.<\/p>\n<p style=\"text-align: justify;\">Bizans d\u00f6neminde \u015fehrin yedinci tepesi olan Samatya\u2019da in\u015fa edilen kilise, tarih\u00e7i Theophanes\u2019e g\u00f6re 463 y\u0131l\u0131na dayan\u0131yor. Do\u011fu kons\u00fcl\u00fc, Patriokosunvanl\u0131 Studios taraf\u0131ndan kendi m\u00fclk\u00fc olan arazi \u00fczerine yapt\u0131r\u0131lan kilise Bizans Saray\u0131\u2019n\u0131n dini t\u00f6renlerinde \u00f6nemli bir yere sahipti. Bu merasimlerden \u00f6nde geleni ise ad\u0131n\u0131 ta\u015f\u0131d\u0131\u011f\u0131 Ioannes Prodromos Yortusu g\u00fcn\u00fcndeydi. \u0130mparator, yortu g\u00fcn\u00fc B\u00fcy\u00fck Saray\u2019dan bir mavna ile gelir, Narl\u0131kap\u0131\u2019da k\u0131y\u0131ya \u00e7\u0131kar, Studion\u2019un ba\u015fke\u015fi\u015fi taraf\u0131ndan kar\u015f\u0131lan\u0131rd\u0131.<\/p>\n<p style=\"text-align: justify;\">Studion\u2019daki ilk ke\u015fi\u015fler, b\u00fct\u00fcn g\u00fcn ve gece boyunca n\u00f6betle\u015fe dua ettiklerinden \u2018uykusuzlar\u2019 \u00a0yani \u2018Akoimetoi\u2019 diye bilinen bir tarikata ba\u011fl\u0131yd\u0131. En \u015fa\u015faal\u0131 d\u00f6neminde bin kadar ke\u015fi\u015fi bar\u0131nd\u0131ran manast\u0131r, bin y\u0131l kadar \u015fehrin ya\u015fam\u0131nda entelekt\u00fcel hayat\u0131n ve sanat\u0131n merkezi oldu. 799\u2019da ikonaklast imparatorlara kar\u015f\u0131 m\u00fccadele veren liderlerden biri olan Aziz Theodoros Studite\u2019in ba\u015fke\u015fi\u015f olmas\u0131yla Studios, imparatorlu\u011fun en g\u00fc\u00e7l\u00fc ve etkili manast\u0131r\u0131 oldu. Bu d\u00f6nemde Studios\u2019un ke\u015fi\u015fleri, \u015fair, ilahi bestekar\u0131, \u00e2lim, sanat\u00e7\u0131 olarak tan\u0131nd\u0131.<\/p>\n<p style=\"text-align: justify;\"><b>Ke\u015fi\u015fler gitti, dervi\u015fler geldi<\/b><\/p>\n<p style=\"text-align: justify;\">Konstantinopolis\u2019in el de\u011fi\u015ftirmesine ra\u011fmen 15. y\u00fczy\u0131l\u0131n sonunda bininci y\u0131l\u0131n\u0131 kutlayan manast\u0131r, Sultan II. Bayezid\u2019in imrahoru (padi\u015fah\u0131n ah\u0131rlar\u0131na bakan) \u0130lyas Bey taraf\u0131ndan 1486\u2019da \u00f6nce camiye \u00e7evrildi. Bir s\u00fcre sonra ise cami zaviyeye d\u00f6n\u00fc\u015ft\u00fc. B\u00f6ylece Bizans\u2019\u0131n ke\u015fi\u015flerinin yerini Osmanl\u0131\u2019n\u0131n dervi\u015fleri ald\u0131. K\u00fclt\u00fcr alan\u0131ndaki gelenekse bu kez \u0130slam \u00fczerinden devam etti. Seyyit Abdullah Efendi, S\u00fcleyman, Seyyit H\u00fcseyin ve Seyyit Hasan gibi \u00fcnl\u00fc hattatlar yeti\u015fti.<\/p>\n<p style=\"text-align: justify;\">1792\u2019de \u00e7\u0131kan bir yang\u0131nda tahrip olan yap\u0131, 1894\u2019teki \u0130stanbul yang\u0131n\u0131 sonras\u0131 terk edildi. Rus Arkeoloji Enstit\u00fcs\u00fc 1907-13 y\u0131llar\u0131 aras\u0131nda \u00e7al\u0131\u015fma yaparken, 1946 y\u0131l\u0131nda eser, bir Bakanlar Kurulu karar\u0131 ile m\u00fczeye \u00e7evrilerek Ayasofya M\u00fczesi\u2019ne ba\u011fland\u0131. Ancak ayn\u0131 zamanda da kaderine terk edildi. 80\u2019li y\u0131llarda turistlerin an\u0131t\u0131 gezmeleri i\u00e7in \u00f6nce idareden \u00f6zel izin almalar\u0131 gerekiyor ard\u0131ndan an\u0131t\u0131n avlusunda ya\u015fayanlara \u00fccret \u00f6demek zorunda kal\u0131yorlard\u0131. Yani resmiyette m\u00fcze olsa da giri\u015fi yoktu. 2012 y\u0131l\u0131nda ise an\u0131t\u0131n \u2018m\u00fcze\u2019 stat\u00fcs\u00fc sessizce elinden al\u0131nd\u0131. \u015eimdi ise yeniden Osmanl\u0131 d\u00f6nemindeki stat\u00fcs\u00fcne d\u00f6nmesine karar verildi, yani camiye \u00e7evrilmesine\u2026<\/p>\n<p style=\"text-align: justify;\">Vak\u0131flar Genel M\u00fcd\u00fcr\u00fc Adnan Ertem, 2014&#8217;te ba\u015flanacak restorasyonun ard\u0131ndan an\u0131t\u0131n cami olaca\u011f\u0131n\u0131 a\u00e7\u0131klad\u0131. B\u00f6ylece \u0130znik ve Trabzon\u2019daki Ayasofya\u2019lar\u0131n ard\u0131ndan cumhuriyet tarihinde m\u00fcze olmas\u0131na karar verilen bir ba\u015fka H\u0131ristiyan mabedi daha camiye d\u00f6n\u00fc\u015fecek. G\u00f6zler ise s\u0131ran\u0131n \u0130stanbul\u2019daki Ayasofya\u2019ya gelip gelmeyece\u011finde\u2026<\/p>\n<p style=\"text-align: justify;\">Vak\u0131flar Genel M\u00fcd\u00fcr\u00fc Adnan Ertem bu konuyla ilgili de konu\u015ftu, \u201c\u0130mrahor \u0130lyas Bey Camii&#8217;nde oldu\u011fu gibi Ayasofya&#8217;ya ili\u015fkin de Bakanlar Kurulu karar\u0131 gerekiyor. Vazife verilirse bunu yapmak i\u00e7in elimizden geleni yapar\u0131z\u201d dedi.<\/p>\n<p style=\"text-align: justify;\"><b><i>http:\/\/www.agos.com.tr\/bizansin-en-buyuk-manastiri-camiye-cevriliyor-6168.html<\/i><\/b><\/p>\n","protected":false},"excerpt":{"rendered":"<p>SERDAR KORUCU \u0130stanbul\u2019daki Ayasofya M\u00fczesi\u2019nin cami olarak a\u00e7\u0131lmas\u0131 i\u00e7in MHP\u2019nin teklifi ve Ba\u015fbakan Yard\u0131mc\u0131s\u0131 B\u00fclent Ar\u0131n\u00e7\u2019\u0131n \u2018ima\u2019s\u0131 tart\u0131\u015fma yarat\u0131rken, sessiz sedas\u0131z bir ba\u015fka de\u011fi\u015fiklik hayata ge\u00e7irildi. Ayasofya M\u00fczesi\u2019ne ba\u011fl\u0131 bulunan \u2018\u0130mrahor An\u0131t\u0131\u2019, restore edilerek \u2018\u0130mrahor \u0130lyas Bey Camii\u2019 olarak a\u00e7\u0131lacak. \u0130stanbul\u2019daki Ayasofya M\u00fczesi\u2019nin cami olarak a\u00e7\u0131lmas\u0131 i\u00e7in MHP\u2019nin teklifi ve Ba\u015fbakan Yard\u0131mc\u0131s\u0131 B\u00fclent Ar\u0131n\u00e7\u2019\u0131n \u2018ima\u2019s\u0131 [&hellip;]<\/p>\n","protected":false},"author":7,"featured_media":0,"comment_status":"open","ping_status":"open","sticky":false,"template":"","format":"standard","meta":{"footnotes":""},"categories":[1],"tags":[],"class_list":["post-26985","post","type-post","status-publish","format-standard","hentry","category-haberler"],"yoast_head":"<!-- This site is optimized with the Yoast SEO plugin v27.4 - https:\/\/yoast.com\/product\/yoast-seo-wordpress\/ -->\n<title>Bizans\u2019\u0131n en b\u00fcy\u00fck manast\u0131r\u0131 camiye \u00e7evriliyor - Bati Ermenistan Ve Bati Ermenileri Sorunlari Ara\u015ftirmalar Merkezi<\/title>\n<meta name=\"robots\" content=\"index, follow, max-snippet:-1, max-image-preview:large, max-video-preview:-1\" \/>\n<link rel=\"canonical\" href=\"https:\/\/akunq.net\/tr\/?p=26985\" \/>\n<meta property=\"og:locale\" content=\"en_US\" \/>\n<meta property=\"og:type\" content=\"article\" \/>\n<meta property=\"og:title\" content=\"Bizans\u2019\u0131n en b\u00fcy\u00fck manast\u0131r\u0131 camiye \u00e7evriliyor - Bati Ermenistan Ve Bati Ermenileri Sorunlari Ara\u015ftirmalar Merkezi\" \/>\n<meta property=\"og:description\" content=\"SERDAR KORUCU \u0130stanbul\u2019daki Ayasofya M\u00fczesi\u2019nin cami olarak a\u00e7\u0131lmas\u0131 i\u00e7in MHP\u2019nin teklifi ve Ba\u015fbakan Yard\u0131mc\u0131s\u0131 B\u00fclent Ar\u0131n\u00e7\u2019\u0131n \u2018ima\u2019s\u0131 tart\u0131\u015fma yarat\u0131rken, sessiz sedas\u0131z bir ba\u015fka de\u011fi\u015fiklik hayata ge\u00e7irildi. Ayasofya M\u00fczesi\u2019ne ba\u011fl\u0131 bulunan \u2018\u0130mrahor An\u0131t\u0131\u2019, restore edilerek \u2018\u0130mrahor \u0130lyas Bey Camii\u2019 olarak a\u00e7\u0131lacak. \u0130stanbul\u2019daki Ayasofya M\u00fczesi\u2019nin cami olarak a\u00e7\u0131lmas\u0131 i\u00e7in MHP\u2019nin teklifi ve Ba\u015fbakan Yard\u0131mc\u0131s\u0131 B\u00fclent Ar\u0131n\u00e7\u2019\u0131n \u2018ima\u2019s\u0131 [&hellip;]\" \/>\n<meta property=\"og:url\" content=\"https:\/\/akunq.net\/tr\/?p=26985\" \/>\n<meta property=\"og:site_name\" content=\"Bati Ermenistan Ve Bati Ermenileri Sorunlari Ara\u015ftirmalar Merkezi\" \/>\n<meta property=\"article:published_time\" content=\"2013-11-21T07:13:15+00:00\" \/>\n<meta name=\"author\" content=\"admin\" \/>\n<meta name=\"twitter:card\" content=\"summary_large_image\" \/>\n<meta name=\"twitter:label1\" content=\"Written by\" \/>\n\t<meta name=\"twitter:data1\" content=\"admin\" \/>\n\t<meta name=\"twitter:label2\" content=\"Est. reading time\" \/>\n\t<meta name=\"twitter:data2\" content=\"4 minutes\" \/>\n<script type=\"application\/ld+json\" class=\"yoast-schema-graph\">{\"@context\":\"https:\\\/\\\/schema.org\",\"@graph\":[{\"@type\":\"Article\",\"@id\":\"https:\\\/\\\/akunq.net\\\/tr\\\/?p=26985#article\",\"isPartOf\":{\"@id\":\"https:\\\/\\\/akunq.net\\\/tr\\\/?p=26985\"},\"author\":{\"name\":\"admin\",\"@id\":\"https:\\\/\\\/akunq.net\\\/tr\\\/#\\\/schema\\\/person\\\/096f1d38a12cce57fb855b485ed24c9e\"},\"headline\":\"Bizans\u2019\u0131n en b\u00fcy\u00fck manast\u0131r\u0131 camiye \u00e7evriliyor\",\"datePublished\":\"2013-11-21T07:13:15+00:00\",\"mainEntityOfPage\":{\"@id\":\"https:\\\/\\\/akunq.net\\\/tr\\\/?p=26985\"},\"wordCount\":713,\"commentCount\":0,\"articleSection\":[\"Haberler\"],\"inLanguage\":\"en-US\",\"potentialAction\":[{\"@type\":\"CommentAction\",\"name\":\"Comment\",\"target\":[\"https:\\\/\\\/akunq.net\\\/tr\\\/?p=26985#respond\"]}]},{\"@type\":\"WebPage\",\"@id\":\"https:\\\/\\\/akunq.net\\\/tr\\\/?p=26985\",\"url\":\"https:\\\/\\\/akunq.net\\\/tr\\\/?p=26985\",\"name\":\"Bizans\u2019\u0131n en b\u00fcy\u00fck manast\u0131r\u0131 camiye \u00e7evriliyor - Bati Ermenistan Ve Bati Ermenileri Sorunlari Ara\u015ftirmalar Merkezi\",\"isPartOf\":{\"@id\":\"https:\\\/\\\/akunq.net\\\/tr\\\/#website\"},\"datePublished\":\"2013-11-21T07:13:15+00:00\",\"author\":{\"@id\":\"https:\\\/\\\/akunq.net\\\/tr\\\/#\\\/schema\\\/person\\\/096f1d38a12cce57fb855b485ed24c9e\"},\"breadcrumb\":{\"@id\":\"https:\\\/\\\/akunq.net\\\/tr\\\/?p=26985#breadcrumb\"},\"inLanguage\":\"en-US\",\"potentialAction\":[{\"@type\":\"ReadAction\",\"target\":[\"https:\\\/\\\/akunq.net\\\/tr\\\/?p=26985\"]}]},{\"@type\":\"BreadcrumbList\",\"@id\":\"https:\\\/\\\/akunq.net\\\/tr\\\/?p=26985#breadcrumb\",\"itemListElement\":[{\"@type\":\"ListItem\",\"position\":1,\"name\":\"Home\",\"item\":\"https:\\\/\\\/akunq.net\\\/tr\"},{\"@type\":\"ListItem\",\"position\":2,\"name\":\"Bizans\u2019\u0131n en b\u00fcy\u00fck manast\u0131r\u0131 camiye \u00e7evriliyor\"}]},{\"@type\":\"WebSite\",\"@id\":\"https:\\\/\\\/akunq.net\\\/tr\\\/#website\",\"url\":\"https:\\\/\\\/akunq.net\\\/tr\\\/\",\"name\":\"Bati Ermenistan Ve Bati Ermenileri Sorunlari Ara\u015ftirmalar Merkezi\",\"description\":\"\",\"potentialAction\":[{\"@type\":\"SearchAction\",\"target\":{\"@type\":\"EntryPoint\",\"urlTemplate\":\"https:\\\/\\\/akunq.net\\\/tr\\\/?s={search_term_string}\"},\"query-input\":{\"@type\":\"PropertyValueSpecification\",\"valueRequired\":true,\"valueName\":\"search_term_string\"}}],\"inLanguage\":\"en-US\"},{\"@type\":\"Person\",\"@id\":\"https:\\\/\\\/akunq.net\\\/tr\\\/#\\\/schema\\\/person\\\/096f1d38a12cce57fb855b485ed24c9e\",\"name\":\"admin\",\"url\":\"https:\\\/\\\/akunq.net\\\/tr\\\/?author=7\"}]}<\/script>\n<!-- \/ Yoast SEO plugin. -->","yoast_head_json":{"title":"Bizans\u2019\u0131n en b\u00fcy\u00fck manast\u0131r\u0131 camiye \u00e7evriliyor - Bati Ermenistan Ve Bati Ermenileri Sorunlari Ara\u015ftirmalar Merkezi","robots":{"index":"index","follow":"follow","max-snippet":"max-snippet:-1","max-image-preview":"max-image-preview:large","max-video-preview":"max-video-preview:-1"},"canonical":"https:\/\/akunq.net\/tr\/?p=26985","og_locale":"en_US","og_type":"article","og_title":"Bizans\u2019\u0131n en b\u00fcy\u00fck manast\u0131r\u0131 camiye \u00e7evriliyor - Bati Ermenistan Ve Bati Ermenileri Sorunlari Ara\u015ftirmalar Merkezi","og_description":"SERDAR KORUCU \u0130stanbul\u2019daki Ayasofya M\u00fczesi\u2019nin cami olarak a\u00e7\u0131lmas\u0131 i\u00e7in MHP\u2019nin teklifi ve Ba\u015fbakan Yard\u0131mc\u0131s\u0131 B\u00fclent Ar\u0131n\u00e7\u2019\u0131n \u2018ima\u2019s\u0131 tart\u0131\u015fma yarat\u0131rken, sessiz sedas\u0131z bir ba\u015fka de\u011fi\u015fiklik hayata ge\u00e7irildi. Ayasofya M\u00fczesi\u2019ne ba\u011fl\u0131 bulunan \u2018\u0130mrahor An\u0131t\u0131\u2019, restore edilerek \u2018\u0130mrahor \u0130lyas Bey Camii\u2019 olarak a\u00e7\u0131lacak. \u0130stanbul\u2019daki Ayasofya M\u00fczesi\u2019nin cami olarak a\u00e7\u0131lmas\u0131 i\u00e7in MHP\u2019nin teklifi ve Ba\u015fbakan Yard\u0131mc\u0131s\u0131 B\u00fclent Ar\u0131n\u00e7\u2019\u0131n \u2018ima\u2019s\u0131 [&hellip;]","og_url":"https:\/\/akunq.net\/tr\/?p=26985","og_site_name":"Bati Ermenistan Ve Bati Ermenileri Sorunlari Ara\u015ftirmalar Merkezi","article_published_time":"2013-11-21T07:13:15+00:00","author":"admin","twitter_card":"summary_large_image","twitter_misc":{"Written by":"admin","Est. reading time":"4 minutes"},"schema":{"@context":"https:\/\/schema.org","@graph":[{"@type":"Article","@id":"https:\/\/akunq.net\/tr\/?p=26985#article","isPartOf":{"@id":"https:\/\/akunq.net\/tr\/?p=26985"},"author":{"name":"admin","@id":"https:\/\/akunq.net\/tr\/#\/schema\/person\/096f1d38a12cce57fb855b485ed24c9e"},"headline":"Bizans\u2019\u0131n en b\u00fcy\u00fck manast\u0131r\u0131 camiye \u00e7evriliyor","datePublished":"2013-11-21T07:13:15+00:00","mainEntityOfPage":{"@id":"https:\/\/akunq.net\/tr\/?p=26985"},"wordCount":713,"commentCount":0,"articleSection":["Haberler"],"inLanguage":"en-US","potentialAction":[{"@type":"CommentAction","name":"Comment","target":["https:\/\/akunq.net\/tr\/?p=26985#respond"]}]},{"@type":"WebPage","@id":"https:\/\/akunq.net\/tr\/?p=26985","url":"https:\/\/akunq.net\/tr\/?p=26985","name":"Bizans\u2019\u0131n en b\u00fcy\u00fck manast\u0131r\u0131 camiye \u00e7evriliyor - Bati Ermenistan Ve Bati Ermenileri Sorunlari Ara\u015ftirmalar Merkezi","isPartOf":{"@id":"https:\/\/akunq.net\/tr\/#website"},"datePublished":"2013-11-21T07:13:15+00:00","author":{"@id":"https:\/\/akunq.net\/tr\/#\/schema\/person\/096f1d38a12cce57fb855b485ed24c9e"},"breadcrumb":{"@id":"https:\/\/akunq.net\/tr\/?p=26985#breadcrumb"},"inLanguage":"en-US","potentialAction":[{"@type":"ReadAction","target":["https:\/\/akunq.net\/tr\/?p=26985"]}]},{"@type":"BreadcrumbList","@id":"https:\/\/akunq.net\/tr\/?p=26985#breadcrumb","itemListElement":[{"@type":"ListItem","position":1,"name":"Home","item":"https:\/\/akunq.net\/tr"},{"@type":"ListItem","position":2,"name":"Bizans\u2019\u0131n en b\u00fcy\u00fck manast\u0131r\u0131 camiye \u00e7evriliyor"}]},{"@type":"WebSite","@id":"https:\/\/akunq.net\/tr\/#website","url":"https:\/\/akunq.net\/tr\/","name":"Bati Ermenistan Ve Bati Ermenileri Sorunlari Ara\u015ftirmalar Merkezi","description":"","potentialAction":[{"@type":"SearchAction","target":{"@type":"EntryPoint","urlTemplate":"https:\/\/akunq.net\/tr\/?s={search_term_string}"},"query-input":{"@type":"PropertyValueSpecification","valueRequired":true,"valueName":"search_term_string"}}],"inLanguage":"en-US"},{"@type":"Person","@id":"https:\/\/akunq.net\/tr\/#\/schema\/person\/096f1d38a12cce57fb855b485ed24c9e","name":"admin","url":"https:\/\/akunq.net\/tr\/?author=7"}]}},"_links":{"self":[{"href":"https:\/\/akunq.net\/tr\/index.php?rest_route=\/wp\/v2\/posts\/26985","targetHints":{"allow":["GET"]}}],"collection":[{"href":"https:\/\/akunq.net\/tr\/index.php?rest_route=\/wp\/v2\/posts"}],"about":[{"href":"https:\/\/akunq.net\/tr\/index.php?rest_route=\/wp\/v2\/types\/post"}],"author":[{"embeddable":true,"href":"https:\/\/akunq.net\/tr\/index.php?rest_route=\/wp\/v2\/users\/7"}],"replies":[{"embeddable":true,"href":"https:\/\/akunq.net\/tr\/index.php?rest_route=%2Fwp%2Fv2%2Fcomments&post=26985"}],"version-history":[{"count":1,"href":"https:\/\/akunq.net\/tr\/index.php?rest_route=\/wp\/v2\/posts\/26985\/revisions"}],"predecessor-version":[{"id":26987,"href":"https:\/\/akunq.net\/tr\/index.php?rest_route=\/wp\/v2\/posts\/26985\/revisions\/26987"}],"wp:attachment":[{"href":"https:\/\/akunq.net\/tr\/index.php?rest_route=%2Fwp%2Fv2%2Fmedia&parent=26985"}],"wp:term":[{"taxonomy":"category","embeddable":true,"href":"https:\/\/akunq.net\/tr\/index.php?rest_route=%2Fwp%2Fv2%2Fcategories&post=26985"},{"taxonomy":"post_tag","embeddable":true,"href":"https:\/\/akunq.net\/tr\/index.php?rest_route=%2Fwp%2Fv2%2Ftags&post=26985"}],"curies":[{"name":"wp","href":"https:\/\/api.w.org\/{rel}","templated":true}]}}