{"id":26977,"date":"2013-11-20T05:49:28","date_gmt":"2013-11-20T10:49:28","guid":{"rendered":"http:\/\/akunq.net\/tr\/?p=26977"},"modified":"2013-11-20T05:49:28","modified_gmt":"2013-11-20T10:49:28","slug":"osman-baydemirden-turkiye-kurdistani-cikisi","status":"publish","type":"post","link":"https:\/\/akunq.net\/tr\/?p=26977","title":{"rendered":"Osman Baydemir\u2019den T\u00fcrkiye K\u00fcrdistan\u2019\u0131 \u00e7\u0131k\u0131\u015f\u0131"},"content":{"rendered":"<p style=\"text-align: justify;\"><b><i><a href=\"http:\/\/akunq.net\/tr\/wp-content\/uploads\/2013\/11\/\u0532\u0561\u0575\u0564\u0565\u0574\u056b\u0580.jpg\"><img loading=\"lazy\" decoding=\"async\" class=\"alignright size-medium wp-image-26978\" alt=\"\u0532\u0561\u0575\u0564\u0565\u0574\u056b\u0580\" src=\"http:\/\/akunq.net\/tr\/wp-content\/uploads\/2013\/11\/\u0532\u0561\u0575\u0564\u0565\u0574\u056b\u0580-300x161.jpg\" width=\"300\" height=\"161\" srcset=\"https:\/\/akunq.net\/tr\/wp-content\/uploads\/sites\/6\/2013\/11\/\u0532\u0561\u0575\u0564\u0565\u0574\u056b\u0580-300x161.jpg 300w, https:\/\/akunq.net\/tr\/wp-content\/uploads\/sites\/6\/2013\/11\/\u0532\u0561\u0575\u0564\u0565\u0574\u056b\u0580.jpg 450w\" sizes=\"auto, (max-width: 300px) 100vw, 300px\" \/><\/a>CNN T\u00fcrk ekranlar\u0131nda yay\u0131nlanan 5N1K program\u0131 bu ak\u015fam Osman Baydemir\u2019i a\u011f\u0131rlad\u0131.\u00a0 Programda kulland\u0131\u011f\u0131 \u201cT\u00fcrkiye K\u00fcrdistan\u2019\u0131 s\u00f6z\u00fc normalle\u015fecektir!\u201d s\u00f6zleri ile sosyal medyada tepki ya\u011fmuruna tutuldu.<\/i><\/b><\/p>\n<p style=\"text-align: justify;\"><strong>T\u00dcRK\u0130YE&#8217;N\u0130N K\u00dcRD\u0130STAN&#8217;I DED\u0130<\/strong><\/p>\n<p style=\"text-align: justify;\">Programda ilk kez T\u00fcrkiye&#8217;nin K\u00fcrdistan&#8217;\u0131 ifadesini de kullanan Baydemir, bu nitelemenin yanl\u0131\u015f olmad\u0131\u011f\u0131n\u0131 Erdo\u011fan&#8217;\u0131n da K\u00fcrdistan kelimesini kullanarak \u00f6nemli bir yanl\u0131\u015f\u0131 d\u00fczeltti\u011fini s\u00f6yledi. \u0130\u015fte programdaki o ilgin\u00e7 de\u011ferlendirme;<\/p>\n<p style=\"text-align: justify;\">&#8220;Biz nas\u0131l K\u0131rg\u0131zistan&#8217;a K\u0131rg\u0131zistan diyorsak, Tacikistan&#8217;a Tacikistan, Yunanistan&#8217;a da Yunanistan diyorsak b\u0131rak\u0131n 90 y\u0131l oldu, K\u00fcrdistan&#8217;a da K\u00fcrdistan diyelim. Vallahi k\u0131yamet kopmaz. Say\u0131n Ba\u015fbakan&#8217;a K\u00fcrdistan&#8217;a K\u00fcrdistan dedi\u011fi i\u00e7in te\u015fekk\u00fcr ederim. Bana bakarsan\u0131z bu devrim de\u011fil, bir ay\u0131b\u0131 bertaraf etmektir. Bundan ger\u00e7ekten korkmamak gerekiyor. \u0130ran K\u00fcrdistan&#8217;a Kuzey \u0130ran m\u0131 diyece\u011fiz. Bug\u00fcne kadar Irak&#8217;\u0131n Kuzey&#8217;i diyorsak, T\u00fcrkiye K\u00fcrdistan&#8217;\u0131na da T\u00fcrkiye&#8217;nin g\u00fcneyi diyorsak artak bunlar yerine K\u00fcrdistan dememizde, T\u00fcrkiye K\u00fcrdistan&#8217;\u0131 dememizde hi\u00e7bir sak\u0131nca yoktur.<br \/>\nT\u00fcrkiye K\u00fcrdistan\u0131 ifadesini kullanan Baydemir K\u00fcrdistan\u2019\u0131n s\u0131n\u0131rlar\u0131 neresidir sorusuna ise ilgin\u00e7 bir yan\u0131t verdi:<\/p>\n<p style=\"text-align: justify;\">T\u00fcrkiye K\u00fcrdistan b\u00f6lgesi ve Diyarbak\u0131r \u015fehri ne kadar Osman Baydemir&#8217;in ise o kadar da Karedenizli bir karde\u015fimindir.<br \/>\nEge b\u00f6lgesi ne kadar bir T\u00fcrk karde\u015fiminse o kadar da benim \u015fehrimdir.<br \/>\nHadiseye bu \u015fekilde baksak ayr\u0131lma \u015feklinde alg\u0131lamaktansa T\u00fcrkiye&#8217;nin b\u00fct\u00fcnl\u00fc\u011f\u00fc i\u00e7inde b\u00f6lgelerin ger\u00e7ek isimleri ile hitap edebilsek, hadiseye bu \u015fkilde bakabilsek bizi 70-80 y\u0131ld\u0131r idare edenlerin ne kadar yanl\u0131\u015f idare ettiklerini de g\u00f6rece\u011fiz.<br \/>\nC\u00fcneyt \u00d6zdemir\u2019in sundu\u011fu program\u0131n en \u00e7arp\u0131c\u0131 sorusu \u201cT\u00fcrkiye K\u00fcrdistan Federe y\u00f6netimi var hayalinizde var m\u0131?\u201d oldu.<br \/>\n\u00a0<br \/>\nBaydemir bu soruya \u201cBenim temel savunmam 10 y\u0131ld\u0131r, T\u00fcrkiye\u2019de Almanya\u2019da oldu\u011fu gibi eyalet sistemidir. T\u00fcrkiye\u2019de kendi K\u00fcrt yurtta\u015flar\u0131 oldu\u011fu s\u00fcrece Ortado\u011fu\u2019daki halklarla sa\u011fl\u0131kl\u0131 ili\u015fki kuramaz. Ortado\u011fudaki t\u00fcm K\u00fcrtlerle dostluk hukukun korunmas\u0131 ve ortado\u011fu\u2019daki t\u00fcm devletlere nihai demokrasiyi getirmesini \u00f6ng\u00f6r\u00fcyorum<br \/>\nDiyarbak\u0131r B\u00fcy\u00fck\u015fehir Belediye Ba\u015fkan\u0131 Osman Baydemir, Ba\u015fbakan Erdo\u011fan&#8217;\u0131n Diyarbak\u0131r \u00e7\u0131karmas\u0131nda kaydedilen foto\u011fraf\u0131n tarihi bir foto\u011fraf oldu\u011funu ifade etti. Baydemir, o foto\u011frafta Barzani&#8217;nin yan\u0131nda \u00d6calan&#8217;\u0131nda olmas\u0131 gerekti\u011fini s\u00f6yledi.<\/p>\n<p style=\"text-align: justify;\"><b><i>http:\/\/siyaset.milliyet.com.tr\/osman-baydemir-den-turkiye\/siyaset\/detay\/1794343\/default.htm<\/i><\/b><\/p>\n","protected":false},"excerpt":{"rendered":"<p>CNN T\u00fcrk ekranlar\u0131nda yay\u0131nlanan 5N1K program\u0131 bu ak\u015fam Osman Baydemir\u2019i a\u011f\u0131rlad\u0131.\u00a0 Programda kulland\u0131\u011f\u0131 \u201cT\u00fcrkiye K\u00fcrdistan\u2019\u0131 s\u00f6z\u00fc normalle\u015fecektir!\u201d s\u00f6zleri ile sosyal medyada tepki ya\u011fmuruna tutuldu. T\u00dcRK\u0130YE&#8217;N\u0130N K\u00dcRD\u0130STAN&#8217;I DED\u0130 Programda ilk kez T\u00fcrkiye&#8217;nin K\u00fcrdistan&#8217;\u0131 ifadesini de kullanan Baydemir, bu nitelemenin yanl\u0131\u015f olmad\u0131\u011f\u0131n\u0131 Erdo\u011fan&#8217;\u0131n da K\u00fcrdistan kelimesini kullanarak \u00f6nemli bir yanl\u0131\u015f\u0131 d\u00fczeltti\u011fini s\u00f6yledi. \u0130\u015fte programdaki o ilgin\u00e7 de\u011ferlendirme; [&hellip;]<\/p>\n","protected":false},"author":7,"featured_media":0,"comment_status":"open","ping_status":"open","sticky":false,"template":"","format":"standard","meta":{"footnotes":""},"categories":[1],"tags":[],"class_list":["post-26977","post","type-post","status-publish","format-standard","hentry","category-haberler"],"yoast_head":"<!-- This site is optimized with the Yoast SEO plugin v27.4 - https:\/\/yoast.com\/product\/yoast-seo-wordpress\/ -->\n<title>Osman Baydemir\u2019den T\u00fcrkiye K\u00fcrdistan\u2019\u0131 \u00e7\u0131k\u0131\u015f\u0131 - Bati Ermenistan Ve Bati Ermenileri Sorunlari Ara\u015ftirmalar Merkezi<\/title>\n<meta name=\"robots\" content=\"index, follow, max-snippet:-1, max-image-preview:large, max-video-preview:-1\" \/>\n<link rel=\"canonical\" href=\"https:\/\/akunq.net\/tr\/?p=26977\" \/>\n<meta property=\"og:locale\" content=\"en_US\" \/>\n<meta property=\"og:type\" content=\"article\" \/>\n<meta property=\"og:title\" content=\"Osman Baydemir\u2019den T\u00fcrkiye K\u00fcrdistan\u2019\u0131 \u00e7\u0131k\u0131\u015f\u0131 - Bati Ermenistan Ve Bati Ermenileri Sorunlari Ara\u015ftirmalar Merkezi\" \/>\n<meta property=\"og:description\" content=\"CNN T\u00fcrk ekranlar\u0131nda yay\u0131nlanan 5N1K program\u0131 bu ak\u015fam Osman Baydemir\u2019i a\u011f\u0131rlad\u0131.\u00a0 Programda kulland\u0131\u011f\u0131 \u201cT\u00fcrkiye K\u00fcrdistan\u2019\u0131 s\u00f6z\u00fc normalle\u015fecektir!\u201d s\u00f6zleri ile sosyal medyada tepki ya\u011fmuruna tutuldu. T\u00dcRK\u0130YE&#8217;N\u0130N K\u00dcRD\u0130STAN&#8217;I DED\u0130 Programda ilk kez T\u00fcrkiye&#8217;nin K\u00fcrdistan&#8217;\u0131 ifadesini de kullanan Baydemir, bu nitelemenin yanl\u0131\u015f olmad\u0131\u011f\u0131n\u0131 Erdo\u011fan&#8217;\u0131n da K\u00fcrdistan kelimesini kullanarak \u00f6nemli bir yanl\u0131\u015f\u0131 d\u00fczeltti\u011fini s\u00f6yledi. \u0130\u015fte programdaki o ilgin\u00e7 de\u011ferlendirme; [&hellip;]\" \/>\n<meta property=\"og:url\" content=\"https:\/\/akunq.net\/tr\/?p=26977\" \/>\n<meta property=\"og:site_name\" content=\"Bati Ermenistan Ve Bati Ermenileri Sorunlari Ara\u015ftirmalar Merkezi\" \/>\n<meta property=\"article:published_time\" content=\"2013-11-20T10:49:28+00:00\" \/>\n<meta name=\"author\" content=\"admin\" \/>\n<meta name=\"twitter:card\" content=\"summary_large_image\" \/>\n<meta name=\"twitter:label1\" content=\"Written by\" \/>\n\t<meta name=\"twitter:data1\" content=\"admin\" \/>\n\t<meta name=\"twitter:label2\" content=\"Est. reading time\" \/>\n\t<meta name=\"twitter:data2\" content=\"2 minutes\" \/>\n<script type=\"application\/ld+json\" class=\"yoast-schema-graph\">{\"@context\":\"https:\\\/\\\/schema.org\",\"@graph\":[{\"@type\":\"Article\",\"@id\":\"https:\\\/\\\/akunq.net\\\/tr\\\/?p=26977#article\",\"isPartOf\":{\"@id\":\"https:\\\/\\\/akunq.net\\\/tr\\\/?p=26977\"},\"author\":{\"name\":\"admin\",\"@id\":\"https:\\\/\\\/akunq.net\\\/tr\\\/#\\\/schema\\\/person\\\/096f1d38a12cce57fb855b485ed24c9e\"},\"headline\":\"Osman Baydemir\u2019den T\u00fcrkiye K\u00fcrdistan\u2019\u0131 \u00e7\u0131k\u0131\u015f\u0131\",\"datePublished\":\"2013-11-20T10:49:28+00:00\",\"mainEntityOfPage\":{\"@id\":\"https:\\\/\\\/akunq.net\\\/tr\\\/?p=26977\"},\"wordCount\":443,\"commentCount\":0,\"articleSection\":[\"Haberler\"],\"inLanguage\":\"en-US\",\"potentialAction\":[{\"@type\":\"CommentAction\",\"name\":\"Comment\",\"target\":[\"https:\\\/\\\/akunq.net\\\/tr\\\/?p=26977#respond\"]}]},{\"@type\":\"WebPage\",\"@id\":\"https:\\\/\\\/akunq.net\\\/tr\\\/?p=26977\",\"url\":\"https:\\\/\\\/akunq.net\\\/tr\\\/?p=26977\",\"name\":\"Osman Baydemir\u2019den T\u00fcrkiye K\u00fcrdistan\u2019\u0131 \u00e7\u0131k\u0131\u015f\u0131 - Bati Ermenistan Ve Bati Ermenileri Sorunlari Ara\u015ftirmalar Merkezi\",\"isPartOf\":{\"@id\":\"https:\\\/\\\/akunq.net\\\/tr\\\/#website\"},\"datePublished\":\"2013-11-20T10:49:28+00:00\",\"author\":{\"@id\":\"https:\\\/\\\/akunq.net\\\/tr\\\/#\\\/schema\\\/person\\\/096f1d38a12cce57fb855b485ed24c9e\"},\"breadcrumb\":{\"@id\":\"https:\\\/\\\/akunq.net\\\/tr\\\/?p=26977#breadcrumb\"},\"inLanguage\":\"en-US\",\"potentialAction\":[{\"@type\":\"ReadAction\",\"target\":[\"https:\\\/\\\/akunq.net\\\/tr\\\/?p=26977\"]}]},{\"@type\":\"BreadcrumbList\",\"@id\":\"https:\\\/\\\/akunq.net\\\/tr\\\/?p=26977#breadcrumb\",\"itemListElement\":[{\"@type\":\"ListItem\",\"position\":1,\"name\":\"Home\",\"item\":\"https:\\\/\\\/akunq.net\\\/tr\"},{\"@type\":\"ListItem\",\"position\":2,\"name\":\"Osman Baydemir\u2019den T\u00fcrkiye K\u00fcrdistan\u2019\u0131 \u00e7\u0131k\u0131\u015f\u0131\"}]},{\"@type\":\"WebSite\",\"@id\":\"https:\\\/\\\/akunq.net\\\/tr\\\/#website\",\"url\":\"https:\\\/\\\/akunq.net\\\/tr\\\/\",\"name\":\"Bati Ermenistan Ve Bati Ermenileri Sorunlari Ara\u015ftirmalar Merkezi\",\"description\":\"\",\"potentialAction\":[{\"@type\":\"SearchAction\",\"target\":{\"@type\":\"EntryPoint\",\"urlTemplate\":\"https:\\\/\\\/akunq.net\\\/tr\\\/?s={search_term_string}\"},\"query-input\":{\"@type\":\"PropertyValueSpecification\",\"valueRequired\":true,\"valueName\":\"search_term_string\"}}],\"inLanguage\":\"en-US\"},{\"@type\":\"Person\",\"@id\":\"https:\\\/\\\/akunq.net\\\/tr\\\/#\\\/schema\\\/person\\\/096f1d38a12cce57fb855b485ed24c9e\",\"name\":\"admin\",\"url\":\"https:\\\/\\\/akunq.net\\\/tr\\\/?author=7\"}]}<\/script>\n<!-- \/ Yoast SEO plugin. -->","yoast_head_json":{"title":"Osman Baydemir\u2019den T\u00fcrkiye K\u00fcrdistan\u2019\u0131 \u00e7\u0131k\u0131\u015f\u0131 - Bati Ermenistan Ve Bati Ermenileri Sorunlari Ara\u015ftirmalar Merkezi","robots":{"index":"index","follow":"follow","max-snippet":"max-snippet:-1","max-image-preview":"max-image-preview:large","max-video-preview":"max-video-preview:-1"},"canonical":"https:\/\/akunq.net\/tr\/?p=26977","og_locale":"en_US","og_type":"article","og_title":"Osman Baydemir\u2019den T\u00fcrkiye K\u00fcrdistan\u2019\u0131 \u00e7\u0131k\u0131\u015f\u0131 - Bati Ermenistan Ve Bati Ermenileri Sorunlari Ara\u015ftirmalar Merkezi","og_description":"CNN T\u00fcrk ekranlar\u0131nda yay\u0131nlanan 5N1K program\u0131 bu ak\u015fam Osman Baydemir\u2019i a\u011f\u0131rlad\u0131.\u00a0 Programda kulland\u0131\u011f\u0131 \u201cT\u00fcrkiye K\u00fcrdistan\u2019\u0131 s\u00f6z\u00fc normalle\u015fecektir!\u201d s\u00f6zleri ile sosyal medyada tepki ya\u011fmuruna tutuldu. T\u00dcRK\u0130YE&#8217;N\u0130N K\u00dcRD\u0130STAN&#8217;I DED\u0130 Programda ilk kez T\u00fcrkiye&#8217;nin K\u00fcrdistan&#8217;\u0131 ifadesini de kullanan Baydemir, bu nitelemenin yanl\u0131\u015f olmad\u0131\u011f\u0131n\u0131 Erdo\u011fan&#8217;\u0131n da K\u00fcrdistan kelimesini kullanarak \u00f6nemli bir yanl\u0131\u015f\u0131 d\u00fczeltti\u011fini s\u00f6yledi. \u0130\u015fte programdaki o ilgin\u00e7 de\u011ferlendirme; [&hellip;]","og_url":"https:\/\/akunq.net\/tr\/?p=26977","og_site_name":"Bati Ermenistan Ve Bati Ermenileri Sorunlari Ara\u015ftirmalar Merkezi","article_published_time":"2013-11-20T10:49:28+00:00","author":"admin","twitter_card":"summary_large_image","twitter_misc":{"Written by":"admin","Est. reading time":"2 minutes"},"schema":{"@context":"https:\/\/schema.org","@graph":[{"@type":"Article","@id":"https:\/\/akunq.net\/tr\/?p=26977#article","isPartOf":{"@id":"https:\/\/akunq.net\/tr\/?p=26977"},"author":{"name":"admin","@id":"https:\/\/akunq.net\/tr\/#\/schema\/person\/096f1d38a12cce57fb855b485ed24c9e"},"headline":"Osman Baydemir\u2019den T\u00fcrkiye K\u00fcrdistan\u2019\u0131 \u00e7\u0131k\u0131\u015f\u0131","datePublished":"2013-11-20T10:49:28+00:00","mainEntityOfPage":{"@id":"https:\/\/akunq.net\/tr\/?p=26977"},"wordCount":443,"commentCount":0,"articleSection":["Haberler"],"inLanguage":"en-US","potentialAction":[{"@type":"CommentAction","name":"Comment","target":["https:\/\/akunq.net\/tr\/?p=26977#respond"]}]},{"@type":"WebPage","@id":"https:\/\/akunq.net\/tr\/?p=26977","url":"https:\/\/akunq.net\/tr\/?p=26977","name":"Osman Baydemir\u2019den T\u00fcrkiye K\u00fcrdistan\u2019\u0131 \u00e7\u0131k\u0131\u015f\u0131 - Bati Ermenistan Ve Bati Ermenileri Sorunlari Ara\u015ftirmalar Merkezi","isPartOf":{"@id":"https:\/\/akunq.net\/tr\/#website"},"datePublished":"2013-11-20T10:49:28+00:00","author":{"@id":"https:\/\/akunq.net\/tr\/#\/schema\/person\/096f1d38a12cce57fb855b485ed24c9e"},"breadcrumb":{"@id":"https:\/\/akunq.net\/tr\/?p=26977#breadcrumb"},"inLanguage":"en-US","potentialAction":[{"@type":"ReadAction","target":["https:\/\/akunq.net\/tr\/?p=26977"]}]},{"@type":"BreadcrumbList","@id":"https:\/\/akunq.net\/tr\/?p=26977#breadcrumb","itemListElement":[{"@type":"ListItem","position":1,"name":"Home","item":"https:\/\/akunq.net\/tr"},{"@type":"ListItem","position":2,"name":"Osman Baydemir\u2019den T\u00fcrkiye K\u00fcrdistan\u2019\u0131 \u00e7\u0131k\u0131\u015f\u0131"}]},{"@type":"WebSite","@id":"https:\/\/akunq.net\/tr\/#website","url":"https:\/\/akunq.net\/tr\/","name":"Bati Ermenistan Ve Bati Ermenileri Sorunlari Ara\u015ftirmalar Merkezi","description":"","potentialAction":[{"@type":"SearchAction","target":{"@type":"EntryPoint","urlTemplate":"https:\/\/akunq.net\/tr\/?s={search_term_string}"},"query-input":{"@type":"PropertyValueSpecification","valueRequired":true,"valueName":"search_term_string"}}],"inLanguage":"en-US"},{"@type":"Person","@id":"https:\/\/akunq.net\/tr\/#\/schema\/person\/096f1d38a12cce57fb855b485ed24c9e","name":"admin","url":"https:\/\/akunq.net\/tr\/?author=7"}]}},"_links":{"self":[{"href":"https:\/\/akunq.net\/tr\/index.php?rest_route=\/wp\/v2\/posts\/26977","targetHints":{"allow":["GET"]}}],"collection":[{"href":"https:\/\/akunq.net\/tr\/index.php?rest_route=\/wp\/v2\/posts"}],"about":[{"href":"https:\/\/akunq.net\/tr\/index.php?rest_route=\/wp\/v2\/types\/post"}],"author":[{"embeddable":true,"href":"https:\/\/akunq.net\/tr\/index.php?rest_route=\/wp\/v2\/users\/7"}],"replies":[{"embeddable":true,"href":"https:\/\/akunq.net\/tr\/index.php?rest_route=%2Fwp%2Fv2%2Fcomments&post=26977"}],"version-history":[{"count":1,"href":"https:\/\/akunq.net\/tr\/index.php?rest_route=\/wp\/v2\/posts\/26977\/revisions"}],"predecessor-version":[{"id":26979,"href":"https:\/\/akunq.net\/tr\/index.php?rest_route=\/wp\/v2\/posts\/26977\/revisions\/26979"}],"wp:attachment":[{"href":"https:\/\/akunq.net\/tr\/index.php?rest_route=%2Fwp%2Fv2%2Fmedia&parent=26977"}],"wp:term":[{"taxonomy":"category","embeddable":true,"href":"https:\/\/akunq.net\/tr\/index.php?rest_route=%2Fwp%2Fv2%2Fcategories&post=26977"},{"taxonomy":"post_tag","embeddable":true,"href":"https:\/\/akunq.net\/tr\/index.php?rest_route=%2Fwp%2Fv2%2Ftags&post=26977"}],"curies":[{"name":"wp","href":"https:\/\/api.w.org\/{rel}","templated":true}]}}