{"id":26974,"date":"2013-11-20T05:15:06","date_gmt":"2013-11-20T10:15:06","guid":{"rendered":"http:\/\/akunq.net\/tr\/?p=26974"},"modified":"2013-11-20T05:15:06","modified_gmt":"2013-11-20T10:15:06","slug":"ermenileri-heyecanlandiran-ses","status":"publish","type":"post","link":"https:\/\/akunq.net\/tr\/?p=26974","title":{"rendered":"Ermenileri heyecanland\u0131ran &#8216;ses&#8217;"},"content":{"rendered":"<p style=\"text-align: justify;\"><b><i><a href=\"http:\/\/akunq.net\/tr\/wp-content\/uploads\/2013\/11\/\u054b\u0578\u0580\u0579-\u0547\u0565\u0584\u0565\u0580.jpg\"><img loading=\"lazy\" decoding=\"async\" class=\"alignright size-medium wp-image-26975\" alt=\"\u054b\u0578\u0580\u0579 \u0547\u0565\u0584\u0565\u0580\" src=\"http:\/\/akunq.net\/tr\/wp-content\/uploads\/2013\/11\/\u054b\u0578\u0580\u0579-\u0547\u0565\u0584\u0565\u0580-300x152.jpg\" width=\"300\" height=\"152\" srcset=\"https:\/\/akunq.net\/tr\/wp-content\/uploads\/sites\/6\/2013\/11\/\u054b\u0578\u0580\u0579-\u0547\u0565\u0584\u0565\u0580-300x152.jpg 300w, https:\/\/akunq.net\/tr\/wp-content\/uploads\/sites\/6\/2013\/11\/\u054b\u0578\u0580\u0579-\u0547\u0565\u0584\u0565\u0580-600x304.jpg 600w, https:\/\/akunq.net\/tr\/wp-content\/uploads\/sites\/6\/2013\/11\/\u054b\u0578\u0580\u0579-\u0547\u0565\u0584\u0565\u0580.jpg 620w\" sizes=\"auto, (max-width: 300px) 100vw, 300px\" \/><\/a>O Ses T\u00fcrkiye&#8217;ye kat\u0131lan Ermeni gen\u00e7 yar\u0131\u015fmay\u0131 kazanabilecek mi?<\/i><\/b><\/p>\n<p style=\"text-align: justify;\"><strong><i>NAYAT KARAK\u00d6SE \/ Agos &#8211;<\/i><\/strong><strong>\u00a0<\/strong>O Ses T\u00fcrkiye bug\u00fcne kadar ekranlarda en \u00e7ok tutan ve her kesimden ve ya\u015f grubundan izleyiciyi ekrana kilitleyen yar\u0131\u015fmalardan biri. Murat Boz ve \u00e7ok k\u0131sa s\u00fcrede fenomen haline gelen Athena&#8217;dan tan\u0131d\u0131\u011f\u0131m\u0131z G\u00f6khan \u00d6zo\u011fuz gibi juri \u00fcyeleri sayesinde ratingler hep tavan yap\u0131yor.<\/p>\n<p style=\"text-align: justify;\">O Ses T\u00fcrkiye yar\u0131\u015fmas\u0131na bug\u00fcne kadar ilk defa bir Ermeni kat\u0131ld\u0131. (Daha \u00f6nceden kat\u0131l\u0131p Ermeni oldu\u011funu a\u00e7\u0131k a\u00e7\u0131k s\u00f6ylememi\u015f Ermeniler de olabilir tabii) Cor\u00e7 \u015eeker ismini ekranda g\u00f6r\u00fcnce &#8220;Acaba m\u0131?&#8221; dedi bir\u00e7ok Ermeni izleyici. O &#8216;acaba&#8217; \u015fark\u0131dan sonra &#8216;kesinli\u011fe&#8217; kavu\u015ftu. \u0130sim jurinin ilgisini \u00e7ekti, her Ermeni&#8217;nin defalarca ba\u015f\u0131na gelen hadise, Cor\u00e7 \u015eeker&#8217;in de ba\u015f\u0131na bu sefer milyonlar\u0131n \u00f6n\u00fcnde geldi. Diyalog \u015f\u00f6yle geli\u015fti:<\/p>\n<p style=\"text-align: justify;\"><strong>Murat Boz:<\/strong> \u0130smin neydi?<\/p>\n<p style=\"text-align: justify;\"><strong>Cor\u00e7:<\/strong> Cor\u00e7 \u015eeker<\/p>\n<p style=\"text-align: justify;\"><strong>Hadise:<\/strong> (Y\u00fcz\u00fcnde \u015fa\u015fk\u0131n bir ifadeyle) Aaaaa&#8230;.Aaa aaa ne g\u00fczel isim<\/p>\n<p style=\"text-align: justify;\"><strong>Acun Il\u0131cal\u0131:<\/strong> \u00c7ok mu \u015feker?<\/p>\n<p style=\"text-align: justify;\"><strong>Hadise:<\/strong> Cor\u00e7 \u015eeker!<\/p>\n<p style=\"text-align: justify;\"><strong>Murat Boz:<\/strong> Ben \u015feyi anlamad\u0131m, neden Cor\u00e7 ve neden \u015eeker? (Burada Murat Boz sanki biliyor ama \u00f6zellikle soruyor gibiydi)<\/p>\n<p style=\"text-align: justify;\"><strong>G\u00f6khan \u00d6zo\u011fuz:<\/strong> Baba T\u00fcrk, anne yabanc\u0131 galiba.<\/p>\n<p style=\"text-align: justify;\"><strong>Cor\u00e7:<\/strong> \u0130kisi de T\u00fcrkiyeli de ben Ermeni&#8217;yim ama Ermenilerde de Cor\u00e7 yok&#8230;.<\/p>\n<p style=\"text-align: justify;\">Belki iddial\u0131 olacak ama bu diyalogu ekran ba\u015f\u0131nda izleyen hi\u00e7bir Ermeni yoktur ki heyecanlanmas\u0131n. \u00d6zellikle de 50,60 ya\u015flar\u0131ndaki Ermeniler, hani \u00e7ocuklar\u0131n\u0131 &#8220;Aman her yerde Ermeni oldu\u011funu belli etme&#8221;, &#8220;Kamusal alanda Ermenice konu\u015fma&#8221; diye tembihleyen o nesil i\u00e7in ayr\u0131 bir heyecan kayna\u011f\u0131d\u0131r. Cor\u00e7 \u015eeker, &#8220;Ermeni as\u0131ll\u0131y\u0131m&#8221; veya &#8220;Ermeni k\u00f6kenliyim&#8221; diyerek ka\u00e7ak d\u00f6v\u00fc\u015fmedi, &#8220;Ermeni&#8217;yim&#8221; dedi ve ortaya at\u0131ld\u0131\u011f\u0131ndan bu yana hararetli tart\u0131\u015fmalara sebebiyet veren, Anayasa&#8217;da da olmas\u0131 talep edilen tan\u0131mlama olan T\u00fcrkiyelilik kavram\u0131n\u0131 a\u00e7\u0131k a\u00e7\u0131k kulland\u0131. Yani kendisi i\u00e7in riskli olabilecek iki tan\u0131mlamay\u0131 kem k\u00fcm etmeden, sakince ve i\u00e7tenlikle s\u00f6yleyiverdi.<\/p>\n<p style=\"text-align: justify;\">S\u0131k\u0131 bir sese sahip olan Cor\u00e7 \u015eeker, juri \u00fcyelerini de etkiledi ve Hadise hari\u00e7 t\u00fcm \u00fcyeler d\u00f6nerek tak\u0131mlar\u0131na almak i\u00e7in olduk\u00e7a \u00e7abalad\u0131lar. \u015eeker&#8217;in se\u00e7imi ise, Ebru G\u00fcnde\u015f oldu.<\/p>\n<p style=\"text-align: justify;\"><strong>BBG evi fenomenleri Edi ve Viken<\/strong><\/p>\n<p style=\"text-align: justify;\">Bu ekranlarda ilk olmuyor, bundan 12 y\u0131l \u00f6nce &#8216;Biri Bizi G\u00f6zetliyor&#8217; yar\u0131\u015fmas\u0131n\u0131n ikinci sezonunda, Edi isimli bir Ermeni kat\u0131lm\u0131\u015ft\u0131. Edi, bir\u00e7ok Ermeni i\u00e7in \u00e7ok heyecan vericiydi. Ermenili\u011fini gizlemeyen ve devaml\u0131 ha\u00e7 \u00e7\u0131karan bir Edi vard\u0131 kar\u015f\u0131m\u0131zda. Ha\u00e7 takmaya korkan, Hristiyanl\u0131\u011f\u0131n\u0131 gizleyen, ha\u00e7 takt\u0131\u011f\u0131 zaman da ha\u00e7\u0131n\u0131 gizleyen ve ba\u015f\u0131na bir \u015fey gelir korkusuyla ailelerin ha\u00e7 takmalar\u0131na izin vermedi\u011fi \u00e7ocuklar\u0131n oldu\u011fu bir d\u00f6nemde Edi sayesinde Ermeniler belki de bir e\u015fik atlam\u0131\u015ft\u0131. Edi&#8217;nin birinci olmas\u0131 b\u00fcy\u00fck bir co\u015fkuyla kar\u015f\u0131land\u0131, bu durum bir\u00e7ok Ermeni i\u00e7in acaba T\u00fcrkiye&#8217;de bir \u015feyler de\u011fi\u015febilir mi sorusunun bar\u0131nd\u0131rd\u0131\u011f\u0131 umudu bah\u015fetti.<\/p>\n<p style=\"text-align: justify;\">2003 y\u0131l\u0131nda BBG yar\u0131\u015fmas\u0131na bir ba\u015fka Ermeni, Viken Jamgo\u00e7yan kat\u0131ld\u0131 ve Viken de birinci oldu. Toplam be\u015f sezon ger\u00e7ekle\u015ftirilen bir yar\u0131\u015fman\u0131n 2 sezonunu Ermeni&#8217;nin kazanmas\u0131 Ermeniler i\u00e7in b\u00fcy\u00fck olayd\u0131. Tabii ki Ermeniler oylar att\u0131lar, oy at\u0131lmas\u0131 i\u00e7in \u00e7abalad\u0131lar ama bu birincilikler salt 50 bin Ermeni&#8217;nin oylar\u0131yla olacak i\u015f de\u011fildi. T\u00fcrkiye&#8217;nin d\u00f6rt bir yan\u0131ndan hat\u0131r\u0131 say\u0131l\u0131r bir hayran kitlesi kazand\u0131 iki yar\u0131\u015fmac\u0131 da.<\/p>\n<p style=\"text-align: justify;\">10 -12 y\u0131l sonra yine fenomen bir yar\u0131\u015fmada juriyi etkilemeyi ba\u015faran Cor\u00e7 \u015eeker&#8217;i g\u00f6rmek heyecan verici.<\/p>\n<p style=\"text-align: justify;\"><strong>&#8216;Vay be&#8217;ci yakla\u015f\u0131m vs. &#8216;\u0130\u015fini biliyorcu&#8217; yakla\u015f\u0131m<\/strong><\/p>\n<p style=\"text-align: justify;\">Cor\u00e7 \u015eeker yar\u0131\u015ft\u0131ktan sonra sosyal medyada da birden trend topic oldu. Ek\u015fis\u00f6zl\u00fck&#8217;te 2 t\u00fcrl\u00fc yorum ve bu yorum ekseninde Twitter&#8217;da yer alan baz\u0131 yakla\u015f\u0131mlar dikkatimi \u00e7ekti.<\/p>\n<p style=\"text-align: justify;\">1- Helal olsun veya &#8216;vay be&#8217;ci yakla\u015f\u0131m<\/p>\n<p style=\"text-align: justify;\">&#8220;Ermeni oldu\u011funu s\u00f6yleyerek yar\u0131\u015fmay\u0131 kazanma \u015fans\u0131n\u0131 s\u0131f\u0131rlad\u0131, ama helal olsun, teredd\u00fct bile etmedi&#8230;&#8221;<\/p>\n<p style=\"text-align: justify;\">2- &#8216;\u0130\u015fini biliyor&#8217;cu ve &#8216;lobici millet bunlar&#8217; yakla\u015f\u0131m\u0131<\/p>\n<p style=\"text-align: justify;\">&#8220;Ermeni oldu\u011funu s\u00f6yleyerek, j\u00fcri elemesi haricinde yar\u0131\u015fma kazanmay\u0131 garantilemi\u015f eleman. BBG evlerini hat\u0131rlay\u0131n. O zaman Ermeni yar\u0131\u015fmac\u0131 varsa birinci olurdu. Ermeniler b\u00f6yle konularda \u00e7ok destek\u00e7i oluyor.&#8221;<\/p>\n<p style=\"text-align: justify;\">Bu yakla\u015f\u0131mlardan ilkinin do\u011fru olup olmad\u0131\u011f\u0131n\u0131 zamanla g\u00f6rece\u011fiz, umar\u0131m ger\u00e7ekle\u015fmez. Kazanmas\u0131 \u015fart de\u011fil ama devam etmeyi hak eden s\u0131k\u0131 bir sesi var. Bu yar\u0131\u015fmada hi\u00e7 \u015f\u00fcphesiz ki Cor\u00e7 \u015eeker birileri i\u00e7in \u00f6nce Ermeni sonra iyi sesli \u00e7ocuk olacak. Onun Ermeni olmas\u0131 iyi sesli olmas\u0131n\u0131 kamufle edecek. \u015eimdiden internete y\u00fcklenen video ba\u015fl\u0131klar\u0131na Ermeni Cor\u00e7 \u015eeker yaz\u0131lm\u0131\u015f bile.<\/p>\n<p style=\"text-align: justify;\">Birileri i\u00e7in ise \u00f6nce &#8216;iyi sesli \u00e7ocuk&#8217; sonra Ermeni olacak. \u0130yi sesli olmas\u0131 Ermenileri sevmeyen kesimin duygular\u0131n\u0131 kamufle edecek. Ermeniler i\u00e7in de hem iyi sesli hem de Ermeni \u00e7ocuk olacak. Belki Ermeniler oy verirken daha s\u00fcbjektif olacaklar. Nas\u0131l olmas\u0131nlar ki? \u00dcnl\u00fc bir Amerikan filmi izlendi\u011finde filmin sonunda isim listesinde oyunculardan birisinin veya \u0131\u015f\u0131k\u00e7\u0131n\u0131n Ermeni oldu\u011funu g\u00f6r\u00fcp heyecanlanan ve gururlanan Ermenilerin ya\u015fad\u0131\u011f\u0131 veya Kardashian Show&#8217;da &#8220;Evde Ermeni konya\u011f\u0131&#8221; var denmesinin bile bir Ermeni&#8217;nin y\u00fcz\u00fcne g\u00fcl\u00fcc\u00fck kondurdu\u011fu T\u00fcrkiye&#8217;de bu \u00e7ok do\u011fal. Az kalmak b\u00f6yle bir \u015fey.<\/p>\n<p style=\"text-align: justify;\"><strong>O \u015fark\u0131 neden Ermenice olmas\u0131n?<\/strong><\/p>\n<p style=\"text-align: justify;\">Twitter&#8217;da g\u00f6ze \u00e7arpan yorumlar\u0131n bir k\u0131sm\u0131 ise \u015f\u00f6yle:<\/p>\n<p style=\"text-align: justify;\">-Cor\u00e7 \u015eeker diye isim koyacak kadar ne ya\u015fad\u0131 annen baban? Diye sormu\u015f biri<\/p>\n<p style=\"text-align: justify;\">A\u015fk ya\u015fam\u0131\u015f olmas\u0131nlar?<\/p>\n<p style=\"text-align: justify;\">-En \u00e7ok sorulan sorulardan biri: &#8216;Babanla annen T\u00fcrk ise sen nas\u0131l Ermeni ve Cor\u00e7 oldun?&#8217;<\/p>\n<p style=\"text-align: justify;\">Buyrun bir yorum: &#8216;Arkada\u015fm Cor\u00e7 \u015eeker nas\u0131l bir isimdir yauuuu:) Hay\u0131r George da de\u011fil bildi\u011fin Cor\u00e7 la. Anas\u0131 babas\u0131 T\u00fcrk&#8217;m\u00fc\u015f, kendi Ermeni&#8217;ymi\u015f, hay\u0131rl\u0131s\u0131.&#8217;<\/p>\n<p style=\"text-align: justify;\">Cor\u00e7 annem, babam T\u00fcrkiyeli dedi, T\u00fcrk demedi, buna benzer y\u00fczlerce tweetten anlad\u0131\u011f\u0131m\u0131z \u00fczere T\u00fcrkiye halk\u0131 &#8216;T\u00fcrkiyelilik&#8217; kavram\u0131na a\u015fina de\u011fil. Bu kadar yanl\u0131\u015f anla\u015f\u0131lma tesad\u00fcf olamaz. T\u00fcrkiyelilik kavram\u0131n\u0131n san\u0131r\u0131m tane tane a\u00e7\u0131klanmas\u0131 gerekiyor.<\/p>\n<p style=\"text-align: justify;\">Bir de o nas\u0131l isim diyerek dalga ge\u00e7enlerle ve Cor\u00e7&#8217;un ismiyle bar\u0131\u015f\u0131k olmad\u0131\u011f\u0131n\u0131 varsayarak faturay\u0131 n\u00fcfus m\u00fcd\u00fcr\u00fcne \u00e7\u0131karanlar var&#8230;<\/p>\n<p style=\"text-align: justify;\">&#8216;Cor\u00e7 \u015eeker; Senin n\u00fcfus kayd\u0131n\u0131 yapan memur anaokulu terkti herhalde.&#8217;<\/p>\n<p style=\"text-align: justify;\">&#8216;N\u00fcfus m\u00fcd\u00fcr\u00fc nas\u0131l bir \u015ferefsizdiyse art\u0131k. Cor\u00e7 \u015eeker ne la?<\/p>\n<p style=\"text-align: justify;\">\u0130lerleyen haftalarda Cor\u00e7 \u015eeker ekseninde geli\u015fen bir\u00e7ok tart\u0131\u015fmaya veya yoruma tan\u0131k olaca\u011f\u0131m\u0131z a\u015fik\u00e2r.<\/p>\n<p style=\"text-align: justify;\">Cor\u00e7 \u015eeker Ebru G\u00fcnde\u015f&#8217;le \u00e7al\u0131\u015fmay\u0131 tercih etti. Yar\u0131\u015fmada, milyonlar\u0131n \u00f6n\u00fcnde Ermenice bir \u015fark\u0131 ve m\u00fcmk\u00fcnse Sar\u0131 Gelin harici bir \u015fark\u0131 s\u00f6ylese; mesela bir duduk e\u015fli\u011finde Dle Yaman patlatsa veya Sareri Hovin Mernem s\u00f6ylese? \u0130\u015fte o zaman belki de Edi&#8217;de ya\u015fan\u0131lan hissiyat artarak yeniden ya\u015fan\u0131r, illa birinci olmas\u0131na da gerek yok. O ses e\u011fer bir de Cor\u00e7 \u015eeker olursa ne \u00e2l\u00e2&#8230;<\/p>\n<div style=\"text-align: justify;\">\n<p><b><i>http:\/\/www.gercekgundem.com\/medya\/5940\/ermenileri-heyecanlandiran-sesBottom of Form<\/i><\/b><\/p>\n<\/div>\n","protected":false},"excerpt":{"rendered":"<p>O Ses T\u00fcrkiye&#8217;ye kat\u0131lan Ermeni gen\u00e7 yar\u0131\u015fmay\u0131 kazanabilecek mi? NAYAT KARAK\u00d6SE \/ Agos &#8211;\u00a0O Ses T\u00fcrkiye bug\u00fcne kadar ekranlarda en \u00e7ok tutan ve her kesimden ve ya\u015f grubundan izleyiciyi ekrana kilitleyen yar\u0131\u015fmalardan biri. Murat Boz ve \u00e7ok k\u0131sa s\u00fcrede fenomen haline gelen Athena&#8217;dan tan\u0131d\u0131\u011f\u0131m\u0131z G\u00f6khan \u00d6zo\u011fuz gibi juri \u00fcyeleri sayesinde ratingler hep tavan yap\u0131yor. O [&hellip;]<\/p>\n","protected":false},"author":7,"featured_media":0,"comment_status":"open","ping_status":"open","sticky":false,"template":"","format":"standard","meta":{"footnotes":""},"categories":[1],"tags":[],"class_list":["post-26974","post","type-post","status-publish","format-standard","hentry","category-haberler"],"yoast_head":"<!-- This site is optimized with the Yoast SEO plugin v27.4 - https:\/\/yoast.com\/product\/yoast-seo-wordpress\/ -->\n<title>Ermenileri heyecanland\u0131ran &#039;ses&#039; - Bati Ermenistan Ve Bati Ermenileri Sorunlari Ara\u015ftirmalar Merkezi<\/title>\n<meta name=\"robots\" content=\"index, follow, max-snippet:-1, max-image-preview:large, max-video-preview:-1\" \/>\n<link rel=\"canonical\" href=\"https:\/\/akunq.net\/tr\/?p=26974\" \/>\n<meta property=\"og:locale\" content=\"en_US\" \/>\n<meta property=\"og:type\" content=\"article\" \/>\n<meta property=\"og:title\" content=\"Ermenileri heyecanland\u0131ran &#039;ses&#039; - Bati Ermenistan Ve Bati Ermenileri Sorunlari Ara\u015ftirmalar Merkezi\" \/>\n<meta property=\"og:description\" content=\"O Ses T\u00fcrkiye&#8217;ye kat\u0131lan Ermeni gen\u00e7 yar\u0131\u015fmay\u0131 kazanabilecek mi? NAYAT KARAK\u00d6SE \/ Agos &#8211;\u00a0O Ses T\u00fcrkiye bug\u00fcne kadar ekranlarda en \u00e7ok tutan ve her kesimden ve ya\u015f grubundan izleyiciyi ekrana kilitleyen yar\u0131\u015fmalardan biri. Murat Boz ve \u00e7ok k\u0131sa s\u00fcrede fenomen haline gelen Athena&#8217;dan tan\u0131d\u0131\u011f\u0131m\u0131z G\u00f6khan \u00d6zo\u011fuz gibi juri \u00fcyeleri sayesinde ratingler hep tavan yap\u0131yor. O [&hellip;]\" \/>\n<meta property=\"og:url\" content=\"https:\/\/akunq.net\/tr\/?p=26974\" \/>\n<meta property=\"og:site_name\" content=\"Bati Ermenistan Ve Bati Ermenileri Sorunlari Ara\u015ftirmalar Merkezi\" \/>\n<meta property=\"article:published_time\" content=\"2013-11-20T10:15:06+00:00\" \/>\n<meta name=\"author\" content=\"admin\" \/>\n<meta name=\"twitter:card\" content=\"summary_large_image\" \/>\n<meta name=\"twitter:label1\" content=\"Written by\" \/>\n\t<meta name=\"twitter:data1\" content=\"admin\" \/>\n\t<meta name=\"twitter:label2\" content=\"Est. reading time\" \/>\n\t<meta name=\"twitter:data2\" content=\"6 minutes\" \/>\n<script type=\"application\/ld+json\" class=\"yoast-schema-graph\">{\"@context\":\"https:\\\/\\\/schema.org\",\"@graph\":[{\"@type\":\"Article\",\"@id\":\"https:\\\/\\\/akunq.net\\\/tr\\\/?p=26974#article\",\"isPartOf\":{\"@id\":\"https:\\\/\\\/akunq.net\\\/tr\\\/?p=26974\"},\"author\":{\"name\":\"admin\",\"@id\":\"https:\\\/\\\/akunq.net\\\/tr\\\/#\\\/schema\\\/person\\\/096f1d38a12cce57fb855b485ed24c9e\"},\"headline\":\"Ermenileri heyecanland\u0131ran &#8216;ses&#8217;\",\"datePublished\":\"2013-11-20T10:15:06+00:00\",\"mainEntityOfPage\":{\"@id\":\"https:\\\/\\\/akunq.net\\\/tr\\\/?p=26974\"},\"wordCount\":1219,\"commentCount\":0,\"articleSection\":[\"Haberler\"],\"inLanguage\":\"en-US\",\"potentialAction\":[{\"@type\":\"CommentAction\",\"name\":\"Comment\",\"target\":[\"https:\\\/\\\/akunq.net\\\/tr\\\/?p=26974#respond\"]}]},{\"@type\":\"WebPage\",\"@id\":\"https:\\\/\\\/akunq.net\\\/tr\\\/?p=26974\",\"url\":\"https:\\\/\\\/akunq.net\\\/tr\\\/?p=26974\",\"name\":\"Ermenileri heyecanland\u0131ran 'ses' - Bati Ermenistan Ve Bati Ermenileri Sorunlari Ara\u015ftirmalar Merkezi\",\"isPartOf\":{\"@id\":\"https:\\\/\\\/akunq.net\\\/tr\\\/#website\"},\"datePublished\":\"2013-11-20T10:15:06+00:00\",\"author\":{\"@id\":\"https:\\\/\\\/akunq.net\\\/tr\\\/#\\\/schema\\\/person\\\/096f1d38a12cce57fb855b485ed24c9e\"},\"breadcrumb\":{\"@id\":\"https:\\\/\\\/akunq.net\\\/tr\\\/?p=26974#breadcrumb\"},\"inLanguage\":\"en-US\",\"potentialAction\":[{\"@type\":\"ReadAction\",\"target\":[\"https:\\\/\\\/akunq.net\\\/tr\\\/?p=26974\"]}]},{\"@type\":\"BreadcrumbList\",\"@id\":\"https:\\\/\\\/akunq.net\\\/tr\\\/?p=26974#breadcrumb\",\"itemListElement\":[{\"@type\":\"ListItem\",\"position\":1,\"name\":\"Home\",\"item\":\"https:\\\/\\\/akunq.net\\\/tr\"},{\"@type\":\"ListItem\",\"position\":2,\"name\":\"Ermenileri heyecanland\u0131ran &#8216;ses&#8217;\"}]},{\"@type\":\"WebSite\",\"@id\":\"https:\\\/\\\/akunq.net\\\/tr\\\/#website\",\"url\":\"https:\\\/\\\/akunq.net\\\/tr\\\/\",\"name\":\"Bati Ermenistan Ve Bati Ermenileri Sorunlari Ara\u015ftirmalar Merkezi\",\"description\":\"\",\"potentialAction\":[{\"@type\":\"SearchAction\",\"target\":{\"@type\":\"EntryPoint\",\"urlTemplate\":\"https:\\\/\\\/akunq.net\\\/tr\\\/?s={search_term_string}\"},\"query-input\":{\"@type\":\"PropertyValueSpecification\",\"valueRequired\":true,\"valueName\":\"search_term_string\"}}],\"inLanguage\":\"en-US\"},{\"@type\":\"Person\",\"@id\":\"https:\\\/\\\/akunq.net\\\/tr\\\/#\\\/schema\\\/person\\\/096f1d38a12cce57fb855b485ed24c9e\",\"name\":\"admin\",\"url\":\"https:\\\/\\\/akunq.net\\\/tr\\\/?author=7\"}]}<\/script>\n<!-- \/ Yoast SEO plugin. -->","yoast_head_json":{"title":"Ermenileri heyecanland\u0131ran 'ses' - Bati Ermenistan Ve Bati Ermenileri Sorunlari Ara\u015ftirmalar Merkezi","robots":{"index":"index","follow":"follow","max-snippet":"max-snippet:-1","max-image-preview":"max-image-preview:large","max-video-preview":"max-video-preview:-1"},"canonical":"https:\/\/akunq.net\/tr\/?p=26974","og_locale":"en_US","og_type":"article","og_title":"Ermenileri heyecanland\u0131ran 'ses' - Bati Ermenistan Ve Bati Ermenileri Sorunlari Ara\u015ftirmalar Merkezi","og_description":"O Ses T\u00fcrkiye&#8217;ye kat\u0131lan Ermeni gen\u00e7 yar\u0131\u015fmay\u0131 kazanabilecek mi? NAYAT KARAK\u00d6SE \/ Agos &#8211;\u00a0O Ses T\u00fcrkiye bug\u00fcne kadar ekranlarda en \u00e7ok tutan ve her kesimden ve ya\u015f grubundan izleyiciyi ekrana kilitleyen yar\u0131\u015fmalardan biri. Murat Boz ve \u00e7ok k\u0131sa s\u00fcrede fenomen haline gelen Athena&#8217;dan tan\u0131d\u0131\u011f\u0131m\u0131z G\u00f6khan \u00d6zo\u011fuz gibi juri \u00fcyeleri sayesinde ratingler hep tavan yap\u0131yor. O [&hellip;]","og_url":"https:\/\/akunq.net\/tr\/?p=26974","og_site_name":"Bati Ermenistan Ve Bati Ermenileri Sorunlari Ara\u015ftirmalar Merkezi","article_published_time":"2013-11-20T10:15:06+00:00","author":"admin","twitter_card":"summary_large_image","twitter_misc":{"Written by":"admin","Est. reading time":"6 minutes"},"schema":{"@context":"https:\/\/schema.org","@graph":[{"@type":"Article","@id":"https:\/\/akunq.net\/tr\/?p=26974#article","isPartOf":{"@id":"https:\/\/akunq.net\/tr\/?p=26974"},"author":{"name":"admin","@id":"https:\/\/akunq.net\/tr\/#\/schema\/person\/096f1d38a12cce57fb855b485ed24c9e"},"headline":"Ermenileri heyecanland\u0131ran &#8216;ses&#8217;","datePublished":"2013-11-20T10:15:06+00:00","mainEntityOfPage":{"@id":"https:\/\/akunq.net\/tr\/?p=26974"},"wordCount":1219,"commentCount":0,"articleSection":["Haberler"],"inLanguage":"en-US","potentialAction":[{"@type":"CommentAction","name":"Comment","target":["https:\/\/akunq.net\/tr\/?p=26974#respond"]}]},{"@type":"WebPage","@id":"https:\/\/akunq.net\/tr\/?p=26974","url":"https:\/\/akunq.net\/tr\/?p=26974","name":"Ermenileri heyecanland\u0131ran 'ses' - Bati Ermenistan Ve Bati Ermenileri Sorunlari Ara\u015ftirmalar Merkezi","isPartOf":{"@id":"https:\/\/akunq.net\/tr\/#website"},"datePublished":"2013-11-20T10:15:06+00:00","author":{"@id":"https:\/\/akunq.net\/tr\/#\/schema\/person\/096f1d38a12cce57fb855b485ed24c9e"},"breadcrumb":{"@id":"https:\/\/akunq.net\/tr\/?p=26974#breadcrumb"},"inLanguage":"en-US","potentialAction":[{"@type":"ReadAction","target":["https:\/\/akunq.net\/tr\/?p=26974"]}]},{"@type":"BreadcrumbList","@id":"https:\/\/akunq.net\/tr\/?p=26974#breadcrumb","itemListElement":[{"@type":"ListItem","position":1,"name":"Home","item":"https:\/\/akunq.net\/tr"},{"@type":"ListItem","position":2,"name":"Ermenileri heyecanland\u0131ran &#8216;ses&#8217;"}]},{"@type":"WebSite","@id":"https:\/\/akunq.net\/tr\/#website","url":"https:\/\/akunq.net\/tr\/","name":"Bati Ermenistan Ve Bati Ermenileri Sorunlari Ara\u015ftirmalar Merkezi","description":"","potentialAction":[{"@type":"SearchAction","target":{"@type":"EntryPoint","urlTemplate":"https:\/\/akunq.net\/tr\/?s={search_term_string}"},"query-input":{"@type":"PropertyValueSpecification","valueRequired":true,"valueName":"search_term_string"}}],"inLanguage":"en-US"},{"@type":"Person","@id":"https:\/\/akunq.net\/tr\/#\/schema\/person\/096f1d38a12cce57fb855b485ed24c9e","name":"admin","url":"https:\/\/akunq.net\/tr\/?author=7"}]}},"_links":{"self":[{"href":"https:\/\/akunq.net\/tr\/index.php?rest_route=\/wp\/v2\/posts\/26974","targetHints":{"allow":["GET"]}}],"collection":[{"href":"https:\/\/akunq.net\/tr\/index.php?rest_route=\/wp\/v2\/posts"}],"about":[{"href":"https:\/\/akunq.net\/tr\/index.php?rest_route=\/wp\/v2\/types\/post"}],"author":[{"embeddable":true,"href":"https:\/\/akunq.net\/tr\/index.php?rest_route=\/wp\/v2\/users\/7"}],"replies":[{"embeddable":true,"href":"https:\/\/akunq.net\/tr\/index.php?rest_route=%2Fwp%2Fv2%2Fcomments&post=26974"}],"version-history":[{"count":1,"href":"https:\/\/akunq.net\/tr\/index.php?rest_route=\/wp\/v2\/posts\/26974\/revisions"}],"predecessor-version":[{"id":26976,"href":"https:\/\/akunq.net\/tr\/index.php?rest_route=\/wp\/v2\/posts\/26974\/revisions\/26976"}],"wp:attachment":[{"href":"https:\/\/akunq.net\/tr\/index.php?rest_route=%2Fwp%2Fv2%2Fmedia&parent=26974"}],"wp:term":[{"taxonomy":"category","embeddable":true,"href":"https:\/\/akunq.net\/tr\/index.php?rest_route=%2Fwp%2Fv2%2Fcategories&post=26974"},{"taxonomy":"post_tag","embeddable":true,"href":"https:\/\/akunq.net\/tr\/index.php?rest_route=%2Fwp%2Fv2%2Ftags&post=26974"}],"curies":[{"name":"wp","href":"https:\/\/api.w.org\/{rel}","templated":true}]}}