{"id":26961,"date":"2013-11-20T04:14:52","date_gmt":"2013-11-20T09:14:52","guid":{"rendered":"http:\/\/akunq.net\/tr\/?p=26961"},"modified":"2013-11-20T04:15:18","modified_gmt":"2013-11-20T09:15:18","slug":"davutoglu-kerry-zirvesinden-onemli-mesajlar","status":"publish","type":"post","link":"https:\/\/akunq.net\/tr\/?p=26961","title":{"rendered":"Davuto\u011flu-Kerry zirvesinden \u00f6nemli mesajlar"},"content":{"rendered":"<p style=\"text-align: justify;\"><b><i><a href=\"http:\/\/akunq.net\/tr\/wp-content\/uploads\/2013\/11\/Davuto\u011flu-Kerry.jpg\"><img loading=\"lazy\" decoding=\"async\" class=\"alignright size-full wp-image-26962\" alt=\"Davuto\u011flu-Kerry\" src=\"http:\/\/akunq.net\/tr\/wp-content\/uploads\/2013\/11\/Davuto\u011flu-Kerry.jpg\" width=\"292\" height=\"187\" \/><\/a>D\u0131\u015fi\u015fleri Bakan\u0131 Ahmet Davuto\u011flu, T\u00fcrkiye ve <\/i><\/b><a href=\"http:\/\/www.cnnturk.com\/guncel.konular\/abd\/359\/index.html\"><b><i>ABD<\/i><\/b><\/a><b><i> aras\u0131ndaki model ortakl\u0131\u011f\u0131n sonsuza kadar s\u00fcrece\u011fini ve sorunlar\u0131n \u00e7\u00f6z\u00fcm\u00fcnde uluslararas\u0131 toplumun en temel de\u011ferlerinden biri olaca\u011f\u0131n\u0131 s\u00f6yledi<\/i><\/b><br \/>\nDavuto\u011flu, <a href=\"http:\/\/www.cnnturk.com\/guncel.konular\/abd\/359\/index.html\">ABD<\/a>&#8216;nin ba\u015fkenti Washington&#8217;daki temaslar\u0131 \u00e7er\u00e7evesinde <a href=\"http:\/\/www.cnnturk.com\/guncel.konular\/abd\/359\/index.html\">ABD<\/a> D\u0131\u015fi\u015fleri Bakan\u0131 John Kerry ile ba\u015f ba\u015fa ve heyetler aras\u0131 g\u00f6r\u00fc\u015fmeler yapt\u0131.<\/p>\n<p style=\"text-align: justify;\">\u0130ki Bakan g\u00f6r\u00fc\u015fmenin ard\u0131ndan ortak bas\u0131n toplant\u0131s\u0131 d\u00fczenledi.<\/p>\n<p style=\"text-align: justify;\">Bas\u0131n toplant\u0131s\u0131nda, Kerry ile bir\u00e7ok farkl\u0131 ortamda \u00e7ok kez bir araya geldiklerini belirterek baz\u0131 zamanlarda her hafta telefon g\u00f6r\u00fc\u015fmesi yapt\u0131klar\u0131n\u0131 belirten Davuto\u011flu, Kerry&#8217;nin Ortado\u011fu bar\u0131\u015f s\u00fcrecinden <a href=\"http:\/\/www.cnnturk.com\/guncel.konular\/iran\/151\/index.html\">\u0130ran<\/a>&#8216;la angajmana kadar uzanan konularda \u00e7ok aktif ve dinamik bir diplomasi izledi\u011fine i\u015faret etti.<\/p>\n<p style=\"text-align: justify;\">Davuto\u011flu, Kerry&#8217;ye hitaben, &#8220;B\u00f6lgemize ka\u00e7 defa geldiniz art\u0131k bilmiyorum. Tarihteki en h\u0131zl\u0131 hareket eden <a href=\"http:\/\/www.cnnturk.com\/guncel.konular\/abd\/359\/index.html\">ABD<\/a> d\u0131\u015fi\u015fleri bakan\u0131s\u0131n\u0131z&#8221; esprisini yapt\u0131.<\/p>\n<p style=\"text-align: justify;\">Davuto\u011flu, bas\u0131n toplant\u0131s\u0131ndaki a\u00e7\u0131klamas\u0131na, orta bat\u0131 <a href=\"http:\/\/www.cnnturk.com\/guncel.konular\/abd\/359\/index.html\">ABD<\/a>&#8216;deki hortum felaketinde ya\u015fam\u0131n\u0131 yitirenler i\u00e7in ba\u015fsa\u011fl\u0131\u011f\u0131 dileyerek ba\u015flad\u0131.<\/p>\n<p style=\"text-align: justify;\">Kerry ile g\u00f6r\u00fc\u015fmelerinde bir\u00e7ok konuyu ele alma f\u0131rsat\u0131 bulduklar\u0131n\u0131 bildiren Davuto\u011flu, <a href=\"http:\/\/www.cnnturk.com\/guncel.konular\/karabag.sorunu\/334\/index.html\">Yukar\u0131 Karaba\u011f<\/a>, <a href=\"http:\/\/www.cnnturk.com\/guncel.konular\/kibris\/80\/index.html\">K\u0131br\u0131s<\/a> gibi &#8220;donmu\u015f&#8221; meselelerden, <a href=\"http:\/\/www.cnnturk.com\/guncel.konular\/suriye\/438\/index.html\">Suriye<\/a> gibi bug\u00fcn\u00fcn devam eden krizlerine, <a href=\"http:\/\/www.cnnturk.com\/guncel.konular\/abd\/359\/index.html\">ABD<\/a> ve T\u00fcrkiye&#8217;nin \u00e7ok geni\u015f yelpazede daima birlikte \u00e7al\u0131\u015ft\u0131\u011f\u0131n\u0131 kaydetti.<\/p>\n<p style=\"text-align: justify;\">Davuto\u011flu, T\u00fcrkiye ve <a href=\"http:\/\/www.cnnturk.com\/guncel.konular\/abd\/359\/index.html\">ABD<\/a> olarak \u00e7ok geni\u015f \u00e7apl\u0131 bir ortakl\u0131\u011fa sahip olduklar\u0131n\u0131, <a href=\"http:\/\/www.cnnturk.com\/guncel.konular\/abd\/359\/index.html\">ABD<\/a> Ba\u015fkan\u0131 Barack Obama&#8217;n\u0131n da bu ortakl\u0131\u011f\u0131, &#8220;model ortakl\u0131k&#8221; olarak tan\u0131mlad\u0131\u011f\u0131n\u0131 ifade etti.<\/p>\n<p style=\"text-align: justify;\"><strong>&#8220;Model ortakl\u0131\u011f\u0131m\u0131z sonsuza kadar s\u00fcrecek&#8221;<\/strong><\/p>\n<p style=\"text-align: justify;\">Bakan Davuto\u011flu, T\u00fcrkiye ve <a href=\"http:\/\/www.cnnturk.com\/guncel.konular\/abd\/359\/index.html\">ABD<\/a> aras\u0131ndaki model ortakl\u0131\u011f\u0131n sonsuza kadar s\u00fcrece\u011fini ve sorunlar\u0131n \u00e7\u00f6z\u00fcm\u00fcnde uluslararas\u0131 toplumun en temel de\u011ferlerinden biri olaca\u011f\u0131n\u0131 s\u00f6yledi.<\/p>\n<p style=\"text-align: justify;\"><a href=\"http:\/\/www.cnnturk.com\/guncel.konular\/abd\/359\/index.html\">ABD<\/a> ile <a href=\"http:\/\/www.cnnturk.com\/guncel.konular\/avrupa.birligi\/72\/index.html\">AB<\/a> aras\u0131nda m\u00fczakereleri s\u00fcren Transatlantik Ticaret ve Yat\u0131r\u0131m Ortakl\u0131\u011f\u0131 Anla\u015fmas\u0131 (TTIP) s\u00fcrecine de\u011finen Davuto\u011flu, T\u00fcrk Amerikan ili\u015fkilerini sadece g\u00fcvenlik temelli stratejik i\u015fbirli\u011fi olarak de\u011fil, ayn\u0131 zamanda hem iki \u00fclke hem de k\u00fcresel toplum i\u00e7in ekonomik refah ve demokrasi alan\u0131nda da i\u015fbirli\u011fi olarak g\u00f6rd\u00fcklerini aktard\u0131. Davuto\u011flu, bu kapsamda \u00f6zellikle Ortado\u011fu&#8217;daki geli\u015fmeler dahil olmak \u00fczere \u00f6nlerinde bir\u00e7ok zorluklar\u0131n da bulundu\u011funa de\u011findi.<\/p>\n<p style=\"text-align: justify;\"><a href=\"http:\/\/www.cnnturk.com\/guncel.konular\/suriye\/438\/index.html\">Suriye<\/a> konusunda Londra&#8217;da m\u00fckemmel bir toplant\u0131 yap\u0131ld\u0131\u011f\u0131na ve 11 \u00fclkenin bir \u00e7er\u00e7eve \u00fczerinde anla\u015ft\u0131\u011f\u0131na i\u015faret eden Davuto\u011flu, T\u00fcrkiye ile <a href=\"http:\/\/www.cnnturk.com\/guncel.konular\/abd\/359\/index.html\">ABD<\/a> olarak <a href=\"http:\/\/www.cnnturk.com\/guncel.konular\/suriye\/438\/index.html\">Suriye<\/a>&#8216;deki bu vah\u015fete son vermek, <a href=\"http:\/\/www.cnnturk.com\/guncel.konular\/suriye\/438\/index.html\">Suriye<\/a>&#8216;deki krizin ma\u011fdurlar\u0131na yard\u0131m etmek ve Cenevre 2&#8217;de diplomasinin m\u00fcmk\u00fcn olmas\u0131n\u0131 sa\u011flamak i\u00e7in ellerinden gelen her \u015feyi yapacaklar\u0131n\u0131 Kerry ile g\u00f6r\u00fc\u015fmesinde tekrar teyit ettiklerini dile getirdi.<\/p>\n<p style=\"text-align: justify;\">Davuto\u011flu, Londra&#8217;daki toplant\u0131da mutab\u0131k kal\u0131nd\u0131\u011f\u0131 \u00fczere Cenevre 2 s\u00fcrecinin ucu a\u00e7\u0131k bir s\u00fcre\u00e7 olmamas\u0131 gerekti\u011fini belirtirken, bu s\u00fcrecin tam idari yetkilere sahip bir ge\u00e7ici y\u00f6netim yap\u0131s\u0131n\u0131n olu\u015fturuldu\u011fu bir siyasi ge\u00e7i\u015fe uzanacak bir s\u00fcre\u00e7 olaca\u011f\u0131n\u0131 vurgulad\u0131.<\/p>\n<p style=\"text-align: justify;\">Bu kapsamda, \u00f6zellikle de s\u00fcrece kat\u0131lmalar\u0131 ba\u011flam\u0131nda <a href=\"http:\/\/www.cnnturk.com\/guncel.konular\/suriye\/438\/index.html\">Suriye<\/a> Ulusal Koalisyonu ile \u00e7al\u0131\u015fmalar\u0131 gerekti\u011fini anlatan Davuto\u011flu, Cenevre 2 s\u00fcrecine <a href=\"http:\/\/www.cnnturk.com\/guncel.konular\/abd\/359\/index.html\">ABD<\/a> ve T\u00fcrkiye&#8217;nin ortak ve etkili \u00e7abalar\u0131 sonucunda gelindi\u011fini bildirdi.<\/p>\n<p style=\"text-align: justify;\">Davuto\u011flu, &#8220;Bu bir ba\u015far\u0131d\u0131r. Bu ba\u015far\u0131 ekiplerimizin ortak \u00e7abalar\u0131n\u0131n sonucudur&#8221; ifadesini kulland\u0131.<\/p>\n<p style=\"text-align: justify;\"><strong>&#8220;Cenevre 2&#8217;nin bir an \u00f6nce yap\u0131lmas\u0131na odaklanmal\u0131&#8221;<\/strong><\/p>\n<p style=\"text-align: justify;\">\u015eimdi de Cenevre 2 Konferans\u0131&#8217;n\u0131n bir an \u00f6nce yap\u0131lmas\u0131na odaklanmak gerekti\u011fini belirten Davuto\u011flu, bu s\u00fcre\u00e7teki bir g\u00fcn kayb\u0131n\u0131n bile \u00e7ok say\u0131da ya\u015fama mal oldu\u011funa ve kimyasal silah kullan\u0131m\u0131, \u015fehirlere f\u00fcze sald\u0131r\u0131lar\u0131 gibi bir\u00e7ok su\u00e7lar i\u015fleyen Be\u015f\u015far Esed&#8217;in \u015fimdi de a\u00e7 b\u0131rakma politikas\u0131 izledi\u011fine dikkati \u00e7ekti.<\/p>\n<p style=\"text-align: justify;\">Davuto\u011flu, <a href=\"http:\/\/www.cnnturk.com\/guncel.konular\/suriye\/438\/index.html\">Suriye<\/a>&#8216;de ba\u015fkent \u015eam ve \u00fclkenin bir\u00e7ok yerinde insanlar\u0131n hastal\u0131k ve a\u00e7l\u0131k y\u00fcz\u00fcnden hayatlar\u0131n\u0131 kaybetmekte oldu\u011funu kaydederek &#8220;Bu insanl\u0131\u011fa kar\u015f\u0131 su\u00e7u sona erdirmek uluslararas\u0131 toplumun sorumlulu\u011fudur, hepimizin sorumlulu\u011fudur&#8221; de\u011ferlendirmesinde bulundu. Bakan Davuto\u011flu, <a href=\"http:\/\/www.cnnturk.com\/guncel.konular\/abd\/359\/index.html\">ABD<\/a> ve T\u00fcrkiye&#8217;nin de bu konuda at\u0131lacak ad\u0131mlar konusunda yak\u0131n isti\u015farelere devam edece\u011fini dile getirdi.<\/p>\n<p style=\"text-align: justify;\"><strong>&#8220;Obama&#8217;n\u0131n <\/strong><a href=\"http:\/\/www.cnnturk.com\/guncel.konular\/iran\/151\/index.html\"><b>\u0130ran<\/b><\/a><strong> ile angajman politikas\u0131ndan memnuniyet duyuyoruz&#8221;<\/strong><\/p>\n<p style=\"text-align: justify;\">G\u00f6r\u00fc\u015fmede ayr\u0131ca <a href=\"http:\/\/www.cnnturk.com\/guncel.konular\/iran\/151\/index.html\">\u0130ran<\/a>&#8216;\u0131n n\u00fckleer program\u0131yla ilgili meseleyi konu\u015ftuklar\u0131n\u0131 ifade eden Davuto\u011flu, T\u00fcrkiye olarak b\u00f6lgede hi\u00e7bir \u00fclkenin n\u00fckleer silah edinmesini istemediklerinin alt\u0131n\u0131 \u00e7izerken, bar\u0131\u015f\u00e7\u0131l n\u00fckleer enerjiye eri\u015fimden de yana olduklar\u0131n\u0131 kaydetti.<\/p>\n<p style=\"text-align: justify;\">Davuto\u011flu, bu kapsamda P5+1 \u00fclkeleriyle <a href=\"http:\/\/www.cnnturk.com\/guncel.konular\/iran\/151\/index.html\">\u0130ran<\/a> aras\u0131ndaki m\u00fczakereleri T\u00fcrkiye olarak her zaman desteklediklerini, bu noktada Obama&#8217;n\u0131n <a href=\"http:\/\/www.cnnturk.com\/guncel.konular\/iran\/151\/index.html\">\u0130ran<\/a> ile angajman politikas\u0131ndan memnuniyet duyduklar\u0131n\u0131 s\u00f6yledi.<\/p>\n<p style=\"text-align: justify;\">Bakan Davuto\u011flu, &#8220;E\u011fer bu s\u00fcre\u00e7te ba\u015far\u0131l\u0131 olunursa bu, b\u00f6lgede tansiyonu azaltacak b\u00fcy\u00fck bir haber olur. Di\u011fer konular\u0131 da olumlu y\u00f6nde etkileyecektir. Sizi temin ederim ki T\u00fcrkiye olarak bu s\u00fcreci destekliyoruz. T\u00fcrkiye&#8217;den bir \u015fey beklendi\u011fi durumda, tansiyonu azaltmak i\u00e7in T\u00fcrkiye elinden geleni yapacakt\u0131r&#8221; diye konu\u015ftu.<\/p>\n<p style=\"text-align: justify;\">Ortado\u011fu bar\u0131\u015f s\u00fcrecinde de Kerry&#8217;ye tam destek ve ba\u015far\u0131 dileklerini ileten Davuto\u011flu, T\u00fcrkiye&#8217;nin Ortado\u011fu&#8217;daki her t\u00fcrl\u00fc bar\u0131\u015f giri\u015fiminde katk\u0131 sa\u011flamaya ve <a href=\"http:\/\/www.cnnturk.com\/guncel.konular\/abd\/359\/index.html\">ABD<\/a> ile birlikte \u00e7al\u0131\u015fmaya haz\u0131r oldu\u011funu vurgulad\u0131.<\/p>\n<p style=\"text-align: justify;\"><strong>&#8220;<\/strong><a href=\"http:\/\/www.cnnturk.com\/guncel.konular\/irak\/160\/index.html\"><b>Irak<\/b><\/a><strong>&#8216;ta ve b\u00f6lgede mezhepsel ve etnik bar\u0131\u015f stratejisine sahibiz&#8221;<\/strong><\/p>\n<p style=\"text-align: justify;\"><a href=\"http:\/\/www.cnnturk.com\/guncel.konular\/irak\/160\/index.html\">Irak<\/a> konusuna da de\u011finen Davuto\u011flu, <a href=\"http:\/\/www.cnnturk.com\/guncel.konular\/irak\/160\/index.html\">Irak<\/a>&#8216;\u0131n T\u00fcrkiye&#8217;nin en \u00f6nemli kom\u015fular\u0131ndan biri oldu\u011funu, kendisinin <a href=\"http:\/\/www.cnnturk.com\/guncel.konular\/irak\/160\/index.html\">Irak<\/a>&#8216;a ge\u00e7en hafta yapt\u0131\u011f\u0131 ziyaretin \u00e7ok ba\u015far\u0131l\u0131 ge\u00e7ti\u011fini belirtti. Davuto\u011flu, <a href=\"http:\/\/www.cnnturk.com\/guncel.konular\/irak\/160\/index.html\">Irak<\/a> ziyaretinin sadece iki \u00fclke aras\u0131ndaki ili\u015fkileri olumlu y\u00f6nde geli\u015ftirme ba\u011flam\u0131nda de\u011fil, ayn\u0131 zamanda <a href=\"http:\/\/www.cnnturk.com\/guncel.konular\/irak\/160\/index.html\">Irak<\/a> ve b\u00f6lge halk\u0131na, T\u00fcrkiye&#8217;nin mezhepsel gerilimleri \u00f6nlemek i\u00e7in elinden gelen her \u015feyi yapaca\u011f\u0131 mesaj\u0131n\u0131 verme ad\u0131na ba\u015far\u0131l\u0131 oldu\u011funu anlatt\u0131.<\/p>\n<p style=\"text-align: justify;\"><a href=\"http:\/\/www.cnnturk.com\/guncel.konular\/irak\/160\/index.html\">Irak<\/a>&#8216;ta sadece Ba\u015fbakan Nuri el-Maliki de\u011fil, \u015eii ve S\u00fcnni liderlerle de bir araya geldi\u011fini hat\u0131rlatan Davuto\u011flu, b\u00f6lgede mezhepsel ve etnik gerilimleri \u00f6nlemek i\u00e7in <a href=\"http:\/\/www.cnnturk.com\/guncel.konular\/abd\/359\/index.html\">ABD<\/a> ve di\u011fer m\u00fcttefiklerin birlikte \u00e7al\u0131\u015fmas\u0131 gerekti\u011fini, T\u00fcrkiye&#8217;nin de <a href=\"http:\/\/www.cnnturk.com\/guncel.konular\/irak\/160\/index.html\">Irak<\/a>&#8216;taki t\u00fcm taraflarla m\u00fckemmel ili\u015fkilere sahip olmaya devam edece\u011fini kaydetti.<\/p>\n<p style=\"text-align: justify;\">Davuto\u011flu, <a href=\"http:\/\/www.cnnturk.com\/guncel.konular\/irak\/160\/index.html\">Irak<\/a> K\u00fcrt B\u00f6lgesel Y\u00f6netimi (IKBY) Ba\u015fkan\u0131 Mesud Barzani&#8217;nin Diyarbak\u0131r ziyaretini de an\u0131msatarak, &#8220;Bu, T\u00fcrkiye&#8217;nin <a href=\"http:\/\/www.cnnturk.com\/guncel.konular\/irak\/160\/index.html\">Irak<\/a>&#8216;ta ve b\u00f6lgede mezhepsel ve etnik bar\u0131\u015f stratejisine sahip oldu\u011funu g\u00f6stermektedir. <a href=\"http:\/\/www.cnnturk.com\/guncel.konular\/irak\/160\/index.html\">Irak<\/a> ile ili\u015fkilerimiz g\u00fc\u00e7leniyor. <a href=\"http:\/\/www.cnnturk.com\/guncel.konular\/abd\/359\/index.html\">ABD<\/a> ve T\u00fcrkiye olarak <a href=\"http:\/\/www.cnnturk.com\/guncel.konular\/irak\/160\/index.html\">Irak<\/a> ve b\u00f6lgenin istikrar\u0131 i\u00e7in \u00e7al\u0131\u015fmaya devam edece\u011fiz&#8221; dedi.<\/p>\n<p style=\"text-align: justify;\"><a href=\"http:\/\/www.cnnturk.com\/guncel.konular\/karabag.sorunu\/334\/index.html\">Yukar\u0131 Karaba\u011f<\/a> ve <a href=\"http:\/\/www.cnnturk.com\/guncel.konular\/kibris\/80\/index.html\">K\u0131br\u0131s<\/a> konular\u0131na da de\u011finen Davuto\u011flu, <a href=\"http:\/\/www.cnnturk.com\/guncel.konular\/karabag.sorunu\/334\/index.html\">Yukar\u0131 Karaba\u011f<\/a>&#8216;daki donmu\u015f ihtilaf\u0131n k\u0131sa zamanda \u00e7\u00f6z\u00fclmesini ve bunun da Kafkas b\u00f6lgesine bar\u0131\u015f getirmesini umduklar\u0131n\u0131 ifade etti. Davuto\u011flu, T\u00fcrkiye ve <a href=\"http:\/\/www.cnnturk.com\/guncel.konular\/abd\/359\/index.html\">ABD<\/a>&#8216;nin bu konuya ayn\u0131 a\u00e7\u0131dan bakmas\u0131ndan memnuniyet duydu\u011funu aktararak <a href=\"http:\/\/www.cnnturk.com\/guncel.konular\/azerbaycan\/319\/index.html\">Azerbaycan<\/a> Cumhurba\u015fkan\u0131 \u0130lham Aliyev ile Ermenistan Cumhurba\u015fkan\u0131 Serj Sarkisyan aras\u0131ndaki g\u00f6r\u00fc\u015fmelerin ba\u015far\u0131l\u0131 olmas\u0131n\u0131 diledi.<\/p>\n<p style=\"text-align: justify;\"><b><i>http:\/\/www.cnnturk.com\/2013\/dunya\/11\/18\/davutoglu.kerry.zirvesinden.onemli.mesajlar\/731464.0\/<\/i><\/b><\/p>\n","protected":false},"excerpt":{"rendered":"<p>D\u0131\u015fi\u015fleri Bakan\u0131 Ahmet Davuto\u011flu, T\u00fcrkiye ve ABD aras\u0131ndaki model ortakl\u0131\u011f\u0131n sonsuza kadar s\u00fcrece\u011fini ve sorunlar\u0131n \u00e7\u00f6z\u00fcm\u00fcnde uluslararas\u0131 toplumun en temel de\u011ferlerinden biri olaca\u011f\u0131n\u0131 s\u00f6yledi Davuto\u011flu, ABD&#8216;nin ba\u015fkenti Washington&#8217;daki temaslar\u0131 \u00e7er\u00e7evesinde ABD D\u0131\u015fi\u015fleri Bakan\u0131 John Kerry ile ba\u015f ba\u015fa ve heyetler aras\u0131 g\u00f6r\u00fc\u015fmeler yapt\u0131. \u0130ki Bakan g\u00f6r\u00fc\u015fmenin ard\u0131ndan ortak bas\u0131n toplant\u0131s\u0131 d\u00fczenledi. Bas\u0131n toplant\u0131s\u0131nda, Kerry ile [&hellip;]<\/p>\n","protected":false},"author":7,"featured_media":0,"comment_status":"open","ping_status":"open","sticky":false,"template":"","format":"standard","meta":{"footnotes":""},"categories":[1],"tags":[],"class_list":["post-26961","post","type-post","status-publish","format-standard","hentry","category-haberler"],"yoast_head":"<!-- This site is optimized with the Yoast SEO plugin v27.4 - https:\/\/yoast.com\/product\/yoast-seo-wordpress\/ -->\n<title>Davuto\u011flu-Kerry zirvesinden \u00f6nemli mesajlar - Bati Ermenistan Ve Bati Ermenileri Sorunlari Ara\u015ftirmalar Merkezi<\/title>\n<meta name=\"robots\" content=\"index, follow, max-snippet:-1, max-image-preview:large, max-video-preview:-1\" \/>\n<link rel=\"canonical\" href=\"https:\/\/akunq.net\/tr\/?p=26961\" \/>\n<meta property=\"og:locale\" content=\"en_US\" \/>\n<meta property=\"og:type\" content=\"article\" \/>\n<meta property=\"og:title\" content=\"Davuto\u011flu-Kerry zirvesinden \u00f6nemli mesajlar - Bati Ermenistan Ve Bati Ermenileri Sorunlari Ara\u015ftirmalar Merkezi\" \/>\n<meta property=\"og:description\" content=\"D\u0131\u015fi\u015fleri Bakan\u0131 Ahmet Davuto\u011flu, T\u00fcrkiye ve ABD aras\u0131ndaki model ortakl\u0131\u011f\u0131n sonsuza kadar s\u00fcrece\u011fini ve sorunlar\u0131n \u00e7\u00f6z\u00fcm\u00fcnde uluslararas\u0131 toplumun en temel de\u011ferlerinden biri olaca\u011f\u0131n\u0131 s\u00f6yledi Davuto\u011flu, ABD&#8216;nin ba\u015fkenti Washington&#8217;daki temaslar\u0131 \u00e7er\u00e7evesinde ABD D\u0131\u015fi\u015fleri Bakan\u0131 John Kerry ile ba\u015f ba\u015fa ve heyetler aras\u0131 g\u00f6r\u00fc\u015fmeler yapt\u0131. \u0130ki Bakan g\u00f6r\u00fc\u015fmenin ard\u0131ndan ortak bas\u0131n toplant\u0131s\u0131 d\u00fczenledi. Bas\u0131n toplant\u0131s\u0131nda, Kerry ile [&hellip;]\" \/>\n<meta property=\"og:url\" content=\"https:\/\/akunq.net\/tr\/?p=26961\" \/>\n<meta property=\"og:site_name\" content=\"Bati Ermenistan Ve Bati Ermenileri Sorunlari Ara\u015ftirmalar Merkezi\" \/>\n<meta property=\"article:published_time\" content=\"2013-11-20T09:14:52+00:00\" \/>\n<meta property=\"article:modified_time\" content=\"2013-11-20T09:15:18+00:00\" \/>\n<meta name=\"author\" content=\"admin\" \/>\n<meta name=\"twitter:card\" content=\"summary_large_image\" \/>\n<meta name=\"twitter:label1\" content=\"Written by\" \/>\n\t<meta name=\"twitter:data1\" content=\"admin\" \/>\n\t<meta name=\"twitter:label2\" content=\"Est. reading time\" \/>\n\t<meta name=\"twitter:data2\" content=\"6 minutes\" \/>\n<script type=\"application\/ld+json\" class=\"yoast-schema-graph\">{\"@context\":\"https:\\\/\\\/schema.org\",\"@graph\":[{\"@type\":\"Article\",\"@id\":\"https:\\\/\\\/akunq.net\\\/tr\\\/?p=26961#article\",\"isPartOf\":{\"@id\":\"https:\\\/\\\/akunq.net\\\/tr\\\/?p=26961\"},\"author\":{\"name\":\"admin\",\"@id\":\"https:\\\/\\\/akunq.net\\\/tr\\\/#\\\/schema\\\/person\\\/096f1d38a12cce57fb855b485ed24c9e\"},\"headline\":\"Davuto\u011flu-Kerry zirvesinden \u00f6nemli mesajlar\",\"datePublished\":\"2013-11-20T09:14:52+00:00\",\"dateModified\":\"2013-11-20T09:15:18+00:00\",\"mainEntityOfPage\":{\"@id\":\"https:\\\/\\\/akunq.net\\\/tr\\\/?p=26961\"},\"wordCount\":1226,\"commentCount\":0,\"articleSection\":[\"Haberler\"],\"inLanguage\":\"en-US\",\"potentialAction\":[{\"@type\":\"CommentAction\",\"name\":\"Comment\",\"target\":[\"https:\\\/\\\/akunq.net\\\/tr\\\/?p=26961#respond\"]}]},{\"@type\":\"WebPage\",\"@id\":\"https:\\\/\\\/akunq.net\\\/tr\\\/?p=26961\",\"url\":\"https:\\\/\\\/akunq.net\\\/tr\\\/?p=26961\",\"name\":\"Davuto\u011flu-Kerry zirvesinden \u00f6nemli mesajlar - Bati Ermenistan Ve Bati Ermenileri Sorunlari Ara\u015ftirmalar Merkezi\",\"isPartOf\":{\"@id\":\"https:\\\/\\\/akunq.net\\\/tr\\\/#website\"},\"datePublished\":\"2013-11-20T09:14:52+00:00\",\"dateModified\":\"2013-11-20T09:15:18+00:00\",\"author\":{\"@id\":\"https:\\\/\\\/akunq.net\\\/tr\\\/#\\\/schema\\\/person\\\/096f1d38a12cce57fb855b485ed24c9e\"},\"breadcrumb\":{\"@id\":\"https:\\\/\\\/akunq.net\\\/tr\\\/?p=26961#breadcrumb\"},\"inLanguage\":\"en-US\",\"potentialAction\":[{\"@type\":\"ReadAction\",\"target\":[\"https:\\\/\\\/akunq.net\\\/tr\\\/?p=26961\"]}]},{\"@type\":\"BreadcrumbList\",\"@id\":\"https:\\\/\\\/akunq.net\\\/tr\\\/?p=26961#breadcrumb\",\"itemListElement\":[{\"@type\":\"ListItem\",\"position\":1,\"name\":\"Home\",\"item\":\"https:\\\/\\\/akunq.net\\\/tr\"},{\"@type\":\"ListItem\",\"position\":2,\"name\":\"Davuto\u011flu-Kerry zirvesinden \u00f6nemli mesajlar\"}]},{\"@type\":\"WebSite\",\"@id\":\"https:\\\/\\\/akunq.net\\\/tr\\\/#website\",\"url\":\"https:\\\/\\\/akunq.net\\\/tr\\\/\",\"name\":\"Bati Ermenistan Ve Bati Ermenileri Sorunlari Ara\u015ftirmalar Merkezi\",\"description\":\"\",\"potentialAction\":[{\"@type\":\"SearchAction\",\"target\":{\"@type\":\"EntryPoint\",\"urlTemplate\":\"https:\\\/\\\/akunq.net\\\/tr\\\/?s={search_term_string}\"},\"query-input\":{\"@type\":\"PropertyValueSpecification\",\"valueRequired\":true,\"valueName\":\"search_term_string\"}}],\"inLanguage\":\"en-US\"},{\"@type\":\"Person\",\"@id\":\"https:\\\/\\\/akunq.net\\\/tr\\\/#\\\/schema\\\/person\\\/096f1d38a12cce57fb855b485ed24c9e\",\"name\":\"admin\",\"url\":\"https:\\\/\\\/akunq.net\\\/tr\\\/?author=7\"}]}<\/script>\n<!-- \/ Yoast SEO plugin. -->","yoast_head_json":{"title":"Davuto\u011flu-Kerry zirvesinden \u00f6nemli mesajlar - Bati Ermenistan Ve Bati Ermenileri Sorunlari Ara\u015ftirmalar Merkezi","robots":{"index":"index","follow":"follow","max-snippet":"max-snippet:-1","max-image-preview":"max-image-preview:large","max-video-preview":"max-video-preview:-1"},"canonical":"https:\/\/akunq.net\/tr\/?p=26961","og_locale":"en_US","og_type":"article","og_title":"Davuto\u011flu-Kerry zirvesinden \u00f6nemli mesajlar - Bati Ermenistan Ve Bati Ermenileri Sorunlari Ara\u015ftirmalar Merkezi","og_description":"D\u0131\u015fi\u015fleri Bakan\u0131 Ahmet Davuto\u011flu, T\u00fcrkiye ve ABD aras\u0131ndaki model ortakl\u0131\u011f\u0131n sonsuza kadar s\u00fcrece\u011fini ve sorunlar\u0131n \u00e7\u00f6z\u00fcm\u00fcnde uluslararas\u0131 toplumun en temel de\u011ferlerinden biri olaca\u011f\u0131n\u0131 s\u00f6yledi Davuto\u011flu, ABD&#8216;nin ba\u015fkenti Washington&#8217;daki temaslar\u0131 \u00e7er\u00e7evesinde ABD D\u0131\u015fi\u015fleri Bakan\u0131 John Kerry ile ba\u015f ba\u015fa ve heyetler aras\u0131 g\u00f6r\u00fc\u015fmeler yapt\u0131. \u0130ki Bakan g\u00f6r\u00fc\u015fmenin ard\u0131ndan ortak bas\u0131n toplant\u0131s\u0131 d\u00fczenledi. Bas\u0131n toplant\u0131s\u0131nda, Kerry ile [&hellip;]","og_url":"https:\/\/akunq.net\/tr\/?p=26961","og_site_name":"Bati Ermenistan Ve Bati Ermenileri Sorunlari Ara\u015ftirmalar Merkezi","article_published_time":"2013-11-20T09:14:52+00:00","article_modified_time":"2013-11-20T09:15:18+00:00","author":"admin","twitter_card":"summary_large_image","twitter_misc":{"Written by":"admin","Est. reading time":"6 minutes"},"schema":{"@context":"https:\/\/schema.org","@graph":[{"@type":"Article","@id":"https:\/\/akunq.net\/tr\/?p=26961#article","isPartOf":{"@id":"https:\/\/akunq.net\/tr\/?p=26961"},"author":{"name":"admin","@id":"https:\/\/akunq.net\/tr\/#\/schema\/person\/096f1d38a12cce57fb855b485ed24c9e"},"headline":"Davuto\u011flu-Kerry zirvesinden \u00f6nemli mesajlar","datePublished":"2013-11-20T09:14:52+00:00","dateModified":"2013-11-20T09:15:18+00:00","mainEntityOfPage":{"@id":"https:\/\/akunq.net\/tr\/?p=26961"},"wordCount":1226,"commentCount":0,"articleSection":["Haberler"],"inLanguage":"en-US","potentialAction":[{"@type":"CommentAction","name":"Comment","target":["https:\/\/akunq.net\/tr\/?p=26961#respond"]}]},{"@type":"WebPage","@id":"https:\/\/akunq.net\/tr\/?p=26961","url":"https:\/\/akunq.net\/tr\/?p=26961","name":"Davuto\u011flu-Kerry zirvesinden \u00f6nemli mesajlar - Bati Ermenistan Ve Bati Ermenileri Sorunlari Ara\u015ftirmalar Merkezi","isPartOf":{"@id":"https:\/\/akunq.net\/tr\/#website"},"datePublished":"2013-11-20T09:14:52+00:00","dateModified":"2013-11-20T09:15:18+00:00","author":{"@id":"https:\/\/akunq.net\/tr\/#\/schema\/person\/096f1d38a12cce57fb855b485ed24c9e"},"breadcrumb":{"@id":"https:\/\/akunq.net\/tr\/?p=26961#breadcrumb"},"inLanguage":"en-US","potentialAction":[{"@type":"ReadAction","target":["https:\/\/akunq.net\/tr\/?p=26961"]}]},{"@type":"BreadcrumbList","@id":"https:\/\/akunq.net\/tr\/?p=26961#breadcrumb","itemListElement":[{"@type":"ListItem","position":1,"name":"Home","item":"https:\/\/akunq.net\/tr"},{"@type":"ListItem","position":2,"name":"Davuto\u011flu-Kerry zirvesinden \u00f6nemli mesajlar"}]},{"@type":"WebSite","@id":"https:\/\/akunq.net\/tr\/#website","url":"https:\/\/akunq.net\/tr\/","name":"Bati Ermenistan Ve Bati Ermenileri Sorunlari Ara\u015ftirmalar Merkezi","description":"","potentialAction":[{"@type":"SearchAction","target":{"@type":"EntryPoint","urlTemplate":"https:\/\/akunq.net\/tr\/?s={search_term_string}"},"query-input":{"@type":"PropertyValueSpecification","valueRequired":true,"valueName":"search_term_string"}}],"inLanguage":"en-US"},{"@type":"Person","@id":"https:\/\/akunq.net\/tr\/#\/schema\/person\/096f1d38a12cce57fb855b485ed24c9e","name":"admin","url":"https:\/\/akunq.net\/tr\/?author=7"}]}},"_links":{"self":[{"href":"https:\/\/akunq.net\/tr\/index.php?rest_route=\/wp\/v2\/posts\/26961","targetHints":{"allow":["GET"]}}],"collection":[{"href":"https:\/\/akunq.net\/tr\/index.php?rest_route=\/wp\/v2\/posts"}],"about":[{"href":"https:\/\/akunq.net\/tr\/index.php?rest_route=\/wp\/v2\/types\/post"}],"author":[{"embeddable":true,"href":"https:\/\/akunq.net\/tr\/index.php?rest_route=\/wp\/v2\/users\/7"}],"replies":[{"embeddable":true,"href":"https:\/\/akunq.net\/tr\/index.php?rest_route=%2Fwp%2Fv2%2Fcomments&post=26961"}],"version-history":[{"count":2,"href":"https:\/\/akunq.net\/tr\/index.php?rest_route=\/wp\/v2\/posts\/26961\/revisions"}],"predecessor-version":[{"id":26964,"href":"https:\/\/akunq.net\/tr\/index.php?rest_route=\/wp\/v2\/posts\/26961\/revisions\/26964"}],"wp:attachment":[{"href":"https:\/\/akunq.net\/tr\/index.php?rest_route=%2Fwp%2Fv2%2Fmedia&parent=26961"}],"wp:term":[{"taxonomy":"category","embeddable":true,"href":"https:\/\/akunq.net\/tr\/index.php?rest_route=%2Fwp%2Fv2%2Fcategories&post=26961"},{"taxonomy":"post_tag","embeddable":true,"href":"https:\/\/akunq.net\/tr\/index.php?rest_route=%2Fwp%2Fv2%2Ftags&post=26961"}],"curies":[{"name":"wp","href":"https:\/\/api.w.org\/{rel}","templated":true}]}}