{"id":26954,"date":"2013-11-20T03:36:35","date_gmt":"2013-11-20T08:36:35","guid":{"rendered":"http:\/\/akunq.net\/tr\/?p=26954"},"modified":"2013-11-20T03:36:35","modified_gmt":"2013-11-20T08:36:35","slug":"maritsa-kucuk-cinayeti-sorusturmasi-genisletilmeli","status":"publish","type":"post","link":"https:\/\/akunq.net\/tr\/?p=26954","title":{"rendered":"&#8220;Maritsa K\u00fc\u00e7\u00fck Cinayeti Soru\u015fturmas\u0131 Geni\u015fletilmeli&#8221;"},"content":{"rendered":"<p style=\"text-align: justify;\"><b><a href=\"http:\/\/akunq.net\/tr\/wp-content\/uploads\/2013\/11\/Maritsa-K\u00fc\u00e7\u00fck-Cinayeti.jpg\"><img loading=\"lazy\" decoding=\"async\" class=\"alignright size-medium wp-image-26955\" alt=\"Maritsa K\u00fc\u00e7\u00fck Cinayeti\" src=\"http:\/\/akunq.net\/tr\/wp-content\/uploads\/2013\/11\/Maritsa-K\u00fc\u00e7\u00fck-Cinayeti-300x155.jpg\" width=\"300\" height=\"155\" srcset=\"https:\/\/akunq.net\/tr\/wp-content\/uploads\/sites\/6\/2013\/11\/Maritsa-K\u00fc\u00e7\u00fck-Cinayeti-300x155.jpg 300w, https:\/\/akunq.net\/tr\/wp-content\/uploads\/sites\/6\/2013\/11\/Maritsa-K\u00fc\u00e7\u00fck-Cinayeti.jpg 490w\" sizes=\"auto, (max-width: 300px) 100vw, 300px\" \/><\/a><a href=\"http:\/\/www.bianet.org\/yazar\/beyza-kural\">Beyza KURAL<\/a><\/b><\/p>\n<p style=\"text-align: justify;\"><b><i>Maritsa K\u00fc\u00e7\u00fck cinayetine ili\u015fkin yap\u0131lan bas\u0131n toplant\u0131s\u0131nda konu\u015fan Avukat Eren Keskin, sald\u0131r\u0131lar\u0131n \u00fcst\u00fcn\u00fcn kapat\u0131lmas\u0131 endi\u015fesini payla\u015ft\u0131, soru\u015fturman\u0131n geni\u015fletilmesini ve san\u0131\u011fa g\u00fcvence verilerek konu\u015fmas\u0131n\u0131n sa\u011flanmas\u0131n\u0131 istedi.<\/i><\/b><\/p>\n<p style=\"text-align: justify;\">\u0130nsan Haklar\u0131 Derne\u011fii \u0130stanbul \u015eubesi Irk\u00e7\u0131l\u0131k ve Ayr\u0131mc\u0131l\u0131\u011fa Kar\u015f\u0131 Komisyon, \u00a0Samatya\u2019da evinde \u00f6ld\u00fcr\u00fclen <b>Maritsa K\u00fc\u00e7\u00fck<\/b> davas\u0131na ili\u015fkin bug\u00fcn dernek \u015fubesinde Maritsa K\u00fc\u00e7\u00fck\u2019\u00fcn ailesinin de kat\u0131l\u0131m\u0131yla bir bas\u0131n toplant\u0131s\u0131 d\u00fczenledi.<\/p>\n<p style=\"text-align: justify;\">Yarg\u0131dan san\u0131k Murat Nazaryan&#8217;\u0131n duru\u015fmada anlatt\u0131\u011f\u0131 kendisini \u00fc\u00e7 ki\u015finin tehdit ederek eve g\u00f6t\u00fcrd\u00fc\u011f\u00fc bilgisinin \u00fczerine gidilmesi, <b>bahsetti\u011fi \u00e7etelerin ara\u015ft\u0131r\u0131lmas\u0131<\/b>, cinayet s<b>oru\u015fturmas\u0131n\u0131n geni\u015fletilmesi<\/b>, Samatya\u2019daki <b>di\u011fer sald\u0131r\u0131larla ilgili soru\u015fturman\u0131n bu dava ile birle\u015fmesi<\/b> ve korktu\u011funu s\u00f6yleyen <b>san\u0131\u011fa g\u00fcvence verilerek yeni bilgiler al\u0131nmas\u0131<\/b>n\u0131n sa\u011flanmas\u0131 istendi.<\/p>\n<p style=\"text-align: justify;\">Maritsa K\u00fc\u00e7\u00fck\u2019\u00fcn ailesi de su\u00e7lular\u0131n tespiti i\u00e7in devletten yard\u0131m istedi. Maritsa K\u00fc\u00e7\u00fck&#8217;\u00fcn k\u0131z\u0131 <b>Bayzar Midilli<\/b>, annesinin evine daha \u00f6nce Belediye&#8217;de ve ba\u015fka yerlerde g\u00f6revli oldu\u011fu ki\u015filerin elinde dosyalarla geldi\u011fini anlatt\u0131. Midilli ve a\u011fabeyi <b>Ya\u015far K\u00fc\u00e7\u00fck<\/b> devletten yard\u0131m istediklerini, san\u0131\u011f\u0131n bahsetti\u011fi \u00fc\u00e7 ki\u015finin ortaya \u00e7\u0131kar\u0131lmas\u0131n\u0131 istedi.<\/p>\n<p style=\"text-align: justify;\">&#8220;85 ya\u015f\u0131ndaki kad\u0131ndan ne istediler? Ac\u0131m\u0131z \u00e7ok b\u00fcy\u00fck. Bu \u015fekilde \u00f6ld\u00fcr\u00fclmeyi kimse hak etmez. Davan\u0131n \u00fcst\u00fcne gidilsin.&#8221;<\/p>\n<p style=\"text-align: justify;\"><b>\u201cSoru\u015fturma eksik yap\u0131ld\u0131\u201d<\/b><\/p>\n<p style=\"text-align: justify;\">87 ya\u015f\u0131ndaki <b>Maritsa K\u00fc\u00e7\u00fck<\/b> 28 Aral\u0131k 2012\u2019de evinde d\u00f6v\u00fclerek ve b\u0131\u00e7aklanarak \u00f6ld\u00fcr\u00fcld\u00fc, 26 Ocak\u2019a dek Samatya\u2019da ya\u015fayan ba\u015fka ya\u015fl\u0131 ve Ermeni kad\u0131nlar da benzer sald\u0131r\u0131larla kar\u015f\u0131la\u015ft\u0131;\u00a0<b>Turfanda A\u015f\u0131k<\/b> bir g\u00f6z\u00fcn\u00fc kaybederken, <b>Sultan Aykar<\/b> g\u00f6rme kayb\u0131na u\u011frad\u0131. Maritsa K\u00fc\u00e7\u00fck cinayeti ile ilgili soru\u015fturmaya gizlilik karar\u0131 verilirken, di\u011fer sald\u0131r\u0131larla ilgili dosyalar kapand\u0131.<\/p>\n<p style=\"text-align: justify;\">Komisyon \u00fcyesi ve ailenin avukat\u0131\u00a0<b>Eren Keskin<\/b>, soru\u015fturma ve dava s\u00fcreciyle ilgili a\u00e7\u0131klamalar\u0131nda soru\u015fturmadaki eksiklere dikkat \u00e7ekerek \u201c<b>ihmal ya da \u00fcst\u00fcn\u00fc kapama ihtimali s\u00f6z konusu<\/b>\u201d derken, komisyon olarak Maritsa K\u00fc\u00e7\u00fck\u2019\u00fcn \u00f6ld\u00fcr\u00fclmesinin nefret cinayeti oldu\u011funu d\u00fc\u015f\u00fcnd\u00fcklerini belirtti.<\/p>\n<p style=\"text-align: justify;\">\u201c \u015e\u00fcpheli bir\u00e7ok olayda, \u00e7o\u011funlukla da devlet g\u00fc\u00e7lerinin yarg\u0131land\u0131\u011f\u0131 davada g\u00f6rd\u00fc\u011f\u00fcm\u00fcz gibi <b>soru\u015fturmaya gizlilik karar\u0131<\/b> kondu. Deneyimlerimiz<b>, faillerin korunmaya \u00e7abas\u0131 oldu\u011funda gizlilik karar\u0131 oldu\u011fu<\/b> y\u00f6n\u00fcnde.<\/p>\n<p style=\"text-align: justify;\">\u201cDava a\u00e7\u0131ld\u0131\u011f\u0131nda ise bir bu\u00e7uk sayfal\u0131k <b>\u00fcst\u00fcnk\u00f6r\u00fc bir iddianame<\/b> haz\u0131rland\u0131\u011f\u0131n\u0131 g\u00f6rd\u00fck. Savc\u0131, Ermeni kad\u0131nlara y\u00f6nelik <b>di\u011fer sald\u0131r\u0131lar\u0131n ara\u015ft\u0131r\u0131lmas\u0131n\u0131 istememi\u015fti<\/b>. Uzmanl\u0131k raporunda da evdeki hal\u0131da <b>ba\u015fka bir kad\u0131na ait DNA \u00f6rne\u011fi<\/b>ne rastland\u0131.\u201d<\/p>\n<p style=\"text-align: justify;\">Sald\u0131r\u0131ya u\u011frayan Sultan Aykar\u2019\u0131 \u015fikayet\u00e7i olmamas\u0131n\u0131n \u201cSoru\u015fturmaya olan g\u00fcvensizli\u011fin sonucu\u201d oldu\u011funu s\u00f6yleyen Keskin, b\u00f6ylesi olaylarda savc\u0131n\u0131n \u015fikayet olmasa da soru\u015fturma a\u00e7mas\u0131n\u0131n m\u00fcmk\u00fcn oldu\u011funa dikkat \u00e7ekti.<\/p>\n<p style=\"text-align: justify;\"><b>&#8220;\u00dc\u00e7 ki\u015filerdi&#8221;<\/b><\/p>\n<p style=\"text-align: justify;\">Maritsa K\u00fc\u00e7\u00fck cinayeti zanl\u0131s\u0131 olararak <b>Murat Nazaryan<\/b> adl\u0131 ki\u015fi tutukland\u0131. Komisyon ad\u0131na \u0130HD \u015eube Y\u00f6neticisi <b>Meral \u00c7\u0131ld\u0131r&#8217;<\/b>\u0131n okudu\u011fu bas\u0131n a\u00e7\u0131klamas\u0131nda san\u0131kla ilgili \u015fu ifadeler \u00f6ne \u00e7\u0131kt\u0131:<\/p>\n<p style=\"text-align: justify;\">&#8220;Nazaryan&#8217;\u0131n cinayet zanl\u0131s\u0131 olarak yakaland\u0131\u011f\u0131nda bas\u0131na tek kaynaktan yans\u0131yan servis edildi\u011fi belli olan haberlerin hepsinde \u00f6nce Nazaryan&#8217;\u0131n Ermeni kimli\u011fi vurgulan\u0131yor, &#8216;Samatya sald\u0131rgan\u0131&#8217; denilerek, t\u00fcm sald\u0131r\u0131larda sorumlu oldu\u011fu izlenimi yarat\u0131l\u0131yor ve sald\u0131r\u0131lar\u0131n &#8216;gasp&#8217; ama\u00e7l\u0131 oldu\u011fu belirtiliyordu. Oysa Nazaryan sadece Maritsa K\u00fc\u00e7\u00fck cinayetinden yarg\u0131lan\u0131yor, sald\u0131r\u0131lar ise gasp ama\u00e7l\u0131 de\u011fildi.&#8221;<\/p>\n<p style=\"text-align: justify;\">\u00c7\u0131ld\u0131r, Nazaryan&#8217;\u0131n Yozgat&#8217;tan \u0130stanbul&#8217;a gelen yoksul, kimsesiz ve sa\u011fl\u0131k sorunlar\u0131 olan bir ailenin \u00e7ocu\u011fu oldu\u011funu s\u00f6yledi.<\/p>\n<p style=\"text-align: justify;\">&#8220;Uyu\u015fturucu ba\u011f\u0131ml\u0131s\u0131, ruhsal sorunlar\u0131 olan, belirli i\u015fi olmayan, ikamet adresi vermeyen bir ki\u015fi olarak cinayeti planlayanlar\u0131n kullanmas\u0131 bak\u0131m\u0131ndan \u00e7ok uygundu. Her \u015feyden \u00f6nce Ermeniydi. &#8216;Ermenilere sald\u0131ran da bir Ermeni&#8217; denilerek olaylar\u0131n \u00fczerini kapatmak hi\u00e7 zor olmayacakt\u0131.&#8221;<\/p>\n<p style=\"text-align: justify;\">\u0130lk iki duru\u015fmada &#8216;kimseyi \u00f6ld\u00fcrmedim&#8221; diyen Nazaryan, 4 Kas\u0131m&#8217;daki son duru\u015fmada &#8220;Maritsa K\u00fc\u00e7\u00fck&#8217;\u00fc \u00f6ld\u00fcren \u00fc\u00e7 ki\u015fi oldu\u011funu, kendisini tehdit ederek yanlar\u0131nda g\u00f6t\u00fcrd\u00fc\u011f\u00fcn\u00fc s\u00f6yledi, \u00e7etelerden bahsetti, tehdit edildi\u011fi ve korktu\u011fu i\u00e7in konu\u015fmad\u0131\u011f\u0131n\u0131 anlatt\u0131.<\/p>\n<p style=\"text-align: justify;\"><i>&#8220;\u00dczerlerinde silah vard\u0131. Ama &#8216;acemi i\u015fi olsun&#8217; dediler. \u00d6nce d\u00f6vmeye ba\u015flad\u0131lar&#8230; Parma\u011f\u0131m\u0131 kesip fatura gibi bir ka\u011f\u0131t par\u00e7as\u0131na bula\u015ft\u0131rd\u0131lar.&#8221;<\/i><\/p>\n<p style=\"text-align: justify;\"><b>&#8220;San\u0131\u011fa g\u00fcvence sa\u011flanmal\u0131&#8221;<\/b><\/p>\n<p style=\"text-align: justify;\">Avukat Keskin, cinayet san\u0131\u011f\u0131 olarak Ermeni olan Nazaryan&#8217;\u0131n tutuklanmas\u0131n\u0131 ba\u015f\u0131ndan beri \u015f\u00fcpheyle kar\u015f\u0131lad\u0131klar\u0131 s\u00f6ylerken, san\u0131kla g\u00f6r\u00fc\u015fmelerinde \u201ckorkutulmu\u015f olabilece\u011fi\u201d izlenimini edindiklerini s\u00f6yledi.<\/p>\n<p style=\"text-align: justify;\">\u201cG\u00f6r\u00fc\u015ft\u00fc\u011f\u00fcm\u00fczde ko\u011fu\u015fa al\u0131nmaktan korktu\u011funu s\u00f6ylemi\u015fti, \u015fimdi ko\u011fu\u015fta kal\u0131yor. Gizlenmi\u015f bir ger\u00e7eklik var. <b>Yarg\u0131, ger\u00e7e\u011fin ortaya \u00e7\u0131kmas\u0131n\u0131 istiyorsa M.N. tek odaya al\u0131nmal\u0131<\/b>, konu\u015fmas\u0131 istenmiyorsa ko\u011fu\u015fta tutulmaya devam edecektir.<\/p>\n<p style=\"text-align: justify;\">\u201cM.N.\u2019nin konu\u015fmas\u0131 ve ona bunun i\u00e7in g\u00fcvence verilmesi gerekiyor.\u201d<\/p>\n<p style=\"text-align: justify;\">Maritsa K\u00fc\u00e7\u00fck cinayeti davas\u0131n\u0131n d\u00f6rd\u00fcnc\u00fc duru\u015fmas\u0131 30 Aral\u0131k&#8217;ta \u0130stanbul 2. A\u011f\u0131r Ceza Mahkemesi&#8217;nde g\u00f6r\u00fclecek.<\/p>\n<p style=\"text-align: justify;\"><a href=\"mailto:beyza@bianet.org\">beyza@bianet.org<\/a><\/p>\n<p style=\"text-align: justify;\"><b><i><a href=\"http:\/\/www.bianet.org\/bianet\/insan-haklari\/151385-maritsa-kucuk-cinayeti-sorusturmasi-genisletilmeli?bia_source=rss\">http:\/\/www.bianet.org\/bianet\/insan-haklari\/151385-maritsa-kucuk-cinayeti-sorusturmasi-genisletilmeli?bia_source=rss<\/a><\/i><\/b><\/p>\n","protected":false},"excerpt":{"rendered":"<p>Beyza KURAL Maritsa K\u00fc\u00e7\u00fck cinayetine ili\u015fkin yap\u0131lan bas\u0131n toplant\u0131s\u0131nda konu\u015fan Avukat Eren Keskin, sald\u0131r\u0131lar\u0131n \u00fcst\u00fcn\u00fcn kapat\u0131lmas\u0131 endi\u015fesini payla\u015ft\u0131, soru\u015fturman\u0131n geni\u015fletilmesini ve san\u0131\u011fa g\u00fcvence verilerek konu\u015fmas\u0131n\u0131n sa\u011flanmas\u0131n\u0131 istedi. \u0130nsan Haklar\u0131 Derne\u011fii \u0130stanbul \u015eubesi Irk\u00e7\u0131l\u0131k ve Ayr\u0131mc\u0131l\u0131\u011fa Kar\u015f\u0131 Komisyon, \u00a0Samatya\u2019da evinde \u00f6ld\u00fcr\u00fclen Maritsa K\u00fc\u00e7\u00fck davas\u0131na ili\u015fkin bug\u00fcn dernek \u015fubesinde Maritsa K\u00fc\u00e7\u00fck\u2019\u00fcn ailesinin de kat\u0131l\u0131m\u0131yla bir bas\u0131n toplant\u0131s\u0131 [&hellip;]<\/p>\n","protected":false},"author":7,"featured_media":0,"comment_status":"open","ping_status":"open","sticky":false,"template":"","format":"standard","meta":{"footnotes":""},"categories":[1],"tags":[],"class_list":["post-26954","post","type-post","status-publish","format-standard","hentry","category-haberler"],"yoast_head":"<!-- This site is optimized with the Yoast SEO plugin v27.4 - https:\/\/yoast.com\/product\/yoast-seo-wordpress\/ -->\n<title>&quot;Maritsa K\u00fc\u00e7\u00fck Cinayeti Soru\u015fturmas\u0131 Geni\u015fletilmeli&quot; - Bati Ermenistan Ve Bati Ermenileri Sorunlari Ara\u015ftirmalar Merkezi<\/title>\n<meta name=\"robots\" content=\"index, follow, max-snippet:-1, max-image-preview:large, max-video-preview:-1\" \/>\n<link rel=\"canonical\" href=\"https:\/\/akunq.net\/tr\/?p=26954\" \/>\n<meta property=\"og:locale\" content=\"en_US\" \/>\n<meta property=\"og:type\" content=\"article\" \/>\n<meta property=\"og:title\" content=\"&quot;Maritsa K\u00fc\u00e7\u00fck Cinayeti Soru\u015fturmas\u0131 Geni\u015fletilmeli&quot; - Bati Ermenistan Ve Bati Ermenileri Sorunlari Ara\u015ftirmalar Merkezi\" \/>\n<meta property=\"og:description\" content=\"Beyza KURAL Maritsa K\u00fc\u00e7\u00fck cinayetine ili\u015fkin yap\u0131lan bas\u0131n toplant\u0131s\u0131nda konu\u015fan Avukat Eren Keskin, sald\u0131r\u0131lar\u0131n \u00fcst\u00fcn\u00fcn kapat\u0131lmas\u0131 endi\u015fesini payla\u015ft\u0131, soru\u015fturman\u0131n geni\u015fletilmesini ve san\u0131\u011fa g\u00fcvence verilerek konu\u015fmas\u0131n\u0131n sa\u011flanmas\u0131n\u0131 istedi. \u0130nsan Haklar\u0131 Derne\u011fii \u0130stanbul \u015eubesi Irk\u00e7\u0131l\u0131k ve Ayr\u0131mc\u0131l\u0131\u011fa Kar\u015f\u0131 Komisyon, \u00a0Samatya\u2019da evinde \u00f6ld\u00fcr\u00fclen Maritsa K\u00fc\u00e7\u00fck davas\u0131na ili\u015fkin bug\u00fcn dernek \u015fubesinde Maritsa K\u00fc\u00e7\u00fck\u2019\u00fcn ailesinin de kat\u0131l\u0131m\u0131yla bir bas\u0131n toplant\u0131s\u0131 [&hellip;]\" \/>\n<meta property=\"og:url\" content=\"https:\/\/akunq.net\/tr\/?p=26954\" \/>\n<meta property=\"og:site_name\" content=\"Bati Ermenistan Ve Bati Ermenileri Sorunlari Ara\u015ftirmalar Merkezi\" \/>\n<meta property=\"article:published_time\" content=\"2013-11-20T08:36:35+00:00\" \/>\n<meta name=\"author\" content=\"admin\" \/>\n<meta name=\"twitter:card\" content=\"summary_large_image\" \/>\n<meta name=\"twitter:label1\" content=\"Written by\" \/>\n\t<meta name=\"twitter:data1\" content=\"admin\" \/>\n\t<meta name=\"twitter:label2\" content=\"Est. reading time\" \/>\n\t<meta name=\"twitter:data2\" content=\"5 minutes\" \/>\n<script type=\"application\/ld+json\" class=\"yoast-schema-graph\">{\"@context\":\"https:\\\/\\\/schema.org\",\"@graph\":[{\"@type\":\"Article\",\"@id\":\"https:\\\/\\\/akunq.net\\\/tr\\\/?p=26954#article\",\"isPartOf\":{\"@id\":\"https:\\\/\\\/akunq.net\\\/tr\\\/?p=26954\"},\"author\":{\"name\":\"admin\",\"@id\":\"https:\\\/\\\/akunq.net\\\/tr\\\/#\\\/schema\\\/person\\\/096f1d38a12cce57fb855b485ed24c9e\"},\"headline\":\"&#8220;Maritsa K\u00fc\u00e7\u00fck Cinayeti Soru\u015fturmas\u0131 Geni\u015fletilmeli&#8221;\",\"datePublished\":\"2013-11-20T08:36:35+00:00\",\"mainEntityOfPage\":{\"@id\":\"https:\\\/\\\/akunq.net\\\/tr\\\/?p=26954\"},\"wordCount\":943,\"commentCount\":0,\"articleSection\":[\"Haberler\"],\"inLanguage\":\"en-US\",\"potentialAction\":[{\"@type\":\"CommentAction\",\"name\":\"Comment\",\"target\":[\"https:\\\/\\\/akunq.net\\\/tr\\\/?p=26954#respond\"]}]},{\"@type\":\"WebPage\",\"@id\":\"https:\\\/\\\/akunq.net\\\/tr\\\/?p=26954\",\"url\":\"https:\\\/\\\/akunq.net\\\/tr\\\/?p=26954\",\"name\":\"\\\"Maritsa K\u00fc\u00e7\u00fck Cinayeti Soru\u015fturmas\u0131 Geni\u015fletilmeli\\\" - Bati Ermenistan Ve Bati Ermenileri Sorunlari Ara\u015ftirmalar Merkezi\",\"isPartOf\":{\"@id\":\"https:\\\/\\\/akunq.net\\\/tr\\\/#website\"},\"datePublished\":\"2013-11-20T08:36:35+00:00\",\"author\":{\"@id\":\"https:\\\/\\\/akunq.net\\\/tr\\\/#\\\/schema\\\/person\\\/096f1d38a12cce57fb855b485ed24c9e\"},\"breadcrumb\":{\"@id\":\"https:\\\/\\\/akunq.net\\\/tr\\\/?p=26954#breadcrumb\"},\"inLanguage\":\"en-US\",\"potentialAction\":[{\"@type\":\"ReadAction\",\"target\":[\"https:\\\/\\\/akunq.net\\\/tr\\\/?p=26954\"]}]},{\"@type\":\"BreadcrumbList\",\"@id\":\"https:\\\/\\\/akunq.net\\\/tr\\\/?p=26954#breadcrumb\",\"itemListElement\":[{\"@type\":\"ListItem\",\"position\":1,\"name\":\"Home\",\"item\":\"https:\\\/\\\/akunq.net\\\/tr\"},{\"@type\":\"ListItem\",\"position\":2,\"name\":\"&#8220;Maritsa K\u00fc\u00e7\u00fck Cinayeti Soru\u015fturmas\u0131 Geni\u015fletilmeli&#8221;\"}]},{\"@type\":\"WebSite\",\"@id\":\"https:\\\/\\\/akunq.net\\\/tr\\\/#website\",\"url\":\"https:\\\/\\\/akunq.net\\\/tr\\\/\",\"name\":\"Bati Ermenistan Ve Bati Ermenileri Sorunlari Ara\u015ftirmalar Merkezi\",\"description\":\"\",\"potentialAction\":[{\"@type\":\"SearchAction\",\"target\":{\"@type\":\"EntryPoint\",\"urlTemplate\":\"https:\\\/\\\/akunq.net\\\/tr\\\/?s={search_term_string}\"},\"query-input\":{\"@type\":\"PropertyValueSpecification\",\"valueRequired\":true,\"valueName\":\"search_term_string\"}}],\"inLanguage\":\"en-US\"},{\"@type\":\"Person\",\"@id\":\"https:\\\/\\\/akunq.net\\\/tr\\\/#\\\/schema\\\/person\\\/096f1d38a12cce57fb855b485ed24c9e\",\"name\":\"admin\",\"url\":\"https:\\\/\\\/akunq.net\\\/tr\\\/?author=7\"}]}<\/script>\n<!-- \/ Yoast SEO plugin. -->","yoast_head_json":{"title":"\"Maritsa K\u00fc\u00e7\u00fck Cinayeti Soru\u015fturmas\u0131 Geni\u015fletilmeli\" - Bati Ermenistan Ve Bati Ermenileri Sorunlari Ara\u015ftirmalar Merkezi","robots":{"index":"index","follow":"follow","max-snippet":"max-snippet:-1","max-image-preview":"max-image-preview:large","max-video-preview":"max-video-preview:-1"},"canonical":"https:\/\/akunq.net\/tr\/?p=26954","og_locale":"en_US","og_type":"article","og_title":"\"Maritsa K\u00fc\u00e7\u00fck Cinayeti Soru\u015fturmas\u0131 Geni\u015fletilmeli\" - Bati Ermenistan Ve Bati Ermenileri Sorunlari Ara\u015ftirmalar Merkezi","og_description":"Beyza KURAL Maritsa K\u00fc\u00e7\u00fck cinayetine ili\u015fkin yap\u0131lan bas\u0131n toplant\u0131s\u0131nda konu\u015fan Avukat Eren Keskin, sald\u0131r\u0131lar\u0131n \u00fcst\u00fcn\u00fcn kapat\u0131lmas\u0131 endi\u015fesini payla\u015ft\u0131, soru\u015fturman\u0131n geni\u015fletilmesini ve san\u0131\u011fa g\u00fcvence verilerek konu\u015fmas\u0131n\u0131n sa\u011flanmas\u0131n\u0131 istedi. \u0130nsan Haklar\u0131 Derne\u011fii \u0130stanbul \u015eubesi Irk\u00e7\u0131l\u0131k ve Ayr\u0131mc\u0131l\u0131\u011fa Kar\u015f\u0131 Komisyon, \u00a0Samatya\u2019da evinde \u00f6ld\u00fcr\u00fclen Maritsa K\u00fc\u00e7\u00fck davas\u0131na ili\u015fkin bug\u00fcn dernek \u015fubesinde Maritsa K\u00fc\u00e7\u00fck\u2019\u00fcn ailesinin de kat\u0131l\u0131m\u0131yla bir bas\u0131n toplant\u0131s\u0131 [&hellip;]","og_url":"https:\/\/akunq.net\/tr\/?p=26954","og_site_name":"Bati Ermenistan Ve Bati Ermenileri Sorunlari Ara\u015ftirmalar Merkezi","article_published_time":"2013-11-20T08:36:35+00:00","author":"admin","twitter_card":"summary_large_image","twitter_misc":{"Written by":"admin","Est. reading time":"5 minutes"},"schema":{"@context":"https:\/\/schema.org","@graph":[{"@type":"Article","@id":"https:\/\/akunq.net\/tr\/?p=26954#article","isPartOf":{"@id":"https:\/\/akunq.net\/tr\/?p=26954"},"author":{"name":"admin","@id":"https:\/\/akunq.net\/tr\/#\/schema\/person\/096f1d38a12cce57fb855b485ed24c9e"},"headline":"&#8220;Maritsa K\u00fc\u00e7\u00fck Cinayeti Soru\u015fturmas\u0131 Geni\u015fletilmeli&#8221;","datePublished":"2013-11-20T08:36:35+00:00","mainEntityOfPage":{"@id":"https:\/\/akunq.net\/tr\/?p=26954"},"wordCount":943,"commentCount":0,"articleSection":["Haberler"],"inLanguage":"en-US","potentialAction":[{"@type":"CommentAction","name":"Comment","target":["https:\/\/akunq.net\/tr\/?p=26954#respond"]}]},{"@type":"WebPage","@id":"https:\/\/akunq.net\/tr\/?p=26954","url":"https:\/\/akunq.net\/tr\/?p=26954","name":"\"Maritsa K\u00fc\u00e7\u00fck Cinayeti Soru\u015fturmas\u0131 Geni\u015fletilmeli\" - Bati Ermenistan Ve Bati Ermenileri Sorunlari Ara\u015ftirmalar Merkezi","isPartOf":{"@id":"https:\/\/akunq.net\/tr\/#website"},"datePublished":"2013-11-20T08:36:35+00:00","author":{"@id":"https:\/\/akunq.net\/tr\/#\/schema\/person\/096f1d38a12cce57fb855b485ed24c9e"},"breadcrumb":{"@id":"https:\/\/akunq.net\/tr\/?p=26954#breadcrumb"},"inLanguage":"en-US","potentialAction":[{"@type":"ReadAction","target":["https:\/\/akunq.net\/tr\/?p=26954"]}]},{"@type":"BreadcrumbList","@id":"https:\/\/akunq.net\/tr\/?p=26954#breadcrumb","itemListElement":[{"@type":"ListItem","position":1,"name":"Home","item":"https:\/\/akunq.net\/tr"},{"@type":"ListItem","position":2,"name":"&#8220;Maritsa K\u00fc\u00e7\u00fck Cinayeti Soru\u015fturmas\u0131 Geni\u015fletilmeli&#8221;"}]},{"@type":"WebSite","@id":"https:\/\/akunq.net\/tr\/#website","url":"https:\/\/akunq.net\/tr\/","name":"Bati Ermenistan Ve Bati Ermenileri Sorunlari Ara\u015ftirmalar Merkezi","description":"","potentialAction":[{"@type":"SearchAction","target":{"@type":"EntryPoint","urlTemplate":"https:\/\/akunq.net\/tr\/?s={search_term_string}"},"query-input":{"@type":"PropertyValueSpecification","valueRequired":true,"valueName":"search_term_string"}}],"inLanguage":"en-US"},{"@type":"Person","@id":"https:\/\/akunq.net\/tr\/#\/schema\/person\/096f1d38a12cce57fb855b485ed24c9e","name":"admin","url":"https:\/\/akunq.net\/tr\/?author=7"}]}},"_links":{"self":[{"href":"https:\/\/akunq.net\/tr\/index.php?rest_route=\/wp\/v2\/posts\/26954","targetHints":{"allow":["GET"]}}],"collection":[{"href":"https:\/\/akunq.net\/tr\/index.php?rest_route=\/wp\/v2\/posts"}],"about":[{"href":"https:\/\/akunq.net\/tr\/index.php?rest_route=\/wp\/v2\/types\/post"}],"author":[{"embeddable":true,"href":"https:\/\/akunq.net\/tr\/index.php?rest_route=\/wp\/v2\/users\/7"}],"replies":[{"embeddable":true,"href":"https:\/\/akunq.net\/tr\/index.php?rest_route=%2Fwp%2Fv2%2Fcomments&post=26954"}],"version-history":[{"count":1,"href":"https:\/\/akunq.net\/tr\/index.php?rest_route=\/wp\/v2\/posts\/26954\/revisions"}],"predecessor-version":[{"id":26956,"href":"https:\/\/akunq.net\/tr\/index.php?rest_route=\/wp\/v2\/posts\/26954\/revisions\/26956"}],"wp:attachment":[{"href":"https:\/\/akunq.net\/tr\/index.php?rest_route=%2Fwp%2Fv2%2Fmedia&parent=26954"}],"wp:term":[{"taxonomy":"category","embeddable":true,"href":"https:\/\/akunq.net\/tr\/index.php?rest_route=%2Fwp%2Fv2%2Fcategories&post=26954"},{"taxonomy":"post_tag","embeddable":true,"href":"https:\/\/akunq.net\/tr\/index.php?rest_route=%2Fwp%2Fv2%2Ftags&post=26954"}],"curies":[{"name":"wp","href":"https:\/\/api.w.org\/{rel}","templated":true}]}}