{"id":26951,"date":"2013-11-20T02:28:24","date_gmt":"2013-11-20T07:28:24","guid":{"rendered":"http:\/\/akunq.net\/tr\/?p=26951"},"modified":"2013-11-20T02:28:24","modified_gmt":"2013-11-20T07:28:24","slug":"ayasofya-icin-yunanistandan-sert-tepki-cagdisi-bir-hareket","status":"publish","type":"post","link":"https:\/\/akunq.net\/tr\/?p=26951","title":{"rendered":"Ayasofya i\u00e7in Yunanistan\u2019dan sert tepki: \u00c7a\u011fd\u0131\u015f\u0131 bir hareket"},"content":{"rendered":"<p style=\"text-align: justify;\"><b><i><a href=\"http:\/\/akunq.net\/tr\/wp-content\/uploads\/2013\/11\/Ayasofya1.jpg\"><img loading=\"lazy\" decoding=\"async\" class=\"alignright size-medium wp-image-26952\" alt=\"Ayasofya\" src=\"http:\/\/akunq.net\/tr\/wp-content\/uploads\/2013\/11\/Ayasofya1-300x218.jpg\" width=\"300\" height=\"218\" srcset=\"https:\/\/akunq.net\/tr\/wp-content\/uploads\/sites\/6\/2013\/11\/Ayasofya1-300x218.jpg 300w, https:\/\/akunq.net\/tr\/wp-content\/uploads\/sites\/6\/2013\/11\/Ayasofya1.jpg 549w\" sizes=\"auto, (max-width: 300px) 100vw, 300px\" \/><\/a>Yunanistan D\u0131\u015fi\u015fleri Bakanl\u0131\u011f\u0131 S\u00f6zc\u00fcs\u00fc Konstantinos Kutras, Ayasofyas\u0131\u2019n\u0131n camiye \u00e7evrilmek istenmesinin \u00e7a\u011fd\u0131\u015f\u0131 oldu\u011funu belirterek, \u201cH\u0131ristiyan Bizans mabetleri d\u00fcnya k\u00fclt\u00fcrel ve din\u00ee miras\u0131n\u0131n ayr\u0131lmaz bir par\u00e7as\u0131n\u0131 olu\u015fturmaktad\u0131r ve bu mabetlere gerekli sayg\u0131 g\u00f6sterilmelidir, bunlar korunmal\u0131d\u0131r\u201d dedi.<\/i><\/b><\/p>\n<p style=\"text-align: justify;\">Yunanistan D\u0131\u015fi\u015fleri Bakanl\u0131\u011f\u0131 S\u00f6zc\u00fcs\u00fc Konstantinos Kutras, Ayasofyas\u0131\u2019n\u0131n camiye \u00e7evrilmek istenmesinin \u00e7a\u011fd\u0131\u015f\u0131 oldu\u011funu belirterek, \u201cH\u0131ristiyan Bizans mabetleri d\u00fcnya k\u00fclt\u00fcrel ve din\u00ee miras\u0131n\u0131n ayr\u0131lmaz bir par\u00e7as\u0131n\u0131 olu\u015fturmaktad\u0131r ve bu mabetlere gerekli sayg\u0131 g\u00f6sterilmelidir, bunlar korunmal\u0131d\u0131r\u201d dedi.<\/p>\n<p style=\"text-align: justify;\">Kutras, \u015f\u00f6yle konu\u015ftu: \u201cH\u0131ristiyan Bizans mabetlerinin camiye d\u00f6n\u00fc\u015ft\u00fcr\u00fclece\u011fi y\u00f6n\u00fcnde T\u00fcrk yetkililerin tekrarlanan a\u00e7\u0131klamalar\u0131 milyonlarca H\u0131ristiyan\u2019\u0131n din\u00ee duygular\u0131n\u0131 rencide etmekte ve temel ilkesi din\u00ee \u00f6zg\u00fcrl\u00fc\u011fe sayg\u0131 g\u00f6stermek olan Avrupa Birli\u011fi\u2019ne tam \u00fcye olmak istedi\u011fini ilan eden bir devlet i\u00e7in de \u00e7a\u011fa uymayan ve anla\u015f\u0131lmaz hareketlerdir. H\u0131ristiyan Bizans mabetleri d\u00fcnya k\u00fclt\u00fcrel ve din\u00ee miras\u0131n\u0131n ayr\u0131lmaz bir par\u00e7as\u0131n\u0131 olu\u015fturmaktad\u0131r ve bu mabetlere gerekli sayg\u0131 g\u00f6sterilmelidir, bunlar korunmal\u0131d\u0131r\u201d<\/p>\n<p style=\"text-align: justify;\"><b><i>http:\/\/agos.com.tr\/haber.php?seo=ayasofya-icin-yunanistandan-sert-tepki-cagdisi-bir-hareket&amp;haberid=6156<\/i><\/b><\/p>\n","protected":false},"excerpt":{"rendered":"<p>Yunanistan D\u0131\u015fi\u015fleri Bakanl\u0131\u011f\u0131 S\u00f6zc\u00fcs\u00fc Konstantinos Kutras, Ayasofyas\u0131\u2019n\u0131n camiye \u00e7evrilmek istenmesinin \u00e7a\u011fd\u0131\u015f\u0131 oldu\u011funu belirterek, \u201cH\u0131ristiyan Bizans mabetleri d\u00fcnya k\u00fclt\u00fcrel ve din\u00ee miras\u0131n\u0131n ayr\u0131lmaz bir par\u00e7as\u0131n\u0131 olu\u015fturmaktad\u0131r ve bu mabetlere gerekli sayg\u0131 g\u00f6sterilmelidir, bunlar korunmal\u0131d\u0131r\u201d dedi. Yunanistan D\u0131\u015fi\u015fleri Bakanl\u0131\u011f\u0131 S\u00f6zc\u00fcs\u00fc Konstantinos Kutras, Ayasofyas\u0131\u2019n\u0131n camiye \u00e7evrilmek istenmesinin \u00e7a\u011fd\u0131\u015f\u0131 oldu\u011funu belirterek, \u201cH\u0131ristiyan Bizans mabetleri d\u00fcnya k\u00fclt\u00fcrel ve din\u00ee miras\u0131n\u0131n [&hellip;]<\/p>\n","protected":false},"author":7,"featured_media":0,"comment_status":"open","ping_status":"open","sticky":false,"template":"","format":"standard","meta":{"footnotes":""},"categories":[1],"tags":[],"class_list":["post-26951","post","type-post","status-publish","format-standard","hentry","category-haberler"],"yoast_head":"<!-- This site is optimized with the Yoast SEO plugin v27.4 - https:\/\/yoast.com\/product\/yoast-seo-wordpress\/ -->\n<title>Ayasofya i\u00e7in Yunanistan\u2019dan sert tepki: \u00c7a\u011fd\u0131\u015f\u0131 bir hareket - Bati Ermenistan Ve Bati Ermenileri Sorunlari Ara\u015ftirmalar Merkezi<\/title>\n<meta name=\"robots\" content=\"index, follow, max-snippet:-1, max-image-preview:large, max-video-preview:-1\" \/>\n<link rel=\"canonical\" href=\"https:\/\/akunq.net\/tr\/?p=26951\" \/>\n<meta property=\"og:locale\" content=\"en_US\" \/>\n<meta property=\"og:type\" content=\"article\" \/>\n<meta property=\"og:title\" content=\"Ayasofya i\u00e7in Yunanistan\u2019dan sert tepki: \u00c7a\u011fd\u0131\u015f\u0131 bir hareket - Bati Ermenistan Ve Bati Ermenileri Sorunlari Ara\u015ftirmalar Merkezi\" \/>\n<meta property=\"og:description\" content=\"Yunanistan D\u0131\u015fi\u015fleri Bakanl\u0131\u011f\u0131 S\u00f6zc\u00fcs\u00fc Konstantinos Kutras, Ayasofyas\u0131\u2019n\u0131n camiye \u00e7evrilmek istenmesinin \u00e7a\u011fd\u0131\u015f\u0131 oldu\u011funu belirterek, \u201cH\u0131ristiyan Bizans mabetleri d\u00fcnya k\u00fclt\u00fcrel ve din\u00ee miras\u0131n\u0131n ayr\u0131lmaz bir par\u00e7as\u0131n\u0131 olu\u015fturmaktad\u0131r ve bu mabetlere gerekli sayg\u0131 g\u00f6sterilmelidir, bunlar korunmal\u0131d\u0131r\u201d dedi. Yunanistan D\u0131\u015fi\u015fleri Bakanl\u0131\u011f\u0131 S\u00f6zc\u00fcs\u00fc Konstantinos Kutras, Ayasofyas\u0131\u2019n\u0131n camiye \u00e7evrilmek istenmesinin \u00e7a\u011fd\u0131\u015f\u0131 oldu\u011funu belirterek, \u201cH\u0131ristiyan Bizans mabetleri d\u00fcnya k\u00fclt\u00fcrel ve din\u00ee miras\u0131n\u0131n [&hellip;]\" \/>\n<meta property=\"og:url\" content=\"https:\/\/akunq.net\/tr\/?p=26951\" \/>\n<meta property=\"og:site_name\" content=\"Bati Ermenistan Ve Bati Ermenileri Sorunlari Ara\u015ftirmalar Merkezi\" \/>\n<meta property=\"article:published_time\" content=\"2013-11-20T07:28:24+00:00\" \/>\n<meta property=\"og:image\" content=\"http:\/\/akunq.net\/tr\/wp-content\/uploads\/2013\/11\/Ayasofya1-300x218.jpg\" \/>\n<meta name=\"author\" content=\"admin\" \/>\n<meta name=\"twitter:card\" content=\"summary_large_image\" \/>\n<meta name=\"twitter:label1\" content=\"Written by\" \/>\n\t<meta name=\"twitter:data1\" content=\"admin\" \/>\n\t<meta name=\"twitter:label2\" content=\"Est. reading time\" \/>\n\t<meta name=\"twitter:data2\" content=\"1 minute\" \/>\n<script type=\"application\/ld+json\" class=\"yoast-schema-graph\">{\"@context\":\"https:\\\/\\\/schema.org\",\"@graph\":[{\"@type\":\"Article\",\"@id\":\"https:\\\/\\\/akunq.net\\\/tr\\\/?p=26951#article\",\"isPartOf\":{\"@id\":\"https:\\\/\\\/akunq.net\\\/tr\\\/?p=26951\"},\"author\":{\"name\":\"admin\",\"@id\":\"https:\\\/\\\/akunq.net\\\/tr\\\/#\\\/schema\\\/person\\\/096f1d38a12cce57fb855b485ed24c9e\"},\"headline\":\"Ayasofya i\u00e7in Yunanistan\u2019dan sert tepki: \u00c7a\u011fd\u0131\u015f\u0131 bir hareket\",\"datePublished\":\"2013-11-20T07:28:24+00:00\",\"mainEntityOfPage\":{\"@id\":\"https:\\\/\\\/akunq.net\\\/tr\\\/?p=26951\"},\"wordCount\":234,\"commentCount\":0,\"image\":{\"@id\":\"https:\\\/\\\/akunq.net\\\/tr\\\/?p=26951#primaryimage\"},\"thumbnailUrl\":\"http:\\\/\\\/akunq.net\\\/tr\\\/wp-content\\\/uploads\\\/2013\\\/11\\\/Ayasofya1-300x218.jpg\",\"articleSection\":[\"Haberler\"],\"inLanguage\":\"en-US\",\"potentialAction\":[{\"@type\":\"CommentAction\",\"name\":\"Comment\",\"target\":[\"https:\\\/\\\/akunq.net\\\/tr\\\/?p=26951#respond\"]}]},{\"@type\":\"WebPage\",\"@id\":\"https:\\\/\\\/akunq.net\\\/tr\\\/?p=26951\",\"url\":\"https:\\\/\\\/akunq.net\\\/tr\\\/?p=26951\",\"name\":\"Ayasofya i\u00e7in Yunanistan\u2019dan sert tepki: \u00c7a\u011fd\u0131\u015f\u0131 bir hareket - Bati Ermenistan Ve Bati Ermenileri Sorunlari Ara\u015ftirmalar Merkezi\",\"isPartOf\":{\"@id\":\"https:\\\/\\\/akunq.net\\\/tr\\\/#website\"},\"primaryImageOfPage\":{\"@id\":\"https:\\\/\\\/akunq.net\\\/tr\\\/?p=26951#primaryimage\"},\"image\":{\"@id\":\"https:\\\/\\\/akunq.net\\\/tr\\\/?p=26951#primaryimage\"},\"thumbnailUrl\":\"http:\\\/\\\/akunq.net\\\/tr\\\/wp-content\\\/uploads\\\/2013\\\/11\\\/Ayasofya1-300x218.jpg\",\"datePublished\":\"2013-11-20T07:28:24+00:00\",\"author\":{\"@id\":\"https:\\\/\\\/akunq.net\\\/tr\\\/#\\\/schema\\\/person\\\/096f1d38a12cce57fb855b485ed24c9e\"},\"breadcrumb\":{\"@id\":\"https:\\\/\\\/akunq.net\\\/tr\\\/?p=26951#breadcrumb\"},\"inLanguage\":\"en-US\",\"potentialAction\":[{\"@type\":\"ReadAction\",\"target\":[\"https:\\\/\\\/akunq.net\\\/tr\\\/?p=26951\"]}]},{\"@type\":\"ImageObject\",\"inLanguage\":\"en-US\",\"@id\":\"https:\\\/\\\/akunq.net\\\/tr\\\/?p=26951#primaryimage\",\"url\":\"https:\\\/\\\/akunq.net\\\/tr\\\/wp-content\\\/uploads\\\/sites\\\/6\\\/2013\\\/11\\\/Ayasofya1.jpg\",\"contentUrl\":\"https:\\\/\\\/akunq.net\\\/tr\\\/wp-content\\\/uploads\\\/sites\\\/6\\\/2013\\\/11\\\/Ayasofya1.jpg\",\"width\":549,\"height\":400},{\"@type\":\"BreadcrumbList\",\"@id\":\"https:\\\/\\\/akunq.net\\\/tr\\\/?p=26951#breadcrumb\",\"itemListElement\":[{\"@type\":\"ListItem\",\"position\":1,\"name\":\"Home\",\"item\":\"https:\\\/\\\/akunq.net\\\/tr\"},{\"@type\":\"ListItem\",\"position\":2,\"name\":\"Ayasofya i\u00e7in Yunanistan\u2019dan sert tepki: \u00c7a\u011fd\u0131\u015f\u0131 bir hareket\"}]},{\"@type\":\"WebSite\",\"@id\":\"https:\\\/\\\/akunq.net\\\/tr\\\/#website\",\"url\":\"https:\\\/\\\/akunq.net\\\/tr\\\/\",\"name\":\"Bati Ermenistan Ve Bati Ermenileri Sorunlari Ara\u015ftirmalar Merkezi\",\"description\":\"\",\"potentialAction\":[{\"@type\":\"SearchAction\",\"target\":{\"@type\":\"EntryPoint\",\"urlTemplate\":\"https:\\\/\\\/akunq.net\\\/tr\\\/?s={search_term_string}\"},\"query-input\":{\"@type\":\"PropertyValueSpecification\",\"valueRequired\":true,\"valueName\":\"search_term_string\"}}],\"inLanguage\":\"en-US\"},{\"@type\":\"Person\",\"@id\":\"https:\\\/\\\/akunq.net\\\/tr\\\/#\\\/schema\\\/person\\\/096f1d38a12cce57fb855b485ed24c9e\",\"name\":\"admin\",\"url\":\"https:\\\/\\\/akunq.net\\\/tr\\\/?author=7\"}]}<\/script>\n<!-- \/ Yoast SEO plugin. -->","yoast_head_json":{"title":"Ayasofya i\u00e7in Yunanistan\u2019dan sert tepki: \u00c7a\u011fd\u0131\u015f\u0131 bir hareket - Bati Ermenistan Ve Bati Ermenileri Sorunlari Ara\u015ftirmalar Merkezi","robots":{"index":"index","follow":"follow","max-snippet":"max-snippet:-1","max-image-preview":"max-image-preview:large","max-video-preview":"max-video-preview:-1"},"canonical":"https:\/\/akunq.net\/tr\/?p=26951","og_locale":"en_US","og_type":"article","og_title":"Ayasofya i\u00e7in Yunanistan\u2019dan sert tepki: \u00c7a\u011fd\u0131\u015f\u0131 bir hareket - Bati Ermenistan Ve Bati Ermenileri Sorunlari Ara\u015ftirmalar Merkezi","og_description":"Yunanistan D\u0131\u015fi\u015fleri Bakanl\u0131\u011f\u0131 S\u00f6zc\u00fcs\u00fc Konstantinos Kutras, Ayasofyas\u0131\u2019n\u0131n camiye \u00e7evrilmek istenmesinin \u00e7a\u011fd\u0131\u015f\u0131 oldu\u011funu belirterek, \u201cH\u0131ristiyan Bizans mabetleri d\u00fcnya k\u00fclt\u00fcrel ve din\u00ee miras\u0131n\u0131n ayr\u0131lmaz bir par\u00e7as\u0131n\u0131 olu\u015fturmaktad\u0131r ve bu mabetlere gerekli sayg\u0131 g\u00f6sterilmelidir, bunlar korunmal\u0131d\u0131r\u201d dedi. Yunanistan D\u0131\u015fi\u015fleri Bakanl\u0131\u011f\u0131 S\u00f6zc\u00fcs\u00fc Konstantinos Kutras, Ayasofyas\u0131\u2019n\u0131n camiye \u00e7evrilmek istenmesinin \u00e7a\u011fd\u0131\u015f\u0131 oldu\u011funu belirterek, \u201cH\u0131ristiyan Bizans mabetleri d\u00fcnya k\u00fclt\u00fcrel ve din\u00ee miras\u0131n\u0131n [&hellip;]","og_url":"https:\/\/akunq.net\/tr\/?p=26951","og_site_name":"Bati Ermenistan Ve Bati Ermenileri Sorunlari Ara\u015ftirmalar Merkezi","article_published_time":"2013-11-20T07:28:24+00:00","og_image":[{"url":"http:\/\/akunq.net\/tr\/wp-content\/uploads\/2013\/11\/Ayasofya1-300x218.jpg","type":"","width":"","height":""}],"author":"admin","twitter_card":"summary_large_image","twitter_misc":{"Written by":"admin","Est. reading time":"1 minute"},"schema":{"@context":"https:\/\/schema.org","@graph":[{"@type":"Article","@id":"https:\/\/akunq.net\/tr\/?p=26951#article","isPartOf":{"@id":"https:\/\/akunq.net\/tr\/?p=26951"},"author":{"name":"admin","@id":"https:\/\/akunq.net\/tr\/#\/schema\/person\/096f1d38a12cce57fb855b485ed24c9e"},"headline":"Ayasofya i\u00e7in Yunanistan\u2019dan sert tepki: \u00c7a\u011fd\u0131\u015f\u0131 bir hareket","datePublished":"2013-11-20T07:28:24+00:00","mainEntityOfPage":{"@id":"https:\/\/akunq.net\/tr\/?p=26951"},"wordCount":234,"commentCount":0,"image":{"@id":"https:\/\/akunq.net\/tr\/?p=26951#primaryimage"},"thumbnailUrl":"http:\/\/akunq.net\/tr\/wp-content\/uploads\/2013\/11\/Ayasofya1-300x218.jpg","articleSection":["Haberler"],"inLanguage":"en-US","potentialAction":[{"@type":"CommentAction","name":"Comment","target":["https:\/\/akunq.net\/tr\/?p=26951#respond"]}]},{"@type":"WebPage","@id":"https:\/\/akunq.net\/tr\/?p=26951","url":"https:\/\/akunq.net\/tr\/?p=26951","name":"Ayasofya i\u00e7in Yunanistan\u2019dan sert tepki: \u00c7a\u011fd\u0131\u015f\u0131 bir hareket - Bati Ermenistan Ve Bati Ermenileri Sorunlari Ara\u015ftirmalar Merkezi","isPartOf":{"@id":"https:\/\/akunq.net\/tr\/#website"},"primaryImageOfPage":{"@id":"https:\/\/akunq.net\/tr\/?p=26951#primaryimage"},"image":{"@id":"https:\/\/akunq.net\/tr\/?p=26951#primaryimage"},"thumbnailUrl":"http:\/\/akunq.net\/tr\/wp-content\/uploads\/2013\/11\/Ayasofya1-300x218.jpg","datePublished":"2013-11-20T07:28:24+00:00","author":{"@id":"https:\/\/akunq.net\/tr\/#\/schema\/person\/096f1d38a12cce57fb855b485ed24c9e"},"breadcrumb":{"@id":"https:\/\/akunq.net\/tr\/?p=26951#breadcrumb"},"inLanguage":"en-US","potentialAction":[{"@type":"ReadAction","target":["https:\/\/akunq.net\/tr\/?p=26951"]}]},{"@type":"ImageObject","inLanguage":"en-US","@id":"https:\/\/akunq.net\/tr\/?p=26951#primaryimage","url":"https:\/\/akunq.net\/tr\/wp-content\/uploads\/sites\/6\/2013\/11\/Ayasofya1.jpg","contentUrl":"https:\/\/akunq.net\/tr\/wp-content\/uploads\/sites\/6\/2013\/11\/Ayasofya1.jpg","width":549,"height":400},{"@type":"BreadcrumbList","@id":"https:\/\/akunq.net\/tr\/?p=26951#breadcrumb","itemListElement":[{"@type":"ListItem","position":1,"name":"Home","item":"https:\/\/akunq.net\/tr"},{"@type":"ListItem","position":2,"name":"Ayasofya i\u00e7in Yunanistan\u2019dan sert tepki: \u00c7a\u011fd\u0131\u015f\u0131 bir hareket"}]},{"@type":"WebSite","@id":"https:\/\/akunq.net\/tr\/#website","url":"https:\/\/akunq.net\/tr\/","name":"Bati Ermenistan Ve Bati Ermenileri Sorunlari Ara\u015ftirmalar Merkezi","description":"","potentialAction":[{"@type":"SearchAction","target":{"@type":"EntryPoint","urlTemplate":"https:\/\/akunq.net\/tr\/?s={search_term_string}"},"query-input":{"@type":"PropertyValueSpecification","valueRequired":true,"valueName":"search_term_string"}}],"inLanguage":"en-US"},{"@type":"Person","@id":"https:\/\/akunq.net\/tr\/#\/schema\/person\/096f1d38a12cce57fb855b485ed24c9e","name":"admin","url":"https:\/\/akunq.net\/tr\/?author=7"}]}},"_links":{"self":[{"href":"https:\/\/akunq.net\/tr\/index.php?rest_route=\/wp\/v2\/posts\/26951","targetHints":{"allow":["GET"]}}],"collection":[{"href":"https:\/\/akunq.net\/tr\/index.php?rest_route=\/wp\/v2\/posts"}],"about":[{"href":"https:\/\/akunq.net\/tr\/index.php?rest_route=\/wp\/v2\/types\/post"}],"author":[{"embeddable":true,"href":"https:\/\/akunq.net\/tr\/index.php?rest_route=\/wp\/v2\/users\/7"}],"replies":[{"embeddable":true,"href":"https:\/\/akunq.net\/tr\/index.php?rest_route=%2Fwp%2Fv2%2Fcomments&post=26951"}],"version-history":[{"count":1,"href":"https:\/\/akunq.net\/tr\/index.php?rest_route=\/wp\/v2\/posts\/26951\/revisions"}],"predecessor-version":[{"id":26953,"href":"https:\/\/akunq.net\/tr\/index.php?rest_route=\/wp\/v2\/posts\/26951\/revisions\/26953"}],"wp:attachment":[{"href":"https:\/\/akunq.net\/tr\/index.php?rest_route=%2Fwp%2Fv2%2Fmedia&parent=26951"}],"wp:term":[{"taxonomy":"category","embeddable":true,"href":"https:\/\/akunq.net\/tr\/index.php?rest_route=%2Fwp%2Fv2%2Fcategories&post=26951"},{"taxonomy":"post_tag","embeddable":true,"href":"https:\/\/akunq.net\/tr\/index.php?rest_route=%2Fwp%2Fv2%2Ftags&post=26951"}],"curies":[{"name":"wp","href":"https:\/\/api.w.org\/{rel}","templated":true}]}}