{"id":26943,"date":"2013-11-20T01:49:00","date_gmt":"2013-11-20T06:49:00","guid":{"rendered":"http:\/\/akunq.net\/tr\/?p=26943"},"modified":"2013-11-20T01:49:00","modified_gmt":"2013-11-20T06:49:00","slug":"civilitas-fonu-istanbulda-da-faaliyet-gosterecek","status":"publish","type":"post","link":"https:\/\/akunq.net\/tr\/?p=26943","title":{"rendered":"\u00abCivilitas\u00bb Fonu \u0130stanbul\u2019da da faaliyet g\u00f6sterecek"},"content":{"rendered":"<p style=\"text-align: justify;\"><b><i><a href=\"http:\/\/akunq.net\/tr\/wp-content\/uploads\/2013\/11\/\u054d\u056b\u057e\u056b\u056c\u056b\u0569\u0561\u057d.jpg\"><img loading=\"lazy\" decoding=\"async\" class=\"alignright size-full wp-image-26944\" alt=\"\u054d\u056b\u057e\u056b\u056c\u056b\u0569\u0561\u057d\" src=\"http:\/\/akunq.net\/tr\/wp-content\/uploads\/2013\/11\/\u054d\u056b\u057e\u056b\u056c\u056b\u0569\u0561\u057d.jpg\" width=\"300\" height=\"225\" \/><\/a>\u00abCivilitas\u00bb Fonu 18 Kas\u0131m\u2019da 150 civar\u0131 konu\u011fun kat\u0131ld\u0131\u011f\u0131 bir etkinlikle \u0130stanbul\u2019da faaliyete ba\u015flad\u0131\u011f\u0131n\u0131 duyurdu.<\/i><\/b><\/p>\n<p style=\"text-align: justify;\">Fon\u2019dan konuya ili\u015fkin yap\u0131lan duyuruda \u00abCivilitas\u00bb Fonunun Internet \u00fczerinden\u00a0 on-line yay\u0131n yapan tv kanal\u0131\u00a0 CivilNet\u2019in 6 ay\u0131 a\u015fk\u0131n bir s\u00fcredir \u0130stanbul\u2019dan\u00a0 yay\u0131n yapt\u0131\u011f\u0131, Fonun \u0130stanbul\u2019daki varl\u0131\u011f\u0131n\u0131n Ermeni toplumunun k\u00fclt\u00fcrel ya\u015fam\u0131, toplumsal kurulu\u015flar yan\u0131s\u0131ra resmi ve uluslararas\u0131 \u00e7evrelere ili\u015fkin temalar olmak \u00fczere buradaki olaylar\u0131 derinlemesine ve d\u00fczenli aktarma olana\u011f\u0131 sa\u011flayaca\u011f\u0131 kaydedildi.<\/p>\n<p style=\"text-align: justify;\">Osmanl\u0131 \u0130mparatorlu\u011fu\u00a0 ve T\u00fcrkiye Cumhuriyetine Ermeni toplumunun katk\u0131lar\u0131 ve bu miras\u0131n ayd\u0131nlat\u0131lmas\u0131 \u00abCivilitas\u00bb\u0131n ana faaliyet ekseninde olacak.<\/p>\n<p style=\"text-align: justify;\">\u00abCivilitas\u00bb\u0131n \u0130stanbul\u2019daki \u00e7al\u0131\u015fmalar\u0131n\u0131 Fon Yerevan Ofisi \u00e7al\u0131\u015fanlar\u0131 ger\u00e7ekle\u015ftirecek. \u00abCivilitas\u00bb temsilcileri \u0130stanbul\u2019da ger\u00e7ekle\u015fen toplumsal etkinlilere kat\u0131lacak, proje ve programlar sunacak, bunlar sadece \u00abCivilitas\u00bb taraf\u0131ndan de\u011fil, ayn\u0131 zamanda verimli i\u015fbirli\u011fi \u00e7abas\u0131nda olan kurumlarca da hayata ge\u00e7irilecek.<\/p>\n<p style=\"text-align: justify;\">\u00abCivilitas\u00bb\u0131n \u00e7al\u0131\u015fmalar\u0131 Ermeni vak\u0131f mallar\u0131ndan biri olan \u0130stikl\u00e2l Cad. H\u0131divyal Palas\u2019taki ofislerden y\u00fcr\u00fct\u00fclecek.\u00a0<\/p>\n<p style=\"text-align: justify;\"><b><i>http:\/\/news.am\/tur\/news\/181487.html<\/i><\/b><\/p>\n","protected":false},"excerpt":{"rendered":"<p>\u00abCivilitas\u00bb Fonu 18 Kas\u0131m\u2019da 150 civar\u0131 konu\u011fun kat\u0131ld\u0131\u011f\u0131 bir etkinlikle \u0130stanbul\u2019da faaliyete ba\u015flad\u0131\u011f\u0131n\u0131 duyurdu. Fon\u2019dan konuya ili\u015fkin yap\u0131lan duyuruda \u00abCivilitas\u00bb Fonunun Internet \u00fczerinden\u00a0 on-line yay\u0131n yapan tv kanal\u0131\u00a0 CivilNet\u2019in 6 ay\u0131 a\u015fk\u0131n bir s\u00fcredir \u0130stanbul\u2019dan\u00a0 yay\u0131n yapt\u0131\u011f\u0131, Fonun \u0130stanbul\u2019daki varl\u0131\u011f\u0131n\u0131n Ermeni toplumunun k\u00fclt\u00fcrel ya\u015fam\u0131, toplumsal kurulu\u015flar yan\u0131s\u0131ra resmi ve uluslararas\u0131 \u00e7evrelere ili\u015fkin temalar olmak \u00fczere [&hellip;]<\/p>\n","protected":false},"author":7,"featured_media":0,"comment_status":"open","ping_status":"open","sticky":false,"template":"","format":"standard","meta":{"footnotes":""},"categories":[1],"tags":[],"class_list":["post-26943","post","type-post","status-publish","format-standard","hentry","category-haberler"],"yoast_head":"<!-- This site is optimized with the Yoast SEO plugin v27.4 - https:\/\/yoast.com\/product\/yoast-seo-wordpress\/ -->\n<title>\u00abCivilitas\u00bb Fonu \u0130stanbul\u2019da da faaliyet g\u00f6sterecek - Bati Ermenistan Ve Bati Ermenileri Sorunlari Ara\u015ftirmalar Merkezi<\/title>\n<meta name=\"robots\" content=\"index, follow, max-snippet:-1, max-image-preview:large, max-video-preview:-1\" \/>\n<link rel=\"canonical\" href=\"https:\/\/akunq.net\/tr\/?p=26943\" \/>\n<meta property=\"og:locale\" content=\"en_US\" \/>\n<meta property=\"og:type\" content=\"article\" \/>\n<meta property=\"og:title\" content=\"\u00abCivilitas\u00bb Fonu \u0130stanbul\u2019da da faaliyet g\u00f6sterecek - Bati Ermenistan Ve Bati Ermenileri Sorunlari Ara\u015ftirmalar Merkezi\" \/>\n<meta property=\"og:description\" content=\"\u00abCivilitas\u00bb Fonu 18 Kas\u0131m\u2019da 150 civar\u0131 konu\u011fun kat\u0131ld\u0131\u011f\u0131 bir etkinlikle \u0130stanbul\u2019da faaliyete ba\u015flad\u0131\u011f\u0131n\u0131 duyurdu. Fon\u2019dan konuya ili\u015fkin yap\u0131lan duyuruda \u00abCivilitas\u00bb Fonunun Internet \u00fczerinden\u00a0 on-line yay\u0131n yapan tv kanal\u0131\u00a0 CivilNet\u2019in 6 ay\u0131 a\u015fk\u0131n bir s\u00fcredir \u0130stanbul\u2019dan\u00a0 yay\u0131n yapt\u0131\u011f\u0131, Fonun \u0130stanbul\u2019daki varl\u0131\u011f\u0131n\u0131n Ermeni toplumunun k\u00fclt\u00fcrel ya\u015fam\u0131, toplumsal kurulu\u015flar yan\u0131s\u0131ra resmi ve uluslararas\u0131 \u00e7evrelere ili\u015fkin temalar olmak \u00fczere [&hellip;]\" \/>\n<meta property=\"og:url\" content=\"https:\/\/akunq.net\/tr\/?p=26943\" \/>\n<meta property=\"og:site_name\" content=\"Bati Ermenistan Ve Bati Ermenileri Sorunlari Ara\u015ftirmalar Merkezi\" \/>\n<meta property=\"article:published_time\" content=\"2013-11-20T06:49:00+00:00\" \/>\n<meta name=\"author\" content=\"admin\" \/>\n<meta name=\"twitter:card\" content=\"summary_large_image\" \/>\n<meta name=\"twitter:label1\" content=\"Written by\" \/>\n\t<meta name=\"twitter:data1\" content=\"admin\" \/>\n\t<meta name=\"twitter:label2\" content=\"Est. reading time\" \/>\n\t<meta name=\"twitter:data2\" content=\"1 minute\" \/>\n<script type=\"application\/ld+json\" class=\"yoast-schema-graph\">{\"@context\":\"https:\\\/\\\/schema.org\",\"@graph\":[{\"@type\":\"Article\",\"@id\":\"https:\\\/\\\/akunq.net\\\/tr\\\/?p=26943#article\",\"isPartOf\":{\"@id\":\"https:\\\/\\\/akunq.net\\\/tr\\\/?p=26943\"},\"author\":{\"name\":\"admin\",\"@id\":\"https:\\\/\\\/akunq.net\\\/tr\\\/#\\\/schema\\\/person\\\/096f1d38a12cce57fb855b485ed24c9e\"},\"headline\":\"\u00abCivilitas\u00bb Fonu \u0130stanbul\u2019da da faaliyet g\u00f6sterecek\",\"datePublished\":\"2013-11-20T06:49:00+00:00\",\"mainEntityOfPage\":{\"@id\":\"https:\\\/\\\/akunq.net\\\/tr\\\/?p=26943\"},\"wordCount\":202,\"commentCount\":0,\"articleSection\":[\"Haberler\"],\"inLanguage\":\"en-US\",\"potentialAction\":[{\"@type\":\"CommentAction\",\"name\":\"Comment\",\"target\":[\"https:\\\/\\\/akunq.net\\\/tr\\\/?p=26943#respond\"]}]},{\"@type\":\"WebPage\",\"@id\":\"https:\\\/\\\/akunq.net\\\/tr\\\/?p=26943\",\"url\":\"https:\\\/\\\/akunq.net\\\/tr\\\/?p=26943\",\"name\":\"\u00abCivilitas\u00bb Fonu \u0130stanbul\u2019da da faaliyet g\u00f6sterecek - Bati Ermenistan Ve Bati Ermenileri Sorunlari Ara\u015ftirmalar Merkezi\",\"isPartOf\":{\"@id\":\"https:\\\/\\\/akunq.net\\\/tr\\\/#website\"},\"datePublished\":\"2013-11-20T06:49:00+00:00\",\"author\":{\"@id\":\"https:\\\/\\\/akunq.net\\\/tr\\\/#\\\/schema\\\/person\\\/096f1d38a12cce57fb855b485ed24c9e\"},\"breadcrumb\":{\"@id\":\"https:\\\/\\\/akunq.net\\\/tr\\\/?p=26943#breadcrumb\"},\"inLanguage\":\"en-US\",\"potentialAction\":[{\"@type\":\"ReadAction\",\"target\":[\"https:\\\/\\\/akunq.net\\\/tr\\\/?p=26943\"]}]},{\"@type\":\"BreadcrumbList\",\"@id\":\"https:\\\/\\\/akunq.net\\\/tr\\\/?p=26943#breadcrumb\",\"itemListElement\":[{\"@type\":\"ListItem\",\"position\":1,\"name\":\"Home\",\"item\":\"https:\\\/\\\/akunq.net\\\/tr\"},{\"@type\":\"ListItem\",\"position\":2,\"name\":\"\u00abCivilitas\u00bb Fonu \u0130stanbul\u2019da da faaliyet g\u00f6sterecek\"}]},{\"@type\":\"WebSite\",\"@id\":\"https:\\\/\\\/akunq.net\\\/tr\\\/#website\",\"url\":\"https:\\\/\\\/akunq.net\\\/tr\\\/\",\"name\":\"Bati Ermenistan Ve Bati Ermenileri Sorunlari Ara\u015ftirmalar Merkezi\",\"description\":\"\",\"potentialAction\":[{\"@type\":\"SearchAction\",\"target\":{\"@type\":\"EntryPoint\",\"urlTemplate\":\"https:\\\/\\\/akunq.net\\\/tr\\\/?s={search_term_string}\"},\"query-input\":{\"@type\":\"PropertyValueSpecification\",\"valueRequired\":true,\"valueName\":\"search_term_string\"}}],\"inLanguage\":\"en-US\"},{\"@type\":\"Person\",\"@id\":\"https:\\\/\\\/akunq.net\\\/tr\\\/#\\\/schema\\\/person\\\/096f1d38a12cce57fb855b485ed24c9e\",\"name\":\"admin\",\"url\":\"https:\\\/\\\/akunq.net\\\/tr\\\/?author=7\"}]}<\/script>\n<!-- \/ Yoast SEO plugin. -->","yoast_head_json":{"title":"\u00abCivilitas\u00bb Fonu \u0130stanbul\u2019da da faaliyet g\u00f6sterecek - Bati Ermenistan Ve Bati Ermenileri Sorunlari Ara\u015ftirmalar Merkezi","robots":{"index":"index","follow":"follow","max-snippet":"max-snippet:-1","max-image-preview":"max-image-preview:large","max-video-preview":"max-video-preview:-1"},"canonical":"https:\/\/akunq.net\/tr\/?p=26943","og_locale":"en_US","og_type":"article","og_title":"\u00abCivilitas\u00bb Fonu \u0130stanbul\u2019da da faaliyet g\u00f6sterecek - Bati Ermenistan Ve Bati Ermenileri Sorunlari Ara\u015ftirmalar Merkezi","og_description":"\u00abCivilitas\u00bb Fonu 18 Kas\u0131m\u2019da 150 civar\u0131 konu\u011fun kat\u0131ld\u0131\u011f\u0131 bir etkinlikle \u0130stanbul\u2019da faaliyete ba\u015flad\u0131\u011f\u0131n\u0131 duyurdu. Fon\u2019dan konuya ili\u015fkin yap\u0131lan duyuruda \u00abCivilitas\u00bb Fonunun Internet \u00fczerinden\u00a0 on-line yay\u0131n yapan tv kanal\u0131\u00a0 CivilNet\u2019in 6 ay\u0131 a\u015fk\u0131n bir s\u00fcredir \u0130stanbul\u2019dan\u00a0 yay\u0131n yapt\u0131\u011f\u0131, Fonun \u0130stanbul\u2019daki varl\u0131\u011f\u0131n\u0131n Ermeni toplumunun k\u00fclt\u00fcrel ya\u015fam\u0131, toplumsal kurulu\u015flar yan\u0131s\u0131ra resmi ve uluslararas\u0131 \u00e7evrelere ili\u015fkin temalar olmak \u00fczere [&hellip;]","og_url":"https:\/\/akunq.net\/tr\/?p=26943","og_site_name":"Bati Ermenistan Ve Bati Ermenileri Sorunlari Ara\u015ftirmalar Merkezi","article_published_time":"2013-11-20T06:49:00+00:00","author":"admin","twitter_card":"summary_large_image","twitter_misc":{"Written by":"admin","Est. reading time":"1 minute"},"schema":{"@context":"https:\/\/schema.org","@graph":[{"@type":"Article","@id":"https:\/\/akunq.net\/tr\/?p=26943#article","isPartOf":{"@id":"https:\/\/akunq.net\/tr\/?p=26943"},"author":{"name":"admin","@id":"https:\/\/akunq.net\/tr\/#\/schema\/person\/096f1d38a12cce57fb855b485ed24c9e"},"headline":"\u00abCivilitas\u00bb Fonu \u0130stanbul\u2019da da faaliyet g\u00f6sterecek","datePublished":"2013-11-20T06:49:00+00:00","mainEntityOfPage":{"@id":"https:\/\/akunq.net\/tr\/?p=26943"},"wordCount":202,"commentCount":0,"articleSection":["Haberler"],"inLanguage":"en-US","potentialAction":[{"@type":"CommentAction","name":"Comment","target":["https:\/\/akunq.net\/tr\/?p=26943#respond"]}]},{"@type":"WebPage","@id":"https:\/\/akunq.net\/tr\/?p=26943","url":"https:\/\/akunq.net\/tr\/?p=26943","name":"\u00abCivilitas\u00bb Fonu \u0130stanbul\u2019da da faaliyet g\u00f6sterecek - Bati Ermenistan Ve Bati Ermenileri Sorunlari Ara\u015ftirmalar Merkezi","isPartOf":{"@id":"https:\/\/akunq.net\/tr\/#website"},"datePublished":"2013-11-20T06:49:00+00:00","author":{"@id":"https:\/\/akunq.net\/tr\/#\/schema\/person\/096f1d38a12cce57fb855b485ed24c9e"},"breadcrumb":{"@id":"https:\/\/akunq.net\/tr\/?p=26943#breadcrumb"},"inLanguage":"en-US","potentialAction":[{"@type":"ReadAction","target":["https:\/\/akunq.net\/tr\/?p=26943"]}]},{"@type":"BreadcrumbList","@id":"https:\/\/akunq.net\/tr\/?p=26943#breadcrumb","itemListElement":[{"@type":"ListItem","position":1,"name":"Home","item":"https:\/\/akunq.net\/tr"},{"@type":"ListItem","position":2,"name":"\u00abCivilitas\u00bb Fonu \u0130stanbul\u2019da da faaliyet g\u00f6sterecek"}]},{"@type":"WebSite","@id":"https:\/\/akunq.net\/tr\/#website","url":"https:\/\/akunq.net\/tr\/","name":"Bati Ermenistan Ve Bati Ermenileri Sorunlari Ara\u015ftirmalar Merkezi","description":"","potentialAction":[{"@type":"SearchAction","target":{"@type":"EntryPoint","urlTemplate":"https:\/\/akunq.net\/tr\/?s={search_term_string}"},"query-input":{"@type":"PropertyValueSpecification","valueRequired":true,"valueName":"search_term_string"}}],"inLanguage":"en-US"},{"@type":"Person","@id":"https:\/\/akunq.net\/tr\/#\/schema\/person\/096f1d38a12cce57fb855b485ed24c9e","name":"admin","url":"https:\/\/akunq.net\/tr\/?author=7"}]}},"_links":{"self":[{"href":"https:\/\/akunq.net\/tr\/index.php?rest_route=\/wp\/v2\/posts\/26943","targetHints":{"allow":["GET"]}}],"collection":[{"href":"https:\/\/akunq.net\/tr\/index.php?rest_route=\/wp\/v2\/posts"}],"about":[{"href":"https:\/\/akunq.net\/tr\/index.php?rest_route=\/wp\/v2\/types\/post"}],"author":[{"embeddable":true,"href":"https:\/\/akunq.net\/tr\/index.php?rest_route=\/wp\/v2\/users\/7"}],"replies":[{"embeddable":true,"href":"https:\/\/akunq.net\/tr\/index.php?rest_route=%2Fwp%2Fv2%2Fcomments&post=26943"}],"version-history":[{"count":1,"href":"https:\/\/akunq.net\/tr\/index.php?rest_route=\/wp\/v2\/posts\/26943\/revisions"}],"predecessor-version":[{"id":26945,"href":"https:\/\/akunq.net\/tr\/index.php?rest_route=\/wp\/v2\/posts\/26943\/revisions\/26945"}],"wp:attachment":[{"href":"https:\/\/akunq.net\/tr\/index.php?rest_route=%2Fwp%2Fv2%2Fmedia&parent=26943"}],"wp:term":[{"taxonomy":"category","embeddable":true,"href":"https:\/\/akunq.net\/tr\/index.php?rest_route=%2Fwp%2Fv2%2Fcategories&post=26943"},{"taxonomy":"post_tag","embeddable":true,"href":"https:\/\/akunq.net\/tr\/index.php?rest_route=%2Fwp%2Fv2%2Ftags&post=26943"}],"curies":[{"name":"wp","href":"https:\/\/api.w.org\/{rel}","templated":true}]}}