{"id":26939,"date":"2013-11-19T03:12:38","date_gmt":"2013-11-19T08:12:38","guid":{"rendered":"http:\/\/akunq.net\/tr\/?p=26939"},"modified":"2013-11-19T03:13:04","modified_gmt":"2013-11-19T08:13:04","slug":"ermeni-ve-rumlarin-mallari-nasil-turklestirildi","status":"publish","type":"post","link":"https:\/\/akunq.net\/tr\/?p=26939","title":{"rendered":"Ermeni ve Rumlar\u0131n mallar\u0131 nas\u0131l T\u00fcrkle\u015ftirildi?"},"content":{"rendered":"<h2 style=\"text-align: justify;\"><i><a href=\"http:\/\/akunq.net\/tr\/wp-content\/uploads\/2013\/11\/\u0546\u0587\u0566\u0561\u0569-\u0555\u0576\u0561\u0580\u0561\u0576.jpg\"><img loading=\"lazy\" decoding=\"async\" class=\"alignright size-full wp-image-26940\" alt=\"\u0546\u0587\u0566\u0561\u0569 \u0555\u0576\u0561\u0580\u0561\u0576\" src=\"http:\/\/akunq.net\/tr\/wp-content\/uploads\/2013\/11\/\u0546\u0587\u0566\u0561\u0569-\u0555\u0576\u0561\u0580\u0561\u0576.jpg\" width=\"220\" height=\"170\" \/><\/a>Gazeteci Nevzat Onaran&#8217;\u0131n Osmanl\u0131 ve Cumhuriyet d\u00f6neminde Ermeni ve Rum mallar\u0131n\u0131n T\u00fcrkle\u015ftirilmesini ele ald\u0131\u011f\u0131 kitab\u0131 \u00e7\u0131kt\u0131&#8230; <\/i><\/h2>\n<p style=\"text-align: justify;\">Gazeteci Nevzat Onaran&#8217;\u0131n Osmanl\u0131 ve Cumhuriyet d\u00f6neminde Ermeni ve Rum mallar\u0131n\u0131n T\u00fcrkle\u015ftirilmesini ele ald\u0131\u011f\u0131 &#8220;Emv\u00e2l-i Metr\u00fbkenin Tasfiyesi&#8221; adl\u0131 iki ciltlik ara\u015ft\u0131rma-inceleme kitab\u0131 Evrensel Bas\u0131m Yay\u0131n&#8217;dan \u00e7\u0131kt\u0131.<\/p>\n<p style=\"text-align: justify;\">\u0130ki ciltlik kitab\u0131n birinci cildinde Osmanl\u0131 d\u00f6neminde (1914-1919 y\u0131llar\u0131) Ermeni ve Rum mallar\u0131n\u0131n T\u00fcrkle\u015ftirilmesi, ikinci cildinde ise Cumhuriyet d\u00f6neminde (1920-1930 y\u0131llar\u0131) Ermeni ve Rum mallar\u0131n\u0131n T\u00fcrkle\u015ftirilmesi ele al\u0131n\u0131yor.<\/p>\n<p style=\"text-align: justify;\">Yakla\u015f\u0131k bin 250 sayfadan olu\u015fan iki ciltlik kitapta, \u0130ttihat ve Terakki H\u00fck\u00fcmetinin, 1. D\u00fcnya Sava\u015f\u0131&#8217;nda &#8220;\u00f6tekinin&#8221; m\u00fclk\u00fcn\u00fcn tasfiyesi temelinde in\u015fa etti\u011fi ekonomi politi\u011finin 1915&#8217;ten bug\u00fcne ge\u00e7mi\u015fi inceleniyor. Ara\u015ft\u0131rmada, 1920&#8217;lerde Cumhuriyet&#8217;in &#8220;ulus devlet&#8221; in\u015fas\u0131n\u0131n, \u0130ttihat ve Terakki&#8217;nin temellendirdi\u011fi ekonomi politika \u00fczerine bina edildi\u011fine ve bu anlamda bir organik devaml\u0131l\u0131\u011fa dikkat \u00e7ekiliyor.<\/p>\n<p style=\"text-align: justify;\">Onaran, kitapta ayn\u0131 zamanda Osmanl\u0131&#8217;n\u0131n son ve Cumhuriyet&#8217;in ilk y\u0131llar\u0131nda M\u00fcsl\u00fcman T\u00fcrk sermaye birikiminin devlet eliyle nas\u0131l beslendi\u011fini de ortaya koyuyor.<\/p>\n<p style=\"text-align: justify;\">Kitab\u0131n\u0131 haz\u0131rlarken Ba\u015fbakanl\u0131k Osmanl\u0131 ve Cumhuriyet ar\u015fivleriyle, Cumhuriyet ve Agos gazetelerinin ar\u015fivlerini \u00fczerinde ara\u015ft\u0131rma yapan Onaran, ekonomi politi\u011fin birinci elden resmi kayna\u011f\u0131 kanun ve y\u00f6netmelikle, bunlarla ilgili Meclis&#8217;te yap\u0131lan g\u00f6r\u00fc\u015fmelerin belgelerini de incelemi\u015f. Okuyucuya do\u011frudan bilgi aktarmak amac\u0131yla, de\u011ferlendirmesi yap\u0131lan kanun ve talimatnamelerden baz\u0131lar\u0131 &#8220;Belgeler&#8221; ve bunlarla ilgili gerek Osmanl\u0131 Meclisi&#8217;nde gerekse B\u00fcy\u00fck Millet Meclisi&#8217;nde g\u00f6r\u00fc\u015fme ve tart\u0131\u015fmalar da &#8220;Ekler&#8221; olarak kitapta oldu\u011fu gibi yer al\u0131yor.<\/p>\n<p style=\"text-align: justify;\">Onaran&#8217;\u0131n iki ciltlik kitab\u0131nda analizi yap\u0131lan konulardan baz\u0131lar\u0131 ise \u015funlar;<\/p>\n<p style=\"text-align: justify;\">* 1915 sonras\u0131 sava\u015f i\u00e7erisinde s\u00fcrg\u00fcn politikas\u0131 sonucunda Osmanl\u0131&#8217;n\u0131n 18,5 milyon n\u00fcfusunun 3,5 milyonu yani y\u00fczde 20&#8217;si &#8220;kurban&#8221; edilmi\u015ftir.<\/p>\n<p style=\"text-align: justify;\">* Osmanl\u0131&#8217;da gayrim\u00fcslim ile gayri T\u00fcrk&#8217;\u00fcn can g\u00fcvenli\u011fi 27 May\u0131s 1915 tarihli &#8220;Tehcir Kanunu&#8221; ile ve mal g\u00fcvenli\u011fi de 26 Eyl\u00fcl 1915 tarihli &#8220;Tasfiye Kanunu&#8221; ile yok edilmi\u015ftir.<\/p>\n<p style=\"text-align: justify;\">* \u0130ttahat ve Terakki&#8217;nin Paris&#8217;teki \u00f6nderlerinden Ahmet R\u0131za&#8217;n\u0131n \u00f6nceden uyard\u0131\u011f\u0131 gibi, &#8220;Tasfiye Kanunu&#8221; ile Ermeni mallar\u0131 ya\u011fmalanm\u0131\u015ft\u0131r. Rum mallar\u0131 da ayn\u0131 ak\u0131beti ya\u015fam\u0131\u015ft\u0131r.<\/p>\n<p style=\"text-align: justify;\">* T\u00fcm maskelemeye ra\u011fmen, ya\u011fmala i\u00e7in 42 Tasfiye Komisyonu ve 33 Emv\u00e2l-i Metr\u00fbke Komisyonu&#8217;nun faaliyet g\u00f6sterdi\u011fi belirlendi.<\/p>\n<p style=\"text-align: justify;\">* Ya\u011fmalaman\u0131n kayd\u0131n\u0131n tutuldu\u011fu Tasfiye Komisyonu s\u00fcrg\u00fcn defterleri Adalet Bakanl\u0131\u011f\u0131&#8217;ndad\u0131r. Bu defterler a\u00e7\u0131klanmal\u0131d\u0131r.<\/p>\n<p style=\"text-align: justify;\">* Ahtamar Adas\u0131, \u00c7ankaya K\u00f6\u015fk\u00fc, Erzurum Kongresi&#8217;nin topland\u0131\u011f\u0131 bina, Heybeliada&#8217;da Deniz Harp Okulu binas\u0131, Divan Oteli&#8217;nin arazisi bu t\u00fcr emv\u00e2l-i metr\u00fbkeden sadece birka\u00e7 \u00f6rnektir.<\/p>\n<p style=\"text-align: justify;\">* Devletin el koydu\u011fu mal\u0131n, m\u00fclk\u00fcn da\u011f\u0131t\u0131m\u0131 ve sat\u0131m\u0131 yap\u0131l\u0131rken, 1929 krizinde ve sonras\u0131nda emanet hesab\u0131nda toplanan para da b\u00fct\u00e7eden aktar\u0131ld\u0131.<\/p>\n<p style=\"text-align: justify;\">* Ermeni mallar\u0131n\u0131n bir k\u0131sm\u0131, Ermeni soyk\u0131r\u0131m\u0131n\u0131n faili olarak bilenenlerden yurtd\u0131\u015f\u0131nda \u00f6ld\u00fcr\u00fclen ve i\u00e7erde idam edilen \u0130ttihat\u00e7\u0131lar\u0131n ailelerine bir nevi &#8220;kan bedeli&#8221; olarak da\u011f\u0131t\u0131ld\u0131.<\/p>\n<p style=\"text-align: justify;\">* 1920&#8217;ler sonunda da\u011f\u0131t\u0131lan ve sat\u0131lan ev, tarla, bah\u00e7e, han, fabrika ve arazi yeni sahipleri ad\u0131na tapuland\u0131r\u0131ld\u0131.<\/p>\n<p style=\"text-align: justify;\">* 1927 n\u00fcfus say\u0131m\u0131n\u0131n dinlere g\u00f6re, da\u011f\u0131l\u0131m\u0131 dikkate al\u0131nd\u0131\u011f\u0131nda y\u00fczde 3&#8217;e yakla\u015fan pay\u0131yla 75 milyonda 2 milyonu a\u015fk\u0131n gayrim\u00fcslimin olmas\u0131 gerekiyordu. Oysa bug\u00fcn 100 bin gayrim\u00fcslimden bahsediliyor olmas\u0131 ne denli imhan\u0131n ya\u015fand\u0131\u011f\u0131n\u0131 ortaya koymaktad\u0131r.<\/p>\n<p style=\"text-align: justify;\">* BMM Reisi Mustafa Kemal&#8217;in Elcezire Komutanl\u0131\u011f\u0131&#8217;na g\u00f6nderdi\u011fi 27 Haziran 1920 tarihli talimat\u0131 K\u00fcrdistan&#8217;a \u00f6zerklik i\u00e7eren 5 maddeydi.<\/p>\n<p style=\"text-align: justify;\">* Atat\u00fcrk, vefat\u0131ndan bir y\u0131l evvel servetini Hazine&#8217;ye ba\u011f\u0131\u015flad\u0131. Binlerce d\u00f6n\u00fcm ba\u011f, bah\u00e7e ve arazi ile onlarca bina ve pek \u00e7ok fabrika ile binlerce koyun, tavuk ve b\u00fcy\u00fckba\u015f hayvanla trakt\u00f6r, kamyon ve y\u00fck arabas\u0131 gibi ara\u00e7lar Hazine&#8217;nin oldu.<\/p>\n<p style=\"text-align: justify;\">* Ne ya\u015fand\u0131\u011f\u0131n\u0131 ortaya \u00e7\u0131kartmak i\u00e7in, Tapu ve Kadastro, Vak\u0131flar Genel M\u00fcd\u00fcrl\u00fc\u011f\u00fc, vilayetlerdeki \u0130l \u00d6zel \u0130daresi, Hazine, Maliye Bakanl\u0131\u011f\u0131, Ziraat Bankas\u0131 ve Genelkurmay Ba\u015fkanl\u0131\u011f\u0131 ar\u015fiv kap\u0131s\u0131 a\u00e7\u0131lmal\u0131d\u0131r.<\/p>\n<p style=\"text-align: justify;\">* Tek\u00e2lif-i Milliye nedeniyle devlet, elinde mazbatas\u0131 olan Cumhuriyet vatanda\u015f\u0131 Ermeni ve Rum&#8217;a 1924&#8217;ten beri bor\u00e7ludur.<\/p>\n<p style=\"text-align: justify;\">* 1930&#8217;larda devlet eliyle beslenen M\u00fcsl\u00fcman-T\u00fcrk ticaret sermayedar\u0131, bug\u00fcnk\u00fc finans kapital oligar\u015fisidir.<\/p>\n<p style=\"text-align: justify;\"><strong>NEVZAT ONARAN K\u0130MD\u0130R?<\/strong><\/p>\n<p style=\"text-align: justify;\">Nevzat Onaran, 1957&#8217;de Malatya Hasan\u00e7elebi&#8217;de do\u011fdu. \u0130lk ve orta \u00f6\u011fretiminden sonra \u0130stanbul \u00dcniversitesi&#8217;nde lisans ve \u0130stanbul \u00dcniversitesi Sosyal Bilimler Enstit\u00fcs\u00fc Para Banka Anabilim Dal\u0131&#8217;nda y\u00fcksek lisans e\u011fitimi tamamlayan Onaran, bir s\u00fcre muhasebecilik yapt\u0131 ve ard\u0131ndan \u00e7al\u0131\u015fma hayat\u0131n\u0131 ekonomi muhabiri ve edit\u00f6r\u00fc olarak s\u00fcrd\u00fcrd\u00fc. \u00d6zg\u00fcrl\u00fck D\u00fcnyas\u0131, \u00d6zg\u00fcr G\u00fcndem, Evrensel, Ger\u00e7ek, Para ve D\u00fcnya gibi bir\u00e7ok dergi ve gazete \u00e7al\u0131\u015fan Onaran, yak\u0131n d\u00f6nemle ilgili \u00e7al\u0131\u015fmalar\u0131na devam ediyor.<\/p>\n<p style=\"text-align: justify;\"><b><i>(Y\u00fcksekova Haber)<\/i><\/b><\/p>\n<p style=\"text-align: justify;\"><b><i>http:\/\/www.demokrathaber.net\/tarih\/ermeni-ve-rumlarin-mallari-nasil-turklestirildi-h24914.html<\/i><\/b><\/p>\n","protected":false},"excerpt":{"rendered":"<p>Gazeteci Nevzat Onaran&#8217;\u0131n Osmanl\u0131 ve Cumhuriyet d\u00f6neminde Ermeni ve Rum mallar\u0131n\u0131n T\u00fcrkle\u015ftirilmesini ele ald\u0131\u011f\u0131 kitab\u0131 \u00e7\u0131kt\u0131&#8230; Gazeteci Nevzat Onaran&#8217;\u0131n Osmanl\u0131 ve Cumhuriyet d\u00f6neminde Ermeni ve Rum mallar\u0131n\u0131n T\u00fcrkle\u015ftirilmesini ele ald\u0131\u011f\u0131 &#8220;Emv\u00e2l-i Metr\u00fbkenin Tasfiyesi&#8221; adl\u0131 iki ciltlik ara\u015ft\u0131rma-inceleme kitab\u0131 Evrensel Bas\u0131m Yay\u0131n&#8217;dan \u00e7\u0131kt\u0131. \u0130ki ciltlik kitab\u0131n birinci cildinde Osmanl\u0131 d\u00f6neminde (1914-1919 y\u0131llar\u0131) Ermeni ve Rum mallar\u0131n\u0131n [&hellip;]<\/p>\n","protected":false},"author":7,"featured_media":0,"comment_status":"open","ping_status":"open","sticky":false,"template":"","format":"standard","meta":{"footnotes":""},"categories":[1,54],"tags":[],"class_list":["post-26939","post","type-post","status-publish","format-standard","hentry","category-haberler","category-kitaplar-elestiriler"],"yoast_head":"<!-- This site is optimized with the Yoast SEO plugin v27.4 - https:\/\/yoast.com\/product\/yoast-seo-wordpress\/ -->\n<title>Ermeni ve Rumlar\u0131n mallar\u0131 nas\u0131l T\u00fcrkle\u015ftirildi? - Bati Ermenistan Ve Bati Ermenileri Sorunlari Ara\u015ftirmalar Merkezi<\/title>\n<meta name=\"robots\" content=\"index, follow, max-snippet:-1, max-image-preview:large, max-video-preview:-1\" \/>\n<link rel=\"canonical\" href=\"https:\/\/akunq.net\/tr\/?p=26939\" \/>\n<meta property=\"og:locale\" content=\"en_US\" \/>\n<meta property=\"og:type\" content=\"article\" \/>\n<meta property=\"og:title\" content=\"Ermeni ve Rumlar\u0131n mallar\u0131 nas\u0131l T\u00fcrkle\u015ftirildi? - Bati Ermenistan Ve Bati Ermenileri Sorunlari Ara\u015ftirmalar Merkezi\" \/>\n<meta property=\"og:description\" content=\"Gazeteci Nevzat Onaran&#8217;\u0131n Osmanl\u0131 ve Cumhuriyet d\u00f6neminde Ermeni ve Rum mallar\u0131n\u0131n T\u00fcrkle\u015ftirilmesini ele ald\u0131\u011f\u0131 kitab\u0131 \u00e7\u0131kt\u0131&#8230; Gazeteci Nevzat Onaran&#8217;\u0131n Osmanl\u0131 ve Cumhuriyet d\u00f6neminde Ermeni ve Rum mallar\u0131n\u0131n T\u00fcrkle\u015ftirilmesini ele ald\u0131\u011f\u0131 &#8220;Emv\u00e2l-i Metr\u00fbkenin Tasfiyesi&#8221; adl\u0131 iki ciltlik ara\u015ft\u0131rma-inceleme kitab\u0131 Evrensel Bas\u0131m Yay\u0131n&#8217;dan \u00e7\u0131kt\u0131. \u0130ki ciltlik kitab\u0131n birinci cildinde Osmanl\u0131 d\u00f6neminde (1914-1919 y\u0131llar\u0131) Ermeni ve Rum mallar\u0131n\u0131n [&hellip;]\" \/>\n<meta property=\"og:url\" content=\"https:\/\/akunq.net\/tr\/?p=26939\" \/>\n<meta property=\"og:site_name\" content=\"Bati Ermenistan Ve Bati Ermenileri Sorunlari Ara\u015ftirmalar Merkezi\" \/>\n<meta property=\"article:published_time\" content=\"2013-11-19T08:12:38+00:00\" \/>\n<meta property=\"article:modified_time\" content=\"2013-11-19T08:13:04+00:00\" \/>\n<meta name=\"author\" content=\"admin\" \/>\n<meta name=\"twitter:card\" content=\"summary_large_image\" \/>\n<meta name=\"twitter:label1\" content=\"Written by\" \/>\n\t<meta name=\"twitter:data1\" content=\"admin\" \/>\n\t<meta name=\"twitter:label2\" content=\"Est. reading time\" \/>\n\t<meta name=\"twitter:data2\" content=\"4 minutes\" \/>\n<script type=\"application\/ld+json\" class=\"yoast-schema-graph\">{\"@context\":\"https:\\\/\\\/schema.org\",\"@graph\":[{\"@type\":\"Article\",\"@id\":\"https:\\\/\\\/akunq.net\\\/tr\\\/?p=26939#article\",\"isPartOf\":{\"@id\":\"https:\\\/\\\/akunq.net\\\/tr\\\/?p=26939\"},\"author\":{\"name\":\"admin\",\"@id\":\"https:\\\/\\\/akunq.net\\\/tr\\\/#\\\/schema\\\/person\\\/096f1d38a12cce57fb855b485ed24c9e\"},\"headline\":\"Ermeni ve Rumlar\u0131n mallar\u0131 nas\u0131l T\u00fcrkle\u015ftirildi?\",\"datePublished\":\"2013-11-19T08:12:38+00:00\",\"dateModified\":\"2013-11-19T08:13:04+00:00\",\"mainEntityOfPage\":{\"@id\":\"https:\\\/\\\/akunq.net\\\/tr\\\/?p=26939\"},\"wordCount\":870,\"commentCount\":0,\"articleSection\":[\"Haberler\",\"Kitaplar-Ele\u015ftiriler\"],\"inLanguage\":\"en-US\",\"potentialAction\":[{\"@type\":\"CommentAction\",\"name\":\"Comment\",\"target\":[\"https:\\\/\\\/akunq.net\\\/tr\\\/?p=26939#respond\"]}]},{\"@type\":\"WebPage\",\"@id\":\"https:\\\/\\\/akunq.net\\\/tr\\\/?p=26939\",\"url\":\"https:\\\/\\\/akunq.net\\\/tr\\\/?p=26939\",\"name\":\"Ermeni ve Rumlar\u0131n mallar\u0131 nas\u0131l T\u00fcrkle\u015ftirildi? - Bati Ermenistan Ve Bati Ermenileri Sorunlari Ara\u015ftirmalar Merkezi\",\"isPartOf\":{\"@id\":\"https:\\\/\\\/akunq.net\\\/tr\\\/#website\"},\"datePublished\":\"2013-11-19T08:12:38+00:00\",\"dateModified\":\"2013-11-19T08:13:04+00:00\",\"author\":{\"@id\":\"https:\\\/\\\/akunq.net\\\/tr\\\/#\\\/schema\\\/person\\\/096f1d38a12cce57fb855b485ed24c9e\"},\"breadcrumb\":{\"@id\":\"https:\\\/\\\/akunq.net\\\/tr\\\/?p=26939#breadcrumb\"},\"inLanguage\":\"en-US\",\"potentialAction\":[{\"@type\":\"ReadAction\",\"target\":[\"https:\\\/\\\/akunq.net\\\/tr\\\/?p=26939\"]}]},{\"@type\":\"BreadcrumbList\",\"@id\":\"https:\\\/\\\/akunq.net\\\/tr\\\/?p=26939#breadcrumb\",\"itemListElement\":[{\"@type\":\"ListItem\",\"position\":1,\"name\":\"Home\",\"item\":\"https:\\\/\\\/akunq.net\\\/tr\"},{\"@type\":\"ListItem\",\"position\":2,\"name\":\"Ermeni ve Rumlar\u0131n mallar\u0131 nas\u0131l T\u00fcrkle\u015ftirildi?\"}]},{\"@type\":\"WebSite\",\"@id\":\"https:\\\/\\\/akunq.net\\\/tr\\\/#website\",\"url\":\"https:\\\/\\\/akunq.net\\\/tr\\\/\",\"name\":\"Bati Ermenistan Ve Bati Ermenileri Sorunlari Ara\u015ftirmalar Merkezi\",\"description\":\"\",\"potentialAction\":[{\"@type\":\"SearchAction\",\"target\":{\"@type\":\"EntryPoint\",\"urlTemplate\":\"https:\\\/\\\/akunq.net\\\/tr\\\/?s={search_term_string}\"},\"query-input\":{\"@type\":\"PropertyValueSpecification\",\"valueRequired\":true,\"valueName\":\"search_term_string\"}}],\"inLanguage\":\"en-US\"},{\"@type\":\"Person\",\"@id\":\"https:\\\/\\\/akunq.net\\\/tr\\\/#\\\/schema\\\/person\\\/096f1d38a12cce57fb855b485ed24c9e\",\"name\":\"admin\",\"url\":\"https:\\\/\\\/akunq.net\\\/tr\\\/?author=7\"}]}<\/script>\n<!-- \/ Yoast SEO plugin. -->","yoast_head_json":{"title":"Ermeni ve Rumlar\u0131n mallar\u0131 nas\u0131l T\u00fcrkle\u015ftirildi? - Bati Ermenistan Ve Bati Ermenileri Sorunlari Ara\u015ftirmalar Merkezi","robots":{"index":"index","follow":"follow","max-snippet":"max-snippet:-1","max-image-preview":"max-image-preview:large","max-video-preview":"max-video-preview:-1"},"canonical":"https:\/\/akunq.net\/tr\/?p=26939","og_locale":"en_US","og_type":"article","og_title":"Ermeni ve Rumlar\u0131n mallar\u0131 nas\u0131l T\u00fcrkle\u015ftirildi? - Bati Ermenistan Ve Bati Ermenileri Sorunlari Ara\u015ftirmalar Merkezi","og_description":"Gazeteci Nevzat Onaran&#8217;\u0131n Osmanl\u0131 ve Cumhuriyet d\u00f6neminde Ermeni ve Rum mallar\u0131n\u0131n T\u00fcrkle\u015ftirilmesini ele ald\u0131\u011f\u0131 kitab\u0131 \u00e7\u0131kt\u0131&#8230; Gazeteci Nevzat Onaran&#8217;\u0131n Osmanl\u0131 ve Cumhuriyet d\u00f6neminde Ermeni ve Rum mallar\u0131n\u0131n T\u00fcrkle\u015ftirilmesini ele ald\u0131\u011f\u0131 &#8220;Emv\u00e2l-i Metr\u00fbkenin Tasfiyesi&#8221; adl\u0131 iki ciltlik ara\u015ft\u0131rma-inceleme kitab\u0131 Evrensel Bas\u0131m Yay\u0131n&#8217;dan \u00e7\u0131kt\u0131. \u0130ki ciltlik kitab\u0131n birinci cildinde Osmanl\u0131 d\u00f6neminde (1914-1919 y\u0131llar\u0131) Ermeni ve Rum mallar\u0131n\u0131n [&hellip;]","og_url":"https:\/\/akunq.net\/tr\/?p=26939","og_site_name":"Bati Ermenistan Ve Bati Ermenileri Sorunlari Ara\u015ftirmalar Merkezi","article_published_time":"2013-11-19T08:12:38+00:00","article_modified_time":"2013-11-19T08:13:04+00:00","author":"admin","twitter_card":"summary_large_image","twitter_misc":{"Written by":"admin","Est. reading time":"4 minutes"},"schema":{"@context":"https:\/\/schema.org","@graph":[{"@type":"Article","@id":"https:\/\/akunq.net\/tr\/?p=26939#article","isPartOf":{"@id":"https:\/\/akunq.net\/tr\/?p=26939"},"author":{"name":"admin","@id":"https:\/\/akunq.net\/tr\/#\/schema\/person\/096f1d38a12cce57fb855b485ed24c9e"},"headline":"Ermeni ve Rumlar\u0131n mallar\u0131 nas\u0131l T\u00fcrkle\u015ftirildi?","datePublished":"2013-11-19T08:12:38+00:00","dateModified":"2013-11-19T08:13:04+00:00","mainEntityOfPage":{"@id":"https:\/\/akunq.net\/tr\/?p=26939"},"wordCount":870,"commentCount":0,"articleSection":["Haberler","Kitaplar-Ele\u015ftiriler"],"inLanguage":"en-US","potentialAction":[{"@type":"CommentAction","name":"Comment","target":["https:\/\/akunq.net\/tr\/?p=26939#respond"]}]},{"@type":"WebPage","@id":"https:\/\/akunq.net\/tr\/?p=26939","url":"https:\/\/akunq.net\/tr\/?p=26939","name":"Ermeni ve Rumlar\u0131n mallar\u0131 nas\u0131l T\u00fcrkle\u015ftirildi? - Bati Ermenistan Ve Bati Ermenileri Sorunlari Ara\u015ftirmalar Merkezi","isPartOf":{"@id":"https:\/\/akunq.net\/tr\/#website"},"datePublished":"2013-11-19T08:12:38+00:00","dateModified":"2013-11-19T08:13:04+00:00","author":{"@id":"https:\/\/akunq.net\/tr\/#\/schema\/person\/096f1d38a12cce57fb855b485ed24c9e"},"breadcrumb":{"@id":"https:\/\/akunq.net\/tr\/?p=26939#breadcrumb"},"inLanguage":"en-US","potentialAction":[{"@type":"ReadAction","target":["https:\/\/akunq.net\/tr\/?p=26939"]}]},{"@type":"BreadcrumbList","@id":"https:\/\/akunq.net\/tr\/?p=26939#breadcrumb","itemListElement":[{"@type":"ListItem","position":1,"name":"Home","item":"https:\/\/akunq.net\/tr"},{"@type":"ListItem","position":2,"name":"Ermeni ve Rumlar\u0131n mallar\u0131 nas\u0131l T\u00fcrkle\u015ftirildi?"}]},{"@type":"WebSite","@id":"https:\/\/akunq.net\/tr\/#website","url":"https:\/\/akunq.net\/tr\/","name":"Bati Ermenistan Ve Bati Ermenileri Sorunlari Ara\u015ftirmalar Merkezi","description":"","potentialAction":[{"@type":"SearchAction","target":{"@type":"EntryPoint","urlTemplate":"https:\/\/akunq.net\/tr\/?s={search_term_string}"},"query-input":{"@type":"PropertyValueSpecification","valueRequired":true,"valueName":"search_term_string"}}],"inLanguage":"en-US"},{"@type":"Person","@id":"https:\/\/akunq.net\/tr\/#\/schema\/person\/096f1d38a12cce57fb855b485ed24c9e","name":"admin","url":"https:\/\/akunq.net\/tr\/?author=7"}]}},"_links":{"self":[{"href":"https:\/\/akunq.net\/tr\/index.php?rest_route=\/wp\/v2\/posts\/26939","targetHints":{"allow":["GET"]}}],"collection":[{"href":"https:\/\/akunq.net\/tr\/index.php?rest_route=\/wp\/v2\/posts"}],"about":[{"href":"https:\/\/akunq.net\/tr\/index.php?rest_route=\/wp\/v2\/types\/post"}],"author":[{"embeddable":true,"href":"https:\/\/akunq.net\/tr\/index.php?rest_route=\/wp\/v2\/users\/7"}],"replies":[{"embeddable":true,"href":"https:\/\/akunq.net\/tr\/index.php?rest_route=%2Fwp%2Fv2%2Fcomments&post=26939"}],"version-history":[{"count":2,"href":"https:\/\/akunq.net\/tr\/index.php?rest_route=\/wp\/v2\/posts\/26939\/revisions"}],"predecessor-version":[{"id":26942,"href":"https:\/\/akunq.net\/tr\/index.php?rest_route=\/wp\/v2\/posts\/26939\/revisions\/26942"}],"wp:attachment":[{"href":"https:\/\/akunq.net\/tr\/index.php?rest_route=%2Fwp%2Fv2%2Fmedia&parent=26939"}],"wp:term":[{"taxonomy":"category","embeddable":true,"href":"https:\/\/akunq.net\/tr\/index.php?rest_route=%2Fwp%2Fv2%2Fcategories&post=26939"},{"taxonomy":"post_tag","embeddable":true,"href":"https:\/\/akunq.net\/tr\/index.php?rest_route=%2Fwp%2Fv2%2Ftags&post=26939"}],"curies":[{"name":"wp","href":"https:\/\/api.w.org\/{rel}","templated":true}]}}