{"id":26930,"date":"2013-11-19T02:19:36","date_gmt":"2013-11-19T07:19:36","guid":{"rendered":"http:\/\/akunq.net\/tr\/?p=26930"},"modified":"2013-11-19T02:19:36","modified_gmt":"2013-11-19T07:19:36","slug":"ermenistan-standi-ortadogunun-en-buyuk-fuarinda-dikkat-cekti","status":"publish","type":"post","link":"https:\/\/akunq.net\/tr\/?p=26930","title":{"rendered":"Ermenistan stand\u0131 Ortado\u011fu\u2019nun en b\u00fcy\u00fck fuar\u0131nda dikkat \u00e7ekti"},"content":{"rendered":"<p style=\"text-align: justify;\"><b><i><a href=\"http:\/\/akunq.net\/tr\/wp-content\/uploads\/2013\/11\/Ermenistan-stand\u0131.jpg\"><img loading=\"lazy\" decoding=\"async\" class=\"alignright size-medium wp-image-26931\" alt=\"\" src=\"http:\/\/akunq.net\/tr\/wp-content\/uploads\/2013\/11\/Ermenistan-stand\u0131-300x224.jpg\" width=\"300\" height=\"224\" srcset=\"https:\/\/akunq.net\/tr\/wp-content\/uploads\/sites\/6\/2013\/11\/Ermenistan-stand\u0131-300x224.jpg 300w, https:\/\/akunq.net\/tr\/wp-content\/uploads\/sites\/6\/2013\/11\/Ermenistan-stand\u0131.jpg 314w\" sizes=\"auto, (max-width: 300px) 100vw, 300px\" \/><\/a>T\u00fcrkiye\u2019nin g\u00fcney do\u011fusundaki Diyarbak\u0131r kentinde 14-17 Kas\u0131m tarihlerinde ger\u00e7ekle\u015ftirilen Ortado\u011fu\u2019nun en b\u00fcy\u00fck fuar\u0131nda Ermenistan\u2019\u0131 temsil eden stand, fuar kat\u0131l\u0131mc\u0131lar\u0131 ve resmi \u00e7evrelerde b\u00fcy\u00fck ilgi uyand\u0131rd\u0131.<\/i><\/b><\/p>\n<p style=\"text-align: justify;\">Diyarbak\u0131r\u2019dan NEWS.am muhabirinin verdi\u011fi bilgiye g\u00f6re; Ermenistan Sanayici ve \u0130\u015fadamlar\u0131 Birli\u011fi B\u015fk. Arsen Ghazaryan deste\u011finde Ermenistanl\u0131 11 firma fuarda temsil oldular. B\u00fcy\u00fck Fuar \u00abOrtado\u011fu Mobilya ve Dekorasyon\u00bb, \u00abOrtado\u011fu G\u0131da\u00bb ve \u00abOrtado\u011fu Moda\u00bb olmak \u00fczere 3 ba\u011f\u0131ms\u0131z fuardan olu\u015fmaktayd\u0131.<\/p>\n<p style=\"text-align: justify;\">Fuara kat\u0131lan di\u011fer firmalar ve T\u00fcrk resmi yetkililer g\u0131da sanayi, in\u015faat, tekstil ve kozmetik alan\u0131nda faaliyet g\u00f6steren Emeni firmas\u0131n\u0131n \u00fcr\u00fcnlerine yak\u0131n ilgi g\u00f6sterdiler.<\/p>\n<p style=\"text-align: justify;\">Fuar\u0131n a\u00e7\u0131l\u0131\u015f\u0131ndan dakikalar sonra Diyarbak\u0131r valisi Cahit K\u0131ra\u00e7, Diyarbak\u0131r \u0130l Emniyet Md. Recep G\u00fcven, Adalet ve Kalk\u0131nma Partisinden milletvekilleri Galip Ensario\u011flu, Cuma \u0130\u00e7ten, Oya Eronat vd. yetkililer\u00a0 Ermenistan stand\u0131na ziyaretlerde bulundular.<\/p>\n<p style=\"text-align: justify;\">Kuzey Irakl\u0131 i\u015fadamlar\u0131, Ermenistanl\u0131 firmalara i\u015fbirli\u011fi tekliflerinde bulundular.<\/p>\n<p style=\"text-align: justify;\">Fuara kat\u0131l\u0131mc\u0131s\u0131 di\u011fer firma temsilcileri ve ziyaret\u00e7iler Ermenistan stand\u0131n\u0131 g\u00f6rd\u00fcklerinde \u015fa\u015fk\u0131nl\u0131klar\u0131n\u0131 gizlemezken, ziyaret\u00e7ilerin bir k\u0131sm\u0131, standda sergilenen Ermeni \u00fcr\u00fcnlerini d\u00fckkan ve marketlerde g\u00f6rme umudunu ifade ettiler.<\/p>\n<p style=\"text-align: justify;\"><b><i>http:\/\/news.am\/tur\/news\/181361.html<\/i><\/b><\/p>\n","protected":false},"excerpt":{"rendered":"<p>T\u00fcrkiye\u2019nin g\u00fcney do\u011fusundaki Diyarbak\u0131r kentinde 14-17 Kas\u0131m tarihlerinde ger\u00e7ekle\u015ftirilen Ortado\u011fu\u2019nun en b\u00fcy\u00fck fuar\u0131nda Ermenistan\u2019\u0131 temsil eden stand, fuar kat\u0131l\u0131mc\u0131lar\u0131 ve resmi \u00e7evrelerde b\u00fcy\u00fck ilgi uyand\u0131rd\u0131. Diyarbak\u0131r\u2019dan NEWS.am muhabirinin verdi\u011fi bilgiye g\u00f6re; Ermenistan Sanayici ve \u0130\u015fadamlar\u0131 Birli\u011fi B\u015fk. Arsen Ghazaryan deste\u011finde Ermenistanl\u0131 11 firma fuarda temsil oldular. B\u00fcy\u00fck Fuar \u00abOrtado\u011fu Mobilya ve Dekorasyon\u00bb, \u00abOrtado\u011fu G\u0131da\u00bb ve [&hellip;]<\/p>\n","protected":false},"author":7,"featured_media":0,"comment_status":"open","ping_status":"open","sticky":false,"template":"","format":"standard","meta":{"footnotes":""},"categories":[1],"tags":[],"class_list":["post-26930","post","type-post","status-publish","format-standard","hentry","category-haberler"],"yoast_head":"<!-- This site is optimized with the Yoast SEO plugin v27.4 - https:\/\/yoast.com\/product\/yoast-seo-wordpress\/ -->\n<title>Ermenistan stand\u0131 Ortado\u011fu\u2019nun en b\u00fcy\u00fck fuar\u0131nda dikkat \u00e7ekti - Bati Ermenistan Ve Bati Ermenileri Sorunlari Ara\u015ftirmalar Merkezi<\/title>\n<meta name=\"robots\" content=\"index, follow, max-snippet:-1, max-image-preview:large, max-video-preview:-1\" \/>\n<link rel=\"canonical\" href=\"https:\/\/akunq.net\/tr\/?p=26930\" \/>\n<meta property=\"og:locale\" content=\"en_US\" \/>\n<meta property=\"og:type\" content=\"article\" \/>\n<meta property=\"og:title\" content=\"Ermenistan stand\u0131 Ortado\u011fu\u2019nun en b\u00fcy\u00fck fuar\u0131nda dikkat \u00e7ekti - Bati Ermenistan Ve Bati Ermenileri Sorunlari Ara\u015ftirmalar Merkezi\" \/>\n<meta property=\"og:description\" content=\"T\u00fcrkiye\u2019nin g\u00fcney do\u011fusundaki Diyarbak\u0131r kentinde 14-17 Kas\u0131m tarihlerinde ger\u00e7ekle\u015ftirilen Ortado\u011fu\u2019nun en b\u00fcy\u00fck fuar\u0131nda Ermenistan\u2019\u0131 temsil eden stand, fuar kat\u0131l\u0131mc\u0131lar\u0131 ve resmi \u00e7evrelerde b\u00fcy\u00fck ilgi uyand\u0131rd\u0131. Diyarbak\u0131r\u2019dan NEWS.am muhabirinin verdi\u011fi bilgiye g\u00f6re; Ermenistan Sanayici ve \u0130\u015fadamlar\u0131 Birli\u011fi B\u015fk. Arsen Ghazaryan deste\u011finde Ermenistanl\u0131 11 firma fuarda temsil oldular. B\u00fcy\u00fck Fuar \u00abOrtado\u011fu Mobilya ve Dekorasyon\u00bb, \u00abOrtado\u011fu G\u0131da\u00bb ve [&hellip;]\" \/>\n<meta property=\"og:url\" content=\"https:\/\/akunq.net\/tr\/?p=26930\" \/>\n<meta property=\"og:site_name\" content=\"Bati Ermenistan Ve Bati Ermenileri Sorunlari Ara\u015ftirmalar Merkezi\" \/>\n<meta property=\"article:published_time\" content=\"2013-11-19T07:19:36+00:00\" \/>\n<meta name=\"author\" content=\"admin\" \/>\n<meta name=\"twitter:card\" content=\"summary_large_image\" \/>\n<meta name=\"twitter:label1\" content=\"Written by\" \/>\n\t<meta name=\"twitter:data1\" content=\"admin\" \/>\n\t<meta name=\"twitter:label2\" content=\"Est. reading time\" \/>\n\t<meta name=\"twitter:data2\" content=\"1 minute\" \/>\n<script type=\"application\/ld+json\" class=\"yoast-schema-graph\">{\"@context\":\"https:\\\/\\\/schema.org\",\"@graph\":[{\"@type\":\"Article\",\"@id\":\"https:\\\/\\\/akunq.net\\\/tr\\\/?p=26930#article\",\"isPartOf\":{\"@id\":\"https:\\\/\\\/akunq.net\\\/tr\\\/?p=26930\"},\"author\":{\"name\":\"admin\",\"@id\":\"https:\\\/\\\/akunq.net\\\/tr\\\/#\\\/schema\\\/person\\\/096f1d38a12cce57fb855b485ed24c9e\"},\"headline\":\"Ermenistan stand\u0131 Ortado\u011fu\u2019nun en b\u00fcy\u00fck fuar\u0131nda dikkat \u00e7ekti\",\"datePublished\":\"2013-11-19T07:19:36+00:00\",\"mainEntityOfPage\":{\"@id\":\"https:\\\/\\\/akunq.net\\\/tr\\\/?p=26930\"},\"wordCount\":246,\"commentCount\":0,\"articleSection\":[\"Haberler\"],\"inLanguage\":\"en-US\",\"potentialAction\":[{\"@type\":\"CommentAction\",\"name\":\"Comment\",\"target\":[\"https:\\\/\\\/akunq.net\\\/tr\\\/?p=26930#respond\"]}]},{\"@type\":\"WebPage\",\"@id\":\"https:\\\/\\\/akunq.net\\\/tr\\\/?p=26930\",\"url\":\"https:\\\/\\\/akunq.net\\\/tr\\\/?p=26930\",\"name\":\"Ermenistan stand\u0131 Ortado\u011fu\u2019nun en b\u00fcy\u00fck fuar\u0131nda dikkat \u00e7ekti - Bati Ermenistan Ve Bati Ermenileri Sorunlari Ara\u015ftirmalar Merkezi\",\"isPartOf\":{\"@id\":\"https:\\\/\\\/akunq.net\\\/tr\\\/#website\"},\"datePublished\":\"2013-11-19T07:19:36+00:00\",\"author\":{\"@id\":\"https:\\\/\\\/akunq.net\\\/tr\\\/#\\\/schema\\\/person\\\/096f1d38a12cce57fb855b485ed24c9e\"},\"breadcrumb\":{\"@id\":\"https:\\\/\\\/akunq.net\\\/tr\\\/?p=26930#breadcrumb\"},\"inLanguage\":\"en-US\",\"potentialAction\":[{\"@type\":\"ReadAction\",\"target\":[\"https:\\\/\\\/akunq.net\\\/tr\\\/?p=26930\"]}]},{\"@type\":\"BreadcrumbList\",\"@id\":\"https:\\\/\\\/akunq.net\\\/tr\\\/?p=26930#breadcrumb\",\"itemListElement\":[{\"@type\":\"ListItem\",\"position\":1,\"name\":\"Home\",\"item\":\"https:\\\/\\\/akunq.net\\\/tr\"},{\"@type\":\"ListItem\",\"position\":2,\"name\":\"Ermenistan stand\u0131 Ortado\u011fu\u2019nun en b\u00fcy\u00fck fuar\u0131nda dikkat \u00e7ekti\"}]},{\"@type\":\"WebSite\",\"@id\":\"https:\\\/\\\/akunq.net\\\/tr\\\/#website\",\"url\":\"https:\\\/\\\/akunq.net\\\/tr\\\/\",\"name\":\"Bati Ermenistan Ve Bati Ermenileri Sorunlari Ara\u015ftirmalar Merkezi\",\"description\":\"\",\"potentialAction\":[{\"@type\":\"SearchAction\",\"target\":{\"@type\":\"EntryPoint\",\"urlTemplate\":\"https:\\\/\\\/akunq.net\\\/tr\\\/?s={search_term_string}\"},\"query-input\":{\"@type\":\"PropertyValueSpecification\",\"valueRequired\":true,\"valueName\":\"search_term_string\"}}],\"inLanguage\":\"en-US\"},{\"@type\":\"Person\",\"@id\":\"https:\\\/\\\/akunq.net\\\/tr\\\/#\\\/schema\\\/person\\\/096f1d38a12cce57fb855b485ed24c9e\",\"name\":\"admin\",\"url\":\"https:\\\/\\\/akunq.net\\\/tr\\\/?author=7\"}]}<\/script>\n<!-- \/ Yoast SEO plugin. -->","yoast_head_json":{"title":"Ermenistan stand\u0131 Ortado\u011fu\u2019nun en b\u00fcy\u00fck fuar\u0131nda dikkat \u00e7ekti - Bati Ermenistan Ve Bati Ermenileri Sorunlari Ara\u015ftirmalar Merkezi","robots":{"index":"index","follow":"follow","max-snippet":"max-snippet:-1","max-image-preview":"max-image-preview:large","max-video-preview":"max-video-preview:-1"},"canonical":"https:\/\/akunq.net\/tr\/?p=26930","og_locale":"en_US","og_type":"article","og_title":"Ermenistan stand\u0131 Ortado\u011fu\u2019nun en b\u00fcy\u00fck fuar\u0131nda dikkat \u00e7ekti - Bati Ermenistan Ve Bati Ermenileri Sorunlari Ara\u015ftirmalar Merkezi","og_description":"T\u00fcrkiye\u2019nin g\u00fcney do\u011fusundaki Diyarbak\u0131r kentinde 14-17 Kas\u0131m tarihlerinde ger\u00e7ekle\u015ftirilen Ortado\u011fu\u2019nun en b\u00fcy\u00fck fuar\u0131nda Ermenistan\u2019\u0131 temsil eden stand, fuar kat\u0131l\u0131mc\u0131lar\u0131 ve resmi \u00e7evrelerde b\u00fcy\u00fck ilgi uyand\u0131rd\u0131. Diyarbak\u0131r\u2019dan NEWS.am muhabirinin verdi\u011fi bilgiye g\u00f6re; Ermenistan Sanayici ve \u0130\u015fadamlar\u0131 Birli\u011fi B\u015fk. Arsen Ghazaryan deste\u011finde Ermenistanl\u0131 11 firma fuarda temsil oldular. B\u00fcy\u00fck Fuar \u00abOrtado\u011fu Mobilya ve Dekorasyon\u00bb, \u00abOrtado\u011fu G\u0131da\u00bb ve [&hellip;]","og_url":"https:\/\/akunq.net\/tr\/?p=26930","og_site_name":"Bati Ermenistan Ve Bati Ermenileri Sorunlari Ara\u015ftirmalar Merkezi","article_published_time":"2013-11-19T07:19:36+00:00","author":"admin","twitter_card":"summary_large_image","twitter_misc":{"Written by":"admin","Est. reading time":"1 minute"},"schema":{"@context":"https:\/\/schema.org","@graph":[{"@type":"Article","@id":"https:\/\/akunq.net\/tr\/?p=26930#article","isPartOf":{"@id":"https:\/\/akunq.net\/tr\/?p=26930"},"author":{"name":"admin","@id":"https:\/\/akunq.net\/tr\/#\/schema\/person\/096f1d38a12cce57fb855b485ed24c9e"},"headline":"Ermenistan stand\u0131 Ortado\u011fu\u2019nun en b\u00fcy\u00fck fuar\u0131nda dikkat \u00e7ekti","datePublished":"2013-11-19T07:19:36+00:00","mainEntityOfPage":{"@id":"https:\/\/akunq.net\/tr\/?p=26930"},"wordCount":246,"commentCount":0,"articleSection":["Haberler"],"inLanguage":"en-US","potentialAction":[{"@type":"CommentAction","name":"Comment","target":["https:\/\/akunq.net\/tr\/?p=26930#respond"]}]},{"@type":"WebPage","@id":"https:\/\/akunq.net\/tr\/?p=26930","url":"https:\/\/akunq.net\/tr\/?p=26930","name":"Ermenistan stand\u0131 Ortado\u011fu\u2019nun en b\u00fcy\u00fck fuar\u0131nda dikkat \u00e7ekti - Bati Ermenistan Ve Bati Ermenileri Sorunlari Ara\u015ftirmalar Merkezi","isPartOf":{"@id":"https:\/\/akunq.net\/tr\/#website"},"datePublished":"2013-11-19T07:19:36+00:00","author":{"@id":"https:\/\/akunq.net\/tr\/#\/schema\/person\/096f1d38a12cce57fb855b485ed24c9e"},"breadcrumb":{"@id":"https:\/\/akunq.net\/tr\/?p=26930#breadcrumb"},"inLanguage":"en-US","potentialAction":[{"@type":"ReadAction","target":["https:\/\/akunq.net\/tr\/?p=26930"]}]},{"@type":"BreadcrumbList","@id":"https:\/\/akunq.net\/tr\/?p=26930#breadcrumb","itemListElement":[{"@type":"ListItem","position":1,"name":"Home","item":"https:\/\/akunq.net\/tr"},{"@type":"ListItem","position":2,"name":"Ermenistan stand\u0131 Ortado\u011fu\u2019nun en b\u00fcy\u00fck fuar\u0131nda dikkat \u00e7ekti"}]},{"@type":"WebSite","@id":"https:\/\/akunq.net\/tr\/#website","url":"https:\/\/akunq.net\/tr\/","name":"Bati Ermenistan Ve Bati Ermenileri Sorunlari Ara\u015ftirmalar Merkezi","description":"","potentialAction":[{"@type":"SearchAction","target":{"@type":"EntryPoint","urlTemplate":"https:\/\/akunq.net\/tr\/?s={search_term_string}"},"query-input":{"@type":"PropertyValueSpecification","valueRequired":true,"valueName":"search_term_string"}}],"inLanguage":"en-US"},{"@type":"Person","@id":"https:\/\/akunq.net\/tr\/#\/schema\/person\/096f1d38a12cce57fb855b485ed24c9e","name":"admin","url":"https:\/\/akunq.net\/tr\/?author=7"}]}},"_links":{"self":[{"href":"https:\/\/akunq.net\/tr\/index.php?rest_route=\/wp\/v2\/posts\/26930","targetHints":{"allow":["GET"]}}],"collection":[{"href":"https:\/\/akunq.net\/tr\/index.php?rest_route=\/wp\/v2\/posts"}],"about":[{"href":"https:\/\/akunq.net\/tr\/index.php?rest_route=\/wp\/v2\/types\/post"}],"author":[{"embeddable":true,"href":"https:\/\/akunq.net\/tr\/index.php?rest_route=\/wp\/v2\/users\/7"}],"replies":[{"embeddable":true,"href":"https:\/\/akunq.net\/tr\/index.php?rest_route=%2Fwp%2Fv2%2Fcomments&post=26930"}],"version-history":[{"count":1,"href":"https:\/\/akunq.net\/tr\/index.php?rest_route=\/wp\/v2\/posts\/26930\/revisions"}],"predecessor-version":[{"id":26932,"href":"https:\/\/akunq.net\/tr\/index.php?rest_route=\/wp\/v2\/posts\/26930\/revisions\/26932"}],"wp:attachment":[{"href":"https:\/\/akunq.net\/tr\/index.php?rest_route=%2Fwp%2Fv2%2Fmedia&parent=26930"}],"wp:term":[{"taxonomy":"category","embeddable":true,"href":"https:\/\/akunq.net\/tr\/index.php?rest_route=%2Fwp%2Fv2%2Fcategories&post=26930"},{"taxonomy":"post_tag","embeddable":true,"href":"https:\/\/akunq.net\/tr\/index.php?rest_route=%2Fwp%2Fv2%2Ftags&post=26930"}],"curies":[{"name":"wp","href":"https:\/\/api.w.org\/{rel}","templated":true}]}}