{"id":26926,"date":"2013-11-19T02:18:35","date_gmt":"2013-11-19T07:18:35","guid":{"rendered":"http:\/\/akunq.net\/tr\/?p=26926"},"modified":"2013-11-19T02:18:53","modified_gmt":"2013-11-19T07:18:53","slug":"24-nisan-1915-istanbul-cankiri-ayas-ankara","status":"publish","type":"post","link":"https:\/\/akunq.net\/tr\/?p=26926","title":{"rendered":"24 Nisan 1915 \u0130stanbul, \u00c7ank\u0131r\u0131, Aya\u015f, Ankara"},"content":{"rendered":"<p style=\"text-align: justify;\"><b><a href=\"http:\/\/akunq.net\/tr\/wp-content\/uploads\/2013\/11\/24-Nisan-1915-\u0130stanbul-\u00c7ank\u0131r\u0131-Aya\u015f-Ankara.jpg\"><img loading=\"lazy\" decoding=\"async\" class=\"alignright size-full wp-image-26927\" alt=\"24 Nisan 1915 \u0130stanbul, \u00c7ank\u0131r\u0131, Aya\u015f, Ankara\" src=\"http:\/\/akunq.net\/tr\/wp-content\/uploads\/2013\/11\/24-Nisan-1915-\u0130stanbul-\u00c7ank\u0131r\u0131-Aya\u015f-Ankara.jpg\" width=\"160\" height=\"234\" \/><\/a><a href=\"http:\/\/www.idefix.com\/kitap\/nesim-ovadya-izrail\/urun_liste.asp?kid=176301\">Nesim Ovadya \u0130zrail<\/a><\/b><\/p>\n<p style=\"text-align: justify;\">24 Nisan 1915&#8217;te \u00f6zellikle \u0130stanbul&#8217;daki Ermeni ayd\u0131nlar\u0131, yazarlar, sanat\u00e7\u0131lar, avukatlar, doktorlar, mebuslar evlerinden al\u0131n\u0131p g\u00f6t\u00fcr\u00fcl\u00fcrler ve \u00e7o\u011fu bir daha geri d\u00f6nmez: \u0130stanbul&#8217;da tutuklan\u0131p \u00c7ank\u0131r\u0131 ve Aya\u015f&#8217;taki toplama merkezlerine g\u00f6nderilen bu Ermeniler, ya\u015fanacak b\u00fcy\u00fck dram ve ac\u0131lar\u0131n ba\u015flang\u0131\u00e7 noktas\u0131nda yer al\u0131rlar&#8230;<\/p>\n<p style=\"text-align: justify;\">Resm\u00ee belgelerden, ar\u015fivlerden, an\u0131lardan yararlanan; yaz\u0131l\u0131 ve s\u00f6zl\u00fc bir\u00e7ok bilginin izini s\u00fcren Nesim Ovadya \u0130zrail, 100 y\u0131l \u00f6nce ya\u015fanm\u0131\u015f olay\u0131 detaylar\u0131na inerek ele al\u0131yor: \u0130ttihat ve Terakki&#8217;nin Ermeni meselesini ele al\u0131\u015f\u0131n\u0131 ve \u00e7\u00f6z\u00fcm tarz\u0131n\u0131, Ermeni toplumunun kendi i\u00e7indeki ayr\u0131\u015fmalar\u0131, tutuklananlar\u0131n kim olduklar\u0131n\u0131, ya\u015fad\u0131klar\u0131 olaylar\u0131 ve ak\u0131betlerini biyografik zenginlik i\u00e7inde ele alarak tarihsel d\u00fczleme oturtuyor.<\/p>\n<p style=\"text-align: justify;\">&#8220;&#8230;\u00dc\u00e7 ay sonra, kar\u0131m ve \u00e7ocuklar\u0131mla beraber mutlu olaca\u011f\u0131m\u0131 d\u00fc\u015f\u00fcnd\u00fcm. Sonra bak\u0131nd\u0131m, tek ba\u015f\u0131ma serbest b\u0131rak\u0131ld\u0131\u011f\u0131m\u0131 g\u00f6r\u00fcnce, yolda\u015flar\u0131m\u0131n y\u00fczlerindeki korku ve hayal k\u0131r\u0131kl\u0131\u011f\u0131n\u0131 fark ettim. \u0130nce yap\u0131l\u0131 insanlar. H\u00fck\u00fcmete kar\u015f\u0131 bir parma\u011f\u0131n\u0131 bile kald\u0131rmam\u0131\u015f insanlar vard\u0131 aralar\u0131nda. Bunlar\u0131n \u00e7o\u011fu asla benim kaderimi payla\u015fmayacaklard\u0131. Bunlar\u0131n \u00e7o\u011fu yak\u0131nda \u00f6ld\u00fcr\u00fclecekti. Ger\u00e7ekle\u015fecek olanlar i\u00e7ime do\u011fmu\u015ftu, kederimle sevincim neredeyse e\u015fitlenmi\u015fti.&#8221;<br \/>\n-Avedis Naka\u015fyan-<br \/>\n(Tan\u0131t\u0131m B\u00fclteninden)<\/p>\n<p style=\"text-align: justify;\"><i>T\u00fcrk\u00e7e (Orijinal Dili:T\u00fcrk\u00e7e)<br \/>\n584 s. &#8212; 2. Hamur&#8211; Ciltsiz &#8212; 15 x 21 cm<br \/>\n\u0130stanbul, 2013<br \/>\nISBN : 9789750512773<\/i><\/p>\n<p style=\"text-align: justify;\">\u00a0<\/p>\n<p style=\"text-align: justify;\"><b><i>http:\/\/www.idefix.com\/kitap\/24-nisan-1915-istanbul-cankiri-ayas-ankara-nesim-ovadya-izrail\/tanim.asp?sid=WG5CZL70S469HJ3EEDU4<\/i><\/b><\/p>\n","protected":false},"excerpt":{"rendered":"<p>Nesim Ovadya \u0130zrail 24 Nisan 1915&#8217;te \u00f6zellikle \u0130stanbul&#8217;daki Ermeni ayd\u0131nlar\u0131, yazarlar, sanat\u00e7\u0131lar, avukatlar, doktorlar, mebuslar evlerinden al\u0131n\u0131p g\u00f6t\u00fcr\u00fcl\u00fcrler ve \u00e7o\u011fu bir daha geri d\u00f6nmez: \u0130stanbul&#8217;da tutuklan\u0131p \u00c7ank\u0131r\u0131 ve Aya\u015f&#8217;taki toplama merkezlerine g\u00f6nderilen bu Ermeniler, ya\u015fanacak b\u00fcy\u00fck dram ve ac\u0131lar\u0131n ba\u015flang\u0131\u00e7 noktas\u0131nda yer al\u0131rlar&#8230; Resm\u00ee belgelerden, ar\u015fivlerden, an\u0131lardan yararlanan; yaz\u0131l\u0131 ve s\u00f6zl\u00fc bir\u00e7ok bilginin izini s\u00fcren [&hellip;]<\/p>\n","protected":false},"author":7,"featured_media":0,"comment_status":"open","ping_status":"open","sticky":false,"template":"","format":"standard","meta":{"footnotes":""},"categories":[1,54],"tags":[],"class_list":["post-26926","post","type-post","status-publish","format-standard","hentry","category-haberler","category-kitaplar-elestiriler"],"yoast_head":"<!-- This site is optimized with the Yoast SEO plugin v27.4 - https:\/\/yoast.com\/product\/yoast-seo-wordpress\/ -->\n<title>24 Nisan 1915 \u0130stanbul, \u00c7ank\u0131r\u0131, Aya\u015f, Ankara - Bati Ermenistan Ve Bati Ermenileri Sorunlari Ara\u015ftirmalar Merkezi<\/title>\n<meta name=\"robots\" content=\"index, follow, max-snippet:-1, max-image-preview:large, max-video-preview:-1\" \/>\n<link rel=\"canonical\" href=\"https:\/\/akunq.net\/tr\/?p=26926\" \/>\n<meta property=\"og:locale\" content=\"en_US\" \/>\n<meta property=\"og:type\" content=\"article\" \/>\n<meta property=\"og:title\" content=\"24 Nisan 1915 \u0130stanbul, \u00c7ank\u0131r\u0131, Aya\u015f, Ankara - Bati Ermenistan Ve Bati Ermenileri Sorunlari Ara\u015ftirmalar Merkezi\" \/>\n<meta property=\"og:description\" content=\"Nesim Ovadya \u0130zrail 24 Nisan 1915&#8217;te \u00f6zellikle \u0130stanbul&#8217;daki Ermeni ayd\u0131nlar\u0131, yazarlar, sanat\u00e7\u0131lar, avukatlar, doktorlar, mebuslar evlerinden al\u0131n\u0131p g\u00f6t\u00fcr\u00fcl\u00fcrler ve \u00e7o\u011fu bir daha geri d\u00f6nmez: \u0130stanbul&#8217;da tutuklan\u0131p \u00c7ank\u0131r\u0131 ve Aya\u015f&#8217;taki toplama merkezlerine g\u00f6nderilen bu Ermeniler, ya\u015fanacak b\u00fcy\u00fck dram ve ac\u0131lar\u0131n ba\u015flang\u0131\u00e7 noktas\u0131nda yer al\u0131rlar&#8230; Resm\u00ee belgelerden, ar\u015fivlerden, an\u0131lardan yararlanan; yaz\u0131l\u0131 ve s\u00f6zl\u00fc bir\u00e7ok bilginin izini s\u00fcren [&hellip;]\" \/>\n<meta property=\"og:url\" content=\"https:\/\/akunq.net\/tr\/?p=26926\" \/>\n<meta property=\"og:site_name\" content=\"Bati Ermenistan Ve Bati Ermenileri Sorunlari Ara\u015ftirmalar Merkezi\" \/>\n<meta property=\"article:published_time\" content=\"2013-11-19T07:18:35+00:00\" \/>\n<meta property=\"article:modified_time\" content=\"2013-11-19T07:18:53+00:00\" \/>\n<meta name=\"author\" content=\"admin\" \/>\n<meta name=\"twitter:card\" content=\"summary_large_image\" \/>\n<meta name=\"twitter:label1\" content=\"Written by\" \/>\n\t<meta name=\"twitter:data1\" content=\"admin\" \/>\n\t<meta name=\"twitter:label2\" content=\"Est. reading time\" \/>\n\t<meta name=\"twitter:data2\" content=\"1 minute\" \/>\n<script type=\"application\/ld+json\" class=\"yoast-schema-graph\">{\"@context\":\"https:\\\/\\\/schema.org\",\"@graph\":[{\"@type\":\"Article\",\"@id\":\"https:\\\/\\\/akunq.net\\\/tr\\\/?p=26926#article\",\"isPartOf\":{\"@id\":\"https:\\\/\\\/akunq.net\\\/tr\\\/?p=26926\"},\"author\":{\"name\":\"admin\",\"@id\":\"https:\\\/\\\/akunq.net\\\/tr\\\/#\\\/schema\\\/person\\\/096f1d38a12cce57fb855b485ed24c9e\"},\"headline\":\"24 Nisan 1915 \u0130stanbul, \u00c7ank\u0131r\u0131, Aya\u015f, Ankara\",\"datePublished\":\"2013-11-19T07:18:35+00:00\",\"dateModified\":\"2013-11-19T07:18:53+00:00\",\"mainEntityOfPage\":{\"@id\":\"https:\\\/\\\/akunq.net\\\/tr\\\/?p=26926\"},\"wordCount\":280,\"commentCount\":0,\"articleSection\":[\"Haberler\",\"Kitaplar-Ele\u015ftiriler\"],\"inLanguage\":\"en-US\",\"potentialAction\":[{\"@type\":\"CommentAction\",\"name\":\"Comment\",\"target\":[\"https:\\\/\\\/akunq.net\\\/tr\\\/?p=26926#respond\"]}]},{\"@type\":\"WebPage\",\"@id\":\"https:\\\/\\\/akunq.net\\\/tr\\\/?p=26926\",\"url\":\"https:\\\/\\\/akunq.net\\\/tr\\\/?p=26926\",\"name\":\"24 Nisan 1915 \u0130stanbul, \u00c7ank\u0131r\u0131, Aya\u015f, Ankara - Bati Ermenistan Ve Bati Ermenileri Sorunlari Ara\u015ftirmalar Merkezi\",\"isPartOf\":{\"@id\":\"https:\\\/\\\/akunq.net\\\/tr\\\/#website\"},\"datePublished\":\"2013-11-19T07:18:35+00:00\",\"dateModified\":\"2013-11-19T07:18:53+00:00\",\"author\":{\"@id\":\"https:\\\/\\\/akunq.net\\\/tr\\\/#\\\/schema\\\/person\\\/096f1d38a12cce57fb855b485ed24c9e\"},\"breadcrumb\":{\"@id\":\"https:\\\/\\\/akunq.net\\\/tr\\\/?p=26926#breadcrumb\"},\"inLanguage\":\"en-US\",\"potentialAction\":[{\"@type\":\"ReadAction\",\"target\":[\"https:\\\/\\\/akunq.net\\\/tr\\\/?p=26926\"]}]},{\"@type\":\"BreadcrumbList\",\"@id\":\"https:\\\/\\\/akunq.net\\\/tr\\\/?p=26926#breadcrumb\",\"itemListElement\":[{\"@type\":\"ListItem\",\"position\":1,\"name\":\"Home\",\"item\":\"https:\\\/\\\/akunq.net\\\/tr\"},{\"@type\":\"ListItem\",\"position\":2,\"name\":\"24 Nisan 1915 \u0130stanbul, \u00c7ank\u0131r\u0131, Aya\u015f, Ankara\"}]},{\"@type\":\"WebSite\",\"@id\":\"https:\\\/\\\/akunq.net\\\/tr\\\/#website\",\"url\":\"https:\\\/\\\/akunq.net\\\/tr\\\/\",\"name\":\"Bati Ermenistan Ve Bati Ermenileri Sorunlari Ara\u015ftirmalar Merkezi\",\"description\":\"\",\"potentialAction\":[{\"@type\":\"SearchAction\",\"target\":{\"@type\":\"EntryPoint\",\"urlTemplate\":\"https:\\\/\\\/akunq.net\\\/tr\\\/?s={search_term_string}\"},\"query-input\":{\"@type\":\"PropertyValueSpecification\",\"valueRequired\":true,\"valueName\":\"search_term_string\"}}],\"inLanguage\":\"en-US\"},{\"@type\":\"Person\",\"@id\":\"https:\\\/\\\/akunq.net\\\/tr\\\/#\\\/schema\\\/person\\\/096f1d38a12cce57fb855b485ed24c9e\",\"name\":\"admin\",\"url\":\"https:\\\/\\\/akunq.net\\\/tr\\\/?author=7\"}]}<\/script>\n<!-- \/ Yoast SEO plugin. -->","yoast_head_json":{"title":"24 Nisan 1915 \u0130stanbul, \u00c7ank\u0131r\u0131, Aya\u015f, Ankara - Bati Ermenistan Ve Bati Ermenileri Sorunlari Ara\u015ftirmalar Merkezi","robots":{"index":"index","follow":"follow","max-snippet":"max-snippet:-1","max-image-preview":"max-image-preview:large","max-video-preview":"max-video-preview:-1"},"canonical":"https:\/\/akunq.net\/tr\/?p=26926","og_locale":"en_US","og_type":"article","og_title":"24 Nisan 1915 \u0130stanbul, \u00c7ank\u0131r\u0131, Aya\u015f, Ankara - Bati Ermenistan Ve Bati Ermenileri Sorunlari Ara\u015ftirmalar Merkezi","og_description":"Nesim Ovadya \u0130zrail 24 Nisan 1915&#8217;te \u00f6zellikle \u0130stanbul&#8217;daki Ermeni ayd\u0131nlar\u0131, yazarlar, sanat\u00e7\u0131lar, avukatlar, doktorlar, mebuslar evlerinden al\u0131n\u0131p g\u00f6t\u00fcr\u00fcl\u00fcrler ve \u00e7o\u011fu bir daha geri d\u00f6nmez: \u0130stanbul&#8217;da tutuklan\u0131p \u00c7ank\u0131r\u0131 ve Aya\u015f&#8217;taki toplama merkezlerine g\u00f6nderilen bu Ermeniler, ya\u015fanacak b\u00fcy\u00fck dram ve ac\u0131lar\u0131n ba\u015flang\u0131\u00e7 noktas\u0131nda yer al\u0131rlar&#8230; Resm\u00ee belgelerden, ar\u015fivlerden, an\u0131lardan yararlanan; yaz\u0131l\u0131 ve s\u00f6zl\u00fc bir\u00e7ok bilginin izini s\u00fcren [&hellip;]","og_url":"https:\/\/akunq.net\/tr\/?p=26926","og_site_name":"Bati Ermenistan Ve Bati Ermenileri Sorunlari Ara\u015ftirmalar Merkezi","article_published_time":"2013-11-19T07:18:35+00:00","article_modified_time":"2013-11-19T07:18:53+00:00","author":"admin","twitter_card":"summary_large_image","twitter_misc":{"Written by":"admin","Est. reading time":"1 minute"},"schema":{"@context":"https:\/\/schema.org","@graph":[{"@type":"Article","@id":"https:\/\/akunq.net\/tr\/?p=26926#article","isPartOf":{"@id":"https:\/\/akunq.net\/tr\/?p=26926"},"author":{"name":"admin","@id":"https:\/\/akunq.net\/tr\/#\/schema\/person\/096f1d38a12cce57fb855b485ed24c9e"},"headline":"24 Nisan 1915 \u0130stanbul, \u00c7ank\u0131r\u0131, Aya\u015f, Ankara","datePublished":"2013-11-19T07:18:35+00:00","dateModified":"2013-11-19T07:18:53+00:00","mainEntityOfPage":{"@id":"https:\/\/akunq.net\/tr\/?p=26926"},"wordCount":280,"commentCount":0,"articleSection":["Haberler","Kitaplar-Ele\u015ftiriler"],"inLanguage":"en-US","potentialAction":[{"@type":"CommentAction","name":"Comment","target":["https:\/\/akunq.net\/tr\/?p=26926#respond"]}]},{"@type":"WebPage","@id":"https:\/\/akunq.net\/tr\/?p=26926","url":"https:\/\/akunq.net\/tr\/?p=26926","name":"24 Nisan 1915 \u0130stanbul, \u00c7ank\u0131r\u0131, Aya\u015f, Ankara - Bati Ermenistan Ve Bati Ermenileri Sorunlari Ara\u015ftirmalar Merkezi","isPartOf":{"@id":"https:\/\/akunq.net\/tr\/#website"},"datePublished":"2013-11-19T07:18:35+00:00","dateModified":"2013-11-19T07:18:53+00:00","author":{"@id":"https:\/\/akunq.net\/tr\/#\/schema\/person\/096f1d38a12cce57fb855b485ed24c9e"},"breadcrumb":{"@id":"https:\/\/akunq.net\/tr\/?p=26926#breadcrumb"},"inLanguage":"en-US","potentialAction":[{"@type":"ReadAction","target":["https:\/\/akunq.net\/tr\/?p=26926"]}]},{"@type":"BreadcrumbList","@id":"https:\/\/akunq.net\/tr\/?p=26926#breadcrumb","itemListElement":[{"@type":"ListItem","position":1,"name":"Home","item":"https:\/\/akunq.net\/tr"},{"@type":"ListItem","position":2,"name":"24 Nisan 1915 \u0130stanbul, \u00c7ank\u0131r\u0131, Aya\u015f, Ankara"}]},{"@type":"WebSite","@id":"https:\/\/akunq.net\/tr\/#website","url":"https:\/\/akunq.net\/tr\/","name":"Bati Ermenistan Ve Bati Ermenileri Sorunlari Ara\u015ftirmalar Merkezi","description":"","potentialAction":[{"@type":"SearchAction","target":{"@type":"EntryPoint","urlTemplate":"https:\/\/akunq.net\/tr\/?s={search_term_string}"},"query-input":{"@type":"PropertyValueSpecification","valueRequired":true,"valueName":"search_term_string"}}],"inLanguage":"en-US"},{"@type":"Person","@id":"https:\/\/akunq.net\/tr\/#\/schema\/person\/096f1d38a12cce57fb855b485ed24c9e","name":"admin","url":"https:\/\/akunq.net\/tr\/?author=7"}]}},"_links":{"self":[{"href":"https:\/\/akunq.net\/tr\/index.php?rest_route=\/wp\/v2\/posts\/26926","targetHints":{"allow":["GET"]}}],"collection":[{"href":"https:\/\/akunq.net\/tr\/index.php?rest_route=\/wp\/v2\/posts"}],"about":[{"href":"https:\/\/akunq.net\/tr\/index.php?rest_route=\/wp\/v2\/types\/post"}],"author":[{"embeddable":true,"href":"https:\/\/akunq.net\/tr\/index.php?rest_route=\/wp\/v2\/users\/7"}],"replies":[{"embeddable":true,"href":"https:\/\/akunq.net\/tr\/index.php?rest_route=%2Fwp%2Fv2%2Fcomments&post=26926"}],"version-history":[{"count":2,"href":"https:\/\/akunq.net\/tr\/index.php?rest_route=\/wp\/v2\/posts\/26926\/revisions"}],"predecessor-version":[{"id":26929,"href":"https:\/\/akunq.net\/tr\/index.php?rest_route=\/wp\/v2\/posts\/26926\/revisions\/26929"}],"wp:attachment":[{"href":"https:\/\/akunq.net\/tr\/index.php?rest_route=%2Fwp%2Fv2%2Fmedia&parent=26926"}],"wp:term":[{"taxonomy":"category","embeddable":true,"href":"https:\/\/akunq.net\/tr\/index.php?rest_route=%2Fwp%2Fv2%2Fcategories&post=26926"},{"taxonomy":"post_tag","embeddable":true,"href":"https:\/\/akunq.net\/tr\/index.php?rest_route=%2Fwp%2Fv2%2Ftags&post=26926"}],"curies":[{"name":"wp","href":"https:\/\/api.w.org\/{rel}","templated":true}]}}