{"id":26922,"date":"2013-11-19T02:16:56","date_gmt":"2013-11-19T07:16:56","guid":{"rendered":"http:\/\/akunq.net\/tr\/?p=26922"},"modified":"2013-11-19T02:17:20","modified_gmt":"2013-11-19T07:17:20","slug":"basbakan-erdogan-ikby-baskani-barzani-bulusmasi","status":"publish","type":"post","link":"https:\/\/akunq.net\/tr\/?p=26922","title":{"rendered":"Ba\u015fbakan Erdo\u011fan Ikby Ba\u015fkan\u0131 Barzani Bulu\u015fmas\u0131"},"content":{"rendered":"<p style=\"text-align: justify;\"><strong><a href=\"http:\/\/akunq.net\/tr\/wp-content\/uploads\/2013\/11\/Haberciniz.jpg\"><img loading=\"lazy\" decoding=\"async\" class=\"alignright size-full wp-image-26923\" alt=\"Haberciniz\" src=\"http:\/\/akunq.net\/tr\/wp-content\/uploads\/2013\/11\/Haberciniz.jpg\" width=\"300\" height=\"225\" \/><\/a>BDP<\/strong><em><strong> Hakkari Milletvekili Canan:&#8221;Bu bulu\u015fma ger\u00e7ekten i\u00e7inde bulundu\u011fumuz s\u00fcre\u00e7 itibar\u0131yla olumlu bir bulu\u015fma ve ad\u0131md\u0131&#8221; -AK Parti eski Diyarbak\u0131r Milletvekili Kurt:&#8221;Bu, T\u00fcrkiye&#8217;nin yeni bir bin y\u0131la a\u00e7\u0131lan kap\u0131s\u0131n\u0131 aralamakt\u0131r. G\u00f6rd\u00fck ki &#8216;K\u00fcrt&#8217; demekle, &#8216;K\u00fcrdistan&#8217; demekle K\u00fcrtler daha \u00e7ok birle\u015fiyor ve daha \u00e7ok T\u00fcrkiyelile\u015fiyor&#8221; &#8220;\u00dclkesinden s\u00fcrg\u00fcn edilen bir sanat\u00e7\u0131 buraya iki devletin protokol\u00fc ile geldi adeta. \u0130ki devlet ba\u015fkan\u0131 bir sanat\u00e7\u0131 ile \u00f6zg\u00fcrl\u00fc\u011f\u00fcn, karde\u015fli\u011fin kap\u0131s\u0131n\u0131 aralad\u0131&#8221;.<\/strong><\/em><br \/>\nBDP Hakkari Milletvekili Esat Canan, Ba\u015fbakan Recep Tayyip Erdo\u011fan ve Irak K\u00fcrt B\u00f6lgesel Y\u00f6netimi (IKBY) Ba\u015fkan\u0131 Mesut Barzani&#8217;nin Diyarbak\u0131r&#8217;\u0131 ziyaretine ili\u015fkin, &#8220;Bu bulu\u015fma ger\u00e7ekten i\u00e7inde bulundu\u011fumuz s\u00fcre\u00e7 itibar\u0131yla olumlu bir bulu\u015fma ve ad\u0131md\u0131&#8221; dedi.<br \/>\nBa\u015fbakan Erdo\u011fan ile IKBY Ba\u015fkan\u0131 Barzani&#8217;yi Diyarbak\u0131r B\u00fcy\u00fck\u015fehir Belediyesini ziyaretinde kar\u015f\u0131layan ve g\u00f6r\u00fc\u015fmeye kat\u0131lan milletvekillerinden Canan, AA muhabirine, hafta sonu ger\u00e7ekle\u015ftirilen ziyareti son derece olumlu buldu\u011funu belirterek, bunu ihtiya\u00e7 oldu\u011funu s\u00f6yledi.<br \/>\n&#8220;Bu bulu\u015fma ger\u00e7ekten i\u00e7inde bulundu\u011fumuz s\u00fcre\u00e7 itibar\u0131yla olumlu bir bulu\u015fma ve ad\u0131md\u0131&#8221; diyen Canan, ziyarette hem Ba\u015fbakan\u0131n hem de Barzani&#8217;nin verdi\u011fi mesajlar\u0131n demokratik \u00e7\u00f6z\u00fcm s\u00fcrecinin devam\u0131na ve \u00f6nemine y\u00f6nelik oldu\u011funu vurgulad\u0131.<br \/>\nCanan, Ba\u015fbakan\u0131n mesajlar\u0131na ili\u015fkin somut ad\u0131mlar at\u0131lmas\u0131n\u0131 arzulad\u0131klar\u0131n\u0131 ifade ederek, &#8220;Bu ziyaret uzun bir s\u00fcredir T\u00fcrkiye&#8217;de ya\u015fanan belki gerginli\u011fi de yumu\u015fat\u0131c\u0131 etkisi olmu\u015ftur. Ba\u015fbakan\u0131n verdi\u011fi mesajlar \u00e7ok \u00f6nemliydi. Bu mesajlara ili\u015fkin somut ad\u0131mlar\u0131n ne zaman at\u0131laca\u011f\u0131 konusunda kamuoyunun merak\u0131 var. \u0130n\u015fallah bu mesajlar ger\u00e7ekle\u015fir ve olumlu sonu\u00e7lar ortaya \u00e7\u0131kar&#8221; diye konu\u015ftu.<br \/>\n&#8220;Art\u0131k K\u00fcrtlerle T\u00fcrkler aras\u0131nda \u00e7at\u0131\u015fma olmas\u0131n&#8221;<br \/>\nCanan, Ba\u015fbakan\u0131n belediyeyi ziyaretinin olumlu bir ad\u0131m oldu\u011funu vurgulayarak, &#8220;Ke\u015fke \u00e7ok daha \u00f6nce belediye ile ba\u015fbakan aras\u0131nda bu ziyaretler ger\u00e7ekle\u015fmi\u015f olsayd\u0131 ama ge\u00e7 de olsa bu ziyaret elbetteki hem ortam\u0131 yumu\u015fatmas\u0131 bak\u0131m\u0131ndan hem diyalog a\u00e7\u0131s\u0131ndan olumludur&#8221; dedi.<br \/>\nBarzani ile ger\u00e7ekle\u015ftirdikleri bas\u0131na kapal\u0131 g\u00f6r\u00fc\u015fmede d\u0131\u015far\u0131da verilen mesajlar\u0131n yinelendi\u011fini kaydeden Canan, \u015f\u00f6yle konu\u015ftu:<br \/>\n&#8220;Say\u0131n Barzani, bu s\u00fcrecin \u00f6nemli oldu\u011funu, art\u0131k \u00e7at\u0131\u015fma d\u00f6neminin bitti\u011fini, bitmesi gerekti\u011fini, onun i\u00e7in herkesin bu s\u00fcrecin arkas\u0131nda durmas\u0131 gerekti\u011fini ifade etti. S\u00fcrecin devam\u0131 i\u00e7in \u00fczerine d\u00fc\u015feni yapaca\u011f\u0131n\u0131n s\u00f6z\u00fcn\u00fc veren Barzani art\u0131k K\u00fcrtlerle T\u00fcrkler aras\u0131nda \u00e7at\u0131\u015fma olmamas\u0131 y\u00f6n\u00fcnde d\u00fc\u015f\u00fcncesini belirti. Belediye Ba\u015fkan\u0131 Baydemir de s\u00fcrecin devam\u0131ndan yana olundu\u011funu ifade ederek, bu konuda gereken deste\u011fin verilece\u011fini s\u00f6yledi. Baydemir, beklentinin somut ad\u0131mlar\u0131n at\u0131lmas\u0131, kal\u0131c\u0131 bar\u0131\u015f\u0131n sa\u011flanmas\u0131 i\u00e7in en az\u0131ndan cezaevindeki tutuklular\u0131n b\u0131rak\u0131lmas\u0131, demokratik siyasetin \u00f6n\u00fcndeki engellerin kald\u0131r\u0131lmas\u0131n\u0131n \u00f6nemini vurgulad\u0131. Baydemir, silahl\u0131 \u00e7at\u0131\u015fmadan yana olunmad\u0131\u011f\u0131n\u0131 ifade etti. Ho\u015fg\u00f6r\u00fc i\u00e7erisinde g\u00fczel bir g\u00f6r\u00fc\u015fme ger\u00e7ekle\u015fti.&#8221;<br \/>\n&#8220;Bu tabular bize kazand\u0131rmam\u0131\u015f, kaybettirmi\u015f&#8221;<br \/>\nAK Parti eski Diyarbak\u0131r Milletvekili Abdurrahman Kurt ise Diyarbak\u0131r&#8217;da 16 Kas\u0131m Cumartesi g\u00fcn\u00fcnden bu yana bir bayram oldu\u011funu ifade ederek, bunun sadece b\u00f6lgede de\u011fil T\u00fcrkiye&#8217;nin her b\u00f6lgesinde ya\u015fand\u0131\u011f\u0131n\u0131 s\u00f6yledi.<br \/>\nT\u00fcrkiye&#8217;nin farkl\u0131 b\u00f6lgelerindeki T\u00fcrklerden de tebrik telefonlar\u0131 ald\u0131\u011f\u0131n\u0131 belirten Kurt, bu kadar\u0131n\u0131 kendilerinin de beklemedi\u011fini vurgulad\u0131.<br \/>\nKurt, \u015f\u00f6yle dedi:<br \/>\n&#8220;Yerele bakt\u0131\u011f\u0131m\u0131zda gerek sa\u011fduyulu BDP i\u00e7erisinde b\u00fcy\u00fck bir kesimin g\u00f6sterdi\u011fi tevecc\u00fch, onlar\u0131n olaya yakla\u015f\u0131m tarz\u0131, onlar\u0131n d\u0131\u015f\u0131ndaki k\u00fc\u00e7\u00fck bir kesimin o siyasal reflekslerini g\u00f6r\u00fcnmez hale getiriyor. \u00d6zellikle Leyla Zana&#8217;n\u0131n ifadesi ile, &#8216;K\u00fcrt halk\u0131n\u0131n hissiyat\u0131na terc\u00fcman olmak ad\u0131na bunu bir bayram gibi kar\u015f\u0131lamak gerekiyor&#8217;. Say\u0131n Zana bunu Barzani ile yapt\u0131\u011f\u0131m\u0131z g\u00f6r\u00fc\u015fmede de dile getirdi. Ba\u015fbakan\u0131n g\u00f6sterdi\u011fi cesaret ise bamba\u015fka bir olay. T\u00fcrkiye Cumhuriyetinin o anlams\u0131z ve art\u0131k zarar verici k\u00f6t\u00fc bir al\u0131\u015fkanl\u0131k haline getirdi\u011fi tabular\u0131n\u0131 y\u0131kt\u0131. Bu T\u00fcrkiye&#8217;nin yeni bir bin y\u0131la a\u00e7\u0131lan kap\u0131s\u0131n\u0131 aralamakt\u0131r, bu bir Malazgirt, bir \u00c7anakkale&#8217;dir. G\u00f6rd\u00fck ki &#8216;K\u00fcrt&#8217; demekle, &#8216;K\u00fcrdistan&#8217; demekle K\u00fcrtler daha \u00e7ok birle\u015fiyor ve daha \u00e7ok T\u00fcrkiyelile\u015fiyor. \u00dclkenin birli\u011finden daha fazla haz al\u0131yor, \u0130stanbul&#8217;u daha \u00e7ok benimsiyor, Diyarbak\u0131r&#8217;\u0131 daha fazla payla\u015fmak istiyor. Bu tabular bize kazand\u0131rmam\u0131\u015f, kaybettirmi\u015f. Bunlardan vazge\u00e7ersek daha fazla kazanaca\u011f\u0131m\u0131z\u0131 halk\u0131n sar\u0131lmas\u0131ndan, hissiyat\u0131ndan, devleti kendine ait g\u00f6rmesinden, \u00f6zg\u00fcrl\u00fc\u011f\u00fc hissetmesinden anlamak m\u00fcmk\u00fcn.&#8221;<br \/>\n&#8220;Barzani, &#8216;Ben r\u00fcyaday\u0131m&#8217; dedi&#8221;<br \/>\nKurt, &#8216;bir kitlenin kayb\u0131n\u0131n ba\u015fka bir kitlenin kazanc\u0131 olamayaca\u011f\u0131&#8217; anlay\u0131\u015f\u0131n\u0131n siyasete yans\u0131tarak bu s\u00fcrecin devam ettirilmesi gerekti\u011fini vurgulayarak, &#8220;Ba\u015fbakan Erdo\u011fan&#8217;\u0131n Barzani ile ba\u015flatt\u0131\u011f\u0131 yeni yakla\u015f\u0131ma herkesin destek vermesi gerekir. Bu bir vebal ve bir sorumluluktur&#8221; dedi.<br \/>\nKurt, Barzani&#8217;nin g\u00f6r\u00fc\u015flerine ili\u015fkin \u015f\u00f6yle dedi:<br \/>\n&#8220;Say\u0131n Barzani bu topraklarda art\u0131k silah kullanman\u0131n, kan d\u00f6kmenin ne kadar b\u00fcy\u00fck bir g\u00fcnah ve cinayet oldu\u011funu, Say\u0131n Ba\u015fbakan\u0131n uzatt\u0131\u011f\u0131 eli tutman\u0131n ne kadar b\u00fcy\u00fck zorunluluk oldu\u011funu belirtti. K\u00fcrtlerin kendi i\u00e7inde demokratikle\u015fmesi gerekti\u011fini, K\u00fcrt meselesinin bir varl\u0131k meselesi olarak kendini tamamlad\u0131\u011f\u0131n\u0131, bir e\u015fitlik meselesi s\u00fcrecinde olundu\u011funu vurgulad\u0131. Barzani, &#8216;ben r\u00fcyaday\u0131m&#8217; dedi. Bu hepimiz i\u00e7in bir r\u00fcya. Kendi topraklar\u0131m\u0131zda bu kadar \u00f6zg\u00fcr olmak, \u00f6zg\u00fcrce konu\u015fmak, bir araya gelmek \u00f6nemli. Herkesin i\u00e7inden geleni \u00e7ekinmeden s\u00f6yleyebildi\u011fi bir \u00f6zg\u00fcrl\u00fck ortam\u0131na kavu\u015fuldu. Art\u0131k kimse kap\u0131l\u0131 kap\u0131lar ard\u0131nda konu\u015fmuyor. \u00c7\u00fcnk\u00fc \u00fclkenin \u00f6zg\u00fcrl\u00fck alan\u0131 o kadar geni\u015fledi. \u015eivan Perwer&#8217;in geli\u015fi ile bir \u00e7a\u011f\u0131n kapan\u0131p bir \u00e7a\u011f\u0131n a\u00e7\u0131l\u0131\u015f\u0131n\u0131 ya\u015fad\u0131k. \u00dclkesinden s\u00fcrg\u00fcn edilen bir sanat\u00e7\u0131 buraya iki devletin protokol\u00fc ile geldi adeta. Bundan daha b\u00fcy\u00fck bir \u015feref olamaz. \u0130ki devlet ba\u015fkan\u0131 bir sanat\u00e7\u0131 ile \u00f6zg\u00fcrl\u00fc\u011f\u00fcn, karde\u015fli\u011fin kap\u0131s\u0131n\u0131 aralad\u0131.&#8221;<\/p>\n<p style=\"text-align: justify;\"><em><strong>Kaynak: AA<\/strong><\/em><br \/>\n<em><strong>http:\/\/haberciniz.biz\/basbakan-erdogan-ikby-baskani-barzani-bulusmasi-2406856h.htm<\/strong><\/em><\/p>\n","protected":false},"excerpt":{"rendered":"<p>BDP Hakkari Milletvekili Canan:&#8221;Bu bulu\u015fma ger\u00e7ekten i\u00e7inde bulundu\u011fumuz s\u00fcre\u00e7 itibar\u0131yla olumlu bir bulu\u015fma ve ad\u0131md\u0131&#8221; -AK Parti eski Diyarbak\u0131r Milletvekili Kurt:&#8221;Bu, T\u00fcrkiye&#8217;nin yeni bir bin y\u0131la a\u00e7\u0131lan kap\u0131s\u0131n\u0131 aralamakt\u0131r. G\u00f6rd\u00fck ki &#8216;K\u00fcrt&#8217; demekle, &#8216;K\u00fcrdistan&#8217; demekle K\u00fcrtler daha \u00e7ok birle\u015fiyor ve daha \u00e7ok T\u00fcrkiyelile\u015fiyor&#8221; &#8220;\u00dclkesinden s\u00fcrg\u00fcn edilen bir sanat\u00e7\u0131 buraya iki devletin protokol\u00fc ile geldi adeta. [&hellip;]<\/p>\n","protected":false},"author":7,"featured_media":0,"comment_status":"open","ping_status":"open","sticky":false,"template":"","format":"standard","meta":{"footnotes":""},"categories":[1],"tags":[],"class_list":["post-26922","post","type-post","status-publish","format-standard","hentry","category-haberler"],"yoast_head":"<!-- This site is optimized with the Yoast SEO plugin v27.4 - https:\/\/yoast.com\/product\/yoast-seo-wordpress\/ -->\n<title>Ba\u015fbakan Erdo\u011fan Ikby Ba\u015fkan\u0131 Barzani Bulu\u015fmas\u0131 - Bati Ermenistan Ve Bati Ermenileri Sorunlari Ara\u015ftirmalar Merkezi<\/title>\n<meta name=\"robots\" content=\"index, follow, max-snippet:-1, max-image-preview:large, max-video-preview:-1\" \/>\n<link rel=\"canonical\" href=\"https:\/\/akunq.net\/tr\/?p=26922\" \/>\n<meta property=\"og:locale\" content=\"en_US\" \/>\n<meta property=\"og:type\" content=\"article\" \/>\n<meta property=\"og:title\" content=\"Ba\u015fbakan Erdo\u011fan Ikby Ba\u015fkan\u0131 Barzani Bulu\u015fmas\u0131 - Bati Ermenistan Ve Bati Ermenileri Sorunlari Ara\u015ftirmalar Merkezi\" \/>\n<meta property=\"og:description\" content=\"BDP Hakkari Milletvekili Canan:&#8221;Bu bulu\u015fma ger\u00e7ekten i\u00e7inde bulundu\u011fumuz s\u00fcre\u00e7 itibar\u0131yla olumlu bir bulu\u015fma ve ad\u0131md\u0131&#8221; -AK Parti eski Diyarbak\u0131r Milletvekili Kurt:&#8221;Bu, T\u00fcrkiye&#8217;nin yeni bir bin y\u0131la a\u00e7\u0131lan kap\u0131s\u0131n\u0131 aralamakt\u0131r. G\u00f6rd\u00fck ki &#8216;K\u00fcrt&#8217; demekle, &#8216;K\u00fcrdistan&#8217; demekle K\u00fcrtler daha \u00e7ok birle\u015fiyor ve daha \u00e7ok T\u00fcrkiyelile\u015fiyor&#8221; &#8220;\u00dclkesinden s\u00fcrg\u00fcn edilen bir sanat\u00e7\u0131 buraya iki devletin protokol\u00fc ile geldi adeta. [&hellip;]\" \/>\n<meta property=\"og:url\" content=\"https:\/\/akunq.net\/tr\/?p=26922\" \/>\n<meta property=\"og:site_name\" content=\"Bati Ermenistan Ve Bati Ermenileri Sorunlari Ara\u015ftirmalar Merkezi\" \/>\n<meta property=\"article:published_time\" content=\"2013-11-19T07:16:56+00:00\" \/>\n<meta property=\"article:modified_time\" content=\"2013-11-19T07:17:20+00:00\" \/>\n<meta property=\"og:image\" content=\"http:\/\/akunq.net\/tr\/wp-content\/uploads\/2013\/11\/Haberciniz.jpg\" \/>\n<meta name=\"author\" content=\"admin\" \/>\n<meta name=\"twitter:card\" content=\"summary_large_image\" \/>\n<meta name=\"twitter:label1\" content=\"Written by\" \/>\n\t<meta name=\"twitter:data1\" content=\"admin\" \/>\n\t<meta name=\"twitter:label2\" content=\"Est. reading time\" \/>\n\t<meta name=\"twitter:data2\" content=\"6 minutes\" \/>\n<script type=\"application\/ld+json\" class=\"yoast-schema-graph\">{\"@context\":\"https:\\\/\\\/schema.org\",\"@graph\":[{\"@type\":\"Article\",\"@id\":\"https:\\\/\\\/akunq.net\\\/tr\\\/?p=26922#article\",\"isPartOf\":{\"@id\":\"https:\\\/\\\/akunq.net\\\/tr\\\/?p=26922\"},\"author\":{\"name\":\"admin\",\"@id\":\"https:\\\/\\\/akunq.net\\\/tr\\\/#\\\/schema\\\/person\\\/096f1d38a12cce57fb855b485ed24c9e\"},\"headline\":\"Ba\u015fbakan Erdo\u011fan Ikby Ba\u015fkan\u0131 Barzani Bulu\u015fmas\u0131\",\"datePublished\":\"2013-11-19T07:16:56+00:00\",\"dateModified\":\"2013-11-19T07:17:20+00:00\",\"mainEntityOfPage\":{\"@id\":\"https:\\\/\\\/akunq.net\\\/tr\\\/?p=26922\"},\"wordCount\":1124,\"commentCount\":0,\"image\":{\"@id\":\"https:\\\/\\\/akunq.net\\\/tr\\\/?p=26922#primaryimage\"},\"thumbnailUrl\":\"http:\\\/\\\/akunq.net\\\/tr\\\/wp-content\\\/uploads\\\/2013\\\/11\\\/Haberciniz.jpg\",\"articleSection\":[\"Haberler\"],\"inLanguage\":\"en-US\",\"potentialAction\":[{\"@type\":\"CommentAction\",\"name\":\"Comment\",\"target\":[\"https:\\\/\\\/akunq.net\\\/tr\\\/?p=26922#respond\"]}]},{\"@type\":\"WebPage\",\"@id\":\"https:\\\/\\\/akunq.net\\\/tr\\\/?p=26922\",\"url\":\"https:\\\/\\\/akunq.net\\\/tr\\\/?p=26922\",\"name\":\"Ba\u015fbakan Erdo\u011fan Ikby Ba\u015fkan\u0131 Barzani Bulu\u015fmas\u0131 - Bati Ermenistan Ve Bati Ermenileri Sorunlari Ara\u015ftirmalar Merkezi\",\"isPartOf\":{\"@id\":\"https:\\\/\\\/akunq.net\\\/tr\\\/#website\"},\"primaryImageOfPage\":{\"@id\":\"https:\\\/\\\/akunq.net\\\/tr\\\/?p=26922#primaryimage\"},\"image\":{\"@id\":\"https:\\\/\\\/akunq.net\\\/tr\\\/?p=26922#primaryimage\"},\"thumbnailUrl\":\"http:\\\/\\\/akunq.net\\\/tr\\\/wp-content\\\/uploads\\\/2013\\\/11\\\/Haberciniz.jpg\",\"datePublished\":\"2013-11-19T07:16:56+00:00\",\"dateModified\":\"2013-11-19T07:17:20+00:00\",\"author\":{\"@id\":\"https:\\\/\\\/akunq.net\\\/tr\\\/#\\\/schema\\\/person\\\/096f1d38a12cce57fb855b485ed24c9e\"},\"breadcrumb\":{\"@id\":\"https:\\\/\\\/akunq.net\\\/tr\\\/?p=26922#breadcrumb\"},\"inLanguage\":\"en-US\",\"potentialAction\":[{\"@type\":\"ReadAction\",\"target\":[\"https:\\\/\\\/akunq.net\\\/tr\\\/?p=26922\"]}]},{\"@type\":\"ImageObject\",\"inLanguage\":\"en-US\",\"@id\":\"https:\\\/\\\/akunq.net\\\/tr\\\/?p=26922#primaryimage\",\"url\":\"http:\\\/\\\/akunq.net\\\/tr\\\/wp-content\\\/uploads\\\/2013\\\/11\\\/Haberciniz.jpg\",\"contentUrl\":\"http:\\\/\\\/akunq.net\\\/tr\\\/wp-content\\\/uploads\\\/2013\\\/11\\\/Haberciniz.jpg\"},{\"@type\":\"BreadcrumbList\",\"@id\":\"https:\\\/\\\/akunq.net\\\/tr\\\/?p=26922#breadcrumb\",\"itemListElement\":[{\"@type\":\"ListItem\",\"position\":1,\"name\":\"Home\",\"item\":\"https:\\\/\\\/akunq.net\\\/tr\"},{\"@type\":\"ListItem\",\"position\":2,\"name\":\"Ba\u015fbakan Erdo\u011fan Ikby Ba\u015fkan\u0131 Barzani Bulu\u015fmas\u0131\"}]},{\"@type\":\"WebSite\",\"@id\":\"https:\\\/\\\/akunq.net\\\/tr\\\/#website\",\"url\":\"https:\\\/\\\/akunq.net\\\/tr\\\/\",\"name\":\"Bati Ermenistan Ve Bati Ermenileri Sorunlari Ara\u015ftirmalar Merkezi\",\"description\":\"\",\"potentialAction\":[{\"@type\":\"SearchAction\",\"target\":{\"@type\":\"EntryPoint\",\"urlTemplate\":\"https:\\\/\\\/akunq.net\\\/tr\\\/?s={search_term_string}\"},\"query-input\":{\"@type\":\"PropertyValueSpecification\",\"valueRequired\":true,\"valueName\":\"search_term_string\"}}],\"inLanguage\":\"en-US\"},{\"@type\":\"Person\",\"@id\":\"https:\\\/\\\/akunq.net\\\/tr\\\/#\\\/schema\\\/person\\\/096f1d38a12cce57fb855b485ed24c9e\",\"name\":\"admin\",\"url\":\"https:\\\/\\\/akunq.net\\\/tr\\\/?author=7\"}]}<\/script>\n<!-- \/ Yoast SEO plugin. -->","yoast_head_json":{"title":"Ba\u015fbakan Erdo\u011fan Ikby Ba\u015fkan\u0131 Barzani Bulu\u015fmas\u0131 - Bati Ermenistan Ve Bati Ermenileri Sorunlari Ara\u015ftirmalar Merkezi","robots":{"index":"index","follow":"follow","max-snippet":"max-snippet:-1","max-image-preview":"max-image-preview:large","max-video-preview":"max-video-preview:-1"},"canonical":"https:\/\/akunq.net\/tr\/?p=26922","og_locale":"en_US","og_type":"article","og_title":"Ba\u015fbakan Erdo\u011fan Ikby Ba\u015fkan\u0131 Barzani Bulu\u015fmas\u0131 - Bati Ermenistan Ve Bati Ermenileri Sorunlari Ara\u015ftirmalar Merkezi","og_description":"BDP Hakkari Milletvekili Canan:&#8221;Bu bulu\u015fma ger\u00e7ekten i\u00e7inde bulundu\u011fumuz s\u00fcre\u00e7 itibar\u0131yla olumlu bir bulu\u015fma ve ad\u0131md\u0131&#8221; -AK Parti eski Diyarbak\u0131r Milletvekili Kurt:&#8221;Bu, T\u00fcrkiye&#8217;nin yeni bir bin y\u0131la a\u00e7\u0131lan kap\u0131s\u0131n\u0131 aralamakt\u0131r. G\u00f6rd\u00fck ki &#8216;K\u00fcrt&#8217; demekle, &#8216;K\u00fcrdistan&#8217; demekle K\u00fcrtler daha \u00e7ok birle\u015fiyor ve daha \u00e7ok T\u00fcrkiyelile\u015fiyor&#8221; &#8220;\u00dclkesinden s\u00fcrg\u00fcn edilen bir sanat\u00e7\u0131 buraya iki devletin protokol\u00fc ile geldi adeta. [&hellip;]","og_url":"https:\/\/akunq.net\/tr\/?p=26922","og_site_name":"Bati Ermenistan Ve Bati Ermenileri Sorunlari Ara\u015ftirmalar Merkezi","article_published_time":"2013-11-19T07:16:56+00:00","article_modified_time":"2013-11-19T07:17:20+00:00","og_image":[{"url":"http:\/\/akunq.net\/tr\/wp-content\/uploads\/2013\/11\/Haberciniz.jpg","type":"","width":"","height":""}],"author":"admin","twitter_card":"summary_large_image","twitter_misc":{"Written by":"admin","Est. reading time":"6 minutes"},"schema":{"@context":"https:\/\/schema.org","@graph":[{"@type":"Article","@id":"https:\/\/akunq.net\/tr\/?p=26922#article","isPartOf":{"@id":"https:\/\/akunq.net\/tr\/?p=26922"},"author":{"name":"admin","@id":"https:\/\/akunq.net\/tr\/#\/schema\/person\/096f1d38a12cce57fb855b485ed24c9e"},"headline":"Ba\u015fbakan Erdo\u011fan Ikby Ba\u015fkan\u0131 Barzani Bulu\u015fmas\u0131","datePublished":"2013-11-19T07:16:56+00:00","dateModified":"2013-11-19T07:17:20+00:00","mainEntityOfPage":{"@id":"https:\/\/akunq.net\/tr\/?p=26922"},"wordCount":1124,"commentCount":0,"image":{"@id":"https:\/\/akunq.net\/tr\/?p=26922#primaryimage"},"thumbnailUrl":"http:\/\/akunq.net\/tr\/wp-content\/uploads\/2013\/11\/Haberciniz.jpg","articleSection":["Haberler"],"inLanguage":"en-US","potentialAction":[{"@type":"CommentAction","name":"Comment","target":["https:\/\/akunq.net\/tr\/?p=26922#respond"]}]},{"@type":"WebPage","@id":"https:\/\/akunq.net\/tr\/?p=26922","url":"https:\/\/akunq.net\/tr\/?p=26922","name":"Ba\u015fbakan Erdo\u011fan Ikby Ba\u015fkan\u0131 Barzani Bulu\u015fmas\u0131 - Bati Ermenistan Ve Bati Ermenileri Sorunlari Ara\u015ftirmalar Merkezi","isPartOf":{"@id":"https:\/\/akunq.net\/tr\/#website"},"primaryImageOfPage":{"@id":"https:\/\/akunq.net\/tr\/?p=26922#primaryimage"},"image":{"@id":"https:\/\/akunq.net\/tr\/?p=26922#primaryimage"},"thumbnailUrl":"http:\/\/akunq.net\/tr\/wp-content\/uploads\/2013\/11\/Haberciniz.jpg","datePublished":"2013-11-19T07:16:56+00:00","dateModified":"2013-11-19T07:17:20+00:00","author":{"@id":"https:\/\/akunq.net\/tr\/#\/schema\/person\/096f1d38a12cce57fb855b485ed24c9e"},"breadcrumb":{"@id":"https:\/\/akunq.net\/tr\/?p=26922#breadcrumb"},"inLanguage":"en-US","potentialAction":[{"@type":"ReadAction","target":["https:\/\/akunq.net\/tr\/?p=26922"]}]},{"@type":"ImageObject","inLanguage":"en-US","@id":"https:\/\/akunq.net\/tr\/?p=26922#primaryimage","url":"http:\/\/akunq.net\/tr\/wp-content\/uploads\/2013\/11\/Haberciniz.jpg","contentUrl":"http:\/\/akunq.net\/tr\/wp-content\/uploads\/2013\/11\/Haberciniz.jpg"},{"@type":"BreadcrumbList","@id":"https:\/\/akunq.net\/tr\/?p=26922#breadcrumb","itemListElement":[{"@type":"ListItem","position":1,"name":"Home","item":"https:\/\/akunq.net\/tr"},{"@type":"ListItem","position":2,"name":"Ba\u015fbakan Erdo\u011fan Ikby Ba\u015fkan\u0131 Barzani Bulu\u015fmas\u0131"}]},{"@type":"WebSite","@id":"https:\/\/akunq.net\/tr\/#website","url":"https:\/\/akunq.net\/tr\/","name":"Bati Ermenistan Ve Bati Ermenileri Sorunlari Ara\u015ftirmalar Merkezi","description":"","potentialAction":[{"@type":"SearchAction","target":{"@type":"EntryPoint","urlTemplate":"https:\/\/akunq.net\/tr\/?s={search_term_string}"},"query-input":{"@type":"PropertyValueSpecification","valueRequired":true,"valueName":"search_term_string"}}],"inLanguage":"en-US"},{"@type":"Person","@id":"https:\/\/akunq.net\/tr\/#\/schema\/person\/096f1d38a12cce57fb855b485ed24c9e","name":"admin","url":"https:\/\/akunq.net\/tr\/?author=7"}]}},"_links":{"self":[{"href":"https:\/\/akunq.net\/tr\/index.php?rest_route=\/wp\/v2\/posts\/26922","targetHints":{"allow":["GET"]}}],"collection":[{"href":"https:\/\/akunq.net\/tr\/index.php?rest_route=\/wp\/v2\/posts"}],"about":[{"href":"https:\/\/akunq.net\/tr\/index.php?rest_route=\/wp\/v2\/types\/post"}],"author":[{"embeddable":true,"href":"https:\/\/akunq.net\/tr\/index.php?rest_route=\/wp\/v2\/users\/7"}],"replies":[{"embeddable":true,"href":"https:\/\/akunq.net\/tr\/index.php?rest_route=%2Fwp%2Fv2%2Fcomments&post=26922"}],"version-history":[{"count":2,"href":"https:\/\/akunq.net\/tr\/index.php?rest_route=\/wp\/v2\/posts\/26922\/revisions"}],"predecessor-version":[{"id":26925,"href":"https:\/\/akunq.net\/tr\/index.php?rest_route=\/wp\/v2\/posts\/26922\/revisions\/26925"}],"wp:attachment":[{"href":"https:\/\/akunq.net\/tr\/index.php?rest_route=%2Fwp%2Fv2%2Fmedia&parent=26922"}],"wp:term":[{"taxonomy":"category","embeddable":true,"href":"https:\/\/akunq.net\/tr\/index.php?rest_route=%2Fwp%2Fv2%2Fcategories&post=26922"},{"taxonomy":"post_tag","embeddable":true,"href":"https:\/\/akunq.net\/tr\/index.php?rest_route=%2Fwp%2Fv2%2Ftags&post=26922"}],"curies":[{"name":"wp","href":"https:\/\/api.w.org\/{rel}","templated":true}]}}