{"id":26903,"date":"2013-11-18T02:23:19","date_gmt":"2013-11-18T07:23:19","guid":{"rendered":"http:\/\/akunq.net\/tr\/?p=26903"},"modified":"2013-11-18T02:23:43","modified_gmt":"2013-11-18T07:23:43","slug":"musta-bir-tarih-yok-oluyor","status":"publish","type":"post","link":"https:\/\/akunq.net\/tr\/?p=26903","title":{"rendered":"Mu\u015f\u2019ta bir tarih yok oluyor"},"content":{"rendered":"<p style=\"text-align: justify;\"><b><a href=\"http:\/\/akunq.net\/tr\/wp-content\/uploads\/2013\/11\/Mu\u015f.jpg\"><img loading=\"lazy\" decoding=\"async\" class=\"alignright size-full wp-image-26904\" alt=\"Mu\u015f\" src=\"http:\/\/akunq.net\/tr\/wp-content\/uploads\/2013\/11\/Mu\u015f.jpg\" width=\"300\" height=\"200\" \/><\/a>HRANT KASPARYAN<\/b><\/p>\n<p style=\"text-align: justify;\"><b><i>Ermeni Mimar ve M\u00fchendisler Dayan\u0131\u015fma Derne\u011fi \u00fcyesi Zakarya Mildano\u011flu Mu\u015f\u2019taki tarih\u00ee Ermeni yap\u0131lar\u0131n\u0131 ve yap\u0131lar\u0131n bug\u00fcnk\u00fc durumunu anlatt\u0131.<\/i><\/b><\/p>\n<p style=\"text-align: justify;\">\u0130stanbul Ferik\u00f6y\u2019deki Surp Vartanants Kilisesi Salonu\u2019nda d\u00fcn yap\u0131lan etkinli\u011fe kat\u0131lan Ermeni Mimar ve M\u00fchendisler Dayan\u0131\u015fma Derne\u011fi \u00fcyesi mimar Zakarya Mildano\u011flu slayt g\u00f6sterimiyle Mu\u015f\u2019taki tarih\u00ee Ermeni yap\u0131lar\u0131n\u0131 ve yap\u0131lar\u0131n bug\u00fcnk\u00fc durumunu anlatt\u0131.<\/p>\n<p style=\"text-align: justify;\">Yapt\u0131\u011f\u0131 konu\u015fmada, aralar\u0131nda sanat tarih\u00e7isi, mimar ve m\u00fchendislerin bulundu\u011fu bir heyetle Mu\u015f\u2019a gittiklerini belirten Mildano\u011flu, b\u00f6lgedeki \u00e7ok say\u0131da Ermeni kilisesi ve manast\u0131r\u0131n durumunu yerinde incelediklerini, \u00fczerinde ha\u00e7 sembol\u00fc bulunan, Ermenice yaz\u0131l\u0131, i\u015flemeli ta\u015flar\u0131n kilise ve manast\u0131rlardan s\u00f6k\u00fclerek k\u00f6y evleri ve kamu binalar\u0131n\u0131n in\u015faat\u0131nda kullan\u0131ld\u0131\u011f\u0131n\u0131 belirlediklerini s\u00f6yledi.<\/p>\n<p style=\"text-align: justify;\"><b>YOK ED\u0130L\u0130\u015e\u0130N HAZ\u0130N B\u0130LAN\u00c7OSU<\/b><\/p>\n<p style=\"text-align: justify;\">Mu\u015f\u2019taki tarih\u00ee Ermeni eserlerinin mevcut durumu hakk\u0131nda bilgi veren Mildano\u011flu \u015f\u00f6yle konu\u015ftu: \u201cMu\u015f K\u0131rk\u00f6y\u2019de ah\u0131r, samanl\u0131k ve depo olarak kullan\u0131lan, m\u00fclkiyeti bir \u015fahsa ait olan Surp Sarkis ve Surp Hagop kiliselerinden biri d\u00f6rt duvar\u0131 ve \u00e7at\u0131s\u0131yla duruyor. Di\u011ferinden iz bile kalmam\u0131\u015f. Arakelots Manast\u0131r\u0131 kal\u0131nt\u0131lar\u0131 halen bir d\u00f6nemin ta\u015ftan simgesi gibi. Halk aras\u0131nda K\u0131z\u0131l Kilise olarak da bilinen Komer (Suluca) K\u00f6y\u00fc\u2019ndeki Meryem Ana Manast\u0131r\u0131\u2019n\u0131n bir duvar\u0131 ve \u00e7an kulesinin ayaklar\u0131ndan ba\u015fka bir \u015fey kalmam\u0131\u015f. Ortal\u0131k moloz ve ta\u015ftan ge\u00e7ilmiyor, o kadar ki kilise binas\u0131n\u0131n yerini tespit bile edemiyoruz. Son d\u00f6nemde defineciler kep\u00e7eyle her yere \u00e7ukurlar a\u00e7m\u0131\u015f. Mu\u015f\u2019ta ziyaret etti\u011fimiz ba\u015fka bir yer ise \u00c7engilli ve Surp Garabed Manast\u0131r\u0131 kal\u0131nt\u0131lar\u0131. Surp Garabed, Ermeni tarihinin \u00f6nemli merkezlerinden. 1915 sonras\u0131 ya\u011fmalanm\u0131\u015f. Bug\u00fcn bu g\u00f6rkemli manast\u0131rdan sadece bir iki duvar kalm\u0131\u015f. E\u015fsiz zenginlikteki ta\u015f i\u015f\u00e7ili\u011fi \u00f6rnekleri ise \u00c7engilli k\u00f6y\u00fc camii dahil pek \u00e7ok binan\u0131n duvarlar\u0131nda yer al\u0131yor.\u201d<\/p>\n<p style=\"text-align: justify;\"><b>TAR\u0130HTEN S\u0130LD\u0130LER<\/b><\/p>\n<p style=\"text-align: justify;\">Ge\u00e7ti\u011fimiz Temmuz ay\u0131nda \u201cErmeni evlerine kentsel d\u00f6n\u00fc\u015f\u00fcm\u201d ba\u015fl\u0131\u011f\u0131yla Taraf\u2019\u0131n man\u015fetten duyurdu\u011fu Mu\u015f\u2019un Kalealt\u0131 Ermeni Mahallesi\u2019ndeki tarihi Ermeni evlerinin yok edildi\u011fini kaydeden Mildano\u011flu, \u201ckentsel d\u00f6n\u00fc\u015f\u00fcm\u201d projesiyle y\u0131k\u0131ma onay veren Mu\u015f Belediye Ba\u015fkan\u0131 Necmettin Dede\u2019nin il d\u0131\u015f\u0131nda oldu\u011funu, bu y\u00fczden kendisiyle g\u00f6r\u00fc\u015femediklerini belirtti.<\/p>\n<p style=\"text-align: justify;\">Taraf\u2019a konu\u015fan Mildano\u011flu, \u201cY\u0131kt\u0131r\u0131lan Kalealt\u0131 Ermeni mahallesinde herhangi bir inceleme de yapamad\u0131k, zira tarihi alanda ta\u015f \u00fcst\u00fcnde ta\u015f kalmam\u0131\u015f. Adeta bir temizlik harek\u00e2t\u0131 ger\u00e7ekle\u015ftirilmi\u015f ve tarihten bir Ermeni mahallesi daha silinmi\u015f. 2013 y\u0131l\u0131nda Mu\u015f Kalealt\u0131 Ermeni Mahallesi tarihten silindi. Mu\u015f tarihi ve Ermeni kimli\u011fi ink\u00e2r edilmeye devam edildi. Ermeni k\u00fclt\u00fcrel ve etnografik de\u011ferlerinin son kal\u0131nt\u0131lar\u0131 da yok edildi. Yaz\u0131l\u0131 ve g\u00f6rsel medyaya yans\u0131yan tepkiler ise bu y\u0131k\u0131ma engel olamad\u0131\u201d dedi.<\/p>\n<p style=\"text-align: justify;\"><b>Mu\u015f ve Ermeniler<\/b><\/p>\n<p style=\"text-align: justify;\">DARON b\u00f6lgesi ve Mu\u015f yerle\u015fimi antik \u00e7a\u011fdan, Urartu Krall\u0131\u011f\u0131, Mamigonyan, Pakraduni ve Tornikyan prenslikleri, Bizansl\u0131lar, Arap Halifelikleri, Mo\u011follar ve Osmanl\u0131lara uzanan s\u00fcre\u00e7te e\u015fsiz zenginlikte k\u00fclt\u00fcrel, dini de\u011ferlere sahip olan bir b\u00f6lge. Ermenilerin pagan d\u00f6nemine ait pek \u00e7ok tap\u0131nak bu b\u00f6lge ya da yak\u0131n\u0131nda yer al\u0131yordu. Krikor Lusavori\u00e7 (Ayd\u0131nlat\u0131c\u0131 Krikor) \u00f6nemli manast\u0131rlar\u0131n ilk temellerini bu b\u00f6lgede atm\u0131\u015f ve Ermenilerin H\u0131ristiyanl\u0131\u011fa ge\u00e7i\u015f s\u00fcrecinde \u00f6nemli bir merkez olmu\u015ftu. Ermeni alfabesinin ke\u015ffi ile birlikte \u00fcnl\u00fc \u00e7evirmenler ilk \u00e7evirilerini bu yerle\u015fimdeki manast\u0131rlarda yapm\u0131\u015f ve bu manast\u0131rlara defnedilmi\u015flerdi.<\/p>\n<p style=\"text-align: justify;\"><b><i>http:\/\/taraf.com.tr\/haber\/mus-ta-bir-tarih-yok-oluyor.htm<\/i><\/b><\/p>\n","protected":false},"excerpt":{"rendered":"<p>HRANT KASPARYAN Ermeni Mimar ve M\u00fchendisler Dayan\u0131\u015fma Derne\u011fi \u00fcyesi Zakarya Mildano\u011flu Mu\u015f\u2019taki tarih\u00ee Ermeni yap\u0131lar\u0131n\u0131 ve yap\u0131lar\u0131n bug\u00fcnk\u00fc durumunu anlatt\u0131. \u0130stanbul Ferik\u00f6y\u2019deki Surp Vartanants Kilisesi Salonu\u2019nda d\u00fcn yap\u0131lan etkinli\u011fe kat\u0131lan Ermeni Mimar ve M\u00fchendisler Dayan\u0131\u015fma Derne\u011fi \u00fcyesi mimar Zakarya Mildano\u011flu slayt g\u00f6sterimiyle Mu\u015f\u2019taki tarih\u00ee Ermeni yap\u0131lar\u0131n\u0131 ve yap\u0131lar\u0131n bug\u00fcnk\u00fc durumunu anlatt\u0131. Yapt\u0131\u011f\u0131 konu\u015fmada, aralar\u0131nda sanat [&hellip;]<\/p>\n","protected":false},"author":7,"featured_media":0,"comment_status":"open","ping_status":"open","sticky":false,"template":"","format":"standard","meta":{"footnotes":""},"categories":[22,1],"tags":[],"class_list":["post-26903","post","type-post","status-publish","format-standard","hentry","category-gunumuzde-bati-ermenistan","category-haberler"],"yoast_head":"<!-- This site is optimized with the Yoast SEO plugin v27.4 - https:\/\/yoast.com\/product\/yoast-seo-wordpress\/ -->\n<title>Mu\u015f\u2019ta bir tarih yok oluyor - Bati Ermenistan Ve Bati Ermenileri Sorunlari Ara\u015ftirmalar Merkezi<\/title>\n<meta name=\"robots\" content=\"index, follow, max-snippet:-1, max-image-preview:large, max-video-preview:-1\" \/>\n<link rel=\"canonical\" href=\"https:\/\/akunq.net\/tr\/?p=26903\" \/>\n<meta property=\"og:locale\" content=\"en_US\" \/>\n<meta property=\"og:type\" content=\"article\" \/>\n<meta property=\"og:title\" content=\"Mu\u015f\u2019ta bir tarih yok oluyor - Bati Ermenistan Ve Bati Ermenileri Sorunlari Ara\u015ftirmalar Merkezi\" \/>\n<meta property=\"og:description\" content=\"HRANT KASPARYAN Ermeni Mimar ve M\u00fchendisler Dayan\u0131\u015fma Derne\u011fi \u00fcyesi Zakarya Mildano\u011flu Mu\u015f\u2019taki tarih\u00ee Ermeni yap\u0131lar\u0131n\u0131 ve yap\u0131lar\u0131n bug\u00fcnk\u00fc durumunu anlatt\u0131. \u0130stanbul Ferik\u00f6y\u2019deki Surp Vartanants Kilisesi Salonu\u2019nda d\u00fcn yap\u0131lan etkinli\u011fe kat\u0131lan Ermeni Mimar ve M\u00fchendisler Dayan\u0131\u015fma Derne\u011fi \u00fcyesi mimar Zakarya Mildano\u011flu slayt g\u00f6sterimiyle Mu\u015f\u2019taki tarih\u00ee Ermeni yap\u0131lar\u0131n\u0131 ve yap\u0131lar\u0131n bug\u00fcnk\u00fc durumunu anlatt\u0131. Yapt\u0131\u011f\u0131 konu\u015fmada, aralar\u0131nda sanat [&hellip;]\" \/>\n<meta property=\"og:url\" content=\"https:\/\/akunq.net\/tr\/?p=26903\" \/>\n<meta property=\"og:site_name\" content=\"Bati Ermenistan Ve Bati Ermenileri Sorunlari Ara\u015ftirmalar Merkezi\" \/>\n<meta property=\"article:published_time\" content=\"2013-11-18T07:23:19+00:00\" \/>\n<meta property=\"article:modified_time\" content=\"2013-11-18T07:23:43+00:00\" \/>\n<meta name=\"author\" content=\"admin\" \/>\n<meta name=\"twitter:card\" content=\"summary_large_image\" \/>\n<meta name=\"twitter:label1\" content=\"Written by\" \/>\n\t<meta name=\"twitter:data1\" content=\"admin\" \/>\n\t<meta name=\"twitter:label2\" content=\"Est. reading time\" \/>\n\t<meta name=\"twitter:data2\" content=\"3 minutes\" \/>\n<script type=\"application\/ld+json\" class=\"yoast-schema-graph\">{\"@context\":\"https:\\\/\\\/schema.org\",\"@graph\":[{\"@type\":\"Article\",\"@id\":\"https:\\\/\\\/akunq.net\\\/tr\\\/?p=26903#article\",\"isPartOf\":{\"@id\":\"https:\\\/\\\/akunq.net\\\/tr\\\/?p=26903\"},\"author\":{\"name\":\"admin\",\"@id\":\"https:\\\/\\\/akunq.net\\\/tr\\\/#\\\/schema\\\/person\\\/096f1d38a12cce57fb855b485ed24c9e\"},\"headline\":\"Mu\u015f\u2019ta bir tarih yok oluyor\",\"datePublished\":\"2013-11-18T07:23:19+00:00\",\"dateModified\":\"2013-11-18T07:23:43+00:00\",\"mainEntityOfPage\":{\"@id\":\"https:\\\/\\\/akunq.net\\\/tr\\\/?p=26903\"},\"wordCount\":653,\"commentCount\":0,\"articleSection\":[\"G\u00fcn\u00fcm\u00fczde Bat\u0131 Ermenistan\",\"Haberler\"],\"inLanguage\":\"en-US\",\"potentialAction\":[{\"@type\":\"CommentAction\",\"name\":\"Comment\",\"target\":[\"https:\\\/\\\/akunq.net\\\/tr\\\/?p=26903#respond\"]}]},{\"@type\":\"WebPage\",\"@id\":\"https:\\\/\\\/akunq.net\\\/tr\\\/?p=26903\",\"url\":\"https:\\\/\\\/akunq.net\\\/tr\\\/?p=26903\",\"name\":\"Mu\u015f\u2019ta bir tarih yok oluyor - Bati Ermenistan Ve Bati Ermenileri Sorunlari Ara\u015ftirmalar Merkezi\",\"isPartOf\":{\"@id\":\"https:\\\/\\\/akunq.net\\\/tr\\\/#website\"},\"datePublished\":\"2013-11-18T07:23:19+00:00\",\"dateModified\":\"2013-11-18T07:23:43+00:00\",\"author\":{\"@id\":\"https:\\\/\\\/akunq.net\\\/tr\\\/#\\\/schema\\\/person\\\/096f1d38a12cce57fb855b485ed24c9e\"},\"breadcrumb\":{\"@id\":\"https:\\\/\\\/akunq.net\\\/tr\\\/?p=26903#breadcrumb\"},\"inLanguage\":\"en-US\",\"potentialAction\":[{\"@type\":\"ReadAction\",\"target\":[\"https:\\\/\\\/akunq.net\\\/tr\\\/?p=26903\"]}]},{\"@type\":\"BreadcrumbList\",\"@id\":\"https:\\\/\\\/akunq.net\\\/tr\\\/?p=26903#breadcrumb\",\"itemListElement\":[{\"@type\":\"ListItem\",\"position\":1,\"name\":\"Home\",\"item\":\"https:\\\/\\\/akunq.net\\\/tr\"},{\"@type\":\"ListItem\",\"position\":2,\"name\":\"Mu\u015f\u2019ta bir tarih yok oluyor\"}]},{\"@type\":\"WebSite\",\"@id\":\"https:\\\/\\\/akunq.net\\\/tr\\\/#website\",\"url\":\"https:\\\/\\\/akunq.net\\\/tr\\\/\",\"name\":\"Bati Ermenistan Ve Bati Ermenileri Sorunlari Ara\u015ftirmalar Merkezi\",\"description\":\"\",\"potentialAction\":[{\"@type\":\"SearchAction\",\"target\":{\"@type\":\"EntryPoint\",\"urlTemplate\":\"https:\\\/\\\/akunq.net\\\/tr\\\/?s={search_term_string}\"},\"query-input\":{\"@type\":\"PropertyValueSpecification\",\"valueRequired\":true,\"valueName\":\"search_term_string\"}}],\"inLanguage\":\"en-US\"},{\"@type\":\"Person\",\"@id\":\"https:\\\/\\\/akunq.net\\\/tr\\\/#\\\/schema\\\/person\\\/096f1d38a12cce57fb855b485ed24c9e\",\"name\":\"admin\",\"url\":\"https:\\\/\\\/akunq.net\\\/tr\\\/?author=7\"}]}<\/script>\n<!-- \/ Yoast SEO plugin. -->","yoast_head_json":{"title":"Mu\u015f\u2019ta bir tarih yok oluyor - Bati Ermenistan Ve Bati Ermenileri Sorunlari Ara\u015ftirmalar Merkezi","robots":{"index":"index","follow":"follow","max-snippet":"max-snippet:-1","max-image-preview":"max-image-preview:large","max-video-preview":"max-video-preview:-1"},"canonical":"https:\/\/akunq.net\/tr\/?p=26903","og_locale":"en_US","og_type":"article","og_title":"Mu\u015f\u2019ta bir tarih yok oluyor - Bati Ermenistan Ve Bati Ermenileri Sorunlari Ara\u015ftirmalar Merkezi","og_description":"HRANT KASPARYAN Ermeni Mimar ve M\u00fchendisler Dayan\u0131\u015fma Derne\u011fi \u00fcyesi Zakarya Mildano\u011flu Mu\u015f\u2019taki tarih\u00ee Ermeni yap\u0131lar\u0131n\u0131 ve yap\u0131lar\u0131n bug\u00fcnk\u00fc durumunu anlatt\u0131. \u0130stanbul Ferik\u00f6y\u2019deki Surp Vartanants Kilisesi Salonu\u2019nda d\u00fcn yap\u0131lan etkinli\u011fe kat\u0131lan Ermeni Mimar ve M\u00fchendisler Dayan\u0131\u015fma Derne\u011fi \u00fcyesi mimar Zakarya Mildano\u011flu slayt g\u00f6sterimiyle Mu\u015f\u2019taki tarih\u00ee Ermeni yap\u0131lar\u0131n\u0131 ve yap\u0131lar\u0131n bug\u00fcnk\u00fc durumunu anlatt\u0131. Yapt\u0131\u011f\u0131 konu\u015fmada, aralar\u0131nda sanat [&hellip;]","og_url":"https:\/\/akunq.net\/tr\/?p=26903","og_site_name":"Bati Ermenistan Ve Bati Ermenileri Sorunlari Ara\u015ftirmalar Merkezi","article_published_time":"2013-11-18T07:23:19+00:00","article_modified_time":"2013-11-18T07:23:43+00:00","author":"admin","twitter_card":"summary_large_image","twitter_misc":{"Written by":"admin","Est. reading time":"3 minutes"},"schema":{"@context":"https:\/\/schema.org","@graph":[{"@type":"Article","@id":"https:\/\/akunq.net\/tr\/?p=26903#article","isPartOf":{"@id":"https:\/\/akunq.net\/tr\/?p=26903"},"author":{"name":"admin","@id":"https:\/\/akunq.net\/tr\/#\/schema\/person\/096f1d38a12cce57fb855b485ed24c9e"},"headline":"Mu\u015f\u2019ta bir tarih yok oluyor","datePublished":"2013-11-18T07:23:19+00:00","dateModified":"2013-11-18T07:23:43+00:00","mainEntityOfPage":{"@id":"https:\/\/akunq.net\/tr\/?p=26903"},"wordCount":653,"commentCount":0,"articleSection":["G\u00fcn\u00fcm\u00fczde Bat\u0131 Ermenistan","Haberler"],"inLanguage":"en-US","potentialAction":[{"@type":"CommentAction","name":"Comment","target":["https:\/\/akunq.net\/tr\/?p=26903#respond"]}]},{"@type":"WebPage","@id":"https:\/\/akunq.net\/tr\/?p=26903","url":"https:\/\/akunq.net\/tr\/?p=26903","name":"Mu\u015f\u2019ta bir tarih yok oluyor - Bati Ermenistan Ve Bati Ermenileri Sorunlari Ara\u015ftirmalar Merkezi","isPartOf":{"@id":"https:\/\/akunq.net\/tr\/#website"},"datePublished":"2013-11-18T07:23:19+00:00","dateModified":"2013-11-18T07:23:43+00:00","author":{"@id":"https:\/\/akunq.net\/tr\/#\/schema\/person\/096f1d38a12cce57fb855b485ed24c9e"},"breadcrumb":{"@id":"https:\/\/akunq.net\/tr\/?p=26903#breadcrumb"},"inLanguage":"en-US","potentialAction":[{"@type":"ReadAction","target":["https:\/\/akunq.net\/tr\/?p=26903"]}]},{"@type":"BreadcrumbList","@id":"https:\/\/akunq.net\/tr\/?p=26903#breadcrumb","itemListElement":[{"@type":"ListItem","position":1,"name":"Home","item":"https:\/\/akunq.net\/tr"},{"@type":"ListItem","position":2,"name":"Mu\u015f\u2019ta bir tarih yok oluyor"}]},{"@type":"WebSite","@id":"https:\/\/akunq.net\/tr\/#website","url":"https:\/\/akunq.net\/tr\/","name":"Bati Ermenistan Ve Bati Ermenileri Sorunlari Ara\u015ftirmalar Merkezi","description":"","potentialAction":[{"@type":"SearchAction","target":{"@type":"EntryPoint","urlTemplate":"https:\/\/akunq.net\/tr\/?s={search_term_string}"},"query-input":{"@type":"PropertyValueSpecification","valueRequired":true,"valueName":"search_term_string"}}],"inLanguage":"en-US"},{"@type":"Person","@id":"https:\/\/akunq.net\/tr\/#\/schema\/person\/096f1d38a12cce57fb855b485ed24c9e","name":"admin","url":"https:\/\/akunq.net\/tr\/?author=7"}]}},"_links":{"self":[{"href":"https:\/\/akunq.net\/tr\/index.php?rest_route=\/wp\/v2\/posts\/26903","targetHints":{"allow":["GET"]}}],"collection":[{"href":"https:\/\/akunq.net\/tr\/index.php?rest_route=\/wp\/v2\/posts"}],"about":[{"href":"https:\/\/akunq.net\/tr\/index.php?rest_route=\/wp\/v2\/types\/post"}],"author":[{"embeddable":true,"href":"https:\/\/akunq.net\/tr\/index.php?rest_route=\/wp\/v2\/users\/7"}],"replies":[{"embeddable":true,"href":"https:\/\/akunq.net\/tr\/index.php?rest_route=%2Fwp%2Fv2%2Fcomments&post=26903"}],"version-history":[{"count":2,"href":"https:\/\/akunq.net\/tr\/index.php?rest_route=\/wp\/v2\/posts\/26903\/revisions"}],"predecessor-version":[{"id":26906,"href":"https:\/\/akunq.net\/tr\/index.php?rest_route=\/wp\/v2\/posts\/26903\/revisions\/26906"}],"wp:attachment":[{"href":"https:\/\/akunq.net\/tr\/index.php?rest_route=%2Fwp%2Fv2%2Fmedia&parent=26903"}],"wp:term":[{"taxonomy":"category","embeddable":true,"href":"https:\/\/akunq.net\/tr\/index.php?rest_route=%2Fwp%2Fv2%2Fcategories&post=26903"},{"taxonomy":"post_tag","embeddable":true,"href":"https:\/\/akunq.net\/tr\/index.php?rest_route=%2Fwp%2Fv2%2Ftags&post=26903"}],"curies":[{"name":"wp","href":"https:\/\/api.w.org\/{rel}","templated":true}]}}