{"id":26899,"date":"2013-11-18T02:18:45","date_gmt":"2013-11-18T07:18:45","guid":{"rendered":"http:\/\/akunq.net\/tr\/?p=26899"},"modified":"2013-11-18T02:19:04","modified_gmt":"2013-11-18T07:19:04","slug":"avustralya-ile-anzak-krizi","status":"publish","type":"post","link":"https:\/\/akunq.net\/tr\/?p=26899","title":{"rendered":"Avustralya ile Anzak krizi"},"content":{"rendered":"<p style=\"text-align: justify;\"><b><i><a href=\"http:\/\/akunq.net\/tr\/wp-content\/uploads\/2013\/11\/Anzak-krizi.jpg\"><img loading=\"lazy\" decoding=\"async\" class=\"alignright size-medium wp-image-26900\" alt=\"Anzak krizi\" src=\"http:\/\/akunq.net\/tr\/wp-content\/uploads\/2013\/11\/Anzak-krizi-300x169.jpg\" width=\"300\" height=\"169\" srcset=\"https:\/\/akunq.net\/tr\/wp-content\/uploads\/sites\/6\/2013\/11\/Anzak-krizi-300x169.jpg 300w, https:\/\/akunq.net\/tr\/wp-content\/uploads\/sites\/6\/2013\/11\/Anzak-krizi-600x338.jpg 600w, https:\/\/akunq.net\/tr\/wp-content\/uploads\/sites\/6\/2013\/11\/Anzak-krizi.jpg 620w\" sizes=\"auto, (max-width: 300px) 100vw, 300px\" \/><\/a>TBMM Ba\u015fkan\u0131 Cemil \u00c7i\u00e7ek\u2019in Ermeni soyk\u0131r\u0131m\u0131na destek veren Avustralyal\u0131 milletvekillerinin 2015 y\u0131l\u0131nda \u00c7anakkale\u2019deki Anzak anma t\u00f6renlerine kat\u0131lamayaca\u011f\u0131 imas\u0131 tepki \u00e7ekti.<\/i><\/b><\/p>\n<p style=\"text-align: justify;\">T\u00dcRK\u0130YE B\u00fcy\u00fck Millet Meclisi Ba\u015fkan\u0131 <a title=\"Cemil \u00c7i\u00e7ek\" href=\"http:\/\/www.hurriyet.com.tr\/index\/Cemil_\u00c7i\u00e7ek\" target=\"_blank\">Cemil \u00c7i\u00e7ek<\/a>, <a title=\"Ankara\" href=\"http:\/\/www.hurriyet.com.tr\/index\/Ankara\" target=\"_blank\">Ankara<\/a>\u2019da a\u011f\u0131rlad\u0131\u011f\u0131 Avustralyal\u0131 gazetecilere verdi\u011fi d\u00fcn yay\u0131nlanan r\u00f6portaj\u0131nda Avustralya\u2019n\u0131n New South Wales eyalet parlamentosunda may\u0131s ay\u0131nda kabul edilen Ermeni soyk\u0131r\u0131m\u0131 tan\u0131yan karar\u0131n \u00e7ekilmesini isterken 2015\u2019te yap\u0131lacak \u00c7anakkale Sava\u015f\u0131\u2019n\u0131n 100\u2019\u00fcnc\u00fc y\u0131l anmas\u0131n\u0131 hat\u0131rlatt\u0131.<\/p>\n<p style=\"text-align: justify;\"><b>Tarih\u00e7iler karar versin<br \/>\n<\/b><br \/>\nBas\u0131n mensuplar\u0131na terc\u00fcman arac\u0131l\u0131\u011f\u0131yla konu\u015ftu\u011fu belirtilen \u00c7i\u00e7ek\u2019in \u015f\u00f6yle dedi\u011fi \u00f6ne s\u00fcr\u00fcld\u00fc: \u201cE\u011fer tarih\u00e7iler biraraya gelip Ermenilerin lehinde bir sonuca var\u0131p \u201cT\u00fcrkler, siz yanl\u0131\u015f yapt\u0131n\u0131z\u201d derse\u00a0biz de \u00fclke olarak bunu memnuniyetle kabul ederiz&#8230; T\u00fcrkiye\u2019de bizim Ermeni toplumuyla hi\u00e7bir sorunumuz yok. Sorunumuz, h\u00e2l\u00e2 bu tart\u0131\u015fman\u0131n propagandas\u0131n\u0131 yapan Ermeni diasporas\u0131yla\u201d.<br \/>\n<b><br \/>\nM\u0130S\u0130LLEME UYARISI<\/b><\/p>\n<p style=\"text-align: justify;\">T\u00fcrkiye\u2019nin de 1915\u2019te Gelibolu\u2019ya asker yollad\u0131\u011f\u0131 i\u00e7in Avustralya aleyhine karar \u00e7\u0131karmak i\u00e7in <a title=\"TBMM\" href=\"http:\/\/www.hurriyet.com.tr\/index\/TBMM\" target=\"_blank\">TBMM<\/a>\u2019ye gidebilece\u011fini s\u00f6yleyen \u00c7i\u00e7ek, \u201cFakat bu iki \u00fclke aras\u0131ndaki ili\u015fkiler i\u00e7in iyi olmaz. Avustralya\u2019n\u0131n T\u00fcrkiye taraf\u0131n\u0131 dinlemeden soyk\u0131r\u0131mla ilgili iddialara destek vermesi, iki \u00fclke aras\u0131ndaki ili\u015fkilerde b\u00fcy\u00fck tats\u0131zl\u0131\u011fa neden olabilir. Hatta T\u00fcrkiye\u2019deki Gelibolu anma etkinliklerini (2015 anmalar\u0131) tehlikeye sokabilir\u201d diye devam etmi\u015f.<\/p>\n<p style=\"text-align: justify;\"><b>100\u2019\u00fcnc\u00fc y\u0131l\u0131 yakla\u015f\u0131yor<\/b><\/p>\n<p style=\"text-align: justify;\">Avustralyal\u0131 ve Yeni Zelandal\u0131 turistler, 1915 \u00c7anakkale Sava\u015f\u0131\u2019nda hayat\u0131n\u0131 kaybeden atalar\u0131n\u0131, \u00e7\u0131karman\u0131n yap\u0131ld\u0131\u011f\u0131 Anzak Koyu\u2019nda anmak i\u00e7in her y\u0131l T\u00fcrkiye\u2019ye geliyor. 25 Nisan 2015\u2019teki etkinlik i\u00e7in d\u00fczenlenecek \u00f6zel<br \/>\nt\u00f6rene Avustralyal\u0131lar i\u00e7in 8 bin bilet ayr\u0131ld\u0131. Tarihi t\u00f6reni ka\u00e7\u0131rmak istemeyen Avustralyal\u0131lar bu<br \/>\nsay\u0131y\u0131 az buluyor.<\/p>\n<p style=\"text-align: justify;\"><b>Esef verici<\/b><\/p>\n<p style=\"text-align: justify;\">Soyk\u0131r\u0131m karar\u0131n\u0131n kabul edildi\u011fi New South Wales Ba\u015fbakan\u0131 Barry O\u2019Farrell, \u00c7i\u00e7ek\u2019in bu s\u00f6zleri \u00fczerine \u201cT\u00fcrk h\u00fck\u00fcmetinden birinin Gelibolu \u00e7\u0131karmas\u0131n\u0131n 100\u2019\u00fcnc\u00fc y\u0131l anmas\u0131n\u0131 siyasi ama\u00e7lar i\u00e7in kullanmaya \u00e7al\u0131\u015fmas\u0131 esef verici\u201d dedi. Avustralya Ba\u015fbakan\u0131 Tony Abbott ise kendisi dahil sadece d\u00f6rt federal senat\u00f6r\u00fcn 2015 anma etkinliklerine davet ald\u0131\u011f\u0131n\u0131, eyalet ba\u015fbakanlar\u0131na ve eyalet senat\u00f6rlerine ise davet yap\u0131lmad\u0131\u011f\u0131n\u0131 s\u00f6yleyerek ele\u015ftiride bulundu.<\/p>\n<p style=\"text-align: justify;\"><b><i>http:\/\/www.hurriyet.com.tr\/dunya\/25138416.asp<\/i><\/b><\/p>\n","protected":false},"excerpt":{"rendered":"<p>TBMM Ba\u015fkan\u0131 Cemil \u00c7i\u00e7ek\u2019in Ermeni soyk\u0131r\u0131m\u0131na destek veren Avustralyal\u0131 milletvekillerinin 2015 y\u0131l\u0131nda \u00c7anakkale\u2019deki Anzak anma t\u00f6renlerine kat\u0131lamayaca\u011f\u0131 imas\u0131 tepki \u00e7ekti. T\u00dcRK\u0130YE B\u00fcy\u00fck Millet Meclisi Ba\u015fkan\u0131 Cemil \u00c7i\u00e7ek, Ankara\u2019da a\u011f\u0131rlad\u0131\u011f\u0131 Avustralyal\u0131 gazetecilere verdi\u011fi d\u00fcn yay\u0131nlanan r\u00f6portaj\u0131nda Avustralya\u2019n\u0131n New South Wales eyalet parlamentosunda may\u0131s ay\u0131nda kabul edilen Ermeni soyk\u0131r\u0131m\u0131 tan\u0131yan karar\u0131n \u00e7ekilmesini isterken 2015\u2019te yap\u0131lacak \u00c7anakkale Sava\u015f\u0131\u2019n\u0131n [&hellip;]<\/p>\n","protected":false},"author":7,"featured_media":0,"comment_status":"open","ping_status":"open","sticky":false,"template":"","format":"standard","meta":{"footnotes":""},"categories":[1],"tags":[],"class_list":["post-26899","post","type-post","status-publish","format-standard","hentry","category-haberler"],"yoast_head":"<!-- This site is optimized with the Yoast SEO plugin v27.4 - https:\/\/yoast.com\/product\/yoast-seo-wordpress\/ -->\n<title>Avustralya ile Anzak krizi - Bati Ermenistan Ve Bati Ermenileri Sorunlari Ara\u015ftirmalar Merkezi<\/title>\n<meta name=\"robots\" content=\"index, follow, max-snippet:-1, max-image-preview:large, max-video-preview:-1\" \/>\n<link rel=\"canonical\" href=\"https:\/\/akunq.net\/tr\/?p=26899\" \/>\n<meta property=\"og:locale\" content=\"en_US\" \/>\n<meta property=\"og:type\" content=\"article\" \/>\n<meta property=\"og:title\" content=\"Avustralya ile Anzak krizi - Bati Ermenistan Ve Bati Ermenileri Sorunlari Ara\u015ftirmalar Merkezi\" \/>\n<meta property=\"og:description\" content=\"TBMM Ba\u015fkan\u0131 Cemil \u00c7i\u00e7ek\u2019in Ermeni soyk\u0131r\u0131m\u0131na destek veren Avustralyal\u0131 milletvekillerinin 2015 y\u0131l\u0131nda \u00c7anakkale\u2019deki Anzak anma t\u00f6renlerine kat\u0131lamayaca\u011f\u0131 imas\u0131 tepki \u00e7ekti. T\u00dcRK\u0130YE B\u00fcy\u00fck Millet Meclisi Ba\u015fkan\u0131 Cemil \u00c7i\u00e7ek, Ankara\u2019da a\u011f\u0131rlad\u0131\u011f\u0131 Avustralyal\u0131 gazetecilere verdi\u011fi d\u00fcn yay\u0131nlanan r\u00f6portaj\u0131nda Avustralya\u2019n\u0131n New South Wales eyalet parlamentosunda may\u0131s ay\u0131nda kabul edilen Ermeni soyk\u0131r\u0131m\u0131 tan\u0131yan karar\u0131n \u00e7ekilmesini isterken 2015\u2019te yap\u0131lacak \u00c7anakkale Sava\u015f\u0131\u2019n\u0131n [&hellip;]\" \/>\n<meta property=\"og:url\" content=\"https:\/\/akunq.net\/tr\/?p=26899\" \/>\n<meta property=\"og:site_name\" content=\"Bati Ermenistan Ve Bati Ermenileri Sorunlari Ara\u015ftirmalar Merkezi\" \/>\n<meta property=\"article:published_time\" content=\"2013-11-18T07:18:45+00:00\" \/>\n<meta property=\"article:modified_time\" content=\"2013-11-18T07:19:04+00:00\" \/>\n<meta property=\"og:image\" content=\"http:\/\/akunq.net\/tr\/wp-content\/uploads\/2013\/11\/Anzak-krizi-300x169.jpg\" \/>\n<meta name=\"author\" content=\"admin\" \/>\n<meta name=\"twitter:card\" content=\"summary_large_image\" \/>\n<meta name=\"twitter:label1\" content=\"Written by\" \/>\n\t<meta name=\"twitter:data1\" content=\"admin\" \/>\n\t<meta name=\"twitter:label2\" content=\"Est. reading time\" \/>\n\t<meta name=\"twitter:data2\" content=\"2 minutes\" \/>\n<script type=\"application\/ld+json\" class=\"yoast-schema-graph\">{\"@context\":\"https:\\\/\\\/schema.org\",\"@graph\":[{\"@type\":\"Article\",\"@id\":\"https:\\\/\\\/akunq.net\\\/tr\\\/?p=26899#article\",\"isPartOf\":{\"@id\":\"https:\\\/\\\/akunq.net\\\/tr\\\/?p=26899\"},\"author\":{\"name\":\"admin\",\"@id\":\"https:\\\/\\\/akunq.net\\\/tr\\\/#\\\/schema\\\/person\\\/096f1d38a12cce57fb855b485ed24c9e\"},\"headline\":\"Avustralya ile Anzak krizi\",\"datePublished\":\"2013-11-18T07:18:45+00:00\",\"dateModified\":\"2013-11-18T07:19:04+00:00\",\"mainEntityOfPage\":{\"@id\":\"https:\\\/\\\/akunq.net\\\/tr\\\/?p=26899\"},\"wordCount\":424,\"commentCount\":0,\"image\":{\"@id\":\"https:\\\/\\\/akunq.net\\\/tr\\\/?p=26899#primaryimage\"},\"thumbnailUrl\":\"http:\\\/\\\/akunq.net\\\/tr\\\/wp-content\\\/uploads\\\/2013\\\/11\\\/Anzak-krizi-300x169.jpg\",\"articleSection\":[\"Haberler\"],\"inLanguage\":\"en-US\",\"potentialAction\":[{\"@type\":\"CommentAction\",\"name\":\"Comment\",\"target\":[\"https:\\\/\\\/akunq.net\\\/tr\\\/?p=26899#respond\"]}]},{\"@type\":\"WebPage\",\"@id\":\"https:\\\/\\\/akunq.net\\\/tr\\\/?p=26899\",\"url\":\"https:\\\/\\\/akunq.net\\\/tr\\\/?p=26899\",\"name\":\"Avustralya ile Anzak krizi - Bati Ermenistan Ve Bati Ermenileri Sorunlari Ara\u015ftirmalar Merkezi\",\"isPartOf\":{\"@id\":\"https:\\\/\\\/akunq.net\\\/tr\\\/#website\"},\"primaryImageOfPage\":{\"@id\":\"https:\\\/\\\/akunq.net\\\/tr\\\/?p=26899#primaryimage\"},\"image\":{\"@id\":\"https:\\\/\\\/akunq.net\\\/tr\\\/?p=26899#primaryimage\"},\"thumbnailUrl\":\"http:\\\/\\\/akunq.net\\\/tr\\\/wp-content\\\/uploads\\\/2013\\\/11\\\/Anzak-krizi-300x169.jpg\",\"datePublished\":\"2013-11-18T07:18:45+00:00\",\"dateModified\":\"2013-11-18T07:19:04+00:00\",\"author\":{\"@id\":\"https:\\\/\\\/akunq.net\\\/tr\\\/#\\\/schema\\\/person\\\/096f1d38a12cce57fb855b485ed24c9e\"},\"breadcrumb\":{\"@id\":\"https:\\\/\\\/akunq.net\\\/tr\\\/?p=26899#breadcrumb\"},\"inLanguage\":\"en-US\",\"potentialAction\":[{\"@type\":\"ReadAction\",\"target\":[\"https:\\\/\\\/akunq.net\\\/tr\\\/?p=26899\"]}]},{\"@type\":\"ImageObject\",\"inLanguage\":\"en-US\",\"@id\":\"https:\\\/\\\/akunq.net\\\/tr\\\/?p=26899#primaryimage\",\"url\":\"https:\\\/\\\/akunq.net\\\/tr\\\/wp-content\\\/uploads\\\/sites\\\/6\\\/2013\\\/11\\\/Anzak-krizi.jpg\",\"contentUrl\":\"https:\\\/\\\/akunq.net\\\/tr\\\/wp-content\\\/uploads\\\/sites\\\/6\\\/2013\\\/11\\\/Anzak-krizi.jpg\",\"width\":620,\"height\":350},{\"@type\":\"BreadcrumbList\",\"@id\":\"https:\\\/\\\/akunq.net\\\/tr\\\/?p=26899#breadcrumb\",\"itemListElement\":[{\"@type\":\"ListItem\",\"position\":1,\"name\":\"Home\",\"item\":\"https:\\\/\\\/akunq.net\\\/tr\"},{\"@type\":\"ListItem\",\"position\":2,\"name\":\"Avustralya ile Anzak krizi\"}]},{\"@type\":\"WebSite\",\"@id\":\"https:\\\/\\\/akunq.net\\\/tr\\\/#website\",\"url\":\"https:\\\/\\\/akunq.net\\\/tr\\\/\",\"name\":\"Bati Ermenistan Ve Bati Ermenileri Sorunlari Ara\u015ftirmalar Merkezi\",\"description\":\"\",\"potentialAction\":[{\"@type\":\"SearchAction\",\"target\":{\"@type\":\"EntryPoint\",\"urlTemplate\":\"https:\\\/\\\/akunq.net\\\/tr\\\/?s={search_term_string}\"},\"query-input\":{\"@type\":\"PropertyValueSpecification\",\"valueRequired\":true,\"valueName\":\"search_term_string\"}}],\"inLanguage\":\"en-US\"},{\"@type\":\"Person\",\"@id\":\"https:\\\/\\\/akunq.net\\\/tr\\\/#\\\/schema\\\/person\\\/096f1d38a12cce57fb855b485ed24c9e\",\"name\":\"admin\",\"url\":\"https:\\\/\\\/akunq.net\\\/tr\\\/?author=7\"}]}<\/script>\n<!-- \/ Yoast SEO plugin. -->","yoast_head_json":{"title":"Avustralya ile Anzak krizi - Bati Ermenistan Ve Bati Ermenileri Sorunlari Ara\u015ftirmalar Merkezi","robots":{"index":"index","follow":"follow","max-snippet":"max-snippet:-1","max-image-preview":"max-image-preview:large","max-video-preview":"max-video-preview:-1"},"canonical":"https:\/\/akunq.net\/tr\/?p=26899","og_locale":"en_US","og_type":"article","og_title":"Avustralya ile Anzak krizi - Bati Ermenistan Ve Bati Ermenileri Sorunlari Ara\u015ftirmalar Merkezi","og_description":"TBMM Ba\u015fkan\u0131 Cemil \u00c7i\u00e7ek\u2019in Ermeni soyk\u0131r\u0131m\u0131na destek veren Avustralyal\u0131 milletvekillerinin 2015 y\u0131l\u0131nda \u00c7anakkale\u2019deki Anzak anma t\u00f6renlerine kat\u0131lamayaca\u011f\u0131 imas\u0131 tepki \u00e7ekti. T\u00dcRK\u0130YE B\u00fcy\u00fck Millet Meclisi Ba\u015fkan\u0131 Cemil \u00c7i\u00e7ek, Ankara\u2019da a\u011f\u0131rlad\u0131\u011f\u0131 Avustralyal\u0131 gazetecilere verdi\u011fi d\u00fcn yay\u0131nlanan r\u00f6portaj\u0131nda Avustralya\u2019n\u0131n New South Wales eyalet parlamentosunda may\u0131s ay\u0131nda kabul edilen Ermeni soyk\u0131r\u0131m\u0131 tan\u0131yan karar\u0131n \u00e7ekilmesini isterken 2015\u2019te yap\u0131lacak \u00c7anakkale Sava\u015f\u0131\u2019n\u0131n [&hellip;]","og_url":"https:\/\/akunq.net\/tr\/?p=26899","og_site_name":"Bati Ermenistan Ve Bati Ermenileri Sorunlari Ara\u015ftirmalar Merkezi","article_published_time":"2013-11-18T07:18:45+00:00","article_modified_time":"2013-11-18T07:19:04+00:00","og_image":[{"url":"http:\/\/akunq.net\/tr\/wp-content\/uploads\/2013\/11\/Anzak-krizi-300x169.jpg","type":"","width":"","height":""}],"author":"admin","twitter_card":"summary_large_image","twitter_misc":{"Written by":"admin","Est. reading time":"2 minutes"},"schema":{"@context":"https:\/\/schema.org","@graph":[{"@type":"Article","@id":"https:\/\/akunq.net\/tr\/?p=26899#article","isPartOf":{"@id":"https:\/\/akunq.net\/tr\/?p=26899"},"author":{"name":"admin","@id":"https:\/\/akunq.net\/tr\/#\/schema\/person\/096f1d38a12cce57fb855b485ed24c9e"},"headline":"Avustralya ile Anzak krizi","datePublished":"2013-11-18T07:18:45+00:00","dateModified":"2013-11-18T07:19:04+00:00","mainEntityOfPage":{"@id":"https:\/\/akunq.net\/tr\/?p=26899"},"wordCount":424,"commentCount":0,"image":{"@id":"https:\/\/akunq.net\/tr\/?p=26899#primaryimage"},"thumbnailUrl":"http:\/\/akunq.net\/tr\/wp-content\/uploads\/2013\/11\/Anzak-krizi-300x169.jpg","articleSection":["Haberler"],"inLanguage":"en-US","potentialAction":[{"@type":"CommentAction","name":"Comment","target":["https:\/\/akunq.net\/tr\/?p=26899#respond"]}]},{"@type":"WebPage","@id":"https:\/\/akunq.net\/tr\/?p=26899","url":"https:\/\/akunq.net\/tr\/?p=26899","name":"Avustralya ile Anzak krizi - Bati Ermenistan Ve Bati Ermenileri Sorunlari Ara\u015ftirmalar Merkezi","isPartOf":{"@id":"https:\/\/akunq.net\/tr\/#website"},"primaryImageOfPage":{"@id":"https:\/\/akunq.net\/tr\/?p=26899#primaryimage"},"image":{"@id":"https:\/\/akunq.net\/tr\/?p=26899#primaryimage"},"thumbnailUrl":"http:\/\/akunq.net\/tr\/wp-content\/uploads\/2013\/11\/Anzak-krizi-300x169.jpg","datePublished":"2013-11-18T07:18:45+00:00","dateModified":"2013-11-18T07:19:04+00:00","author":{"@id":"https:\/\/akunq.net\/tr\/#\/schema\/person\/096f1d38a12cce57fb855b485ed24c9e"},"breadcrumb":{"@id":"https:\/\/akunq.net\/tr\/?p=26899#breadcrumb"},"inLanguage":"en-US","potentialAction":[{"@type":"ReadAction","target":["https:\/\/akunq.net\/tr\/?p=26899"]}]},{"@type":"ImageObject","inLanguage":"en-US","@id":"https:\/\/akunq.net\/tr\/?p=26899#primaryimage","url":"https:\/\/akunq.net\/tr\/wp-content\/uploads\/sites\/6\/2013\/11\/Anzak-krizi.jpg","contentUrl":"https:\/\/akunq.net\/tr\/wp-content\/uploads\/sites\/6\/2013\/11\/Anzak-krizi.jpg","width":620,"height":350},{"@type":"BreadcrumbList","@id":"https:\/\/akunq.net\/tr\/?p=26899#breadcrumb","itemListElement":[{"@type":"ListItem","position":1,"name":"Home","item":"https:\/\/akunq.net\/tr"},{"@type":"ListItem","position":2,"name":"Avustralya ile Anzak krizi"}]},{"@type":"WebSite","@id":"https:\/\/akunq.net\/tr\/#website","url":"https:\/\/akunq.net\/tr\/","name":"Bati Ermenistan Ve Bati Ermenileri Sorunlari Ara\u015ftirmalar Merkezi","description":"","potentialAction":[{"@type":"SearchAction","target":{"@type":"EntryPoint","urlTemplate":"https:\/\/akunq.net\/tr\/?s={search_term_string}"},"query-input":{"@type":"PropertyValueSpecification","valueRequired":true,"valueName":"search_term_string"}}],"inLanguage":"en-US"},{"@type":"Person","@id":"https:\/\/akunq.net\/tr\/#\/schema\/person\/096f1d38a12cce57fb855b485ed24c9e","name":"admin","url":"https:\/\/akunq.net\/tr\/?author=7"}]}},"_links":{"self":[{"href":"https:\/\/akunq.net\/tr\/index.php?rest_route=\/wp\/v2\/posts\/26899","targetHints":{"allow":["GET"]}}],"collection":[{"href":"https:\/\/akunq.net\/tr\/index.php?rest_route=\/wp\/v2\/posts"}],"about":[{"href":"https:\/\/akunq.net\/tr\/index.php?rest_route=\/wp\/v2\/types\/post"}],"author":[{"embeddable":true,"href":"https:\/\/akunq.net\/tr\/index.php?rest_route=\/wp\/v2\/users\/7"}],"replies":[{"embeddable":true,"href":"https:\/\/akunq.net\/tr\/index.php?rest_route=%2Fwp%2Fv2%2Fcomments&post=26899"}],"version-history":[{"count":2,"href":"https:\/\/akunq.net\/tr\/index.php?rest_route=\/wp\/v2\/posts\/26899\/revisions"}],"predecessor-version":[{"id":26902,"href":"https:\/\/akunq.net\/tr\/index.php?rest_route=\/wp\/v2\/posts\/26899\/revisions\/26902"}],"wp:attachment":[{"href":"https:\/\/akunq.net\/tr\/index.php?rest_route=%2Fwp%2Fv2%2Fmedia&parent=26899"}],"wp:term":[{"taxonomy":"category","embeddable":true,"href":"https:\/\/akunq.net\/tr\/index.php?rest_route=%2Fwp%2Fv2%2Fcategories&post=26899"},{"taxonomy":"post_tag","embeddable":true,"href":"https:\/\/akunq.net\/tr\/index.php?rest_route=%2Fwp%2Fv2%2Ftags&post=26899"}],"curies":[{"name":"wp","href":"https:\/\/api.w.org\/{rel}","templated":true}]}}