{"id":26895,"date":"2013-11-18T02:05:46","date_gmt":"2013-11-18T07:05:46","guid":{"rendered":"http:\/\/akunq.net\/tr\/?p=26895"},"modified":"2013-11-18T02:06:07","modified_gmt":"2013-11-18T07:06:07","slug":"21-yuzyil-turkiye-yuzyili-olacaktir","status":"publish","type":"post","link":"https:\/\/akunq.net\/tr\/?p=26895","title":{"rendered":"21. y\u00fczy\u0131l T\u00fcrkiye y\u00fczy\u0131l\u0131 olacakt\u0131r"},"content":{"rendered":"<p style=\"text-align: justify;\"><b><i><a href=\"http:\/\/akunq.net\/tr\/wp-content\/uploads\/2013\/11\/\u0537\u0580\u0564\u0578\u0572\u0561\u0576.jpg\"><img loading=\"lazy\" decoding=\"async\" class=\"alignright size-medium wp-image-26896\" alt=\"\u0537\u0580\u0564\u0578\u0572\u0561\u0576\" src=\"http:\/\/akunq.net\/tr\/wp-content\/uploads\/2013\/11\/\u0537\u0580\u0564\u0578\u0572\u0561\u0576-300x205.jpg\" width=\"300\" height=\"205\" srcset=\"https:\/\/akunq.net\/tr\/wp-content\/uploads\/sites\/6\/2013\/11\/\u0537\u0580\u0564\u0578\u0572\u0561\u0576-300x205.jpg 300w, https:\/\/akunq.net\/tr\/wp-content\/uploads\/sites\/6\/2013\/11\/\u0537\u0580\u0564\u0578\u0572\u0561\u0576.jpg 307w\" sizes=\"auto, (max-width: 300px) 100vw, 300px\" \/><\/a>Ba\u015fbakan Erdo\u011fan, &#8221;21. y\u00fczy\u0131l T\u00fcrkiye y\u00fczy\u0131l\u0131 olacakt\u0131r. Biz h\u00fck\u00fcmet olarak bunu hedefliyoruz&#8221; dedi.<\/i><\/b><b><i><br \/>\n<\/i><\/b><br \/>\n<a href=\"http:\/\/www.aa.com.tr\/tr\/mod\/tag\/basbakan\">Ba\u015fbakan<\/a> Recep Tayyip Erdo\u011fan, &#8221;T\u00fcrkiye&#8217;nin \u00f6n\u00fcnde Allah&#8217;\u0131n izniyle hi\u00e7bir g\u00fc\u00e7 duramayacak. 21. y\u00fczy\u0131l, T\u00fcrkiye y\u00fczy\u0131l\u0131 olacakt\u0131r. Biz h\u00fck\u00fcmet olarak bunu hedefliyoruz&#8221; dedi.<\/p>\n<p style=\"text-align: justify;\">Ergani&#8217;deki toplu a\u00e7\u0131l\u0131\u015f t\u00f6reninde konu\u015fan<a href=\"http:\/\/www.aa.com.tr\/tr\/mod\/tag\/basbakan\">Ba\u015fbakan<\/a> Erdo\u011fan, Milli E\u011fitim Bakanl\u0131\u011f\u0131&#8217;nca yap\u0131lan 11 derslik, TOK\u0130&#8217;nin in\u015fa etti\u011fi\u00a0144 konut,\u00a0stabilize yol, i\u00e7mesuyu gibi farkl\u0131 bakanl\u0131k ve krumlara ait\u00a017 ayr\u0131 eserin a\u00e7\u0131l\u0131\u015f\u0131n\u0131 yapt\u0131klar\u0131n\u0131 belirterek, &#8220;Netice itibariyle iki\u00a0g\u00fcn i\u00e7inde ger\u00e7ekle\u015ftirdi\u011fimiz \u00fc\u00e7 ayr\u0131 a\u00e7\u0131l\u0131\u015f program\u0131 ile Diyarbak\u0131r&#8217;a toplamda 880 trilyonluk yat\u0131r\u0131m kazand\u0131rd\u0131k. Tam 30 kalem eser, hizmet ve yat\u0131r\u0131mlar\u0131 kazand\u0131rm\u0131\u015f olduk&#8221; dedi.<\/p>\n<p style=\"text-align: justify;\"><a href=\"http:\/\/www.aa.com.tr\/tr\/mod\/tag\/basbakan\">Ba\u015fbakan<\/a> Erdo\u011fan, &#8220;Maalesef bu \u00fclkede bir\u00e7ok sanat\u00e7\u0131, dilinden, etnik k\u00f6keninden, kimli\u011finden dolay\u0131 hor g\u00f6r\u00fcld\u00fc, d\u0131\u015fland\u0131, \u00f6tekile\u015ftirildi, \u00fclkesinden, do\u011fup b\u00fcy\u00fcd\u00fc\u011f\u00fc topraklardan uzakta ya\u015famak zorunda b\u0131rak\u0131ld\u0131&#8221; dedi.<\/p>\n<p style=\"text-align: justify;\">Erdo\u011fan, s\u00f6zlerini \u015f\u00f6yle s\u00fcrd\u00fcrd\u00fc:<\/p>\n<p style=\"text-align: justify;\">&#8220;\u0130\u015fte bunun en son \u00f6rne\u011fi Ahmet Kaya\u2026 Ahmet Kaya da beni cezaevine u\u011furlam\u0131\u015ft\u0131. T\u00fcrk\u00fcleriyle u\u011furlam\u0131\u015ft\u0131. &#8216;\u015eafak s\u00f6kerken&#8217; diyerek u\u011furlam\u0131\u015ft\u0131. Tabii benim d\u00fcnyada onun o vefas\u0131 \u00f6zel yere sahip. Ahmet Kaya, maalesef, \u00f6mr\u00fcn\u00fcn son demlerinde, duygusal olarak kald\u0131ramayaca\u011f\u0131 yo\u011fun bir bask\u0131ya maruz kald\u0131, vatan\u0131ndan uzakta, gurbette son nefesini verdi. Ahmet Kaya\u2019n\u0131n su\u00e7u neydi? Bunu kendi \u015fark\u0131s\u0131nda s\u00f6yl\u00fcyordu asl\u0131nda. Ne diyordu? Diyarbak\u0131rl\u0131ym\u0131\u015f. Ad\u0131 Bahtiyar. Su\u00e7u saz \u00e7almakt\u0131.\u00a0G\u00f6n\u00fcl telinden ge\u00e7enleri saz\u0131n\u0131n teliyle s\u00f6ylemesiydi.&#8221;<\/p>\n<p style=\"text-align: justify;\">T\u00fcrkiye&#8217;nin art\u0131k de\u011fi\u015fti\u011fini ifade eden Erdo\u011fan, \u015f\u00f6yle konu\u015ftu:<\/p>\n<p style=\"text-align: justify;\">&#8220;Yeni T\u00fcrkiye\u2019de kimse dilinden, dininden, mezhebinden, etnik kimli\u011finden \u00f6t\u00fcr\u00fc horlanm\u0131yor, d\u0131\u015flanm\u0131yor, \u00f6tekile\u015ftirilmiyor.\u00a0T\u00fcrkiye, b\u00fct\u00fcn renklerine, b\u00fct\u00fcn unsurlar\u0131na, b\u00fct\u00fcn kimliklerine e\u015fit olarak sahip \u00e7\u0131k\u0131yor, herkese birinci s\u0131n\u0131f insan muamelesi yap\u0131l\u0131yor.\u00a0Ergani\u2019nin yeti\u015ftirdi\u011fi b\u00fcy\u00fck \u015fair Sezai Karako\u00e7\u2019un her zaman vurgulad\u0131\u011f\u0131 gibi, Dicle ve F\u0131rat kendi mecras\u0131nda, kendi yata\u011f\u0131nda \u00f6zg\u00fcrce ak\u0131yor art\u0131k.\u00a0Dicle ve F\u0131rat, Medine\u2019den \u0130stanbul\u2019a kadar uzanan geni\u015f k\u00fclt\u00fcr co\u011frafyam\u0131zda, kendi de\u011ferleriyle, kendi rengiyle, kendi \u00f6zg\u00fcnl\u00fc\u011f\u00fcyle yeniden itibar\u0131na kavu\u015fuyor.\u00a0T\u00fcrkiye, her kar\u0131\u015f topra\u011f\u0131yla, 76 milyon insan\u0131yla, bir ve b\u00fct\u00fcn olarak, g\u00f6n\u00fcllerini, y\u00fcreklerini birle\u015ftirmi\u015f olarak, son derece emin ad\u0131mlarla, son derece kararl\u0131 bir \u015fekilde, gelece\u011fe do\u011fru y\u00fcr\u00fcyor.&#8221;<\/p>\n<p style=\"text-align: justify;\"><a href=\"http:\/\/www.aa.com.tr\/tr\/mod\/tag\/basbakan\">Ba\u015fbakan<\/a> Erdo\u011fan, 11 y\u0131l \u00f6nce belirledikleri hedeflerin bir\u00e7o\u011funa ula\u015ft\u0131klar\u0131n\u0131, bir\u00e7ok hedefi de a\u015ft\u0131klar\u0131n\u0131 kaydederek, \u015f\u00f6yle devam etti:<\/p>\n<p style=\"text-align: justify;\">&#8220;\u015eu anda, 2023 i\u00e7in koydu\u011fumuz y\u00fcksek hedeflere do\u011fru, kararl\u0131 ve disiplinli bir \u015fekilde ilerliyoruz.\u00a0\u0130nan\u0131yorum ki, birli\u011fimizden taviz vermedik\u00e7e, tek bir y\u00fcrek halinde hep birlikte hareket edece\u011fiz. T\u00fcrkiye\u2019nin \u00f6n\u00fcnde hi\u00e7bir g\u00fc\u00e7 duramayacak, 21\u2019inci y\u00fczy\u0131l T\u00fcrkiye y\u00fczy\u0131l\u0131 olacakt\u0131r. Biz, h\u00fck\u00fcmet olarak, bunu hedefliyor, b\u00f6yle bir vizyonla hareket ediyoruz.&#8221;<\/p>\n<p style=\"text-align: justify;\"><strong>S\u00f6z\u00fcnle gel, tatl\u0131 dille gel<\/strong><\/p>\n<p style=\"text-align: justify;\"><a href=\"http:\/\/www.aa.com.tr\/tr\/mod\/tag\/basbakan\">Ba\u015fbakan<\/a> Recep Tayyip Erdo\u011fan, \u015f\u00f6yle devam etti:<\/p>\n<p style=\"text-align: justify;\">&#8220;Bu ter\u00f6r niye? Bu kan niye? Bu \u00f6l\u00fcmler niye? Niye geldik, buraya, bar\u0131\u015f i\u00e7in geldik. Sevgi i\u00e7in geldik. \u00c7\u00fcnk\u00fc ben inan\u0131yorum ki bu karde\u015flerimin hepsi de bu kan\u0131n durmas\u0131n\u0131 istiyor. Onun i\u00e7in \u00e7\u00f6z\u00fcm s\u00fcreci dedik. Yola b\u00f6yle \u00e7\u0131kt\u0131k. \u00c7\u00f6z\u00fcm s\u00fcreci i\u00e7in da\u011f ta\u015f demeden ko\u015fturduk, ko\u015fturuyoruz ve ko\u015fturaca\u011f\u0131z. D\u00fcn de s\u00f6yledim, s\u00f6z silahtan daha etkindir. S\u00f6z\u00fc olan varsa, silah\u0131n\u0131 g\u00f6ms\u00fcn dedik. Yola b\u00f6yle koyulsun dedik. Ama s\u00f6z\u00fcne g\u00fcvenmeyen neye sar\u0131l\u0131yor, silaha sar\u0131l\u0131yor.\u00a0\u0130\u015fte biz, silah\u0131 g\u00f6m, b\u0131rak diyoruz. S\u00f6z\u00fcnle gel, tatl\u0131 dille gel.\u00a0Ergani&#8217;yi \u00e7ok iyi g\u00f6rd\u00fcm.\u00a0\u00d6n\u00fcm\u00fczdeki 10 y\u0131l boyunca da, y\u0131lmadan, yorulmadan, T\u00fcrkiye\u2019yi b\u00fcy\u00fctmeye, karde\u015fli\u011fi y\u00fcceltmeye, sofram\u0131zdaki ekme\u011fi \u00e7o\u011faltmaya devam edece\u011fiz.\u00a0<\/p>\n<p style=\"text-align: justify;\">Ama ben sizden bir \u015fey rica ediyorum;\u00a0Bir olaca\u011f\u0131z, iri olaca\u011f\u0131z, diri olaca\u011f\u0131z, karde\u015f olaca\u011f\u0131z. Hep beraber T\u00fcrkiye olaca\u011f\u0131z. G\u00fc\u00e7l\u00fc T\u00fcrkiye b\u00f6yle olacak.\u00a0Allah\u2019\u0131n izniyle, sizlerin deste\u011fi ve hay\u0131r duas\u0131yla, T\u00fcrkiye\u2019yi, 780 bin kilometrekarenin tamam\u0131n\u0131, hi\u00e7bir ayr\u0131m yapmadan, hepsini bir b\u00fct\u00fcn halinde kucaklayarak huzura, refaha, kavu\u015fturaca\u011f\u0131z. Hi\u00e7 endi\u015feniz olmas\u0131n. Onun i\u00e7in tek millet diyoruz. Neden? Tek milletin i\u00e7inde T\u00fcrk var, K\u00fcrt var, Laz var, \u00c7erkez var, G\u00fcrc\u00fc var, Abaza var, Roman var, Bo\u015fnak var. Bu \u00fclkedeki 76 milyon var. 76 milyon tek millet. Bizi ay\u0131ranlara y\u00fcz vermeyece\u011fiz. \u0130ki, tek bayrak diyece\u011fiz. \u0130\u015fte bayra\u011f\u0131m\u0131z burada. Bu renk \u015fehidimizn rengi. Hilal ba\u011f\u0131mzl\u0131\u011f\u0131m\u0131z\u0131n ifadesi. Y\u0131ld\u0131z \u015fehitlerimizin ifadesi. \u015e\u00fcheda diyor ya \u015fair, &#8216;\u015e\u00fched\u00e2 f\u0131\u015fk\u0131racak topra\u011f\u0131 s\u0131ksan, \u015f\u00fcheda!\u00a0Evet, i\u015fte onun i\u00e7in tek vatan, tek devlet, vatan\u0131m\u0131z\u0131 b\u00f6lmek par\u00e7alamak isteyenlere asla prim vermeyece\u011fiz.&#8221;<\/p>\n<p style=\"text-align: justify;\"><strong>\u00c7\u00f6z\u00fcm \u00e7\u00fcrecine l\u00fctfen sahip \u00e7\u0131k\u0131n<\/strong><\/p>\n<p style=\"text-align: justify;\">Ergani&#8217;yi altyap\u0131s\u0131yla yeni d\u00f6nemde farkl\u0131 g\u00f6rmek istediklerini de ifade eden Erdo\u011fan, s\u00f6zlerini \u015f\u00f6yle tamamlad\u0131:<\/p>\n<p style=\"text-align: justify;\">&#8220;Daha modern bir Ergani, \u00e7ok daha farkl\u0131 bir Ergani, her \u015feyiyle bunun i\u00e7in el ele verece\u011fiz.\u00a0Ben, bu s\u00fcre\u00e7te, sizlerden \u00f6zellikle destek bekliyorum.\u00a0Karde\u015fli\u011fimize, kalk\u0131nmam\u0131za, b\u00fcy\u00fcmemize destek olun.\u00a0\u00d6zellikle \u00e7\u00f6z\u00fcm s\u00fcrecine l\u00fctfen sahip \u00e7\u0131k\u0131n.\u00a0Diyarbak\u0131r\u00a0bu s\u00fcrece sahip \u00e7\u0131karsa, \u00e7ok farkl\u0131 bir netice al\u0131n\u0131r.\u00a0Diyarbak\u0131r bar\u0131\u015f\u0131na ve bahar\u0131na sahip \u00e7\u0131karsa, Allah\u2019\u0131n izniyle her engeli a\u015far\u0131z.\u00a0Siz arkam\u0131zda durduk\u00e7a, bu millet bize g\u00fc\u00e7l\u00fc, kararl\u0131 bir destek sa\u011flad\u0131k\u00e7a, inan\u0131n, biz her t\u00fcrl\u00fc oyunu bozar, \u00fclkemizi e\u015fitlik, adalet ve \u00f6zg\u00fcrl\u00fck temelinde kalk\u0131nd\u0131r\u0131r\u0131z.\u00a0Onun i\u00e7in diyorum ki, Ergani bizlerden hay\u0131r duas\u0131n\u0131 eksik etmesin.\u00a0Ergani bizlerden deste\u011fini eksik etmesin.&#8221;<\/p>\n<p style=\"text-align: justify;\">\u00a0<strong>Bismil&#8217;de de konu\u015ftu<\/strong><\/p>\n<p style=\"text-align: justify;\">\u00a0<a href=\"http:\/\/www.aa.com.tr\/tr\/mod\/tag\/basbakan\">Ba\u015fbakan<\/a> Erdo\u011fan, Bismil&#8217;deki toplu a\u00e7\u0131l\u0131\u015f t\u00f6reninde yapt\u0131\u011f\u0131 konu\u015fmada da, \u015funlar\u0131 kaydetti:<br \/>\n&#8221;Allah&#8217;\u0131n izniyle, art\u0131k sadece\u00a0T\u00fcrkiye i\u00e7inde de\u011fil t\u00fcm b\u00f6lgede yeni bir s\u00fcre\u00e7, yeni bir iklim, yeni bir bahar atmosferi ya\u015fan\u0131yor. T\u00fcrkiye h\u0131zla de\u011fi\u015firken b\u00f6lgemiz de de\u011fi\u015fiyor. T\u00fcrkiye g\u00fc\u00e7lenirken art\u0131k b\u00f6lgemiz de g\u00fc\u00e7leniyor.\u00a0Bin y\u0131ll\u0131k tarihimizden ald\u0131\u011f\u0131m\u0131z g\u00fc\u00e7le, devrald\u0131\u011f\u0131m\u0131z mirasla hem \u00fclke i\u00e7inde hem b\u00f6lgemizde bir kez daha karde\u015flik egemen oluyor.\u00a0\u015eunu unutmay\u0131n sevgili karde\u015flerim, Diyarbak\u0131r\u00a0ne kadar g\u00fc\u00e7l\u00fc, ne kadar m\u00fcreffeh, ne kadar huzurlu olursa Erbil de, S\u00fcleymaniye de,\u00a0Zaho, Musul, Kerk\u00fck, Ba\u011fdat, \u015eam, Kam\u0131\u015fl\u0131 da o kadar g\u00fc\u00e7l\u00fc, o kadar m\u00fcreffeh, o kadar huzurlu olur.<\/p>\n<p style=\"text-align: justify;\">Diyarbak\u0131r, b\u00f6lgenin, \u0130slam co\u011frafyas\u0131n\u0131n kutup y\u0131ld\u0131zlar\u0131ndan biri. Diyarbak\u0131r, enbiya kabirleriyle,\u00a0sahabe-i\u00a0kiram evliya kabirleriyle, makamlar\u0131yla, camileriyle sadece T\u00fckiye&#8217;nin de\u011fil d\u00fcnyan\u0131n y\u00f6n\u00fcn\u00fc d\u00f6nd\u00fc\u011f\u00fc bir \u015fehrimiz. Diyarbak\u0131r \u00e7ok \u00e7ok \u00f6nemli. \u0130\u015fte onun i\u00e7in Diyarbak\u0131r,\u00a0huzuruna g\u00fc\u00e7l\u00fc \u015fekilde sahip \u00e7\u0131kmal\u0131 ve kararlar\u0131n\u0131 verirken Diyarbak\u0131r \u00e7ok d\u00fc\u015f\u00fcnmeli. Diyarbak\u0131r bar\u0131\u015fa g\u00fc\u00e7l\u00fc \u015fekilde sahip \u00e7\u0131kmal\u0131. Diyarbak\u0131r, bu y\u0131l Nevruz&#8217;da ba\u015flayan o bahar iklimine kuvvetlice sahip \u00e7\u0131kmal\u0131. Biz, d\u00fcn Diyarbak\u0131r&#8217;da \u00e7ok farkl\u0131 bir hava, farkl\u0131 bir\u00a0atmosfer g\u00f6rd\u00fck. Sizler de televizyonlarda izlemi\u015fsinizdir.\u00a0Diyarbak\u0131r&#8217;da bar\u0131\u015f\u0131, huzuru g\u00f6rd\u00fck. &#8216;Art\u0131k yeter&#8217; diyenleri g\u00f6rd\u00fck. Ben inan\u0131yorum ki\u00a0Bismil de ayn\u0131 \u015feyi\u00a0s\u00f6yl\u00fcyor, \u015fu anda kar\u015f\u0131mda g\u00f6rd\u00fc\u011f\u00fcm tablo, &#8216;Yeter art\u0131k&#8217; diyor.\u00a0Diyarbak\u0131r&#8217;da annelerin, babalar\u0131n y\u00fcreklerindeki g\u00fcveni g\u00f6rd\u00fck, y\u00fcreklerinde gururu g\u00f6rd\u00fck. Esnaf\u0131n g\u00fcld\u00fc\u011f\u00fcn\u00fc g\u00f6rd\u00fck. Tarihi mekanlar\u0131n T\u00fcrkiye&#8217;nin her yerinden ziyaret\u00e7ileri a\u011f\u0131rlad\u0131\u011f\u0131n\u0131 g\u00f6rd\u00fck. Diyarbak\u0131r&#8217;da sanayinin, ticaretin, istihdam\u0131n geli\u015fti\u011fini g\u00f6rd\u00fck. \u00c7\u00f6z\u00fcm s\u00fcreci Allah&#8217;a hamdolsun Diyarbak\u0131r&#8217;\u0131 k\u00f6kl\u00fc bir \u015fekilde de\u011fi\u015ftiriyor. Bug\u00fcn de burada Bismil&#8217;de ayn\u0131 manzaray\u0131, iklimi, umudu g\u00f6r\u00fcyoruz.&#8221;<\/p>\n<p style=\"text-align: justify;\"><strong>&#8220;Gen\u00e7lerin kan\u0131yla, can\u0131yla besleniyorlar&#8221;<\/strong><\/p>\n<p style=\"text-align: justify;\">Birilerinin \u00e7\u00f6z\u00fcm s\u00fcrecinde ciddi manada rahats\u0131z oldu\u011funu ifade eden Erdo\u011fan, s\u00f6zlerini \u015f\u00f6yle s\u00fcrd\u00fcrd\u00fc:\u00a0<\/p>\n<p style=\"text-align: justify;\">&#8220;Neden rahats\u0131z oluyorlar? \u00c7\u00fcnk\u00fc onlar,\u00a0gen\u00e7lerin kan\u0131yla, gen\u00e7lerin\u00a0can\u0131yla besleniyorlar. Onlar uyu\u015fturucu ile zehirledikleri zavall\u0131 insanlardan besleniyorlar. Onlar,\u00a0kaostan, krizden, \u00f6l\u00fcmden, ac\u0131dan besleniyorlar. Onlar\u00a0yoksulluktan besleniyorlar. &#8216;Onlara art\u0131k f\u0131rsat tan\u0131mayal\u0131m&#8217; diyorum. &#8216;Bu s\u00fcrecin bozulmas\u0131na, sabote edilmesine f\u0131rsat tan\u0131mayal\u0131m&#8217; diyorum. &#8216;K\u0131\u015fk\u0131rtmalar, engellemeler, tehditler kar\u015f\u0131s\u0131nda yi\u011fit\u00e7e, mert\u00e7e dural\u0131m ve bu\u00a0huzurun bozulmas\u0131na izin vermeyelim&#8217; diyorum. Biz o eski T\u00fcrkiye d\u00f6nemini art\u0131k kapatt\u0131k. Yeni T\u00fcrkiye \u00f6z\u00fcyle, ruhuyla kucakla\u015fan bir T\u00fcrkiye&#8217;dir. Yeni T\u00fcrkiye 23 Nisan 1920&#8217;de Ankara&#8217;da T\u00fcrkiye&#8217;nin her rengini ihtiva eden bir T\u00fcrkiye&#8217;dir. Yeni T\u00fcrkiye T\u00fcrk&#8217;\u00fc, K\u00fcrt&#8217;\u00fc, \u00c7erkez&#8217;i, Roman&#8217;\u0131, Arap&#8217;\u0131, Laz&#8217;\u0131, G\u00fcrc\u00fc&#8217;y\u00fc bar\u0131\u015f i\u00e7inde bir tutan, yarad\u0131lan\u0131 Yaradandan \u00f6t\u00fcr\u00fc seven bir T\u00fcrkiye&#8217;dir.&#8221;<\/p>\n<p style=\"text-align: justify;\"><strong>Hazreti Elyesa ve Hazreti Z\u00fclkifi peygamberlerinin t\u00fcrbelerine ziyaret<\/strong><\/p>\n<p style=\"text-align: justify;\">Bu arada, \u00a0<a href=\"http:\/\/www.aa.com.tr\/tr\/mod\/tag\/basbakan\">Ba\u015fbakan<\/a> Erdo\u011fan, Diyarbak\u0131r&#8217;\u0131n E\u011fil il\u00e7esindeki\u00a0Hazreti Elyesa ve Hazreti Z\u00fclkifi peygamberlerin t\u00fcrbelerini ziyaret etti.\u00a0Ziyarette\u00a0Erdo\u011fan&#8217;a, e\u015fi Emine Erdo\u011fan, k\u0131z\u0131 S\u00fcmeyye Erdo\u011fan ve baz\u0131 bakanlar e\u015flik etti.<\/p>\n<p style=\"text-align: justify;\">Hazreti Elyesa ve Hazreti Z\u00fclkifi peygamberler, Kuran-\u0131 Kerim&#8217;de ismi ge\u00e7en ve \u00fc\u00e7 semavi din i\u00e7in de kutsal kabul edilen peygamberler aras\u0131nda yer al\u0131yor.<\/p>\n<p style=\"text-align: justify;\"><b><i>http:\/\/www.aa.com.tr\/tr\/haberler\/252854&#8211;21-yuzyil-turkiye-yuzyili-olacaktir<\/i><\/b><\/p>\n","protected":false},"excerpt":{"rendered":"<p>Ba\u015fbakan Erdo\u011fan, &#8221;21. y\u00fczy\u0131l T\u00fcrkiye y\u00fczy\u0131l\u0131 olacakt\u0131r. Biz h\u00fck\u00fcmet olarak bunu hedefliyoruz&#8221; dedi. Ba\u015fbakan Recep Tayyip Erdo\u011fan, &#8221;T\u00fcrkiye&#8217;nin \u00f6n\u00fcnde Allah&#8217;\u0131n izniyle hi\u00e7bir g\u00fc\u00e7 duramayacak. 21. y\u00fczy\u0131l, T\u00fcrkiye y\u00fczy\u0131l\u0131 olacakt\u0131r. Biz h\u00fck\u00fcmet olarak bunu hedefliyoruz&#8221; dedi. Ergani&#8217;deki toplu a\u00e7\u0131l\u0131\u015f t\u00f6reninde konu\u015fanBa\u015fbakan Erdo\u011fan, Milli E\u011fitim Bakanl\u0131\u011f\u0131&#8217;nca yap\u0131lan 11 derslik, TOK\u0130&#8217;nin in\u015fa etti\u011fi\u00a0144 konut,\u00a0stabilize yol, i\u00e7mesuyu gibi farkl\u0131 [&hellip;]<\/p>\n","protected":false},"author":7,"featured_media":0,"comment_status":"open","ping_status":"open","sticky":false,"template":"","format":"standard","meta":{"footnotes":""},"categories":[1],"tags":[],"class_list":["post-26895","post","type-post","status-publish","format-standard","hentry","category-haberler"],"yoast_head":"<!-- This site is optimized with the Yoast SEO plugin v27.4 - https:\/\/yoast.com\/product\/yoast-seo-wordpress\/ -->\n<title>21. y\u00fczy\u0131l T\u00fcrkiye y\u00fczy\u0131l\u0131 olacakt\u0131r - Bati Ermenistan Ve Bati Ermenileri Sorunlari Ara\u015ftirmalar Merkezi<\/title>\n<meta name=\"robots\" content=\"index, follow, max-snippet:-1, max-image-preview:large, max-video-preview:-1\" \/>\n<link rel=\"canonical\" href=\"https:\/\/akunq.net\/tr\/?p=26895\" \/>\n<meta property=\"og:locale\" content=\"en_US\" \/>\n<meta property=\"og:type\" content=\"article\" \/>\n<meta property=\"og:title\" content=\"21. y\u00fczy\u0131l T\u00fcrkiye y\u00fczy\u0131l\u0131 olacakt\u0131r - Bati Ermenistan Ve Bati Ermenileri Sorunlari Ara\u015ftirmalar Merkezi\" \/>\n<meta property=\"og:description\" content=\"Ba\u015fbakan Erdo\u011fan, &#8221;21. y\u00fczy\u0131l T\u00fcrkiye y\u00fczy\u0131l\u0131 olacakt\u0131r. Biz h\u00fck\u00fcmet olarak bunu hedefliyoruz&#8221; dedi. Ba\u015fbakan Recep Tayyip Erdo\u011fan, &#8221;T\u00fcrkiye&#8217;nin \u00f6n\u00fcnde Allah&#8217;\u0131n izniyle hi\u00e7bir g\u00fc\u00e7 duramayacak. 21. y\u00fczy\u0131l, T\u00fcrkiye y\u00fczy\u0131l\u0131 olacakt\u0131r. Biz h\u00fck\u00fcmet olarak bunu hedefliyoruz&#8221; dedi. Ergani&#8217;deki toplu a\u00e7\u0131l\u0131\u015f t\u00f6reninde konu\u015fanBa\u015fbakan Erdo\u011fan, Milli E\u011fitim Bakanl\u0131\u011f\u0131&#8217;nca yap\u0131lan 11 derslik, TOK\u0130&#8217;nin in\u015fa etti\u011fi\u00a0144 konut,\u00a0stabilize yol, i\u00e7mesuyu gibi farkl\u0131 [&hellip;]\" \/>\n<meta property=\"og:url\" content=\"https:\/\/akunq.net\/tr\/?p=26895\" \/>\n<meta property=\"og:site_name\" content=\"Bati Ermenistan Ve Bati Ermenileri Sorunlari Ara\u015ftirmalar Merkezi\" \/>\n<meta property=\"article:published_time\" content=\"2013-11-18T07:05:46+00:00\" \/>\n<meta property=\"article:modified_time\" content=\"2013-11-18T07:06:07+00:00\" \/>\n<meta name=\"author\" content=\"admin\" \/>\n<meta name=\"twitter:card\" content=\"summary_large_image\" \/>\n<meta name=\"twitter:label1\" content=\"Written by\" \/>\n\t<meta name=\"twitter:data1\" content=\"admin\" \/>\n\t<meta name=\"twitter:label2\" content=\"Est. reading time\" \/>\n\t<meta name=\"twitter:data2\" content=\"9 minutes\" \/>\n<script type=\"application\/ld+json\" class=\"yoast-schema-graph\">{\"@context\":\"https:\\\/\\\/schema.org\",\"@graph\":[{\"@type\":\"Article\",\"@id\":\"https:\\\/\\\/akunq.net\\\/tr\\\/?p=26895#article\",\"isPartOf\":{\"@id\":\"https:\\\/\\\/akunq.net\\\/tr\\\/?p=26895\"},\"author\":{\"name\":\"admin\",\"@id\":\"https:\\\/\\\/akunq.net\\\/tr\\\/#\\\/schema\\\/person\\\/096f1d38a12cce57fb855b485ed24c9e\"},\"headline\":\"21. y\u00fczy\u0131l T\u00fcrkiye y\u00fczy\u0131l\u0131 olacakt\u0131r\",\"datePublished\":\"2013-11-18T07:05:46+00:00\",\"dateModified\":\"2013-11-18T07:06:07+00:00\",\"mainEntityOfPage\":{\"@id\":\"https:\\\/\\\/akunq.net\\\/tr\\\/?p=26895\"},\"wordCount\":1726,\"commentCount\":0,\"articleSection\":[\"Haberler\"],\"inLanguage\":\"en-US\",\"potentialAction\":[{\"@type\":\"CommentAction\",\"name\":\"Comment\",\"target\":[\"https:\\\/\\\/akunq.net\\\/tr\\\/?p=26895#respond\"]}]},{\"@type\":\"WebPage\",\"@id\":\"https:\\\/\\\/akunq.net\\\/tr\\\/?p=26895\",\"url\":\"https:\\\/\\\/akunq.net\\\/tr\\\/?p=26895\",\"name\":\"21. y\u00fczy\u0131l T\u00fcrkiye y\u00fczy\u0131l\u0131 olacakt\u0131r - Bati Ermenistan Ve Bati Ermenileri Sorunlari Ara\u015ftirmalar Merkezi\",\"isPartOf\":{\"@id\":\"https:\\\/\\\/akunq.net\\\/tr\\\/#website\"},\"datePublished\":\"2013-11-18T07:05:46+00:00\",\"dateModified\":\"2013-11-18T07:06:07+00:00\",\"author\":{\"@id\":\"https:\\\/\\\/akunq.net\\\/tr\\\/#\\\/schema\\\/person\\\/096f1d38a12cce57fb855b485ed24c9e\"},\"breadcrumb\":{\"@id\":\"https:\\\/\\\/akunq.net\\\/tr\\\/?p=26895#breadcrumb\"},\"inLanguage\":\"en-US\",\"potentialAction\":[{\"@type\":\"ReadAction\",\"target\":[\"https:\\\/\\\/akunq.net\\\/tr\\\/?p=26895\"]}]},{\"@type\":\"BreadcrumbList\",\"@id\":\"https:\\\/\\\/akunq.net\\\/tr\\\/?p=26895#breadcrumb\",\"itemListElement\":[{\"@type\":\"ListItem\",\"position\":1,\"name\":\"Home\",\"item\":\"https:\\\/\\\/akunq.net\\\/tr\"},{\"@type\":\"ListItem\",\"position\":2,\"name\":\"21. y\u00fczy\u0131l T\u00fcrkiye y\u00fczy\u0131l\u0131 olacakt\u0131r\"}]},{\"@type\":\"WebSite\",\"@id\":\"https:\\\/\\\/akunq.net\\\/tr\\\/#website\",\"url\":\"https:\\\/\\\/akunq.net\\\/tr\\\/\",\"name\":\"Bati Ermenistan Ve Bati Ermenileri Sorunlari Ara\u015ftirmalar Merkezi\",\"description\":\"\",\"potentialAction\":[{\"@type\":\"SearchAction\",\"target\":{\"@type\":\"EntryPoint\",\"urlTemplate\":\"https:\\\/\\\/akunq.net\\\/tr\\\/?s={search_term_string}\"},\"query-input\":{\"@type\":\"PropertyValueSpecification\",\"valueRequired\":true,\"valueName\":\"search_term_string\"}}],\"inLanguage\":\"en-US\"},{\"@type\":\"Person\",\"@id\":\"https:\\\/\\\/akunq.net\\\/tr\\\/#\\\/schema\\\/person\\\/096f1d38a12cce57fb855b485ed24c9e\",\"name\":\"admin\",\"url\":\"https:\\\/\\\/akunq.net\\\/tr\\\/?author=7\"}]}<\/script>\n<!-- \/ Yoast SEO plugin. -->","yoast_head_json":{"title":"21. y\u00fczy\u0131l T\u00fcrkiye y\u00fczy\u0131l\u0131 olacakt\u0131r - Bati Ermenistan Ve Bati Ermenileri Sorunlari Ara\u015ftirmalar Merkezi","robots":{"index":"index","follow":"follow","max-snippet":"max-snippet:-1","max-image-preview":"max-image-preview:large","max-video-preview":"max-video-preview:-1"},"canonical":"https:\/\/akunq.net\/tr\/?p=26895","og_locale":"en_US","og_type":"article","og_title":"21. y\u00fczy\u0131l T\u00fcrkiye y\u00fczy\u0131l\u0131 olacakt\u0131r - Bati Ermenistan Ve Bati Ermenileri Sorunlari Ara\u015ftirmalar Merkezi","og_description":"Ba\u015fbakan Erdo\u011fan, &#8221;21. y\u00fczy\u0131l T\u00fcrkiye y\u00fczy\u0131l\u0131 olacakt\u0131r. Biz h\u00fck\u00fcmet olarak bunu hedefliyoruz&#8221; dedi. Ba\u015fbakan Recep Tayyip Erdo\u011fan, &#8221;T\u00fcrkiye&#8217;nin \u00f6n\u00fcnde Allah&#8217;\u0131n izniyle hi\u00e7bir g\u00fc\u00e7 duramayacak. 21. y\u00fczy\u0131l, T\u00fcrkiye y\u00fczy\u0131l\u0131 olacakt\u0131r. Biz h\u00fck\u00fcmet olarak bunu hedefliyoruz&#8221; dedi. Ergani&#8217;deki toplu a\u00e7\u0131l\u0131\u015f t\u00f6reninde konu\u015fanBa\u015fbakan Erdo\u011fan, Milli E\u011fitim Bakanl\u0131\u011f\u0131&#8217;nca yap\u0131lan 11 derslik, TOK\u0130&#8217;nin in\u015fa etti\u011fi\u00a0144 konut,\u00a0stabilize yol, i\u00e7mesuyu gibi farkl\u0131 [&hellip;]","og_url":"https:\/\/akunq.net\/tr\/?p=26895","og_site_name":"Bati Ermenistan Ve Bati Ermenileri Sorunlari Ara\u015ftirmalar Merkezi","article_published_time":"2013-11-18T07:05:46+00:00","article_modified_time":"2013-11-18T07:06:07+00:00","author":"admin","twitter_card":"summary_large_image","twitter_misc":{"Written by":"admin","Est. reading time":"9 minutes"},"schema":{"@context":"https:\/\/schema.org","@graph":[{"@type":"Article","@id":"https:\/\/akunq.net\/tr\/?p=26895#article","isPartOf":{"@id":"https:\/\/akunq.net\/tr\/?p=26895"},"author":{"name":"admin","@id":"https:\/\/akunq.net\/tr\/#\/schema\/person\/096f1d38a12cce57fb855b485ed24c9e"},"headline":"21. y\u00fczy\u0131l T\u00fcrkiye y\u00fczy\u0131l\u0131 olacakt\u0131r","datePublished":"2013-11-18T07:05:46+00:00","dateModified":"2013-11-18T07:06:07+00:00","mainEntityOfPage":{"@id":"https:\/\/akunq.net\/tr\/?p=26895"},"wordCount":1726,"commentCount":0,"articleSection":["Haberler"],"inLanguage":"en-US","potentialAction":[{"@type":"CommentAction","name":"Comment","target":["https:\/\/akunq.net\/tr\/?p=26895#respond"]}]},{"@type":"WebPage","@id":"https:\/\/akunq.net\/tr\/?p=26895","url":"https:\/\/akunq.net\/tr\/?p=26895","name":"21. y\u00fczy\u0131l T\u00fcrkiye y\u00fczy\u0131l\u0131 olacakt\u0131r - Bati Ermenistan Ve Bati Ermenileri Sorunlari Ara\u015ftirmalar Merkezi","isPartOf":{"@id":"https:\/\/akunq.net\/tr\/#website"},"datePublished":"2013-11-18T07:05:46+00:00","dateModified":"2013-11-18T07:06:07+00:00","author":{"@id":"https:\/\/akunq.net\/tr\/#\/schema\/person\/096f1d38a12cce57fb855b485ed24c9e"},"breadcrumb":{"@id":"https:\/\/akunq.net\/tr\/?p=26895#breadcrumb"},"inLanguage":"en-US","potentialAction":[{"@type":"ReadAction","target":["https:\/\/akunq.net\/tr\/?p=26895"]}]},{"@type":"BreadcrumbList","@id":"https:\/\/akunq.net\/tr\/?p=26895#breadcrumb","itemListElement":[{"@type":"ListItem","position":1,"name":"Home","item":"https:\/\/akunq.net\/tr"},{"@type":"ListItem","position":2,"name":"21. y\u00fczy\u0131l T\u00fcrkiye y\u00fczy\u0131l\u0131 olacakt\u0131r"}]},{"@type":"WebSite","@id":"https:\/\/akunq.net\/tr\/#website","url":"https:\/\/akunq.net\/tr\/","name":"Bati Ermenistan Ve Bati Ermenileri Sorunlari Ara\u015ftirmalar Merkezi","description":"","potentialAction":[{"@type":"SearchAction","target":{"@type":"EntryPoint","urlTemplate":"https:\/\/akunq.net\/tr\/?s={search_term_string}"},"query-input":{"@type":"PropertyValueSpecification","valueRequired":true,"valueName":"search_term_string"}}],"inLanguage":"en-US"},{"@type":"Person","@id":"https:\/\/akunq.net\/tr\/#\/schema\/person\/096f1d38a12cce57fb855b485ed24c9e","name":"admin","url":"https:\/\/akunq.net\/tr\/?author=7"}]}},"_links":{"self":[{"href":"https:\/\/akunq.net\/tr\/index.php?rest_route=\/wp\/v2\/posts\/26895","targetHints":{"allow":["GET"]}}],"collection":[{"href":"https:\/\/akunq.net\/tr\/index.php?rest_route=\/wp\/v2\/posts"}],"about":[{"href":"https:\/\/akunq.net\/tr\/index.php?rest_route=\/wp\/v2\/types\/post"}],"author":[{"embeddable":true,"href":"https:\/\/akunq.net\/tr\/index.php?rest_route=\/wp\/v2\/users\/7"}],"replies":[{"embeddable":true,"href":"https:\/\/akunq.net\/tr\/index.php?rest_route=%2Fwp%2Fv2%2Fcomments&post=26895"}],"version-history":[{"count":2,"href":"https:\/\/akunq.net\/tr\/index.php?rest_route=\/wp\/v2\/posts\/26895\/revisions"}],"predecessor-version":[{"id":26898,"href":"https:\/\/akunq.net\/tr\/index.php?rest_route=\/wp\/v2\/posts\/26895\/revisions\/26898"}],"wp:attachment":[{"href":"https:\/\/akunq.net\/tr\/index.php?rest_route=%2Fwp%2Fv2%2Fmedia&parent=26895"}],"wp:term":[{"taxonomy":"category","embeddable":true,"href":"https:\/\/akunq.net\/tr\/index.php?rest_route=%2Fwp%2Fv2%2Fcategories&post=26895"},{"taxonomy":"post_tag","embeddable":true,"href":"https:\/\/akunq.net\/tr\/index.php?rest_route=%2Fwp%2Fv2%2Ftags&post=26895"}],"curies":[{"name":"wp","href":"https:\/\/api.w.org\/{rel}","templated":true}]}}