{"id":26871,"date":"2013-11-16T02:01:16","date_gmt":"2013-11-16T07:01:16","guid":{"rendered":"http:\/\/akunq.net\/tr\/?p=26871"},"modified":"2013-11-16T02:01:16","modified_gmt":"2013-11-16T07:01:16","slug":"andiniz-bizim-inkar-edilen-varligimizdi","status":"publish","type":"post","link":"https:\/\/akunq.net\/tr\/?p=26871","title":{"rendered":"And\u0131n\u0131z, bizim ink\u00e2r edilen varl\u0131\u011f\u0131m\u0131zd\u0131"},"content":{"rendered":"<p style=\"text-align: justify;\"><b><a href=\"http:\/\/akunq.net\/tr\/wp-content\/uploads\/2013\/11\/And\u0131n\u0131z.jpg\"><img loading=\"lazy\" decoding=\"async\" class=\"alignright size-full wp-image-26872\" alt=\"And\u0131n\u0131z\" src=\"http:\/\/akunq.net\/tr\/wp-content\/uploads\/2013\/11\/And\u0131n\u0131z.jpg\" width=\"280\" height=\"250\" \/><\/a>Jaklin \u00c7elik<\/b><\/p>\n<p style=\"text-align: justify;\"><b><i>Varl\u0131\u011f\u0131m\u0131z\u0131 her sabah t\u00fcm i\u00e7tenli\u011fimizle T\u00fcrk varl\u0131\u011f\u0131na arma\u011fan ediyorduk. Bunu da birbirimizle, kim daha sesli okuyacak yar\u0131\u015f\u0131na girerek yap\u0131yorduk. \u00c7\u00fcnk\u00fc Misak-\u0131 Milli s\u0131n\u0131rlar\u0131 i\u00e7erisinde onlar\u0131n &#8220;Ata&#8221; diye tap\u0131nd\u0131\u011f\u0131na bizim &#8220;Allah&#8221; diye tap\u0131nmam\u0131z gerekiyordu ki samimiyetimiz inand\u0131r\u0131c\u0131 olsun. And\u0131m\u0131z i\u015fte buydu: \u0130nk\u00e2r edilen varl\u0131\u011f\u0131m\u0131z be\u015f y\u0131l boyunca T\u00fcrk varl\u0131\u011f\u0131n\u0131n sirkesine yat\u0131r\u0131lacakt\u0131. Sonu\u00e7ta, k\u00fcp\u00fcn i\u00e7inden kimse organik bir T\u00fcrk \u00e7\u0131kmas\u0131n\u0131 beklemeyecekti, dama\u011fa hitap edecek hizmetk\u00e2r bir tur\u015fu tad\u0131nda olmam\u0131z k\u00e2fiydi. Bizim i\u00e7in tam bir trajedi olan 1915 bu and\u0131n g\u00f6lgesinde bir komediye d\u00f6n\u00fc\u015f\u00fcyordu fark\u0131nda olmasak da<br \/>\n<\/i><\/b><\/p>\n<p style=\"text-align: justify;\">\u0130lkokul son s\u0131n\u0131fta \u00e7ekilmi\u015f siyah-beyaz bir foto\u011fraf var elimde. S\u0131n\u0131f iki erkek dokuz k\u0131zdan ibaret. \u0130kinci s\u0131rada incecik boynumun \u00fczerindeki ba\u015f\u0131m gereksiz bir diklenme pozunda. 1800&#8217;lerin ortalar\u0131nda kurulmu\u015f Surp Mesropyan Okulu&#8217;nun merdiven basamaklar\u0131nday\u0131z. Hepimiz Kumkap\u0131, Balipa\u015fa ve Gedikpa\u015fa civar\u0131nda oturan ailelerin \u00e7ocuklar\u0131y\u0131z. Semtte faaliyet g\u00f6steren iki okul daha var. Bunlardan biri Bezciyan, di\u011feri ise Bo\u011fosyan Varvaryan. Aileler \u00e7ocuklar\u0131n\u0131 bu \u00fc\u00e7 okuldan birine g\u00f6nderiyor.<\/p>\n<p style=\"text-align: justify;\">Sene 1978-1980. Do\u011fudan gelen \u00e7ocuklar okullar\u0131 bereketlendiriyordu. Bunlar, b\u00fcy\u00fck k\u0131sm\u0131 Siirt-Sason&#8217;dan, Bitlis ve Mu\u015f&#8217;tan; \u00e7o\u011funlu\u011fu sekiz-on \u00e7ocuklu ailelerden kopup gelmi\u015flerdi. Ailelerin onlar\u0131 \u0130stanbul&#8217;a g\u00f6ndermelerinin iki \u00f6nemli sebebi vard\u0131. \u0130lki, ya\u015fad\u0131klar\u0131 b\u00f6lgede K\u00fcrt n\u00fcfusu i\u00e7indeki g\u00fcvenlik sorunu; ikincisi ise \u00e7ocuklar\u0131n kendi k\u00fclt\u00fcrleri i\u00e7inde yeti\u015fmeleri, dillerini, dinlerini \u00f6\u011frenmeleri, tan\u0131m yerindeyse &#8220;aile b\u00fcy\u00fckleri gibi&#8221;, kimliklerine cahil kalmamalar\u0131 arzusu idi. Ya\u015fam alanlar\u0131 darald\u0131k\u00e7a, ba\u015fta k\u0131z \u00e7ocuklar\u0131 birer-iki\u015fer \u0130stanbul&#8217;a yak\u0131n akrabalar\u0131n evlerine g\u00f6nderiliyor, ard\u0131ndan di\u011fer aile bireyleri geliyordu. K\u0131sacas\u0131 yeti\u015fmekte olan \u00e7ocuklar\u0131yla ilgili (ba\u015fta k\u0131z \u00e7ocuklar\u0131) gelecek kayg\u0131lar\u0131 onlar\u0131 \u0130stanbul&#8217;a gitmeye mecbur k\u0131l\u0131yordu. K\u0131sa veya uzun vaadede tablo bir \u015fekilde tamamlan\u0131yordu.<\/p>\n<p style=\"text-align: justify;\">Onlar\u0131n geli\u015fleri \u0130stanbul Ermeni toplumunu da hareketlendirmi\u015fti. Her ne kadar kendi i\u00e7inde s\u0131n\u0131fsal uyumsuzluklar, \u00f6telemeler ya\u015fansa da bu bulu\u015fma azalmakta olan \u0130stanbul Ermeni n\u00fcfusunu yok olmaktan kurtaracakt\u0131. Elbette ne \u0130stanbul&#8217;un orta s\u0131n\u0131f yerlileri ne de sonradan gelme olan bizler durumu bu \u015fekilde yorumlama meziyetine sahip de\u011fildik o g\u00fcnlerde. D\u0131\u015far\u0131dakiler bir an \u00f6nce buraya demir atmak istiyor, buradakiler de pa\u00e7ay\u0131 kurtarman\u0131n yollar\u0131n\u0131 ar\u0131yordu. K\u0131sacas\u0131 herkes bulundu\u011fu yerin derinle\u015fen a\u011fr\u0131s\u0131ndan bir ba\u015fka yere ka\u00e7arak kurtulmaya \u00e7al\u0131\u015f\u0131yordu.<\/p>\n<p style=\"text-align: justify;\">1980&#8217;lerin ba\u015f\u0131nda bizler, geldikleri k\u00f6y\u00fcn kokusunu \u00fczerlerinde ta\u015f\u0131yan \u00e7ocuklarla ayn\u0131 s\u0131ralar\u0131 payla\u015fmaya ba\u015flad\u0131k. \u00c7o\u011fu Ermeni ve Bat\u0131 men\u015feili isimlerin aras\u0131na \u0130rfanlar, Erdallar, Kezbanlar hatta Ay\u015fe ve Emineler kat\u0131lm\u0131\u015ft\u0131. Tam anlam\u0131yla yitik and\u0131n \u00e7ocuklar\u0131 ayn\u0131 potan\u0131n i\u00e7inde tekrar bulu\u015fmu\u015f,onlara bah\u015fedilircesine dayat\u0131lan And&#8217;\u0131 talim etmeye ba\u015flam\u0131\u015flard\u0131 hep bir a\u011f\u0131zdan. Varl\u0131\u011f\u0131m\u0131z\u0131 her sabah t\u00fcm i\u00e7tenli\u011fimizle T\u00fcrk varl\u0131\u011f\u0131na arma\u011fan ediyorduk. Bunu da birbirimizle, kim daha sesli okuyacak yar\u0131\u015f\u0131na girerek yap\u0131yorduk. \u00c7\u00fcnk\u00fc Misak-\u0131 Milli s\u0131n\u0131rlar\u0131 i\u00e7erisinde onlar\u0131n &#8220;Ata&#8221; diye tap\u0131nd\u0131\u011f\u0131na bizim &#8220;Allah&#8221; diye tap\u0131nmam\u0131z gerekiyordu ki samimiyetimiz inand\u0131r\u0131c\u0131 olsun.And\u0131m\u0131z i\u015fte buydu: \u0130nk\u00e2r edilen varl\u0131\u011f\u0131m\u0131z be\u015f y\u0131l boyunca T\u00fcrk varl\u0131\u011f\u0131n\u0131n sirkesine yat\u0131r\u0131lacakt\u0131. Sonu\u00e7ta, k\u00fcp\u00fcn i\u00e7inden kimse organik bir T\u00fcrk \u00e7\u0131kmas\u0131n\u0131 beklemeyecekti, dama\u011fa hitap edecek hizmetk\u00e2r bir tur\u015fu tad\u0131nda olmam\u0131z k\u00e2fiydi. Bizim i\u00e7in tam bir trajedi olan 1915 bu and\u0131n g\u00f6lgesinde bir komediye d\u00f6n\u00fc\u015f\u00fcyordu fark\u0131nda olmasak da.<\/p>\n<p style=\"text-align: justify;\">1980&#8217;lerin ortas\u0131nda \u00e7ocuk ba\u015f\u0131m\u0131za bir \u015feyler gelmeye ba\u015flad\u0131.Potan\u0131n i\u00e7indekilerin ayr\u0131\u015fma vakti gelmi\u015fti. K\u00fct\u00fcklerinde &#8220;M\u00fcsl\u00fcman&#8221; ibaresi ge\u00e7en \u00e7ocuklar art\u0131k Ermeni okullar\u0131na gidemeyecekti. Sicili, hasbelkader &#8220;temiz&#8221; olanlar ayn\u0131 okulda devam etti, di\u011ferlerinin ise devlet okullar\u0131na gitmeleri mecburi k\u0131l\u0131nd\u0131. O y\u0131l ilk veya ortaokuldan mezun olup da k\u00fct\u00fc\u011f\u00fcnde &#8220;sorun&#8221; olanlar bir daha Ermeni okulunun y\u00fcz\u00fcn\u00fc g\u00f6remedi. Bizler i\u00e7in o sayfa a\u00e7\u0131lmamak \u00fczere kapanm\u0131\u015ft\u0131. Peki,ne olmu\u015ftu da And\u0131m\u0131z&#8217;\u0131 bu kadar i\u00e7ten okuyan \u00e7ocuklar\u0131n ba\u015f\u0131na b\u00fct\u00fcn bunlar gelmi\u015fti? Kimse bilmiyordu. Zavall\u0131 annem Milli E\u011fitim Bakanl\u0131\u011f\u0131 onayl\u0131 bu dayatmay\u0131 okul y\u00f6netiminin bir uygulamas\u0131 olarak alg\u0131lad\u0131. M\u00fcd\u00fcrle, \u00f6\u011fretmenlerle ve de ula\u015fabildi\u011fi tek &#8216;resmi kurumun&#8217; temsilcisi muhtar Sabahat Han\u0131m&#8217;la kap\u0131\u015ft\u0131. Ama sonu\u00e7 de\u011fi\u015fmedi. Sonunda pes etti. \u00c7emberlita\u015f K\u0131z Lisesi ser\u00fcvenim yedinci s\u0131n\u0131fta kendi iste\u011fimle son buldu\u011funda, akl\u0131mda kalan an\u0131lar\u0131n i\u00e7inde iki y\u0131l boyunca \u00e7ocuklar\u0131n s\u0131k\u0131\u015ft\u0131rmas\u0131yla say\u0131s\u0131z defa getirdi\u011fim Kelime-i \u015eehadet ba\u015f k\u00f6\u015fedeki yerini koruyor.<\/p>\n<p style=\"text-align: justify;\">Devletin Ermeni okullar\u0131yla ilgili ald\u0131\u011f\u0131 bu karar amac\u0131na ula\u015fm\u0131\u015f, k\u0131sa s\u00fcre i\u00e7inde \u00f6\u011frencilerin azalmas\u0131ndan dolay\u0131 \u00f6nce Bo\u011fosyan Varvaryan, daha sonra da Surp Mesropyan Varjaran okulu kapanm\u0131\u015ft\u0131. Di\u011fer semt okullar\u0131nda da durum farkl\u0131 de\u011fildi&#8230; Okul binas\u0131 otuz y\u0131l\u0131 a\u015fk\u0131n s\u00fcredir kundurac\u0131 imalathanelerine ev sahipli\u011fi yap\u0131yor. Bu s\u00fcre\u00e7 zarf\u0131nda birka\u00e7 kez girip i\u00e7ini dola\u015fm\u0131\u015fl\u0131\u011f\u0131m var. Pencere pervazlar\u0131n\u0131n grisi, p\u00fct\u00fcrl\u00fc camlar, yer karolar\u0131,s\u0131n\u0131flar, tuvaletler, m\u00fcd\u00fcr ve \u00f6\u011fretmenler odas\u0131 amac\u0131ndan kopmu\u015f bir \u015fekilde ge\u00e7mi\u015f ikiy\u00fcz y\u0131l\u0131n yas\u0131n\u0131 tutar gibiydi. Bir zamanlar \u00e7ocuklar\u0131n cirit att\u0131\u011f\u0131 koridorlarda kap\u0131lar\u0131n gerisinde kundurac\u0131 \u00f6rslerini d\u00f6ven \u00e7eki\u00e7 sesleri yank\u0131lan\u0131yordu. Bir de \u00e7ocuklar\u0131n \u0130stiklal Mar\u015f\u0131 ve And\u0131m\u0131z&#8217;\u0131 okudu\u011fu giri\u015fteki b\u00fcy\u00fck salonda her \u015fey b\u0131rakt\u0131\u011f\u0131m\u0131z gibiydi sanki. \u0130\u015fte o b\u00fcy\u00fck mek\u00e2nda tuhaf bir rayiha sal\u0131nmaya devam ediyordu.Bahsetti\u011fim foto\u011fraf da o salondaki merdiven basamaklar\u0131nda \u00e7ekilmi\u015fti. O y\u00fczden foto\u011fraftaki boynuma o kadar tak\u0131\u011f\u0131m. Ba\u015f\u0131m\u0131z dik, sesimiz g\u00fcr \u00e7\u0131kacakt\u0131. Yoksa devletin ve T\u00fcrkl\u00fc\u011f\u00fcn o g\u00fcnah yuvas\u0131ndaki bek\u00e7ileri olan m\u00fcd\u00fcr yard\u0131mc\u0131lar\u0131 \u00e7\u0131kan o c\u0131l\u0131z sesi toparlamas\u0131n\u0131 bilirdi.<\/p>\n<p style=\"text-align: justify;\">Her sabah T\u00fcrkl\u00fck and\u0131 i\u00e7irterek i\u00e7ine T\u00fcrkl\u00fck mayas\u0131 \u00e7al\u0131nmayacak \u00e7ocuklar ya\u015f\u0131yor bu \u00fclkede. Birileri bunun fark\u0131na ger\u00e7ekten vard\u0131 m\u0131 yoksa varm\u0131\u015f gibi mi yapt\u0131, kestirmek zor. Sonu\u00e7ta o \u00e7ocuklar\u0131n her gece uyumadan \u00f6nce kendi kimliklerini i\u00e7ip, uykuda b\u00fcy\u00fcd\u00fckleri ger\u00e7e\u011fini kim de\u011fi\u015ftirebilir ki?&#8230;<\/p>\n<p style=\"text-align: justify;\"><b><i>http:\/\/hyetert.blogspot.com\/2013\/11\/andnzbizim-inkar-edilen-varlgmzd.html<\/i><\/b><\/p>\n","protected":false},"excerpt":{"rendered":"<p>Jaklin \u00c7elik Varl\u0131\u011f\u0131m\u0131z\u0131 her sabah t\u00fcm i\u00e7tenli\u011fimizle T\u00fcrk varl\u0131\u011f\u0131na arma\u011fan ediyorduk. Bunu da birbirimizle, kim daha sesli okuyacak yar\u0131\u015f\u0131na girerek yap\u0131yorduk. \u00c7\u00fcnk\u00fc Misak-\u0131 Milli s\u0131n\u0131rlar\u0131 i\u00e7erisinde onlar\u0131n &#8220;Ata&#8221; diye tap\u0131nd\u0131\u011f\u0131na bizim &#8220;Allah&#8221; diye tap\u0131nmam\u0131z gerekiyordu ki samimiyetimiz inand\u0131r\u0131c\u0131 olsun. And\u0131m\u0131z i\u015fte buydu: \u0130nk\u00e2r edilen varl\u0131\u011f\u0131m\u0131z be\u015f y\u0131l boyunca T\u00fcrk varl\u0131\u011f\u0131n\u0131n sirkesine yat\u0131r\u0131lacakt\u0131. Sonu\u00e7ta, k\u00fcp\u00fcn i\u00e7inden [&hellip;]<\/p>\n","protected":false},"author":7,"featured_media":0,"comment_status":"open","ping_status":"open","sticky":false,"template":"","format":"standard","meta":{"footnotes":""},"categories":[1],"tags":[],"class_list":["post-26871","post","type-post","status-publish","format-standard","hentry","category-haberler"],"yoast_head":"<!-- This site is optimized with the Yoast SEO plugin v27.4 - https:\/\/yoast.com\/product\/yoast-seo-wordpress\/ -->\n<title>And\u0131n\u0131z, bizim ink\u00e2r edilen varl\u0131\u011f\u0131m\u0131zd\u0131 - Bati Ermenistan Ve Bati Ermenileri Sorunlari Ara\u015ftirmalar Merkezi<\/title>\n<meta name=\"robots\" content=\"index, follow, max-snippet:-1, max-image-preview:large, max-video-preview:-1\" \/>\n<link rel=\"canonical\" href=\"https:\/\/akunq.net\/tr\/?p=26871\" \/>\n<meta property=\"og:locale\" content=\"en_US\" \/>\n<meta property=\"og:type\" content=\"article\" \/>\n<meta property=\"og:title\" content=\"And\u0131n\u0131z, bizim ink\u00e2r edilen varl\u0131\u011f\u0131m\u0131zd\u0131 - Bati Ermenistan Ve Bati Ermenileri Sorunlari Ara\u015ftirmalar Merkezi\" \/>\n<meta property=\"og:description\" content=\"Jaklin \u00c7elik Varl\u0131\u011f\u0131m\u0131z\u0131 her sabah t\u00fcm i\u00e7tenli\u011fimizle T\u00fcrk varl\u0131\u011f\u0131na arma\u011fan ediyorduk. Bunu da birbirimizle, kim daha sesli okuyacak yar\u0131\u015f\u0131na girerek yap\u0131yorduk. \u00c7\u00fcnk\u00fc Misak-\u0131 Milli s\u0131n\u0131rlar\u0131 i\u00e7erisinde onlar\u0131n &#8220;Ata&#8221; diye tap\u0131nd\u0131\u011f\u0131na bizim &#8220;Allah&#8221; diye tap\u0131nmam\u0131z gerekiyordu ki samimiyetimiz inand\u0131r\u0131c\u0131 olsun. And\u0131m\u0131z i\u015fte buydu: \u0130nk\u00e2r edilen varl\u0131\u011f\u0131m\u0131z be\u015f y\u0131l boyunca T\u00fcrk varl\u0131\u011f\u0131n\u0131n sirkesine yat\u0131r\u0131lacakt\u0131. Sonu\u00e7ta, k\u00fcp\u00fcn i\u00e7inden [&hellip;]\" \/>\n<meta property=\"og:url\" content=\"https:\/\/akunq.net\/tr\/?p=26871\" \/>\n<meta property=\"og:site_name\" content=\"Bati Ermenistan Ve Bati Ermenileri Sorunlari Ara\u015ftirmalar Merkezi\" \/>\n<meta property=\"article:published_time\" content=\"2013-11-16T07:01:16+00:00\" \/>\n<meta name=\"author\" content=\"admin\" \/>\n<meta name=\"twitter:card\" content=\"summary_large_image\" \/>\n<meta name=\"twitter:label1\" content=\"Written by\" \/>\n\t<meta name=\"twitter:data1\" content=\"admin\" \/>\n\t<meta name=\"twitter:label2\" content=\"Est. reading time\" \/>\n\t<meta name=\"twitter:data2\" content=\"6 minutes\" \/>\n<script type=\"application\/ld+json\" class=\"yoast-schema-graph\">{\"@context\":\"https:\\\/\\\/schema.org\",\"@graph\":[{\"@type\":\"Article\",\"@id\":\"https:\\\/\\\/akunq.net\\\/tr\\\/?p=26871#article\",\"isPartOf\":{\"@id\":\"https:\\\/\\\/akunq.net\\\/tr\\\/?p=26871\"},\"author\":{\"name\":\"admin\",\"@id\":\"https:\\\/\\\/akunq.net\\\/tr\\\/#\\\/schema\\\/person\\\/096f1d38a12cce57fb855b485ed24c9e\"},\"headline\":\"And\u0131n\u0131z, bizim ink\u00e2r edilen varl\u0131\u011f\u0131m\u0131zd\u0131\",\"datePublished\":\"2013-11-16T07:01:16+00:00\",\"mainEntityOfPage\":{\"@id\":\"https:\\\/\\\/akunq.net\\\/tr\\\/?p=26871\"},\"wordCount\":1183,\"commentCount\":0,\"articleSection\":[\"Haberler\"],\"inLanguage\":\"en-US\",\"potentialAction\":[{\"@type\":\"CommentAction\",\"name\":\"Comment\",\"target\":[\"https:\\\/\\\/akunq.net\\\/tr\\\/?p=26871#respond\"]}]},{\"@type\":\"WebPage\",\"@id\":\"https:\\\/\\\/akunq.net\\\/tr\\\/?p=26871\",\"url\":\"https:\\\/\\\/akunq.net\\\/tr\\\/?p=26871\",\"name\":\"And\u0131n\u0131z, bizim ink\u00e2r edilen varl\u0131\u011f\u0131m\u0131zd\u0131 - Bati Ermenistan Ve Bati Ermenileri Sorunlari Ara\u015ftirmalar Merkezi\",\"isPartOf\":{\"@id\":\"https:\\\/\\\/akunq.net\\\/tr\\\/#website\"},\"datePublished\":\"2013-11-16T07:01:16+00:00\",\"author\":{\"@id\":\"https:\\\/\\\/akunq.net\\\/tr\\\/#\\\/schema\\\/person\\\/096f1d38a12cce57fb855b485ed24c9e\"},\"breadcrumb\":{\"@id\":\"https:\\\/\\\/akunq.net\\\/tr\\\/?p=26871#breadcrumb\"},\"inLanguage\":\"en-US\",\"potentialAction\":[{\"@type\":\"ReadAction\",\"target\":[\"https:\\\/\\\/akunq.net\\\/tr\\\/?p=26871\"]}]},{\"@type\":\"BreadcrumbList\",\"@id\":\"https:\\\/\\\/akunq.net\\\/tr\\\/?p=26871#breadcrumb\",\"itemListElement\":[{\"@type\":\"ListItem\",\"position\":1,\"name\":\"Home\",\"item\":\"https:\\\/\\\/akunq.net\\\/tr\"},{\"@type\":\"ListItem\",\"position\":2,\"name\":\"And\u0131n\u0131z, bizim ink\u00e2r edilen varl\u0131\u011f\u0131m\u0131zd\u0131\"}]},{\"@type\":\"WebSite\",\"@id\":\"https:\\\/\\\/akunq.net\\\/tr\\\/#website\",\"url\":\"https:\\\/\\\/akunq.net\\\/tr\\\/\",\"name\":\"Bati Ermenistan Ve Bati Ermenileri Sorunlari Ara\u015ftirmalar Merkezi\",\"description\":\"\",\"potentialAction\":[{\"@type\":\"SearchAction\",\"target\":{\"@type\":\"EntryPoint\",\"urlTemplate\":\"https:\\\/\\\/akunq.net\\\/tr\\\/?s={search_term_string}\"},\"query-input\":{\"@type\":\"PropertyValueSpecification\",\"valueRequired\":true,\"valueName\":\"search_term_string\"}}],\"inLanguage\":\"en-US\"},{\"@type\":\"Person\",\"@id\":\"https:\\\/\\\/akunq.net\\\/tr\\\/#\\\/schema\\\/person\\\/096f1d38a12cce57fb855b485ed24c9e\",\"name\":\"admin\",\"url\":\"https:\\\/\\\/akunq.net\\\/tr\\\/?author=7\"}]}<\/script>\n<!-- \/ Yoast SEO plugin. -->","yoast_head_json":{"title":"And\u0131n\u0131z, bizim ink\u00e2r edilen varl\u0131\u011f\u0131m\u0131zd\u0131 - Bati Ermenistan Ve Bati Ermenileri Sorunlari Ara\u015ftirmalar Merkezi","robots":{"index":"index","follow":"follow","max-snippet":"max-snippet:-1","max-image-preview":"max-image-preview:large","max-video-preview":"max-video-preview:-1"},"canonical":"https:\/\/akunq.net\/tr\/?p=26871","og_locale":"en_US","og_type":"article","og_title":"And\u0131n\u0131z, bizim ink\u00e2r edilen varl\u0131\u011f\u0131m\u0131zd\u0131 - Bati Ermenistan Ve Bati Ermenileri Sorunlari Ara\u015ftirmalar Merkezi","og_description":"Jaklin \u00c7elik Varl\u0131\u011f\u0131m\u0131z\u0131 her sabah t\u00fcm i\u00e7tenli\u011fimizle T\u00fcrk varl\u0131\u011f\u0131na arma\u011fan ediyorduk. Bunu da birbirimizle, kim daha sesli okuyacak yar\u0131\u015f\u0131na girerek yap\u0131yorduk. \u00c7\u00fcnk\u00fc Misak-\u0131 Milli s\u0131n\u0131rlar\u0131 i\u00e7erisinde onlar\u0131n &#8220;Ata&#8221; diye tap\u0131nd\u0131\u011f\u0131na bizim &#8220;Allah&#8221; diye tap\u0131nmam\u0131z gerekiyordu ki samimiyetimiz inand\u0131r\u0131c\u0131 olsun. And\u0131m\u0131z i\u015fte buydu: \u0130nk\u00e2r edilen varl\u0131\u011f\u0131m\u0131z be\u015f y\u0131l boyunca T\u00fcrk varl\u0131\u011f\u0131n\u0131n sirkesine yat\u0131r\u0131lacakt\u0131. Sonu\u00e7ta, k\u00fcp\u00fcn i\u00e7inden [&hellip;]","og_url":"https:\/\/akunq.net\/tr\/?p=26871","og_site_name":"Bati Ermenistan Ve Bati Ermenileri Sorunlari Ara\u015ftirmalar Merkezi","article_published_time":"2013-11-16T07:01:16+00:00","author":"admin","twitter_card":"summary_large_image","twitter_misc":{"Written by":"admin","Est. reading time":"6 minutes"},"schema":{"@context":"https:\/\/schema.org","@graph":[{"@type":"Article","@id":"https:\/\/akunq.net\/tr\/?p=26871#article","isPartOf":{"@id":"https:\/\/akunq.net\/tr\/?p=26871"},"author":{"name":"admin","@id":"https:\/\/akunq.net\/tr\/#\/schema\/person\/096f1d38a12cce57fb855b485ed24c9e"},"headline":"And\u0131n\u0131z, bizim ink\u00e2r edilen varl\u0131\u011f\u0131m\u0131zd\u0131","datePublished":"2013-11-16T07:01:16+00:00","mainEntityOfPage":{"@id":"https:\/\/akunq.net\/tr\/?p=26871"},"wordCount":1183,"commentCount":0,"articleSection":["Haberler"],"inLanguage":"en-US","potentialAction":[{"@type":"CommentAction","name":"Comment","target":["https:\/\/akunq.net\/tr\/?p=26871#respond"]}]},{"@type":"WebPage","@id":"https:\/\/akunq.net\/tr\/?p=26871","url":"https:\/\/akunq.net\/tr\/?p=26871","name":"And\u0131n\u0131z, bizim ink\u00e2r edilen varl\u0131\u011f\u0131m\u0131zd\u0131 - Bati Ermenistan Ve Bati Ermenileri Sorunlari Ara\u015ftirmalar Merkezi","isPartOf":{"@id":"https:\/\/akunq.net\/tr\/#website"},"datePublished":"2013-11-16T07:01:16+00:00","author":{"@id":"https:\/\/akunq.net\/tr\/#\/schema\/person\/096f1d38a12cce57fb855b485ed24c9e"},"breadcrumb":{"@id":"https:\/\/akunq.net\/tr\/?p=26871#breadcrumb"},"inLanguage":"en-US","potentialAction":[{"@type":"ReadAction","target":["https:\/\/akunq.net\/tr\/?p=26871"]}]},{"@type":"BreadcrumbList","@id":"https:\/\/akunq.net\/tr\/?p=26871#breadcrumb","itemListElement":[{"@type":"ListItem","position":1,"name":"Home","item":"https:\/\/akunq.net\/tr"},{"@type":"ListItem","position":2,"name":"And\u0131n\u0131z, bizim ink\u00e2r edilen varl\u0131\u011f\u0131m\u0131zd\u0131"}]},{"@type":"WebSite","@id":"https:\/\/akunq.net\/tr\/#website","url":"https:\/\/akunq.net\/tr\/","name":"Bati Ermenistan Ve Bati Ermenileri Sorunlari Ara\u015ftirmalar Merkezi","description":"","potentialAction":[{"@type":"SearchAction","target":{"@type":"EntryPoint","urlTemplate":"https:\/\/akunq.net\/tr\/?s={search_term_string}"},"query-input":{"@type":"PropertyValueSpecification","valueRequired":true,"valueName":"search_term_string"}}],"inLanguage":"en-US"},{"@type":"Person","@id":"https:\/\/akunq.net\/tr\/#\/schema\/person\/096f1d38a12cce57fb855b485ed24c9e","name":"admin","url":"https:\/\/akunq.net\/tr\/?author=7"}]}},"_links":{"self":[{"href":"https:\/\/akunq.net\/tr\/index.php?rest_route=\/wp\/v2\/posts\/26871","targetHints":{"allow":["GET"]}}],"collection":[{"href":"https:\/\/akunq.net\/tr\/index.php?rest_route=\/wp\/v2\/posts"}],"about":[{"href":"https:\/\/akunq.net\/tr\/index.php?rest_route=\/wp\/v2\/types\/post"}],"author":[{"embeddable":true,"href":"https:\/\/akunq.net\/tr\/index.php?rest_route=\/wp\/v2\/users\/7"}],"replies":[{"embeddable":true,"href":"https:\/\/akunq.net\/tr\/index.php?rest_route=%2Fwp%2Fv2%2Fcomments&post=26871"}],"version-history":[{"count":1,"href":"https:\/\/akunq.net\/tr\/index.php?rest_route=\/wp\/v2\/posts\/26871\/revisions"}],"predecessor-version":[{"id":26873,"href":"https:\/\/akunq.net\/tr\/index.php?rest_route=\/wp\/v2\/posts\/26871\/revisions\/26873"}],"wp:attachment":[{"href":"https:\/\/akunq.net\/tr\/index.php?rest_route=%2Fwp%2Fv2%2Fmedia&parent=26871"}],"wp:term":[{"taxonomy":"category","embeddable":true,"href":"https:\/\/akunq.net\/tr\/index.php?rest_route=%2Fwp%2Fv2%2Fcategories&post=26871"},{"taxonomy":"post_tag","embeddable":true,"href":"https:\/\/akunq.net\/tr\/index.php?rest_route=%2Fwp%2Fv2%2Ftags&post=26871"}],"curies":[{"name":"wp","href":"https:\/\/api.w.org\/{rel}","templated":true}]}}