{"id":26848,"date":"2013-11-15T02:24:26","date_gmt":"2013-11-15T07:24:26","guid":{"rendered":"http:\/\/akunq.net\/tr\/?p=26848"},"modified":"2013-11-15T02:24:26","modified_gmt":"2013-11-15T07:24:26","slug":"tasnaklar-92-yil-sonra-istanbulda","status":"publish","type":"post","link":"https:\/\/akunq.net\/tr\/?p=26848","title":{"rendered":"Ta\u015fnaklar 92 y\u0131l sonra \u0130stanbul\u2019da"},"content":{"rendered":"<p style=\"text-align: justify;\"><b><a href=\"http:\/\/akunq.net\/tr\/wp-content\/uploads\/2013\/11\/Ta\u015fnaklar-92-y\u0131l-sonra-\u0130stanbul\u2019da.jpg\"><img loading=\"lazy\" decoding=\"async\" class=\"alignright size-medium wp-image-26849\" alt=\"Ta\u015fnaklar 92 y\u0131l sonra \u0130stanbul\u2019da\" src=\"http:\/\/akunq.net\/tr\/wp-content\/uploads\/2013\/11\/Ta\u015fnaklar-92-y\u0131l-sonra-\u0130stanbul\u2019da-300x202.jpg\" width=\"300\" height=\"202\" srcset=\"https:\/\/akunq.net\/tr\/wp-content\/uploads\/sites\/6\/2013\/11\/Ta\u015fnaklar-92-y\u0131l-sonra-\u0130stanbul\u2019da-300x202.jpg 300w, https:\/\/akunq.net\/tr\/wp-content\/uploads\/sites\/6\/2013\/11\/Ta\u015fnaklar-92-y\u0131l-sonra-\u0130stanbul\u2019da.jpg 593w\" sizes=\"auto, (max-width: 300px) 100vw, 300px\" \/><\/a>PAKRAT ESTUKYAN<\/b><\/p>\n<p style=\"text-align: justify;\"><b><i>CHP\u2019nin ev sahipli\u011finde ge\u00e7en haftasonu \u0130stanbul\u2019da ger\u00e7ekle\u015ftirilen Sosyalist Enternasyonal toplant\u0131s\u0131na kat\u0131lmak \u00fczere Ermeni Devrimci Federasyonu (EDF) Partisi (Ta\u015fnaktsutyun) temsilcileri \u0130stanbul\u2019a geldiler.<\/i><\/b><\/p>\n<p style=\"text-align: justify;\">CHP\u2019nin ev sahipli\u011finde ge\u00e7en haftasonu \u0130stanbul\u2019da ger\u00e7ekle\u015ftirilen Sosyalist Enternasyonal toplant\u0131s\u0131na kat\u0131lmak \u00fczere Ermeni Devrimci Federasyonu (EDF) Partisi (Ta\u015fnaktsutyun) \u00a0temsilcileri \u0130stanbul\u2019a geldiler. Toplant\u0131ya Arjantin\u2019den kat\u0131lan Mario Nalbantyan partinin merkez b\u00fcrosu y\u00f6neticilerinden. Nalpatian ayr\u0131ca Sosyalist Enternasyonal\u2019in de ikinci ba\u015fkanl\u0131\u011f\u0131n\u0131 s\u00fcrd\u00fcr\u00fcyor. Ermenistan\u2019dan kat\u0131lan Giro Manoyan ise parti b\u00fcrosunun \u2018Ermeni Davas\u0131 ve Siyasi Sorunlar\u2019 b\u00f6l\u00fcm\u00fc y\u00f6neticisi.<\/p>\n<p style=\"text-align: justify;\"><b>K\u0131l\u0131\u00e7daro\u011flu\u2019nun yorumu<\/b><\/p>\n<p style=\"text-align: justify;\">10 Kas\u0131m Pazar g\u00fcn\u00fc ger\u00e7ekle\u015ftirilen ve EDF\u2019nin de \u00fcye oldu\u011fu Sosyalist Enternasyonal Finans ve Y\u00f6netim Komisyonu toplant\u0131s\u0131nda, te\u015fkilat\u0131n mali durumu g\u00f6zden ge\u00e7irilerek, 2014\u2019\u00fcn tahmini b\u00fct\u00e7esi olu\u015fturuldu. Ayn\u0131 g\u00fcn\u00fcn ak\u015fam\u0131nda ise ba\u015fkanl\u0131k oturumu topland\u0131. YorgoPapandreu\u2019nun ba\u015fkanl\u0131\u011f\u0131nda s\u00fcrd\u00fcr\u00fclen bu oturumda, uluslararas\u0131 siyasi geli\u015fmeler ve \u00f6rg\u00fct\u00fcn stratejileri tart\u0131\u015f\u0131ld\u0131. Bu toplant\u0131da ev sahibi konumundaki CHP Genel Ba\u015fkan\u0131 ve Sosyalist Enternasyonal Ba\u015fkan Yard\u0131mc\u0131s\u0131 Kemal K\u0131l\u0131\u00e7daro\u011flu da kat\u0131ld\u0131. K\u0131l\u0131\u00e7daro\u011flu, burada yapt\u0131\u011f\u0131 konu\u015fmada EDF\u2019nin \u0130stanbul\u2019daki toplant\u0131ya kat\u0131l\u0131\u015f\u0131n\u0131 tarihi bir d\u00f6n\u00fcm noktas\u0131 olarak de\u011ferlendirdi ve \u201cHerkesin bildi\u011fi sebeplerden \u00f6t\u00fcr\u00fc 92 y\u0131l sonra ger\u00e7ekle\u015fen bu bulu\u015fma, tarihi bir anlam ifade ediyor\u201d dedi.<\/p>\n<p style=\"text-align: justify;\">Sosyalist Enternasyonal\u2019in ikinci g\u00fcn\u00fcne ise Gezi olaylar\u0131n\u0131n yans\u0131malar\u0131 damgas\u0131n\u0131 vurdu. Barkovizyon g\u00f6r\u00fcnt\u00fcleriyle desteklenen bu b\u00f6l\u00fcmde, Gezi eylemcileri de s\u00f6z ald\u0131lar. G\u00fcn\u00fcn ba\u015fl\u0131ca g\u00fcndemi ise Ortado\u011fu ve Kuzey Afrika\u2019daki demokrasi m\u00fccadeleleri ve bu m\u00fccadelelerin yol a\u00e7t\u0131\u011f\u0131 siyasi \u00e7alkant\u0131lar oldu.<\/p>\n<p style=\"text-align: justify;\">Ta\u015fnaktsutyun delegeleri toplant\u0131lardan sonra Agos\u2019u ziyaret ederek gazetemiz Genel Yay\u0131n Y\u00f6netmeni RoberKopta\u015f ve di\u011fer \u00e7al\u0131\u015fanlarla g\u00f6r\u00fc\u015ft\u00fcler. Bu g\u00f6r\u00fc\u015fmelerde T\u00fcrkiye Ermenilerinin mevcut sorunlar\u0131na dair bilgi alan Nalpatianve Manoyan, g\u00f6r\u00fc\u015fmenin ard\u0131ndan Ermeni K\u00fclt\u00fcr ve Dayan\u0131\u015fma Derne\u011fi\u2019ni de ziyaret ettiler.<\/p>\n<p style=\"text-align: justify;\">EDF temsilcileri, BDP ile k\u0131sa bir s\u00fcre \u00f6nce Washington\u2019da yap\u0131lan ilk temas\u0131n ard\u0131ndan Sosyalist Enternasyonal toplant\u0131s\u0131 \u00e7er\u00e7evesinde de g\u00f6r\u00fc\u015fmeler yap\u0131ld\u0131\u011f\u0131n\u0131 aktard\u0131. Manoyan ve Nalpatian, BDP ile olumlu bir ili\u015fki i\u00e7inde olduklar\u0131n\u0131, \u201ctan\u0131\u015fma\u201d anlam\u0131n\u0131 ta\u015f\u0131yan bu ilk toplant\u0131lardan sonra gelecekte somut baz\u0131 projeler geli\u015ftirmeyi umduklar\u0131n\u0131 ifade ettiler.<\/p>\n<p style=\"text-align: justify;\"><b><i>http:\/\/www.agos.com.tr\/haber.php?seo=tasnaklar-92-yil-sonra-istanbulda&amp;haberid=6132<\/i><\/b><\/p>\n","protected":false},"excerpt":{"rendered":"<p>PAKRAT ESTUKYAN CHP\u2019nin ev sahipli\u011finde ge\u00e7en haftasonu \u0130stanbul\u2019da ger\u00e7ekle\u015ftirilen Sosyalist Enternasyonal toplant\u0131s\u0131na kat\u0131lmak \u00fczere Ermeni Devrimci Federasyonu (EDF) Partisi (Ta\u015fnaktsutyun) temsilcileri \u0130stanbul\u2019a geldiler. CHP\u2019nin ev sahipli\u011finde ge\u00e7en haftasonu \u0130stanbul\u2019da ger\u00e7ekle\u015ftirilen Sosyalist Enternasyonal toplant\u0131s\u0131na kat\u0131lmak \u00fczere Ermeni Devrimci Federasyonu (EDF) Partisi (Ta\u015fnaktsutyun) \u00a0temsilcileri \u0130stanbul\u2019a geldiler. Toplant\u0131ya Arjantin\u2019den kat\u0131lan Mario Nalbantyan partinin merkez b\u00fcrosu y\u00f6neticilerinden. Nalpatian ayr\u0131ca [&hellip;]<\/p>\n","protected":false},"author":7,"featured_media":0,"comment_status":"open","ping_status":"open","sticky":false,"template":"","format":"standard","meta":{"footnotes":""},"categories":[1],"tags":[],"class_list":["post-26848","post","type-post","status-publish","format-standard","hentry","category-haberler"],"yoast_head":"<!-- This site is optimized with the Yoast SEO plugin v27.4 - https:\/\/yoast.com\/product\/yoast-seo-wordpress\/ -->\n<title>Ta\u015fnaklar 92 y\u0131l sonra \u0130stanbul\u2019da - Bati Ermenistan Ve Bati Ermenileri Sorunlari Ara\u015ftirmalar Merkezi<\/title>\n<meta name=\"robots\" content=\"index, follow, max-snippet:-1, max-image-preview:large, max-video-preview:-1\" \/>\n<link rel=\"canonical\" href=\"https:\/\/akunq.net\/tr\/?p=26848\" \/>\n<meta property=\"og:locale\" content=\"en_US\" \/>\n<meta property=\"og:type\" content=\"article\" \/>\n<meta property=\"og:title\" content=\"Ta\u015fnaklar 92 y\u0131l sonra \u0130stanbul\u2019da - Bati Ermenistan Ve Bati Ermenileri Sorunlari Ara\u015ftirmalar Merkezi\" \/>\n<meta property=\"og:description\" content=\"PAKRAT ESTUKYAN CHP\u2019nin ev sahipli\u011finde ge\u00e7en haftasonu \u0130stanbul\u2019da ger\u00e7ekle\u015ftirilen Sosyalist Enternasyonal toplant\u0131s\u0131na kat\u0131lmak \u00fczere Ermeni Devrimci Federasyonu (EDF) Partisi (Ta\u015fnaktsutyun) temsilcileri \u0130stanbul\u2019a geldiler. CHP\u2019nin ev sahipli\u011finde ge\u00e7en haftasonu \u0130stanbul\u2019da ger\u00e7ekle\u015ftirilen Sosyalist Enternasyonal toplant\u0131s\u0131na kat\u0131lmak \u00fczere Ermeni Devrimci Federasyonu (EDF) Partisi (Ta\u015fnaktsutyun) \u00a0temsilcileri \u0130stanbul\u2019a geldiler. Toplant\u0131ya Arjantin\u2019den kat\u0131lan Mario Nalbantyan partinin merkez b\u00fcrosu y\u00f6neticilerinden. Nalpatian ayr\u0131ca [&hellip;]\" \/>\n<meta property=\"og:url\" content=\"https:\/\/akunq.net\/tr\/?p=26848\" \/>\n<meta property=\"og:site_name\" content=\"Bati Ermenistan Ve Bati Ermenileri Sorunlari Ara\u015ftirmalar Merkezi\" \/>\n<meta property=\"article:published_time\" content=\"2013-11-15T07:24:26+00:00\" \/>\n<meta name=\"author\" content=\"admin\" \/>\n<meta name=\"twitter:card\" content=\"summary_large_image\" \/>\n<meta name=\"twitter:label1\" content=\"Written by\" \/>\n\t<meta name=\"twitter:data1\" content=\"admin\" \/>\n\t<meta name=\"twitter:label2\" content=\"Est. reading time\" \/>\n\t<meta name=\"twitter:data2\" content=\"2 minutes\" \/>\n<script type=\"application\/ld+json\" class=\"yoast-schema-graph\">{\"@context\":\"https:\\\/\\\/schema.org\",\"@graph\":[{\"@type\":\"Article\",\"@id\":\"https:\\\/\\\/akunq.net\\\/tr\\\/?p=26848#article\",\"isPartOf\":{\"@id\":\"https:\\\/\\\/akunq.net\\\/tr\\\/?p=26848\"},\"author\":{\"name\":\"admin\",\"@id\":\"https:\\\/\\\/akunq.net\\\/tr\\\/#\\\/schema\\\/person\\\/096f1d38a12cce57fb855b485ed24c9e\"},\"headline\":\"Ta\u015fnaklar 92 y\u0131l sonra \u0130stanbul\u2019da\",\"datePublished\":\"2013-11-15T07:24:26+00:00\",\"mainEntityOfPage\":{\"@id\":\"https:\\\/\\\/akunq.net\\\/tr\\\/?p=26848\"},\"wordCount\":479,\"commentCount\":0,\"articleSection\":[\"Haberler\"],\"inLanguage\":\"en-US\",\"potentialAction\":[{\"@type\":\"CommentAction\",\"name\":\"Comment\",\"target\":[\"https:\\\/\\\/akunq.net\\\/tr\\\/?p=26848#respond\"]}]},{\"@type\":\"WebPage\",\"@id\":\"https:\\\/\\\/akunq.net\\\/tr\\\/?p=26848\",\"url\":\"https:\\\/\\\/akunq.net\\\/tr\\\/?p=26848\",\"name\":\"Ta\u015fnaklar 92 y\u0131l sonra \u0130stanbul\u2019da - Bati Ermenistan Ve Bati Ermenileri Sorunlari Ara\u015ftirmalar Merkezi\",\"isPartOf\":{\"@id\":\"https:\\\/\\\/akunq.net\\\/tr\\\/#website\"},\"datePublished\":\"2013-11-15T07:24:26+00:00\",\"author\":{\"@id\":\"https:\\\/\\\/akunq.net\\\/tr\\\/#\\\/schema\\\/person\\\/096f1d38a12cce57fb855b485ed24c9e\"},\"breadcrumb\":{\"@id\":\"https:\\\/\\\/akunq.net\\\/tr\\\/?p=26848#breadcrumb\"},\"inLanguage\":\"en-US\",\"potentialAction\":[{\"@type\":\"ReadAction\",\"target\":[\"https:\\\/\\\/akunq.net\\\/tr\\\/?p=26848\"]}]},{\"@type\":\"BreadcrumbList\",\"@id\":\"https:\\\/\\\/akunq.net\\\/tr\\\/?p=26848#breadcrumb\",\"itemListElement\":[{\"@type\":\"ListItem\",\"position\":1,\"name\":\"Home\",\"item\":\"https:\\\/\\\/akunq.net\\\/tr\"},{\"@type\":\"ListItem\",\"position\":2,\"name\":\"Ta\u015fnaklar 92 y\u0131l sonra \u0130stanbul\u2019da\"}]},{\"@type\":\"WebSite\",\"@id\":\"https:\\\/\\\/akunq.net\\\/tr\\\/#website\",\"url\":\"https:\\\/\\\/akunq.net\\\/tr\\\/\",\"name\":\"Bati Ermenistan Ve Bati Ermenileri Sorunlari Ara\u015ftirmalar Merkezi\",\"description\":\"\",\"potentialAction\":[{\"@type\":\"SearchAction\",\"target\":{\"@type\":\"EntryPoint\",\"urlTemplate\":\"https:\\\/\\\/akunq.net\\\/tr\\\/?s={search_term_string}\"},\"query-input\":{\"@type\":\"PropertyValueSpecification\",\"valueRequired\":true,\"valueName\":\"search_term_string\"}}],\"inLanguage\":\"en-US\"},{\"@type\":\"Person\",\"@id\":\"https:\\\/\\\/akunq.net\\\/tr\\\/#\\\/schema\\\/person\\\/096f1d38a12cce57fb855b485ed24c9e\",\"name\":\"admin\",\"url\":\"https:\\\/\\\/akunq.net\\\/tr\\\/?author=7\"}]}<\/script>\n<!-- \/ Yoast SEO plugin. -->","yoast_head_json":{"title":"Ta\u015fnaklar 92 y\u0131l sonra \u0130stanbul\u2019da - Bati Ermenistan Ve Bati Ermenileri Sorunlari Ara\u015ftirmalar Merkezi","robots":{"index":"index","follow":"follow","max-snippet":"max-snippet:-1","max-image-preview":"max-image-preview:large","max-video-preview":"max-video-preview:-1"},"canonical":"https:\/\/akunq.net\/tr\/?p=26848","og_locale":"en_US","og_type":"article","og_title":"Ta\u015fnaklar 92 y\u0131l sonra \u0130stanbul\u2019da - Bati Ermenistan Ve Bati Ermenileri Sorunlari Ara\u015ftirmalar Merkezi","og_description":"PAKRAT ESTUKYAN CHP\u2019nin ev sahipli\u011finde ge\u00e7en haftasonu \u0130stanbul\u2019da ger\u00e7ekle\u015ftirilen Sosyalist Enternasyonal toplant\u0131s\u0131na kat\u0131lmak \u00fczere Ermeni Devrimci Federasyonu (EDF) Partisi (Ta\u015fnaktsutyun) temsilcileri \u0130stanbul\u2019a geldiler. CHP\u2019nin ev sahipli\u011finde ge\u00e7en haftasonu \u0130stanbul\u2019da ger\u00e7ekle\u015ftirilen Sosyalist Enternasyonal toplant\u0131s\u0131na kat\u0131lmak \u00fczere Ermeni Devrimci Federasyonu (EDF) Partisi (Ta\u015fnaktsutyun) \u00a0temsilcileri \u0130stanbul\u2019a geldiler. Toplant\u0131ya Arjantin\u2019den kat\u0131lan Mario Nalbantyan partinin merkez b\u00fcrosu y\u00f6neticilerinden. Nalpatian ayr\u0131ca [&hellip;]","og_url":"https:\/\/akunq.net\/tr\/?p=26848","og_site_name":"Bati Ermenistan Ve Bati Ermenileri Sorunlari Ara\u015ftirmalar Merkezi","article_published_time":"2013-11-15T07:24:26+00:00","author":"admin","twitter_card":"summary_large_image","twitter_misc":{"Written by":"admin","Est. reading time":"2 minutes"},"schema":{"@context":"https:\/\/schema.org","@graph":[{"@type":"Article","@id":"https:\/\/akunq.net\/tr\/?p=26848#article","isPartOf":{"@id":"https:\/\/akunq.net\/tr\/?p=26848"},"author":{"name":"admin","@id":"https:\/\/akunq.net\/tr\/#\/schema\/person\/096f1d38a12cce57fb855b485ed24c9e"},"headline":"Ta\u015fnaklar 92 y\u0131l sonra \u0130stanbul\u2019da","datePublished":"2013-11-15T07:24:26+00:00","mainEntityOfPage":{"@id":"https:\/\/akunq.net\/tr\/?p=26848"},"wordCount":479,"commentCount":0,"articleSection":["Haberler"],"inLanguage":"en-US","potentialAction":[{"@type":"CommentAction","name":"Comment","target":["https:\/\/akunq.net\/tr\/?p=26848#respond"]}]},{"@type":"WebPage","@id":"https:\/\/akunq.net\/tr\/?p=26848","url":"https:\/\/akunq.net\/tr\/?p=26848","name":"Ta\u015fnaklar 92 y\u0131l sonra \u0130stanbul\u2019da - Bati Ermenistan Ve Bati Ermenileri Sorunlari Ara\u015ftirmalar Merkezi","isPartOf":{"@id":"https:\/\/akunq.net\/tr\/#website"},"datePublished":"2013-11-15T07:24:26+00:00","author":{"@id":"https:\/\/akunq.net\/tr\/#\/schema\/person\/096f1d38a12cce57fb855b485ed24c9e"},"breadcrumb":{"@id":"https:\/\/akunq.net\/tr\/?p=26848#breadcrumb"},"inLanguage":"en-US","potentialAction":[{"@type":"ReadAction","target":["https:\/\/akunq.net\/tr\/?p=26848"]}]},{"@type":"BreadcrumbList","@id":"https:\/\/akunq.net\/tr\/?p=26848#breadcrumb","itemListElement":[{"@type":"ListItem","position":1,"name":"Home","item":"https:\/\/akunq.net\/tr"},{"@type":"ListItem","position":2,"name":"Ta\u015fnaklar 92 y\u0131l sonra \u0130stanbul\u2019da"}]},{"@type":"WebSite","@id":"https:\/\/akunq.net\/tr\/#website","url":"https:\/\/akunq.net\/tr\/","name":"Bati Ermenistan Ve Bati Ermenileri Sorunlari Ara\u015ftirmalar Merkezi","description":"","potentialAction":[{"@type":"SearchAction","target":{"@type":"EntryPoint","urlTemplate":"https:\/\/akunq.net\/tr\/?s={search_term_string}"},"query-input":{"@type":"PropertyValueSpecification","valueRequired":true,"valueName":"search_term_string"}}],"inLanguage":"en-US"},{"@type":"Person","@id":"https:\/\/akunq.net\/tr\/#\/schema\/person\/096f1d38a12cce57fb855b485ed24c9e","name":"admin","url":"https:\/\/akunq.net\/tr\/?author=7"}]}},"_links":{"self":[{"href":"https:\/\/akunq.net\/tr\/index.php?rest_route=\/wp\/v2\/posts\/26848","targetHints":{"allow":["GET"]}}],"collection":[{"href":"https:\/\/akunq.net\/tr\/index.php?rest_route=\/wp\/v2\/posts"}],"about":[{"href":"https:\/\/akunq.net\/tr\/index.php?rest_route=\/wp\/v2\/types\/post"}],"author":[{"embeddable":true,"href":"https:\/\/akunq.net\/tr\/index.php?rest_route=\/wp\/v2\/users\/7"}],"replies":[{"embeddable":true,"href":"https:\/\/akunq.net\/tr\/index.php?rest_route=%2Fwp%2Fv2%2Fcomments&post=26848"}],"version-history":[{"count":1,"href":"https:\/\/akunq.net\/tr\/index.php?rest_route=\/wp\/v2\/posts\/26848\/revisions"}],"predecessor-version":[{"id":26850,"href":"https:\/\/akunq.net\/tr\/index.php?rest_route=\/wp\/v2\/posts\/26848\/revisions\/26850"}],"wp:attachment":[{"href":"https:\/\/akunq.net\/tr\/index.php?rest_route=%2Fwp%2Fv2%2Fmedia&parent=26848"}],"wp:term":[{"taxonomy":"category","embeddable":true,"href":"https:\/\/akunq.net\/tr\/index.php?rest_route=%2Fwp%2Fv2%2Fcategories&post=26848"},{"taxonomy":"post_tag","embeddable":true,"href":"https:\/\/akunq.net\/tr\/index.php?rest_route=%2Fwp%2Fv2%2Ftags&post=26848"}],"curies":[{"name":"wp","href":"https:\/\/api.w.org\/{rel}","templated":true}]}}