{"id":26842,"date":"2013-11-15T02:02:20","date_gmt":"2013-11-15T07:02:20","guid":{"rendered":"http:\/\/akunq.net\/tr\/?p=26842"},"modified":"2013-11-15T02:02:20","modified_gmt":"2013-11-15T07:02:20","slug":"danimarkada-matthias-bjornlundun-basindan-sonuna-kadar-ermeni-soykirimi-baslikli-kitabi-yayimlandi","status":"publish","type":"post","link":"https:\/\/akunq.net\/tr\/?p=26842","title":{"rendered":"Danimarka\u2019da Matthias Bj\u00f8rnlund\u2019un \u201cBa\u015f\u0131ndan sonuna kadar Ermeni Soyk\u0131r\u0131m\u0131\u201d ba\u015fl\u0131kl\u0131 kitab\u0131 yay\u0131mland\u0131"},"content":{"rendered":"<p style=\"text-align: justify;\"><a href=\"http:\/\/akunq.net\/tr\/wp-content\/uploads\/2013\/11\/Matthias-Bj\u00f8rnlund.jpg\"><img loading=\"lazy\" decoding=\"async\" class=\"alignright size-medium wp-image-26843\" alt=\"Matthias Bj\u00f8rnlund\" src=\"http:\/\/akunq.net\/tr\/wp-content\/uploads\/2013\/11\/Matthias-Bj\u00f8rnlund-300x427.jpg\" width=\"300\" height=\"427\" srcset=\"https:\/\/akunq.net\/tr\/wp-content\/uploads\/sites\/6\/2013\/11\/Matthias-Bj\u00f8rnlund-300x427.jpg 300w, https:\/\/akunq.net\/tr\/wp-content\/uploads\/sites\/6\/2013\/11\/Matthias-Bj\u00f8rnlund.jpg 420w\" sizes=\"auto, (max-width: 300px) 100vw, 300px\" \/><\/a>Marmara gazetesine g\u00f6re, Danimarka\u2019da bu y\u0131l\u0131n Nisan ay\u0131nda tarih\u00e7i ve soyk\u0131r\u0131m uzman\u0131 <em>Matthias Bj\u00f8rnlund<\/em><b>\u2019<\/b>un \u201cBa\u015f\u0131ndan sonuna kadar Ermeni Soyk\u0131r\u0131m\u0131\u201d ba\u015fl\u0131kl\u0131 kitab\u0131 yay\u0131mland\u0131. Kitapta, 1915-1923 y\u0131llar\u0131 aras\u0131nda Osmanl\u0131\u2019da Ermenilere kar\u015f\u0131 i\u015flenen soyk\u0131r\u0131mla ilgili inkar edilmez tan\u0131kl\u0131klar ve belgeler mevcuttur. Bu eserin bas\u0131lmas\u0131n\u0131n ard\u0131ndan Danimarka bas\u0131n\u0131nda Ermeni Soyk\u0131r\u0131m\u0131 ile ilgili bir dizi yaz\u0131lar \u00e7\u0131kt\u0131. \u201cKristeligt Dagblad\u201d gazetesinde Ermeni Soyk\u0131r\u0131m\u0131na ili\u015fkin birka\u00e7 k\u00f6\u015fe yaz\u0131s\u0131 yay\u0131nland\u0131. \u201cT\u00fcrkiye El\u00e7ili\u011fi, alternatif sergi vesilesiyle ne yapmas\u0131n\u0131 bilmiyor\u201d ba\u015fl\u0131kl\u0131 yaz\u0131n\u0131n yazar\u0131, Danimarka\u2019da tan\u0131nm\u0131\u015f siyaset yorumcusu Benjamin Krasnik, 2012 y\u0131l\u0131n\u0131n sonlar\u0131nda T\u00fcrkiye El\u00e7ili\u011fi ve Danimarka Krall\u0131\u011f\u0131 K\u00fct\u00fcphanesi aras\u0131nda uzla\u015f\u0131lan \u201cS\u00f6zde Ermeni Soyk\u0131r\u0131m\u0131\u201d konulu sergiyle ilgili konulara de\u011findi. Onun kaydetti\u011fine g\u00f6re, k\u00fct\u00fcphane m\u00fcd\u00fcr\u00fc olan Kolding Erland\u2019\u0131n T\u00fcrklerle yapt\u0131\u011f\u0131 i\u015fbirli\u011fi, sert dilde ele\u015ftirildi. Benjamin Krasnik\u2019e g\u00f6re, Danimarka h\u00fck\u00fcmeti, Osmanl\u0131 Imparatorlu\u011fu\u2019nda Ermenilere kar\u015f\u0131 bir soyk\u0131r\u0131m ger\u00e7ekle\u015fti\u011fini a\u00e7\u0131k\u00e7a s\u00f6ylemelidir. Birthe Pedersen ise \u201cErmenilerin tarihi, bizim tarihimizdir\u201d ba\u015fl\u0131kl\u0131 makalede <em>Matthias Bj\u00f8rnlund<\/em><b>\u2019<\/b>un kitab\u0131na de\u011finip, yaz\u0131s\u0131nda bir\u00e7ok tarih ger\u00e7e\u011fe, foto\u011frafa ve haritaya da yer vermektedir. Onun belirtti\u011fi gibi, Ermeni Soyk\u0131r\u0131m\u0131\u2019n\u0131n g\u00f6rg\u00fc tan\u0131\u011f\u0131 olan Avrupa, jenosidi m\u00fcdahale etmemi\u015ftir.\u00a0\u00a0<\/p>\n<p style=\"text-align: justify;\"><b><i>Akunq.net<\/i><\/b><\/p>\n","protected":false},"excerpt":{"rendered":"<p>Marmara gazetesine g\u00f6re, Danimarka\u2019da bu y\u0131l\u0131n Nisan ay\u0131nda tarih\u00e7i ve soyk\u0131r\u0131m uzman\u0131 Matthias Bj\u00f8rnlund\u2019un \u201cBa\u015f\u0131ndan sonuna kadar Ermeni Soyk\u0131r\u0131m\u0131\u201d ba\u015fl\u0131kl\u0131 kitab\u0131 yay\u0131mland\u0131. Kitapta, 1915-1923 y\u0131llar\u0131 aras\u0131nda Osmanl\u0131\u2019da Ermenilere kar\u015f\u0131 i\u015flenen soyk\u0131r\u0131mla ilgili inkar edilmez tan\u0131kl\u0131klar ve belgeler mevcuttur. Bu eserin bas\u0131lmas\u0131n\u0131n ard\u0131ndan Danimarka bas\u0131n\u0131nda Ermeni Soyk\u0131r\u0131m\u0131 ile ilgili bir dizi yaz\u0131lar \u00e7\u0131kt\u0131. \u201cKristeligt Dagblad\u201d gazetesinde [&hellip;]<\/p>\n","protected":false},"author":7,"featured_media":0,"comment_status":"open","ping_status":"open","sticky":false,"template":"","format":"standard","meta":{"footnotes":""},"categories":[1],"tags":[],"class_list":["post-26842","post","type-post","status-publish","format-standard","hentry","category-haberler"],"yoast_head":"<!-- This site is optimized with the Yoast SEO plugin v27.4 - https:\/\/yoast.com\/product\/yoast-seo-wordpress\/ -->\n<title>Danimarka\u2019da Matthias Bj\u00f8rnlund\u2019un \u201cBa\u015f\u0131ndan sonuna kadar Ermeni Soyk\u0131r\u0131m\u0131\u201d ba\u015fl\u0131kl\u0131 kitab\u0131 yay\u0131mland\u0131 - Bati Ermenistan Ve Bati Ermenileri Sorunlari Ara\u015ftirmalar Merkezi<\/title>\n<meta name=\"robots\" content=\"index, follow, max-snippet:-1, max-image-preview:large, max-video-preview:-1\" \/>\n<link rel=\"canonical\" href=\"https:\/\/akunq.net\/tr\/?p=26842\" \/>\n<meta property=\"og:locale\" content=\"en_US\" \/>\n<meta property=\"og:type\" content=\"article\" \/>\n<meta property=\"og:title\" content=\"Danimarka\u2019da Matthias Bj\u00f8rnlund\u2019un \u201cBa\u015f\u0131ndan sonuna kadar Ermeni Soyk\u0131r\u0131m\u0131\u201d ba\u015fl\u0131kl\u0131 kitab\u0131 yay\u0131mland\u0131 - Bati Ermenistan Ve Bati Ermenileri Sorunlari Ara\u015ftirmalar Merkezi\" \/>\n<meta property=\"og:description\" content=\"Marmara gazetesine g\u00f6re, Danimarka\u2019da bu y\u0131l\u0131n Nisan ay\u0131nda tarih\u00e7i ve soyk\u0131r\u0131m uzman\u0131 Matthias Bj\u00f8rnlund\u2019un \u201cBa\u015f\u0131ndan sonuna kadar Ermeni Soyk\u0131r\u0131m\u0131\u201d ba\u015fl\u0131kl\u0131 kitab\u0131 yay\u0131mland\u0131. Kitapta, 1915-1923 y\u0131llar\u0131 aras\u0131nda Osmanl\u0131\u2019da Ermenilere kar\u015f\u0131 i\u015flenen soyk\u0131r\u0131mla ilgili inkar edilmez tan\u0131kl\u0131klar ve belgeler mevcuttur. Bu eserin bas\u0131lmas\u0131n\u0131n ard\u0131ndan Danimarka bas\u0131n\u0131nda Ermeni Soyk\u0131r\u0131m\u0131 ile ilgili bir dizi yaz\u0131lar \u00e7\u0131kt\u0131. \u201cKristeligt Dagblad\u201d gazetesinde [&hellip;]\" \/>\n<meta property=\"og:url\" content=\"https:\/\/akunq.net\/tr\/?p=26842\" \/>\n<meta property=\"og:site_name\" content=\"Bati Ermenistan Ve Bati Ermenileri Sorunlari Ara\u015ftirmalar Merkezi\" \/>\n<meta property=\"article:published_time\" content=\"2013-11-15T07:02:20+00:00\" \/>\n<meta name=\"author\" content=\"admin\" \/>\n<meta name=\"twitter:card\" content=\"summary_large_image\" \/>\n<meta name=\"twitter:label1\" content=\"Written by\" \/>\n\t<meta name=\"twitter:data1\" content=\"admin\" \/>\n\t<meta name=\"twitter:label2\" content=\"Est. reading time\" \/>\n\t<meta name=\"twitter:data2\" content=\"1 minute\" \/>\n<script type=\"application\/ld+json\" class=\"yoast-schema-graph\">{\"@context\":\"https:\\\/\\\/schema.org\",\"@graph\":[{\"@type\":\"Article\",\"@id\":\"https:\\\/\\\/akunq.net\\\/tr\\\/?p=26842#article\",\"isPartOf\":{\"@id\":\"https:\\\/\\\/akunq.net\\\/tr\\\/?p=26842\"},\"author\":{\"name\":\"admin\",\"@id\":\"https:\\\/\\\/akunq.net\\\/tr\\\/#\\\/schema\\\/person\\\/096f1d38a12cce57fb855b485ed24c9e\"},\"headline\":\"Danimarka\u2019da Matthias Bj\u00f8rnlund\u2019un \u201cBa\u015f\u0131ndan sonuna kadar Ermeni Soyk\u0131r\u0131m\u0131\u201d ba\u015fl\u0131kl\u0131 kitab\u0131 yay\u0131mland\u0131\",\"datePublished\":\"2013-11-15T07:02:20+00:00\",\"mainEntityOfPage\":{\"@id\":\"https:\\\/\\\/akunq.net\\\/tr\\\/?p=26842\"},\"wordCount\":292,\"commentCount\":0,\"articleSection\":[\"Haberler\"],\"inLanguage\":\"en-US\",\"potentialAction\":[{\"@type\":\"CommentAction\",\"name\":\"Comment\",\"target\":[\"https:\\\/\\\/akunq.net\\\/tr\\\/?p=26842#respond\"]}]},{\"@type\":\"WebPage\",\"@id\":\"https:\\\/\\\/akunq.net\\\/tr\\\/?p=26842\",\"url\":\"https:\\\/\\\/akunq.net\\\/tr\\\/?p=26842\",\"name\":\"Danimarka\u2019da Matthias Bj\u00f8rnlund\u2019un \u201cBa\u015f\u0131ndan sonuna kadar Ermeni Soyk\u0131r\u0131m\u0131\u201d ba\u015fl\u0131kl\u0131 kitab\u0131 yay\u0131mland\u0131 - Bati Ermenistan Ve Bati Ermenileri Sorunlari Ara\u015ftirmalar Merkezi\",\"isPartOf\":{\"@id\":\"https:\\\/\\\/akunq.net\\\/tr\\\/#website\"},\"datePublished\":\"2013-11-15T07:02:20+00:00\",\"author\":{\"@id\":\"https:\\\/\\\/akunq.net\\\/tr\\\/#\\\/schema\\\/person\\\/096f1d38a12cce57fb855b485ed24c9e\"},\"breadcrumb\":{\"@id\":\"https:\\\/\\\/akunq.net\\\/tr\\\/?p=26842#breadcrumb\"},\"inLanguage\":\"en-US\",\"potentialAction\":[{\"@type\":\"ReadAction\",\"target\":[\"https:\\\/\\\/akunq.net\\\/tr\\\/?p=26842\"]}]},{\"@type\":\"BreadcrumbList\",\"@id\":\"https:\\\/\\\/akunq.net\\\/tr\\\/?p=26842#breadcrumb\",\"itemListElement\":[{\"@type\":\"ListItem\",\"position\":1,\"name\":\"Home\",\"item\":\"https:\\\/\\\/akunq.net\\\/tr\"},{\"@type\":\"ListItem\",\"position\":2,\"name\":\"Danimarka\u2019da Matthias Bj\u00f8rnlund\u2019un \u201cBa\u015f\u0131ndan sonuna kadar Ermeni Soyk\u0131r\u0131m\u0131\u201d ba\u015fl\u0131kl\u0131 kitab\u0131 yay\u0131mland\u0131\"}]},{\"@type\":\"WebSite\",\"@id\":\"https:\\\/\\\/akunq.net\\\/tr\\\/#website\",\"url\":\"https:\\\/\\\/akunq.net\\\/tr\\\/\",\"name\":\"Bati Ermenistan Ve Bati Ermenileri Sorunlari Ara\u015ftirmalar Merkezi\",\"description\":\"\",\"potentialAction\":[{\"@type\":\"SearchAction\",\"target\":{\"@type\":\"EntryPoint\",\"urlTemplate\":\"https:\\\/\\\/akunq.net\\\/tr\\\/?s={search_term_string}\"},\"query-input\":{\"@type\":\"PropertyValueSpecification\",\"valueRequired\":true,\"valueName\":\"search_term_string\"}}],\"inLanguage\":\"en-US\"},{\"@type\":\"Person\",\"@id\":\"https:\\\/\\\/akunq.net\\\/tr\\\/#\\\/schema\\\/person\\\/096f1d38a12cce57fb855b485ed24c9e\",\"name\":\"admin\",\"url\":\"https:\\\/\\\/akunq.net\\\/tr\\\/?author=7\"}]}<\/script>\n<!-- \/ Yoast SEO plugin. -->","yoast_head_json":{"title":"Danimarka\u2019da Matthias Bj\u00f8rnlund\u2019un \u201cBa\u015f\u0131ndan sonuna kadar Ermeni Soyk\u0131r\u0131m\u0131\u201d ba\u015fl\u0131kl\u0131 kitab\u0131 yay\u0131mland\u0131 - Bati Ermenistan Ve Bati Ermenileri Sorunlari Ara\u015ftirmalar Merkezi","robots":{"index":"index","follow":"follow","max-snippet":"max-snippet:-1","max-image-preview":"max-image-preview:large","max-video-preview":"max-video-preview:-1"},"canonical":"https:\/\/akunq.net\/tr\/?p=26842","og_locale":"en_US","og_type":"article","og_title":"Danimarka\u2019da Matthias Bj\u00f8rnlund\u2019un \u201cBa\u015f\u0131ndan sonuna kadar Ermeni Soyk\u0131r\u0131m\u0131\u201d ba\u015fl\u0131kl\u0131 kitab\u0131 yay\u0131mland\u0131 - Bati Ermenistan Ve Bati Ermenileri Sorunlari Ara\u015ftirmalar Merkezi","og_description":"Marmara gazetesine g\u00f6re, Danimarka\u2019da bu y\u0131l\u0131n Nisan ay\u0131nda tarih\u00e7i ve soyk\u0131r\u0131m uzman\u0131 Matthias Bj\u00f8rnlund\u2019un \u201cBa\u015f\u0131ndan sonuna kadar Ermeni Soyk\u0131r\u0131m\u0131\u201d ba\u015fl\u0131kl\u0131 kitab\u0131 yay\u0131mland\u0131. Kitapta, 1915-1923 y\u0131llar\u0131 aras\u0131nda Osmanl\u0131\u2019da Ermenilere kar\u015f\u0131 i\u015flenen soyk\u0131r\u0131mla ilgili inkar edilmez tan\u0131kl\u0131klar ve belgeler mevcuttur. Bu eserin bas\u0131lmas\u0131n\u0131n ard\u0131ndan Danimarka bas\u0131n\u0131nda Ermeni Soyk\u0131r\u0131m\u0131 ile ilgili bir dizi yaz\u0131lar \u00e7\u0131kt\u0131. \u201cKristeligt Dagblad\u201d gazetesinde [&hellip;]","og_url":"https:\/\/akunq.net\/tr\/?p=26842","og_site_name":"Bati Ermenistan Ve Bati Ermenileri Sorunlari Ara\u015ftirmalar Merkezi","article_published_time":"2013-11-15T07:02:20+00:00","author":"admin","twitter_card":"summary_large_image","twitter_misc":{"Written by":"admin","Est. reading time":"1 minute"},"schema":{"@context":"https:\/\/schema.org","@graph":[{"@type":"Article","@id":"https:\/\/akunq.net\/tr\/?p=26842#article","isPartOf":{"@id":"https:\/\/akunq.net\/tr\/?p=26842"},"author":{"name":"admin","@id":"https:\/\/akunq.net\/tr\/#\/schema\/person\/096f1d38a12cce57fb855b485ed24c9e"},"headline":"Danimarka\u2019da Matthias Bj\u00f8rnlund\u2019un \u201cBa\u015f\u0131ndan sonuna kadar Ermeni Soyk\u0131r\u0131m\u0131\u201d ba\u015fl\u0131kl\u0131 kitab\u0131 yay\u0131mland\u0131","datePublished":"2013-11-15T07:02:20+00:00","mainEntityOfPage":{"@id":"https:\/\/akunq.net\/tr\/?p=26842"},"wordCount":292,"commentCount":0,"articleSection":["Haberler"],"inLanguage":"en-US","potentialAction":[{"@type":"CommentAction","name":"Comment","target":["https:\/\/akunq.net\/tr\/?p=26842#respond"]}]},{"@type":"WebPage","@id":"https:\/\/akunq.net\/tr\/?p=26842","url":"https:\/\/akunq.net\/tr\/?p=26842","name":"Danimarka\u2019da Matthias Bj\u00f8rnlund\u2019un \u201cBa\u015f\u0131ndan sonuna kadar Ermeni Soyk\u0131r\u0131m\u0131\u201d ba\u015fl\u0131kl\u0131 kitab\u0131 yay\u0131mland\u0131 - Bati Ermenistan Ve Bati Ermenileri Sorunlari Ara\u015ftirmalar Merkezi","isPartOf":{"@id":"https:\/\/akunq.net\/tr\/#website"},"datePublished":"2013-11-15T07:02:20+00:00","author":{"@id":"https:\/\/akunq.net\/tr\/#\/schema\/person\/096f1d38a12cce57fb855b485ed24c9e"},"breadcrumb":{"@id":"https:\/\/akunq.net\/tr\/?p=26842#breadcrumb"},"inLanguage":"en-US","potentialAction":[{"@type":"ReadAction","target":["https:\/\/akunq.net\/tr\/?p=26842"]}]},{"@type":"BreadcrumbList","@id":"https:\/\/akunq.net\/tr\/?p=26842#breadcrumb","itemListElement":[{"@type":"ListItem","position":1,"name":"Home","item":"https:\/\/akunq.net\/tr"},{"@type":"ListItem","position":2,"name":"Danimarka\u2019da Matthias Bj\u00f8rnlund\u2019un \u201cBa\u015f\u0131ndan sonuna kadar Ermeni Soyk\u0131r\u0131m\u0131\u201d ba\u015fl\u0131kl\u0131 kitab\u0131 yay\u0131mland\u0131"}]},{"@type":"WebSite","@id":"https:\/\/akunq.net\/tr\/#website","url":"https:\/\/akunq.net\/tr\/","name":"Bati Ermenistan Ve Bati Ermenileri Sorunlari Ara\u015ftirmalar Merkezi","description":"","potentialAction":[{"@type":"SearchAction","target":{"@type":"EntryPoint","urlTemplate":"https:\/\/akunq.net\/tr\/?s={search_term_string}"},"query-input":{"@type":"PropertyValueSpecification","valueRequired":true,"valueName":"search_term_string"}}],"inLanguage":"en-US"},{"@type":"Person","@id":"https:\/\/akunq.net\/tr\/#\/schema\/person\/096f1d38a12cce57fb855b485ed24c9e","name":"admin","url":"https:\/\/akunq.net\/tr\/?author=7"}]}},"_links":{"self":[{"href":"https:\/\/akunq.net\/tr\/index.php?rest_route=\/wp\/v2\/posts\/26842","targetHints":{"allow":["GET"]}}],"collection":[{"href":"https:\/\/akunq.net\/tr\/index.php?rest_route=\/wp\/v2\/posts"}],"about":[{"href":"https:\/\/akunq.net\/tr\/index.php?rest_route=\/wp\/v2\/types\/post"}],"author":[{"embeddable":true,"href":"https:\/\/akunq.net\/tr\/index.php?rest_route=\/wp\/v2\/users\/7"}],"replies":[{"embeddable":true,"href":"https:\/\/akunq.net\/tr\/index.php?rest_route=%2Fwp%2Fv2%2Fcomments&post=26842"}],"version-history":[{"count":1,"href":"https:\/\/akunq.net\/tr\/index.php?rest_route=\/wp\/v2\/posts\/26842\/revisions"}],"predecessor-version":[{"id":26844,"href":"https:\/\/akunq.net\/tr\/index.php?rest_route=\/wp\/v2\/posts\/26842\/revisions\/26844"}],"wp:attachment":[{"href":"https:\/\/akunq.net\/tr\/index.php?rest_route=%2Fwp%2Fv2%2Fmedia&parent=26842"}],"wp:term":[{"taxonomy":"category","embeddable":true,"href":"https:\/\/akunq.net\/tr\/index.php?rest_route=%2Fwp%2Fv2%2Fcategories&post=26842"},{"taxonomy":"post_tag","embeddable":true,"href":"https:\/\/akunq.net\/tr\/index.php?rest_route=%2Fwp%2Fv2%2Ftags&post=26842"}],"curies":[{"name":"wp","href":"https:\/\/api.w.org\/{rel}","templated":true}]}}