{"id":26818,"date":"2013-11-14T01:39:00","date_gmt":"2013-11-14T06:39:00","guid":{"rendered":"http:\/\/akunq.net\/tr\/?p=26818"},"modified":"2013-11-14T01:39:00","modified_gmt":"2013-11-14T06:39:00","slug":"adam-schiff-yetimler-halisinin-kilitli-kapilar-arkasinda-kalmasi-uzucu","status":"publish","type":"post","link":"https:\/\/akunq.net\/tr\/?p=26818","title":{"rendered":"Adam Schiff: Yetimler hal\u0131s\u0131n\u0131n kilitli kap\u0131lar arkas\u0131nda kalmas\u0131 \u00fcz\u00fcc\u00fc"},"content":{"rendered":"<p style=\"text-align: justify;\"><b><i><a href=\"http:\/\/akunq.net\/tr\/wp-content\/uploads\/2013\/11\/\u0531\u0564\u0561\u0574-\u0547\u056b\u0586.jpg\"><img loading=\"lazy\" decoding=\"async\" class=\"alignright size-medium wp-image-26819\" alt=\"\u0531\u0564\u0561\u0574 \u0547\u056b\u0586\" src=\"http:\/\/akunq.net\/tr\/wp-content\/uploads\/2013\/11\/\u0531\u0564\u0561\u0574-\u0547\u056b\u0586-300x224.jpg\" width=\"300\" height=\"224\" srcset=\"https:\/\/akunq.net\/tr\/wp-content\/uploads\/sites\/6\/2013\/11\/\u0531\u0564\u0561\u0574-\u0547\u056b\u0586-300x224.jpg 300w, https:\/\/akunq.net\/tr\/wp-content\/uploads\/sites\/6\/2013\/11\/\u0531\u0564\u0561\u0574-\u0547\u056b\u0586.jpg 314w\" sizes=\"auto, (max-width: 300px) 100vw, 300px\" \/><\/a>Bir tak\u0131m ABD Kongresi \u00fcyeleri Cumhurba\u015fkan\u0131 Obama iktidar\u0131n\u0131 Smithson m\u00fczesinde Ermeni yetimlerin yapt\u0131klar\u0131 100 y\u0131ll\u0131k hal\u0131y\u0131 kamuya sergiletmesi i\u00e7in\u00a0a\u00e7mamakla su\u00e7lad\u0131.<\/i><\/b><\/p>\n<p style=\"text-align: justify;\">\u201cLos Angeles Times\u201d gazetesi, Kongre \u00fcyelerinin Obama\u2019ya \u00a0yazd\u0131klar\u0131 mektupta\u00a0 1925 y\u0131l\u0131nda\u00a0 dokulmu\u015f Ermeni yetimlerin hal\u0131s\u0131n\u0131n sergilemeye \u00e7a\u011f\u0131rd\u0131klar\u0131n\u0131 bildirdi. Belirtelim ki s\u00f6z konusu olan 400 Ermeni yetim k\u0131z taraf\u0131ndan dokulan hal\u0131, ABD\u2019n\u0131n Ermenilere g\u00f6sterdi\u011fi hay\u0131rsever davran\u0131\u015fa te\u015fekk\u00fcr olarak 1920 y\u0131llar\u0131nda Cumhurba\u015fkan\u0131 Calvin Coolidge\u2019e hediye verildi.<\/p>\n<p style=\"text-align: justify;\">Beyaz Saray s\u00f6zc\u00fcs\u00fc hal\u0131n\u0131n kitap tan\u0131t\u0131m\u0131 s\u0131ras\u0131nda bir g\u00fcnl\u00fck sergilenmesi ABD iktidar\u0131n\u0131n mal\u0131n\u0131n yanl\u0131\u015f kullanmas\u0131na yol a\u00e7mas\u0131n\u0131 bildirdi. Ona g\u00f6re Beyaz Saray\u2019dan hal\u0131n\u0131n ta\u015f\u0131mas\u0131 k\u0131s\u0131tl\u0131 sergi ve hal\u0131n\u0131n tarihi \u00f6nemi ile uyumsuzluk gibi riskleri ortadad\u0131r.<\/p>\n<p style=\"text-align: justify;\">ABD Ermeni Davas\u0131 Grubu (ANCA)\u00a0icra m\u00fcd\u00fcr\u00fc Aram Hambarian, karar\u0131n siyasi oldu\u011funu dile getirdi. Kongre \u00fcyesi Adam Schiff Beyaz Saray\u2019\u0131n karar\u0131n\u0131 anla\u015f\u0131lmaz olarak nitelendirdi.<\/p>\n<p style=\"text-align: justify;\">Schiff\u00a0\u201cT\u00fcrkiye\u2019n\u0131n kamu tart\u0131\u015fmalar\u0131ndan\u00a0baz\u0131 tarihi belgeleri saklamak istedi\u011fi i\u00e7in Cumhurba\u015fkan\u0131 Calvin Culidge ve ABD halk\u0131 ad\u0131na kabul edildi\u011fi tarihi ve k\u00fclt\u00fcrel de\u011ferinin kilitli kaplar\u0131 arkas\u0131nda kalmas\u0131n\u0131n ne kadar \u00fcz\u00fcc\u00fc oldu\u011funu s\u00f6zlerle ifade etmek g\u00fc\u00e7\u201d dedi.<\/p>\n<p style=\"text-align: justify;\"><b><i>http:\/\/www.ermenihaber.am\/?lang_id=1&amp;news_=4&amp;cur_news=1245<\/i><\/b><\/p>\n","protected":false},"excerpt":{"rendered":"<p>Bir tak\u0131m ABD Kongresi \u00fcyeleri Cumhurba\u015fkan\u0131 Obama iktidar\u0131n\u0131 Smithson m\u00fczesinde Ermeni yetimlerin yapt\u0131klar\u0131 100 y\u0131ll\u0131k hal\u0131y\u0131 kamuya sergiletmesi i\u00e7in\u00a0a\u00e7mamakla su\u00e7lad\u0131. \u201cLos Angeles Times\u201d gazetesi, Kongre \u00fcyelerinin Obama\u2019ya \u00a0yazd\u0131klar\u0131 mektupta\u00a0 1925 y\u0131l\u0131nda\u00a0 dokulmu\u015f Ermeni yetimlerin hal\u0131s\u0131n\u0131n sergilemeye \u00e7a\u011f\u0131rd\u0131klar\u0131n\u0131 bildirdi. Belirtelim ki s\u00f6z konusu olan 400 Ermeni yetim k\u0131z taraf\u0131ndan dokulan hal\u0131, ABD\u2019n\u0131n Ermenilere g\u00f6sterdi\u011fi hay\u0131rsever davran\u0131\u015fa [&hellip;]<\/p>\n","protected":false},"author":7,"featured_media":0,"comment_status":"open","ping_status":"open","sticky":false,"template":"","format":"standard","meta":{"footnotes":""},"categories":[1],"tags":[],"class_list":["post-26818","post","type-post","status-publish","format-standard","hentry","category-haberler"],"yoast_head":"<!-- This site is optimized with the Yoast SEO plugin v27.4 - https:\/\/yoast.com\/product\/yoast-seo-wordpress\/ -->\n<title>Adam Schiff: Yetimler hal\u0131s\u0131n\u0131n kilitli kap\u0131lar arkas\u0131nda kalmas\u0131 \u00fcz\u00fcc\u00fc - Bati Ermenistan Ve Bati Ermenileri Sorunlari Ara\u015ftirmalar Merkezi<\/title>\n<meta name=\"robots\" content=\"index, follow, max-snippet:-1, max-image-preview:large, max-video-preview:-1\" \/>\n<link rel=\"canonical\" href=\"https:\/\/akunq.net\/tr\/?p=26818\" \/>\n<meta property=\"og:locale\" content=\"en_US\" \/>\n<meta property=\"og:type\" content=\"article\" \/>\n<meta property=\"og:title\" content=\"Adam Schiff: Yetimler hal\u0131s\u0131n\u0131n kilitli kap\u0131lar arkas\u0131nda kalmas\u0131 \u00fcz\u00fcc\u00fc - Bati Ermenistan Ve Bati Ermenileri Sorunlari Ara\u015ftirmalar Merkezi\" \/>\n<meta property=\"og:description\" content=\"Bir tak\u0131m ABD Kongresi \u00fcyeleri Cumhurba\u015fkan\u0131 Obama iktidar\u0131n\u0131 Smithson m\u00fczesinde Ermeni yetimlerin yapt\u0131klar\u0131 100 y\u0131ll\u0131k hal\u0131y\u0131 kamuya sergiletmesi i\u00e7in\u00a0a\u00e7mamakla su\u00e7lad\u0131. \u201cLos Angeles Times\u201d gazetesi, Kongre \u00fcyelerinin Obama\u2019ya \u00a0yazd\u0131klar\u0131 mektupta\u00a0 1925 y\u0131l\u0131nda\u00a0 dokulmu\u015f Ermeni yetimlerin hal\u0131s\u0131n\u0131n sergilemeye \u00e7a\u011f\u0131rd\u0131klar\u0131n\u0131 bildirdi. Belirtelim ki s\u00f6z konusu olan 400 Ermeni yetim k\u0131z taraf\u0131ndan dokulan hal\u0131, ABD\u2019n\u0131n Ermenilere g\u00f6sterdi\u011fi hay\u0131rsever davran\u0131\u015fa [&hellip;]\" \/>\n<meta property=\"og:url\" content=\"https:\/\/akunq.net\/tr\/?p=26818\" \/>\n<meta property=\"og:site_name\" content=\"Bati Ermenistan Ve Bati Ermenileri Sorunlari Ara\u015ftirmalar Merkezi\" \/>\n<meta property=\"article:published_time\" content=\"2013-11-14T06:39:00+00:00\" \/>\n<meta name=\"author\" content=\"admin\" \/>\n<meta name=\"twitter:card\" content=\"summary_large_image\" \/>\n<meta name=\"twitter:label1\" content=\"Written by\" \/>\n\t<meta name=\"twitter:data1\" content=\"admin\" \/>\n\t<meta name=\"twitter:label2\" content=\"Est. reading time\" \/>\n\t<meta name=\"twitter:data2\" content=\"1 minute\" \/>\n<script type=\"application\/ld+json\" class=\"yoast-schema-graph\">{\"@context\":\"https:\\\/\\\/schema.org\",\"@graph\":[{\"@type\":\"Article\",\"@id\":\"https:\\\/\\\/akunq.net\\\/tr\\\/?p=26818#article\",\"isPartOf\":{\"@id\":\"https:\\\/\\\/akunq.net\\\/tr\\\/?p=26818\"},\"author\":{\"name\":\"admin\",\"@id\":\"https:\\\/\\\/akunq.net\\\/tr\\\/#\\\/schema\\\/person\\\/096f1d38a12cce57fb855b485ed24c9e\"},\"headline\":\"Adam Schiff: Yetimler hal\u0131s\u0131n\u0131n kilitli kap\u0131lar arkas\u0131nda kalmas\u0131 \u00fcz\u00fcc\u00fc\",\"datePublished\":\"2013-11-14T06:39:00+00:00\",\"mainEntityOfPage\":{\"@id\":\"https:\\\/\\\/akunq.net\\\/tr\\\/?p=26818\"},\"wordCount\":271,\"commentCount\":0,\"articleSection\":[\"Haberler\"],\"inLanguage\":\"en-US\",\"potentialAction\":[{\"@type\":\"CommentAction\",\"name\":\"Comment\",\"target\":[\"https:\\\/\\\/akunq.net\\\/tr\\\/?p=26818#respond\"]}]},{\"@type\":\"WebPage\",\"@id\":\"https:\\\/\\\/akunq.net\\\/tr\\\/?p=26818\",\"url\":\"https:\\\/\\\/akunq.net\\\/tr\\\/?p=26818\",\"name\":\"Adam Schiff: Yetimler hal\u0131s\u0131n\u0131n kilitli kap\u0131lar arkas\u0131nda kalmas\u0131 \u00fcz\u00fcc\u00fc - Bati Ermenistan Ve Bati Ermenileri Sorunlari Ara\u015ftirmalar Merkezi\",\"isPartOf\":{\"@id\":\"https:\\\/\\\/akunq.net\\\/tr\\\/#website\"},\"datePublished\":\"2013-11-14T06:39:00+00:00\",\"author\":{\"@id\":\"https:\\\/\\\/akunq.net\\\/tr\\\/#\\\/schema\\\/person\\\/096f1d38a12cce57fb855b485ed24c9e\"},\"breadcrumb\":{\"@id\":\"https:\\\/\\\/akunq.net\\\/tr\\\/?p=26818#breadcrumb\"},\"inLanguage\":\"en-US\",\"potentialAction\":[{\"@type\":\"ReadAction\",\"target\":[\"https:\\\/\\\/akunq.net\\\/tr\\\/?p=26818\"]}]},{\"@type\":\"BreadcrumbList\",\"@id\":\"https:\\\/\\\/akunq.net\\\/tr\\\/?p=26818#breadcrumb\",\"itemListElement\":[{\"@type\":\"ListItem\",\"position\":1,\"name\":\"Home\",\"item\":\"https:\\\/\\\/akunq.net\\\/tr\"},{\"@type\":\"ListItem\",\"position\":2,\"name\":\"Adam Schiff: Yetimler hal\u0131s\u0131n\u0131n kilitli kap\u0131lar arkas\u0131nda kalmas\u0131 \u00fcz\u00fcc\u00fc\"}]},{\"@type\":\"WebSite\",\"@id\":\"https:\\\/\\\/akunq.net\\\/tr\\\/#website\",\"url\":\"https:\\\/\\\/akunq.net\\\/tr\\\/\",\"name\":\"Bati Ermenistan Ve Bati Ermenileri Sorunlari Ara\u015ftirmalar Merkezi\",\"description\":\"\",\"potentialAction\":[{\"@type\":\"SearchAction\",\"target\":{\"@type\":\"EntryPoint\",\"urlTemplate\":\"https:\\\/\\\/akunq.net\\\/tr\\\/?s={search_term_string}\"},\"query-input\":{\"@type\":\"PropertyValueSpecification\",\"valueRequired\":true,\"valueName\":\"search_term_string\"}}],\"inLanguage\":\"en-US\"},{\"@type\":\"Person\",\"@id\":\"https:\\\/\\\/akunq.net\\\/tr\\\/#\\\/schema\\\/person\\\/096f1d38a12cce57fb855b485ed24c9e\",\"name\":\"admin\",\"url\":\"https:\\\/\\\/akunq.net\\\/tr\\\/?author=7\"}]}<\/script>\n<!-- \/ Yoast SEO plugin. -->","yoast_head_json":{"title":"Adam Schiff: Yetimler hal\u0131s\u0131n\u0131n kilitli kap\u0131lar arkas\u0131nda kalmas\u0131 \u00fcz\u00fcc\u00fc - Bati Ermenistan Ve Bati Ermenileri Sorunlari Ara\u015ftirmalar Merkezi","robots":{"index":"index","follow":"follow","max-snippet":"max-snippet:-1","max-image-preview":"max-image-preview:large","max-video-preview":"max-video-preview:-1"},"canonical":"https:\/\/akunq.net\/tr\/?p=26818","og_locale":"en_US","og_type":"article","og_title":"Adam Schiff: Yetimler hal\u0131s\u0131n\u0131n kilitli kap\u0131lar arkas\u0131nda kalmas\u0131 \u00fcz\u00fcc\u00fc - Bati Ermenistan Ve Bati Ermenileri Sorunlari Ara\u015ftirmalar Merkezi","og_description":"Bir tak\u0131m ABD Kongresi \u00fcyeleri Cumhurba\u015fkan\u0131 Obama iktidar\u0131n\u0131 Smithson m\u00fczesinde Ermeni yetimlerin yapt\u0131klar\u0131 100 y\u0131ll\u0131k hal\u0131y\u0131 kamuya sergiletmesi i\u00e7in\u00a0a\u00e7mamakla su\u00e7lad\u0131. \u201cLos Angeles Times\u201d gazetesi, Kongre \u00fcyelerinin Obama\u2019ya \u00a0yazd\u0131klar\u0131 mektupta\u00a0 1925 y\u0131l\u0131nda\u00a0 dokulmu\u015f Ermeni yetimlerin hal\u0131s\u0131n\u0131n sergilemeye \u00e7a\u011f\u0131rd\u0131klar\u0131n\u0131 bildirdi. Belirtelim ki s\u00f6z konusu olan 400 Ermeni yetim k\u0131z taraf\u0131ndan dokulan hal\u0131, ABD\u2019n\u0131n Ermenilere g\u00f6sterdi\u011fi hay\u0131rsever davran\u0131\u015fa [&hellip;]","og_url":"https:\/\/akunq.net\/tr\/?p=26818","og_site_name":"Bati Ermenistan Ve Bati Ermenileri Sorunlari Ara\u015ftirmalar Merkezi","article_published_time":"2013-11-14T06:39:00+00:00","author":"admin","twitter_card":"summary_large_image","twitter_misc":{"Written by":"admin","Est. reading time":"1 minute"},"schema":{"@context":"https:\/\/schema.org","@graph":[{"@type":"Article","@id":"https:\/\/akunq.net\/tr\/?p=26818#article","isPartOf":{"@id":"https:\/\/akunq.net\/tr\/?p=26818"},"author":{"name":"admin","@id":"https:\/\/akunq.net\/tr\/#\/schema\/person\/096f1d38a12cce57fb855b485ed24c9e"},"headline":"Adam Schiff: Yetimler hal\u0131s\u0131n\u0131n kilitli kap\u0131lar arkas\u0131nda kalmas\u0131 \u00fcz\u00fcc\u00fc","datePublished":"2013-11-14T06:39:00+00:00","mainEntityOfPage":{"@id":"https:\/\/akunq.net\/tr\/?p=26818"},"wordCount":271,"commentCount":0,"articleSection":["Haberler"],"inLanguage":"en-US","potentialAction":[{"@type":"CommentAction","name":"Comment","target":["https:\/\/akunq.net\/tr\/?p=26818#respond"]}]},{"@type":"WebPage","@id":"https:\/\/akunq.net\/tr\/?p=26818","url":"https:\/\/akunq.net\/tr\/?p=26818","name":"Adam Schiff: Yetimler hal\u0131s\u0131n\u0131n kilitli kap\u0131lar arkas\u0131nda kalmas\u0131 \u00fcz\u00fcc\u00fc - Bati Ermenistan Ve Bati Ermenileri Sorunlari Ara\u015ftirmalar Merkezi","isPartOf":{"@id":"https:\/\/akunq.net\/tr\/#website"},"datePublished":"2013-11-14T06:39:00+00:00","author":{"@id":"https:\/\/akunq.net\/tr\/#\/schema\/person\/096f1d38a12cce57fb855b485ed24c9e"},"breadcrumb":{"@id":"https:\/\/akunq.net\/tr\/?p=26818#breadcrumb"},"inLanguage":"en-US","potentialAction":[{"@type":"ReadAction","target":["https:\/\/akunq.net\/tr\/?p=26818"]}]},{"@type":"BreadcrumbList","@id":"https:\/\/akunq.net\/tr\/?p=26818#breadcrumb","itemListElement":[{"@type":"ListItem","position":1,"name":"Home","item":"https:\/\/akunq.net\/tr"},{"@type":"ListItem","position":2,"name":"Adam Schiff: Yetimler hal\u0131s\u0131n\u0131n kilitli kap\u0131lar arkas\u0131nda kalmas\u0131 \u00fcz\u00fcc\u00fc"}]},{"@type":"WebSite","@id":"https:\/\/akunq.net\/tr\/#website","url":"https:\/\/akunq.net\/tr\/","name":"Bati Ermenistan Ve Bati Ermenileri Sorunlari Ara\u015ftirmalar Merkezi","description":"","potentialAction":[{"@type":"SearchAction","target":{"@type":"EntryPoint","urlTemplate":"https:\/\/akunq.net\/tr\/?s={search_term_string}"},"query-input":{"@type":"PropertyValueSpecification","valueRequired":true,"valueName":"search_term_string"}}],"inLanguage":"en-US"},{"@type":"Person","@id":"https:\/\/akunq.net\/tr\/#\/schema\/person\/096f1d38a12cce57fb855b485ed24c9e","name":"admin","url":"https:\/\/akunq.net\/tr\/?author=7"}]}},"_links":{"self":[{"href":"https:\/\/akunq.net\/tr\/index.php?rest_route=\/wp\/v2\/posts\/26818","targetHints":{"allow":["GET"]}}],"collection":[{"href":"https:\/\/akunq.net\/tr\/index.php?rest_route=\/wp\/v2\/posts"}],"about":[{"href":"https:\/\/akunq.net\/tr\/index.php?rest_route=\/wp\/v2\/types\/post"}],"author":[{"embeddable":true,"href":"https:\/\/akunq.net\/tr\/index.php?rest_route=\/wp\/v2\/users\/7"}],"replies":[{"embeddable":true,"href":"https:\/\/akunq.net\/tr\/index.php?rest_route=%2Fwp%2Fv2%2Fcomments&post=26818"}],"version-history":[{"count":1,"href":"https:\/\/akunq.net\/tr\/index.php?rest_route=\/wp\/v2\/posts\/26818\/revisions"}],"predecessor-version":[{"id":26820,"href":"https:\/\/akunq.net\/tr\/index.php?rest_route=\/wp\/v2\/posts\/26818\/revisions\/26820"}],"wp:attachment":[{"href":"https:\/\/akunq.net\/tr\/index.php?rest_route=%2Fwp%2Fv2%2Fmedia&parent=26818"}],"wp:term":[{"taxonomy":"category","embeddable":true,"href":"https:\/\/akunq.net\/tr\/index.php?rest_route=%2Fwp%2Fv2%2Fcategories&post=26818"},{"taxonomy":"post_tag","embeddable":true,"href":"https:\/\/akunq.net\/tr\/index.php?rest_route=%2Fwp%2Fv2%2Ftags&post=26818"}],"curies":[{"name":"wp","href":"https:\/\/api.w.org\/{rel}","templated":true}]}}