{"id":26805,"date":"2013-11-13T02:30:28","date_gmt":"2013-11-13T07:30:28","guid":{"rendered":"http:\/\/akunq.net\/tr\/?p=26805"},"modified":"2013-11-13T02:30:28","modified_gmt":"2013-11-13T07:30:28","slug":"tarihi-manastirlari-sokup-ev-yaptilar","status":"publish","type":"post","link":"https:\/\/akunq.net\/tr\/?p=26805","title":{"rendered":"&#8216;Tarihi manast\u0131rlar\u0131 s\u00f6k\u00fcp ev yapt\u0131lar&#8217;"},"content":{"rendered":"<div>\n<p style=\"text-align: justify;\"><strong><i><a href=\"http:\/\/akunq.net\/tr\/wp-content\/uploads\/2013\/11\/KIZIL-K\u0130L\u0130SE.jpg\"><img loading=\"lazy\" decoding=\"async\" class=\"alignright size-full wp-image-26806\" alt=\"KIZIL K\u0130L\u0130SE\" src=\"http:\/\/akunq.net\/tr\/wp-content\/uploads\/2013\/11\/KIZIL-K\u0130L\u0130SE.jpg\" width=\"200\" height=\"200\" srcset=\"https:\/\/akunq.net\/tr\/wp-content\/uploads\/sites\/6\/2013\/11\/KIZIL-K\u0130L\u0130SE.jpg 200w, https:\/\/akunq.net\/tr\/wp-content\/uploads\/sites\/6\/2013\/11\/KIZIL-K\u0130L\u0130SE-150x150.jpg 150w\" sizes=\"auto, (max-width: 200px) 100vw, 200px\" \/><\/a>Anadolu&#8217;da y\u0131k\u0131lan kilise ve manast\u0131rlar\u0131 inceleyen Ermeni Mimar M\u00fchendisler Dayan\u0131\u015fma Derne\u011fi, Mu\u015f&#8217;ta bir\u00e7ok binada tarihi kal\u0131nt\u0131lara ait ta\u015flar\u0131n kullan\u0131ld\u0131\u011f\u0131n\u0131 saptad\u0131.<\/i><\/strong><\/p>\n<\/div>\n<p style=\"text-align: justify;\">Mu\u015f&#8217;ta bir zamanlar Ermenilerin ya\u015fad\u0131\u011f\u0131 Kale Mahallesi&#8217;nde (eski ad\u0131yla Mu\u015fe\u011fin) ba\u015flayan y\u0131k\u0131mlar, tarihi eserlerin harap edildi\u011fini ortaya \u00e7\u0131kard\u0131. Bir\u00e7ok manast\u0131r ve kiliseye ait ta\u015flar kamu binalar\u0131 ve k\u00f6y evlerinin in\u015fas\u0131nda kullan\u0131ld\u0131. Ermeni Mimar M\u00fchendisler Dayan\u0131\u015fma Derne\u011fi (HAYCAR) heyeti hem \u015fehirde hem k\u00f6ylerde \u00e7ok say\u0131da manast\u0131r ve kilisenin durumunu inceledi. Ha\u00e7 i\u015faretli, Ermenice yaz\u0131l\u0131, el i\u015flemeli ta\u015flar\u0131n s\u00f6k\u00fclerek k\u00f6y evlerine, kamu binalar\u0131na konuldu\u011fu belirlendi. Aziz Garabet Manast\u0131r\u0131, Meryem Ana Manast\u0131r\u0131, halk aras\u0131nda K\u0131z\u0131l Kilise diye bilinen tarihi yap\u0131lar\u0131n ta\u015flar\u0131n\u0131n s\u00f6k\u00fclerek yok edildi\u011fi, altlar\u0131n\u0131n ise defineciler taraf\u0131ndan k\u00f6stebek yuvas\u0131na \u00e7evrildi\u011fi ortaya \u00e7\u0131kt\u0131.<br \/>\n<b><br \/>\n1950&#8217;DEN BER\u0130 \u0130N\u015eAAT MALZEMES\u0130 <\/b><br \/>\n24 Ekim&#8217;de b\u00f6lgeye yapt\u0131klar\u0131 \u00fc\u00e7 g\u00fcnl\u00fck ziyaretle ilgili SABAH&#8217;a konu\u015fan HAYCAR Ba\u015fkan\u0131 Nazaret Binatl\u0131, tarihi manast\u0131rlardan geriye sadece birka\u00e7 kal\u0131nt\u0131n\u0131n kald\u0131\u011f\u0131n\u0131 anlatt\u0131. Anadolu&#8217;da pek \u00e7ok kilise ve manast\u0131r\u0131n yerle bir edildi\u011fine dikkat \u00e7ekenlerden birisi de heyette yer alan Mimar Zakarya Mildano\u011flu. Mu\u015f&#8217;a 30 kilometre mesafedeki Suluca k\u00f6y\u00fcnde bulunan Meryem Ana Manast\u0131r\u0131&#8217;nda incelemeler yaparken yanlar\u0131na ya\u015fl\u0131 bir k\u00f6yl\u00fc gelerek, &#8220;Beyefendi 1950&#8217;li y\u0131llarda yap\u0131lan Mu\u015f Adalet Saray\u0131 ba\u015fta olmak \u00fczere \u00e7ok say\u0131da kamu binas\u0131n\u0131n ta\u015flar\u0131 buradan g\u00f6t\u00fcr\u00fcld\u00fc&#8221; dedi. Mildano\u011flu, Mu\u015f&#8217;a d\u00f6nd\u00fc\u011f\u00fcnde Adalet Saray\u0131&#8217;na gitti. Yap\u0131lan incelemeler sonunda 1950&#8217;li y\u0131llarda y\u0131k\u0131lan Meryem Ana Manast\u0131r\u0131&#8217;na ait ta\u015flar\u0131n Adalet Saray\u0131 binas\u0131n\u0131n yap\u0131m\u0131nda kullan\u0131ld\u0131\u011f\u0131 ortaya \u00e7\u0131kt\u0131. &#8220;Tan\u0131klar, Mu\u015f merkezde \u00e7ok say\u0131da binada bu ta\u015flar\u0131n oldu\u011funu s\u00f6yl\u00fcyor&#8221; diye konu\u015fan Mildano\u011flu, b\u00f6lgede bulunan bir\u00e7ok kilisenin de ah\u0131r, samanl\u0131k ve depo olarak kullan\u0131ld\u0131\u011f\u0131n\u0131 belirterek, &#8220;Mezar ta\u015flar\u0131 ise otlar\u0131n aras\u0131nda boynu b\u00fck\u00fck kalm\u0131\u015f&#8221; dedi.<\/p>\n<p><strong>&#8216;ADALET SARAYI&#8217;NIN TA\u015eI KIZIL K\u0130L\u0130SE&#8217;DEN GELD\u0130&#8217;<\/strong><b><br \/>\n<\/b>Haycar heyetinde yer alan mimar Zakarya Mildano\u011flu, &#8220;Adalet Saray\u0131&#8217;n\u0131n d\u0131\u015f cephesi mantoland\u0131\u011f\u0131 i\u00e7in fark edilmiyor. Ancak dikkatli bak\u0131nca giri\u015f k\u0131sm\u0131ndaki ta\u015f kaplamalar\u0131n k\u0131smen a\u00e7\u0131kta kald\u0131\u011f\u0131 fark ediliyor. Bu ta\u015flar, halk aras\u0131nda K\u0131z\u0131l Kilise olarak bilinen Meryem Ana Manast\u0131r\u0131&#8217;ndan getirilen ta\u015flar&#8221; dedi.<\/p>\n<p style=\"text-align: justify;\"><b><i>http:\/\/www.sabah.com.tr\/Yasam\/2013\/11\/09\/tarihi-manastirlari-sokup-ev-yaptilar<\/i><\/b><\/p>\n","protected":false},"excerpt":{"rendered":"<p>Anadolu&#8217;da y\u0131k\u0131lan kilise ve manast\u0131rlar\u0131 inceleyen Ermeni Mimar M\u00fchendisler Dayan\u0131\u015fma Derne\u011fi, Mu\u015f&#8217;ta bir\u00e7ok binada tarihi kal\u0131nt\u0131lara ait ta\u015flar\u0131n kullan\u0131ld\u0131\u011f\u0131n\u0131 saptad\u0131. Mu\u015f&#8217;ta bir zamanlar Ermenilerin ya\u015fad\u0131\u011f\u0131 Kale Mahallesi&#8217;nde (eski ad\u0131yla Mu\u015fe\u011fin) ba\u015flayan y\u0131k\u0131mlar, tarihi eserlerin harap edildi\u011fini ortaya \u00e7\u0131kard\u0131. Bir\u00e7ok manast\u0131r ve kiliseye ait ta\u015flar kamu binalar\u0131 ve k\u00f6y evlerinin in\u015fas\u0131nda kullan\u0131ld\u0131. Ermeni Mimar M\u00fchendisler Dayan\u0131\u015fma [&hellip;]<\/p>\n","protected":false},"author":7,"featured_media":0,"comment_status":"open","ping_status":"open","sticky":false,"template":"","format":"standard","meta":{"footnotes":""},"categories":[22,1],"tags":[],"class_list":["post-26805","post","type-post","status-publish","format-standard","hentry","category-gunumuzde-bati-ermenistan","category-haberler"],"yoast_head":"<!-- This site is optimized with the Yoast SEO plugin v27.4 - https:\/\/yoast.com\/product\/yoast-seo-wordpress\/ -->\n<title>&#039;Tarihi manast\u0131rlar\u0131 s\u00f6k\u00fcp ev yapt\u0131lar&#039; - Bati Ermenistan Ve Bati Ermenileri Sorunlari Ara\u015ftirmalar Merkezi<\/title>\n<meta name=\"robots\" content=\"index, follow, max-snippet:-1, max-image-preview:large, max-video-preview:-1\" \/>\n<link rel=\"canonical\" href=\"https:\/\/akunq.net\/tr\/?p=26805\" \/>\n<meta property=\"og:locale\" content=\"en_US\" \/>\n<meta property=\"og:type\" content=\"article\" \/>\n<meta property=\"og:title\" content=\"&#039;Tarihi manast\u0131rlar\u0131 s\u00f6k\u00fcp ev yapt\u0131lar&#039; - Bati Ermenistan Ve Bati Ermenileri Sorunlari Ara\u015ftirmalar Merkezi\" \/>\n<meta property=\"og:description\" content=\"Anadolu&#8217;da y\u0131k\u0131lan kilise ve manast\u0131rlar\u0131 inceleyen Ermeni Mimar M\u00fchendisler Dayan\u0131\u015fma Derne\u011fi, Mu\u015f&#8217;ta bir\u00e7ok binada tarihi kal\u0131nt\u0131lara ait ta\u015flar\u0131n kullan\u0131ld\u0131\u011f\u0131n\u0131 saptad\u0131. Mu\u015f&#8217;ta bir zamanlar Ermenilerin ya\u015fad\u0131\u011f\u0131 Kale Mahallesi&#8217;nde (eski ad\u0131yla Mu\u015fe\u011fin) ba\u015flayan y\u0131k\u0131mlar, tarihi eserlerin harap edildi\u011fini ortaya \u00e7\u0131kard\u0131. Bir\u00e7ok manast\u0131r ve kiliseye ait ta\u015flar kamu binalar\u0131 ve k\u00f6y evlerinin in\u015fas\u0131nda kullan\u0131ld\u0131. Ermeni Mimar M\u00fchendisler Dayan\u0131\u015fma [&hellip;]\" \/>\n<meta property=\"og:url\" content=\"https:\/\/akunq.net\/tr\/?p=26805\" \/>\n<meta property=\"og:site_name\" content=\"Bati Ermenistan Ve Bati Ermenileri Sorunlari Ara\u015ftirmalar Merkezi\" \/>\n<meta property=\"article:published_time\" content=\"2013-11-13T07:30:28+00:00\" \/>\n<meta name=\"author\" content=\"admin\" \/>\n<meta name=\"twitter:card\" content=\"summary_large_image\" \/>\n<meta name=\"twitter:label1\" content=\"Written by\" \/>\n\t<meta name=\"twitter:data1\" content=\"admin\" \/>\n\t<meta name=\"twitter:label2\" content=\"Est. reading time\" \/>\n\t<meta name=\"twitter:data2\" content=\"2 minutes\" \/>\n<script type=\"application\/ld+json\" class=\"yoast-schema-graph\">{\"@context\":\"https:\\\/\\\/schema.org\",\"@graph\":[{\"@type\":\"Article\",\"@id\":\"https:\\\/\\\/akunq.net\\\/tr\\\/?p=26805#article\",\"isPartOf\":{\"@id\":\"https:\\\/\\\/akunq.net\\\/tr\\\/?p=26805\"},\"author\":{\"name\":\"admin\",\"@id\":\"https:\\\/\\\/akunq.net\\\/tr\\\/#\\\/schema\\\/person\\\/096f1d38a12cce57fb855b485ed24c9e\"},\"headline\":\"&#8216;Tarihi manast\u0131rlar\u0131 s\u00f6k\u00fcp ev yapt\u0131lar&#8217;\",\"datePublished\":\"2013-11-13T07:30:28+00:00\",\"mainEntityOfPage\":{\"@id\":\"https:\\\/\\\/akunq.net\\\/tr\\\/?p=26805\"},\"wordCount\":466,\"commentCount\":0,\"articleSection\":[\"G\u00fcn\u00fcm\u00fczde Bat\u0131 Ermenistan\",\"Haberler\"],\"inLanguage\":\"en-US\",\"potentialAction\":[{\"@type\":\"CommentAction\",\"name\":\"Comment\",\"target\":[\"https:\\\/\\\/akunq.net\\\/tr\\\/?p=26805#respond\"]}]},{\"@type\":\"WebPage\",\"@id\":\"https:\\\/\\\/akunq.net\\\/tr\\\/?p=26805\",\"url\":\"https:\\\/\\\/akunq.net\\\/tr\\\/?p=26805\",\"name\":\"'Tarihi manast\u0131rlar\u0131 s\u00f6k\u00fcp ev yapt\u0131lar' - Bati Ermenistan Ve Bati Ermenileri Sorunlari Ara\u015ftirmalar Merkezi\",\"isPartOf\":{\"@id\":\"https:\\\/\\\/akunq.net\\\/tr\\\/#website\"},\"datePublished\":\"2013-11-13T07:30:28+00:00\",\"author\":{\"@id\":\"https:\\\/\\\/akunq.net\\\/tr\\\/#\\\/schema\\\/person\\\/096f1d38a12cce57fb855b485ed24c9e\"},\"breadcrumb\":{\"@id\":\"https:\\\/\\\/akunq.net\\\/tr\\\/?p=26805#breadcrumb\"},\"inLanguage\":\"en-US\",\"potentialAction\":[{\"@type\":\"ReadAction\",\"target\":[\"https:\\\/\\\/akunq.net\\\/tr\\\/?p=26805\"]}]},{\"@type\":\"BreadcrumbList\",\"@id\":\"https:\\\/\\\/akunq.net\\\/tr\\\/?p=26805#breadcrumb\",\"itemListElement\":[{\"@type\":\"ListItem\",\"position\":1,\"name\":\"Home\",\"item\":\"https:\\\/\\\/akunq.net\\\/tr\"},{\"@type\":\"ListItem\",\"position\":2,\"name\":\"&#8216;Tarihi manast\u0131rlar\u0131 s\u00f6k\u00fcp ev yapt\u0131lar&#8217;\"}]},{\"@type\":\"WebSite\",\"@id\":\"https:\\\/\\\/akunq.net\\\/tr\\\/#website\",\"url\":\"https:\\\/\\\/akunq.net\\\/tr\\\/\",\"name\":\"Bati Ermenistan Ve Bati Ermenileri Sorunlari Ara\u015ftirmalar Merkezi\",\"description\":\"\",\"potentialAction\":[{\"@type\":\"SearchAction\",\"target\":{\"@type\":\"EntryPoint\",\"urlTemplate\":\"https:\\\/\\\/akunq.net\\\/tr\\\/?s={search_term_string}\"},\"query-input\":{\"@type\":\"PropertyValueSpecification\",\"valueRequired\":true,\"valueName\":\"search_term_string\"}}],\"inLanguage\":\"en-US\"},{\"@type\":\"Person\",\"@id\":\"https:\\\/\\\/akunq.net\\\/tr\\\/#\\\/schema\\\/person\\\/096f1d38a12cce57fb855b485ed24c9e\",\"name\":\"admin\",\"url\":\"https:\\\/\\\/akunq.net\\\/tr\\\/?author=7\"}]}<\/script>\n<!-- \/ Yoast SEO plugin. -->","yoast_head_json":{"title":"'Tarihi manast\u0131rlar\u0131 s\u00f6k\u00fcp ev yapt\u0131lar' - Bati Ermenistan Ve Bati Ermenileri Sorunlari Ara\u015ftirmalar Merkezi","robots":{"index":"index","follow":"follow","max-snippet":"max-snippet:-1","max-image-preview":"max-image-preview:large","max-video-preview":"max-video-preview:-1"},"canonical":"https:\/\/akunq.net\/tr\/?p=26805","og_locale":"en_US","og_type":"article","og_title":"'Tarihi manast\u0131rlar\u0131 s\u00f6k\u00fcp ev yapt\u0131lar' - Bati Ermenistan Ve Bati Ermenileri Sorunlari Ara\u015ftirmalar Merkezi","og_description":"Anadolu&#8217;da y\u0131k\u0131lan kilise ve manast\u0131rlar\u0131 inceleyen Ermeni Mimar M\u00fchendisler Dayan\u0131\u015fma Derne\u011fi, Mu\u015f&#8217;ta bir\u00e7ok binada tarihi kal\u0131nt\u0131lara ait ta\u015flar\u0131n kullan\u0131ld\u0131\u011f\u0131n\u0131 saptad\u0131. Mu\u015f&#8217;ta bir zamanlar Ermenilerin ya\u015fad\u0131\u011f\u0131 Kale Mahallesi&#8217;nde (eski ad\u0131yla Mu\u015fe\u011fin) ba\u015flayan y\u0131k\u0131mlar, tarihi eserlerin harap edildi\u011fini ortaya \u00e7\u0131kard\u0131. Bir\u00e7ok manast\u0131r ve kiliseye ait ta\u015flar kamu binalar\u0131 ve k\u00f6y evlerinin in\u015fas\u0131nda kullan\u0131ld\u0131. Ermeni Mimar M\u00fchendisler Dayan\u0131\u015fma [&hellip;]","og_url":"https:\/\/akunq.net\/tr\/?p=26805","og_site_name":"Bati Ermenistan Ve Bati Ermenileri Sorunlari Ara\u015ftirmalar Merkezi","article_published_time":"2013-11-13T07:30:28+00:00","author":"admin","twitter_card":"summary_large_image","twitter_misc":{"Written by":"admin","Est. reading time":"2 minutes"},"schema":{"@context":"https:\/\/schema.org","@graph":[{"@type":"Article","@id":"https:\/\/akunq.net\/tr\/?p=26805#article","isPartOf":{"@id":"https:\/\/akunq.net\/tr\/?p=26805"},"author":{"name":"admin","@id":"https:\/\/akunq.net\/tr\/#\/schema\/person\/096f1d38a12cce57fb855b485ed24c9e"},"headline":"&#8216;Tarihi manast\u0131rlar\u0131 s\u00f6k\u00fcp ev yapt\u0131lar&#8217;","datePublished":"2013-11-13T07:30:28+00:00","mainEntityOfPage":{"@id":"https:\/\/akunq.net\/tr\/?p=26805"},"wordCount":466,"commentCount":0,"articleSection":["G\u00fcn\u00fcm\u00fczde Bat\u0131 Ermenistan","Haberler"],"inLanguage":"en-US","potentialAction":[{"@type":"CommentAction","name":"Comment","target":["https:\/\/akunq.net\/tr\/?p=26805#respond"]}]},{"@type":"WebPage","@id":"https:\/\/akunq.net\/tr\/?p=26805","url":"https:\/\/akunq.net\/tr\/?p=26805","name":"'Tarihi manast\u0131rlar\u0131 s\u00f6k\u00fcp ev yapt\u0131lar' - Bati Ermenistan Ve Bati Ermenileri Sorunlari Ara\u015ftirmalar Merkezi","isPartOf":{"@id":"https:\/\/akunq.net\/tr\/#website"},"datePublished":"2013-11-13T07:30:28+00:00","author":{"@id":"https:\/\/akunq.net\/tr\/#\/schema\/person\/096f1d38a12cce57fb855b485ed24c9e"},"breadcrumb":{"@id":"https:\/\/akunq.net\/tr\/?p=26805#breadcrumb"},"inLanguage":"en-US","potentialAction":[{"@type":"ReadAction","target":["https:\/\/akunq.net\/tr\/?p=26805"]}]},{"@type":"BreadcrumbList","@id":"https:\/\/akunq.net\/tr\/?p=26805#breadcrumb","itemListElement":[{"@type":"ListItem","position":1,"name":"Home","item":"https:\/\/akunq.net\/tr"},{"@type":"ListItem","position":2,"name":"&#8216;Tarihi manast\u0131rlar\u0131 s\u00f6k\u00fcp ev yapt\u0131lar&#8217;"}]},{"@type":"WebSite","@id":"https:\/\/akunq.net\/tr\/#website","url":"https:\/\/akunq.net\/tr\/","name":"Bati Ermenistan Ve Bati Ermenileri Sorunlari Ara\u015ftirmalar Merkezi","description":"","potentialAction":[{"@type":"SearchAction","target":{"@type":"EntryPoint","urlTemplate":"https:\/\/akunq.net\/tr\/?s={search_term_string}"},"query-input":{"@type":"PropertyValueSpecification","valueRequired":true,"valueName":"search_term_string"}}],"inLanguage":"en-US"},{"@type":"Person","@id":"https:\/\/akunq.net\/tr\/#\/schema\/person\/096f1d38a12cce57fb855b485ed24c9e","name":"admin","url":"https:\/\/akunq.net\/tr\/?author=7"}]}},"_links":{"self":[{"href":"https:\/\/akunq.net\/tr\/index.php?rest_route=\/wp\/v2\/posts\/26805","targetHints":{"allow":["GET"]}}],"collection":[{"href":"https:\/\/akunq.net\/tr\/index.php?rest_route=\/wp\/v2\/posts"}],"about":[{"href":"https:\/\/akunq.net\/tr\/index.php?rest_route=\/wp\/v2\/types\/post"}],"author":[{"embeddable":true,"href":"https:\/\/akunq.net\/tr\/index.php?rest_route=\/wp\/v2\/users\/7"}],"replies":[{"embeddable":true,"href":"https:\/\/akunq.net\/tr\/index.php?rest_route=%2Fwp%2Fv2%2Fcomments&post=26805"}],"version-history":[{"count":1,"href":"https:\/\/akunq.net\/tr\/index.php?rest_route=\/wp\/v2\/posts\/26805\/revisions"}],"predecessor-version":[{"id":26807,"href":"https:\/\/akunq.net\/tr\/index.php?rest_route=\/wp\/v2\/posts\/26805\/revisions\/26807"}],"wp:attachment":[{"href":"https:\/\/akunq.net\/tr\/index.php?rest_route=%2Fwp%2Fv2%2Fmedia&parent=26805"}],"wp:term":[{"taxonomy":"category","embeddable":true,"href":"https:\/\/akunq.net\/tr\/index.php?rest_route=%2Fwp%2Fv2%2Fcategories&post=26805"},{"taxonomy":"post_tag","embeddable":true,"href":"https:\/\/akunq.net\/tr\/index.php?rest_route=%2Fwp%2Fv2%2Ftags&post=26805"}],"curies":[{"name":"wp","href":"https:\/\/api.w.org\/{rel}","templated":true}]}}