{"id":26802,"date":"2013-11-13T02:19:14","date_gmt":"2013-11-13T07:19:14","guid":{"rendered":"http:\/\/akunq.net\/tr\/?p=26802"},"modified":"2013-11-13T02:19:14","modified_gmt":"2013-11-13T07:19:14","slug":"kamu-sen-hepiniz-ermenisiniz-aklinizi-aliriz","status":"publish","type":"post","link":"https:\/\/akunq.net\/tr\/?p=26802","title":{"rendered":"Kamu-Sen: Hepiniz Ermeni\u2019siniz, akl\u0131n\u0131z\u0131 al\u0131r\u0131z!"},"content":{"rendered":"<p style=\"text-align: justify;\"><b><i><a href=\"http:\/\/akunq.net\/tr\/wp-content\/uploads\/2013\/11\/Kamu-Sen.jpg\"><img loading=\"lazy\" decoding=\"async\" class=\"alignright size-medium wp-image-26803\" alt=\"Kamu-Sen\" src=\"http:\/\/akunq.net\/tr\/wp-content\/uploads\/2013\/11\/Kamu-Sen-300x217.jpg\" width=\"300\" height=\"217\" srcset=\"https:\/\/akunq.net\/tr\/wp-content\/uploads\/sites\/6\/2013\/11\/Kamu-Sen-300x217.jpg 300w, https:\/\/akunq.net\/tr\/wp-content\/uploads\/sites\/6\/2013\/11\/Kamu-Sen.jpg 551w\" sizes=\"auto, (max-width: 300px) 100vw, 300px\" \/><\/a>BDP Diyarbak\u0131r Milletvekili Altan Tan taraf\u0131ndan Erzurum ve baz\u0131 il\u00e7elerin ad\u0131n\u0131n de\u011fi\u015ftirilmesi i\u00e7in T\u00fcrkiye B\u00fcy\u00fck Millet Meclisi Ba\u015fkanl\u0131\u011f\u0131\u2019na verdi\u011fi kanun teklifine tepki g\u00f6sterildi. <\/i><\/b><\/p>\n<p style=\"text-align: justify;\">T\u00fcrkiye Kamu-Sen Erzurum \u0130l Temsilcili\u011fi bug\u00fcn \u00f6\u011flen saatlerinde Valilik Binas\u0131 \u00f6n\u00fcnde toplan\u0131p yakla\u015f\u0131k 300 metre uzakl\u0131ktaki Atat\u00fcrk An\u0131t\u0131\u2019n\u0131n bulundu\u011fu Havuzba\u015f\u0131\u2019na y\u00fcr\u00fcd\u00fc. Ellerinde T\u00fcrk bayra\u011f\u0131 ve \u2018Hepiniz Ermeni\u2019siniz\u2019, \u2018Ak\u0131ll\u0131 ol akl\u0131n\u0131z\u0131 al\u0131r\u0131z\u2019, \u2018Ad\u0131m\u0131z\u0131 1877-1878\u2019de Aziziye\u2019de tescilledik\u2019 yaz\u0131l\u0131 pankartlarla Havuzba\u015f\u0131\u2019na gelen grup Atat\u00fcrk An\u0131t\u0131 \u0131 \u00f6n\u00fcnde Erzurum yaz\u0131s\u0131n\u0131 a\u00e7t\u0131.<\/p>\n<p style=\"text-align: justify;\">BDP\u2019li Milletvekili Altan Tan taraf\u0131ndan verilen kanun teklifindeki \u2018Erzerom\u2019 isminin sadece Ermeni ve baz\u0131 yabanc\u0131 t\u00fcccarlar taraf\u0131ndan kullan\u0131lm\u0131\u015f ve hi\u00e7bir zaman isim de\u011feri ta\u015f\u0131mad\u0131\u011f\u0131n\u0131 \u00f6ne s\u00fcren Kamu- Sen Erzurum \u0130l Temsilcisi M\u00fcfit Bayraktar \u015funlar\u0131 s\u00f6yledi:<\/p>\n<p style=\"text-align: justify;\"><b>\u2018Altan Tan\u2019\u0131n B\u00fcy\u00fck Ermenistan Projesi\u2019<\/b><\/p>\n<p style=\"text-align: justify;\">\u201cTarih bu co\u011frafyay\u0131 Erzurum olarak yazm\u0131\u015ft\u0131r, sonsuza kadarda Erzurum olarak yaz\u0131lacakt\u0131r. BDP Milletvekili Altan Tan\u2019\u0131n bu kanun teklifi tam anlam\u0131yla hadsizlik ve kendini bilmezliktir. S\u00f6zde \u2018Demokratikle\u015fme Paketi\u2019 bize g\u00f6re \u2018\u0130hanet Paketi\u2019nden cesaret alan ve b\u00f6l\u00fcc\u00fc ter\u00f6r \u00f6rg\u00fct\u00fcn\u00fcn s\u00f6zc\u00fcs\u00fc gibi davranan Altan Tan\u2019\u0131n B\u00fcy\u00fck Ermenistan Projesi\u2019yle \u00f6rt\u00fc\u015fen bu kanun teklifi s\u00f6zde \u2018Ermeni Soyk\u0131r\u0131m\u0131\u2019n\u0131n 100\u2019nc\u00fc y\u0131l\u0131nda yani 2015 y\u0131l\u0131na bug\u00fcnden sinsice yap\u0131lan bir haz\u0131rl\u0131kt\u0131r. B\u00fcy\u00fck T\u00fcrk milleti bu hain ve sinsi oyunu bozacak, Aziziye Tabyalar\u0131nda verilen cevab\u0131 zaman\u0131 geldi\u011finde tekrar verecektir. Bizler var olduk\u00e7a kirli emellerinizi ger\u00e7ekle\u015ftiremeyeceksiniz.\u201d<\/p>\n<p style=\"text-align: justify;\">BDP Diyarbak\u0131r Milletvekili Altan Tan\u2019\u0131n T\u00fcrkiye B\u00fcy\u00fck Millet Meclisi Ba\u015fkanl\u0131\u011f\u0131\u2019na verdi\u011fi dilek\u00e7ede Erzurum ad\u0131n\u0131n Erzerom il\u00e7elerinden Tekman\u2019\u0131n Tatos, H\u0131n\u0131s\u2019\u0131n X\u0131nus, \u00c7at\u2019\u0131n Oxle, Karayaz\u0131\u2019n\u0131n Gogsi, Uzundere\u2019nin Azord, A\u015fkale\u2019nin E\u015fgele ve \u015eenkaya\u2019n\u0131n ise Bardiz olarak de\u011fi\u015ftirilmesini istemi\u015fti.<\/p>\n<p style=\"text-align: justify;\"><b><i>(DHA)<\/i><\/b><\/p>\n<p style=\"text-align: justify;\"><b><i>http:\/\/www.agos.com.tr\/haber.php?seo=kamusen-hepiniz-ermenisiniz-aklinizi-aliriz&amp;haberid=6123<\/i><\/b><\/p>\n","protected":false},"excerpt":{"rendered":"<p>BDP Diyarbak\u0131r Milletvekili Altan Tan taraf\u0131ndan Erzurum ve baz\u0131 il\u00e7elerin ad\u0131n\u0131n de\u011fi\u015ftirilmesi i\u00e7in T\u00fcrkiye B\u00fcy\u00fck Millet Meclisi Ba\u015fkanl\u0131\u011f\u0131\u2019na verdi\u011fi kanun teklifine tepki g\u00f6sterildi. T\u00fcrkiye Kamu-Sen Erzurum \u0130l Temsilcili\u011fi bug\u00fcn \u00f6\u011flen saatlerinde Valilik Binas\u0131 \u00f6n\u00fcnde toplan\u0131p yakla\u015f\u0131k 300 metre uzakl\u0131ktaki Atat\u00fcrk An\u0131t\u0131\u2019n\u0131n bulundu\u011fu Havuzba\u015f\u0131\u2019na y\u00fcr\u00fcd\u00fc. Ellerinde T\u00fcrk bayra\u011f\u0131 ve \u2018Hepiniz Ermeni\u2019siniz\u2019, \u2018Ak\u0131ll\u0131 ol akl\u0131n\u0131z\u0131 al\u0131r\u0131z\u2019, \u2018Ad\u0131m\u0131z\u0131 [&hellip;]<\/p>\n","protected":false},"author":7,"featured_media":0,"comment_status":"open","ping_status":"open","sticky":false,"template":"","format":"standard","meta":{"footnotes":""},"categories":[1],"tags":[],"class_list":["post-26802","post","type-post","status-publish","format-standard","hentry","category-haberler"],"yoast_head":"<!-- This site is optimized with the Yoast SEO plugin v27.4 - https:\/\/yoast.com\/product\/yoast-seo-wordpress\/ -->\n<title>Kamu-Sen: Hepiniz Ermeni\u2019siniz, akl\u0131n\u0131z\u0131 al\u0131r\u0131z! - Bati Ermenistan Ve Bati Ermenileri Sorunlari Ara\u015ftirmalar Merkezi<\/title>\n<meta name=\"robots\" content=\"index, follow, max-snippet:-1, max-image-preview:large, max-video-preview:-1\" \/>\n<link rel=\"canonical\" href=\"https:\/\/akunq.net\/tr\/?p=26802\" \/>\n<meta property=\"og:locale\" content=\"en_US\" \/>\n<meta property=\"og:type\" content=\"article\" \/>\n<meta property=\"og:title\" content=\"Kamu-Sen: Hepiniz Ermeni\u2019siniz, akl\u0131n\u0131z\u0131 al\u0131r\u0131z! - Bati Ermenistan Ve Bati Ermenileri Sorunlari Ara\u015ftirmalar Merkezi\" \/>\n<meta property=\"og:description\" content=\"BDP Diyarbak\u0131r Milletvekili Altan Tan taraf\u0131ndan Erzurum ve baz\u0131 il\u00e7elerin ad\u0131n\u0131n de\u011fi\u015ftirilmesi i\u00e7in T\u00fcrkiye B\u00fcy\u00fck Millet Meclisi Ba\u015fkanl\u0131\u011f\u0131\u2019na verdi\u011fi kanun teklifine tepki g\u00f6sterildi. T\u00fcrkiye Kamu-Sen Erzurum \u0130l Temsilcili\u011fi bug\u00fcn \u00f6\u011flen saatlerinde Valilik Binas\u0131 \u00f6n\u00fcnde toplan\u0131p yakla\u015f\u0131k 300 metre uzakl\u0131ktaki Atat\u00fcrk An\u0131t\u0131\u2019n\u0131n bulundu\u011fu Havuzba\u015f\u0131\u2019na y\u00fcr\u00fcd\u00fc. Ellerinde T\u00fcrk bayra\u011f\u0131 ve \u2018Hepiniz Ermeni\u2019siniz\u2019, \u2018Ak\u0131ll\u0131 ol akl\u0131n\u0131z\u0131 al\u0131r\u0131z\u2019, \u2018Ad\u0131m\u0131z\u0131 [&hellip;]\" \/>\n<meta property=\"og:url\" content=\"https:\/\/akunq.net\/tr\/?p=26802\" \/>\n<meta property=\"og:site_name\" content=\"Bati Ermenistan Ve Bati Ermenileri Sorunlari Ara\u015ftirmalar Merkezi\" \/>\n<meta property=\"article:published_time\" content=\"2013-11-13T07:19:14+00:00\" \/>\n<meta property=\"og:image\" content=\"http:\/\/akunq.net\/tr\/wp-content\/uploads\/2013\/11\/Kamu-Sen-300x217.jpg\" \/>\n<meta name=\"author\" content=\"admin\" \/>\n<meta name=\"twitter:card\" content=\"summary_large_image\" \/>\n<meta name=\"twitter:label1\" content=\"Written by\" \/>\n\t<meta name=\"twitter:data1\" content=\"admin\" \/>\n\t<meta name=\"twitter:label2\" content=\"Est. reading time\" \/>\n\t<meta name=\"twitter:data2\" content=\"2 minutes\" \/>\n<script type=\"application\/ld+json\" class=\"yoast-schema-graph\">{\"@context\":\"https:\\\/\\\/schema.org\",\"@graph\":[{\"@type\":\"Article\",\"@id\":\"https:\\\/\\\/akunq.net\\\/tr\\\/?p=26802#article\",\"isPartOf\":{\"@id\":\"https:\\\/\\\/akunq.net\\\/tr\\\/?p=26802\"},\"author\":{\"name\":\"admin\",\"@id\":\"https:\\\/\\\/akunq.net\\\/tr\\\/#\\\/schema\\\/person\\\/096f1d38a12cce57fb855b485ed24c9e\"},\"headline\":\"Kamu-Sen: Hepiniz Ermeni\u2019siniz, akl\u0131n\u0131z\u0131 al\u0131r\u0131z!\",\"datePublished\":\"2013-11-13T07:19:14+00:00\",\"mainEntityOfPage\":{\"@id\":\"https:\\\/\\\/akunq.net\\\/tr\\\/?p=26802\"},\"wordCount\":388,\"commentCount\":0,\"image\":{\"@id\":\"https:\\\/\\\/akunq.net\\\/tr\\\/?p=26802#primaryimage\"},\"thumbnailUrl\":\"http:\\\/\\\/akunq.net\\\/tr\\\/wp-content\\\/uploads\\\/2013\\\/11\\\/Kamu-Sen-300x217.jpg\",\"articleSection\":[\"Haberler\"],\"inLanguage\":\"en-US\",\"potentialAction\":[{\"@type\":\"CommentAction\",\"name\":\"Comment\",\"target\":[\"https:\\\/\\\/akunq.net\\\/tr\\\/?p=26802#respond\"]}]},{\"@type\":\"WebPage\",\"@id\":\"https:\\\/\\\/akunq.net\\\/tr\\\/?p=26802\",\"url\":\"https:\\\/\\\/akunq.net\\\/tr\\\/?p=26802\",\"name\":\"Kamu-Sen: Hepiniz Ermeni\u2019siniz, akl\u0131n\u0131z\u0131 al\u0131r\u0131z! - Bati Ermenistan Ve Bati Ermenileri Sorunlari Ara\u015ftirmalar Merkezi\",\"isPartOf\":{\"@id\":\"https:\\\/\\\/akunq.net\\\/tr\\\/#website\"},\"primaryImageOfPage\":{\"@id\":\"https:\\\/\\\/akunq.net\\\/tr\\\/?p=26802#primaryimage\"},\"image\":{\"@id\":\"https:\\\/\\\/akunq.net\\\/tr\\\/?p=26802#primaryimage\"},\"thumbnailUrl\":\"http:\\\/\\\/akunq.net\\\/tr\\\/wp-content\\\/uploads\\\/2013\\\/11\\\/Kamu-Sen-300x217.jpg\",\"datePublished\":\"2013-11-13T07:19:14+00:00\",\"author\":{\"@id\":\"https:\\\/\\\/akunq.net\\\/tr\\\/#\\\/schema\\\/person\\\/096f1d38a12cce57fb855b485ed24c9e\"},\"breadcrumb\":{\"@id\":\"https:\\\/\\\/akunq.net\\\/tr\\\/?p=26802#breadcrumb\"},\"inLanguage\":\"en-US\",\"potentialAction\":[{\"@type\":\"ReadAction\",\"target\":[\"https:\\\/\\\/akunq.net\\\/tr\\\/?p=26802\"]}]},{\"@type\":\"ImageObject\",\"inLanguage\":\"en-US\",\"@id\":\"https:\\\/\\\/akunq.net\\\/tr\\\/?p=26802#primaryimage\",\"url\":\"https:\\\/\\\/akunq.net\\\/tr\\\/wp-content\\\/uploads\\\/sites\\\/6\\\/2013\\\/11\\\/Kamu-Sen.jpg\",\"contentUrl\":\"https:\\\/\\\/akunq.net\\\/tr\\\/wp-content\\\/uploads\\\/sites\\\/6\\\/2013\\\/11\\\/Kamu-Sen.jpg\",\"width\":551,\"height\":400},{\"@type\":\"BreadcrumbList\",\"@id\":\"https:\\\/\\\/akunq.net\\\/tr\\\/?p=26802#breadcrumb\",\"itemListElement\":[{\"@type\":\"ListItem\",\"position\":1,\"name\":\"Home\",\"item\":\"https:\\\/\\\/akunq.net\\\/tr\"},{\"@type\":\"ListItem\",\"position\":2,\"name\":\"Kamu-Sen: Hepiniz Ermeni\u2019siniz, akl\u0131n\u0131z\u0131 al\u0131r\u0131z!\"}]},{\"@type\":\"WebSite\",\"@id\":\"https:\\\/\\\/akunq.net\\\/tr\\\/#website\",\"url\":\"https:\\\/\\\/akunq.net\\\/tr\\\/\",\"name\":\"Bati Ermenistan Ve Bati Ermenileri Sorunlari Ara\u015ftirmalar Merkezi\",\"description\":\"\",\"potentialAction\":[{\"@type\":\"SearchAction\",\"target\":{\"@type\":\"EntryPoint\",\"urlTemplate\":\"https:\\\/\\\/akunq.net\\\/tr\\\/?s={search_term_string}\"},\"query-input\":{\"@type\":\"PropertyValueSpecification\",\"valueRequired\":true,\"valueName\":\"search_term_string\"}}],\"inLanguage\":\"en-US\"},{\"@type\":\"Person\",\"@id\":\"https:\\\/\\\/akunq.net\\\/tr\\\/#\\\/schema\\\/person\\\/096f1d38a12cce57fb855b485ed24c9e\",\"name\":\"admin\",\"url\":\"https:\\\/\\\/akunq.net\\\/tr\\\/?author=7\"}]}<\/script>\n<!-- \/ Yoast SEO plugin. -->","yoast_head_json":{"title":"Kamu-Sen: Hepiniz Ermeni\u2019siniz, akl\u0131n\u0131z\u0131 al\u0131r\u0131z! - Bati Ermenistan Ve Bati Ermenileri Sorunlari Ara\u015ftirmalar Merkezi","robots":{"index":"index","follow":"follow","max-snippet":"max-snippet:-1","max-image-preview":"max-image-preview:large","max-video-preview":"max-video-preview:-1"},"canonical":"https:\/\/akunq.net\/tr\/?p=26802","og_locale":"en_US","og_type":"article","og_title":"Kamu-Sen: Hepiniz Ermeni\u2019siniz, akl\u0131n\u0131z\u0131 al\u0131r\u0131z! - Bati Ermenistan Ve Bati Ermenileri Sorunlari Ara\u015ftirmalar Merkezi","og_description":"BDP Diyarbak\u0131r Milletvekili Altan Tan taraf\u0131ndan Erzurum ve baz\u0131 il\u00e7elerin ad\u0131n\u0131n de\u011fi\u015ftirilmesi i\u00e7in T\u00fcrkiye B\u00fcy\u00fck Millet Meclisi Ba\u015fkanl\u0131\u011f\u0131\u2019na verdi\u011fi kanun teklifine tepki g\u00f6sterildi. T\u00fcrkiye Kamu-Sen Erzurum \u0130l Temsilcili\u011fi bug\u00fcn \u00f6\u011flen saatlerinde Valilik Binas\u0131 \u00f6n\u00fcnde toplan\u0131p yakla\u015f\u0131k 300 metre uzakl\u0131ktaki Atat\u00fcrk An\u0131t\u0131\u2019n\u0131n bulundu\u011fu Havuzba\u015f\u0131\u2019na y\u00fcr\u00fcd\u00fc. Ellerinde T\u00fcrk bayra\u011f\u0131 ve \u2018Hepiniz Ermeni\u2019siniz\u2019, \u2018Ak\u0131ll\u0131 ol akl\u0131n\u0131z\u0131 al\u0131r\u0131z\u2019, \u2018Ad\u0131m\u0131z\u0131 [&hellip;]","og_url":"https:\/\/akunq.net\/tr\/?p=26802","og_site_name":"Bati Ermenistan Ve Bati Ermenileri Sorunlari Ara\u015ftirmalar Merkezi","article_published_time":"2013-11-13T07:19:14+00:00","og_image":[{"url":"http:\/\/akunq.net\/tr\/wp-content\/uploads\/2013\/11\/Kamu-Sen-300x217.jpg","type":"","width":"","height":""}],"author":"admin","twitter_card":"summary_large_image","twitter_misc":{"Written by":"admin","Est. reading time":"2 minutes"},"schema":{"@context":"https:\/\/schema.org","@graph":[{"@type":"Article","@id":"https:\/\/akunq.net\/tr\/?p=26802#article","isPartOf":{"@id":"https:\/\/akunq.net\/tr\/?p=26802"},"author":{"name":"admin","@id":"https:\/\/akunq.net\/tr\/#\/schema\/person\/096f1d38a12cce57fb855b485ed24c9e"},"headline":"Kamu-Sen: Hepiniz Ermeni\u2019siniz, akl\u0131n\u0131z\u0131 al\u0131r\u0131z!","datePublished":"2013-11-13T07:19:14+00:00","mainEntityOfPage":{"@id":"https:\/\/akunq.net\/tr\/?p=26802"},"wordCount":388,"commentCount":0,"image":{"@id":"https:\/\/akunq.net\/tr\/?p=26802#primaryimage"},"thumbnailUrl":"http:\/\/akunq.net\/tr\/wp-content\/uploads\/2013\/11\/Kamu-Sen-300x217.jpg","articleSection":["Haberler"],"inLanguage":"en-US","potentialAction":[{"@type":"CommentAction","name":"Comment","target":["https:\/\/akunq.net\/tr\/?p=26802#respond"]}]},{"@type":"WebPage","@id":"https:\/\/akunq.net\/tr\/?p=26802","url":"https:\/\/akunq.net\/tr\/?p=26802","name":"Kamu-Sen: Hepiniz Ermeni\u2019siniz, akl\u0131n\u0131z\u0131 al\u0131r\u0131z! - Bati Ermenistan Ve Bati Ermenileri Sorunlari Ara\u015ftirmalar Merkezi","isPartOf":{"@id":"https:\/\/akunq.net\/tr\/#website"},"primaryImageOfPage":{"@id":"https:\/\/akunq.net\/tr\/?p=26802#primaryimage"},"image":{"@id":"https:\/\/akunq.net\/tr\/?p=26802#primaryimage"},"thumbnailUrl":"http:\/\/akunq.net\/tr\/wp-content\/uploads\/2013\/11\/Kamu-Sen-300x217.jpg","datePublished":"2013-11-13T07:19:14+00:00","author":{"@id":"https:\/\/akunq.net\/tr\/#\/schema\/person\/096f1d38a12cce57fb855b485ed24c9e"},"breadcrumb":{"@id":"https:\/\/akunq.net\/tr\/?p=26802#breadcrumb"},"inLanguage":"en-US","potentialAction":[{"@type":"ReadAction","target":["https:\/\/akunq.net\/tr\/?p=26802"]}]},{"@type":"ImageObject","inLanguage":"en-US","@id":"https:\/\/akunq.net\/tr\/?p=26802#primaryimage","url":"https:\/\/akunq.net\/tr\/wp-content\/uploads\/sites\/6\/2013\/11\/Kamu-Sen.jpg","contentUrl":"https:\/\/akunq.net\/tr\/wp-content\/uploads\/sites\/6\/2013\/11\/Kamu-Sen.jpg","width":551,"height":400},{"@type":"BreadcrumbList","@id":"https:\/\/akunq.net\/tr\/?p=26802#breadcrumb","itemListElement":[{"@type":"ListItem","position":1,"name":"Home","item":"https:\/\/akunq.net\/tr"},{"@type":"ListItem","position":2,"name":"Kamu-Sen: Hepiniz Ermeni\u2019siniz, akl\u0131n\u0131z\u0131 al\u0131r\u0131z!"}]},{"@type":"WebSite","@id":"https:\/\/akunq.net\/tr\/#website","url":"https:\/\/akunq.net\/tr\/","name":"Bati Ermenistan Ve Bati Ermenileri Sorunlari Ara\u015ftirmalar Merkezi","description":"","potentialAction":[{"@type":"SearchAction","target":{"@type":"EntryPoint","urlTemplate":"https:\/\/akunq.net\/tr\/?s={search_term_string}"},"query-input":{"@type":"PropertyValueSpecification","valueRequired":true,"valueName":"search_term_string"}}],"inLanguage":"en-US"},{"@type":"Person","@id":"https:\/\/akunq.net\/tr\/#\/schema\/person\/096f1d38a12cce57fb855b485ed24c9e","name":"admin","url":"https:\/\/akunq.net\/tr\/?author=7"}]}},"_links":{"self":[{"href":"https:\/\/akunq.net\/tr\/index.php?rest_route=\/wp\/v2\/posts\/26802","targetHints":{"allow":["GET"]}}],"collection":[{"href":"https:\/\/akunq.net\/tr\/index.php?rest_route=\/wp\/v2\/posts"}],"about":[{"href":"https:\/\/akunq.net\/tr\/index.php?rest_route=\/wp\/v2\/types\/post"}],"author":[{"embeddable":true,"href":"https:\/\/akunq.net\/tr\/index.php?rest_route=\/wp\/v2\/users\/7"}],"replies":[{"embeddable":true,"href":"https:\/\/akunq.net\/tr\/index.php?rest_route=%2Fwp%2Fv2%2Fcomments&post=26802"}],"version-history":[{"count":1,"href":"https:\/\/akunq.net\/tr\/index.php?rest_route=\/wp\/v2\/posts\/26802\/revisions"}],"predecessor-version":[{"id":26804,"href":"https:\/\/akunq.net\/tr\/index.php?rest_route=\/wp\/v2\/posts\/26802\/revisions\/26804"}],"wp:attachment":[{"href":"https:\/\/akunq.net\/tr\/index.php?rest_route=%2Fwp%2Fv2%2Fmedia&parent=26802"}],"wp:term":[{"taxonomy":"category","embeddable":true,"href":"https:\/\/akunq.net\/tr\/index.php?rest_route=%2Fwp%2Fv2%2Fcategories&post=26802"},{"taxonomy":"post_tag","embeddable":true,"href":"https:\/\/akunq.net\/tr\/index.php?rest_route=%2Fwp%2Fv2%2Ftags&post=26802"}],"curies":[{"name":"wp","href":"https:\/\/api.w.org\/{rel}","templated":true}]}}