{"id":26782,"date":"2013-11-12T01:45:55","date_gmt":"2013-11-12T06:45:55","guid":{"rendered":"http:\/\/akunq.net\/tr\/?p=26782"},"modified":"2013-11-12T01:46:29","modified_gmt":"2013-11-12T06:46:29","slug":"ermeniler-de-turkleri-kesmisti-diyerek","status":"publish","type":"post","link":"https:\/\/akunq.net\/tr\/?p=26782","title":{"rendered":"&#8216;Ermeniler de T\u00fcrkleri kesmi\u015fti&#8217; diyerek&#8230;"},"content":{"rendered":"<p style=\"text-align: justify;\"><b><a href=\"http:\/\/akunq.net\/tr\/wp-content\/uploads\/2013\/11\/\u0555\u0580\u0561\u056c-\u0549\u0561\u056c\u0568\u0577\u056c\u0561\u0580.jpg\"><img loading=\"lazy\" decoding=\"async\" class=\"alignright size-medium wp-image-26783\" alt=\"\u0555\u0580\u0561\u056c \u0549\u0561\u056c\u0568\u0577\u056c\u0561\u0580\" src=\"http:\/\/akunq.net\/tr\/wp-content\/uploads\/2013\/11\/\u0555\u0580\u0561\u056c-\u0549\u0561\u056c\u0568\u0577\u056c\u0561\u0580-300x203.jpg\" width=\"300\" height=\"203\" srcset=\"https:\/\/akunq.net\/tr\/wp-content\/uploads\/sites\/6\/2013\/11\/\u0555\u0580\u0561\u056c-\u0549\u0561\u056c\u0568\u0577\u056c\u0561\u0580-300x203.jpg 300w, https:\/\/akunq.net\/tr\/wp-content\/uploads\/sites\/6\/2013\/11\/\u0555\u0580\u0561\u056c-\u0549\u0561\u056c\u0568\u0577\u056c\u0561\u0580.jpg 310w\" sizes=\"auto, (max-width: 300px) 100vw, 300px\" \/><\/a>ORAL \u00c7ALI\u015eLAR<\/b><\/p>\n<h6 style=\"text-align: justify;\"><em><b>Ermenilerin bir kesiminin o tarihlerde Erzurum ve y\u00f6resinde uygulad\u0131klar\u0131 vah\u015fetin, 1915 soyk\u0131r\u0131m\u0131 olgusunu ortadan kald\u0131rmayaca\u011f\u0131n\u0131 bilmeliyiz.<\/b><\/em><\/h6>\n<p style=\"text-align: justify;\">M\u00fcsl\u00fcmanla\u015ft\u0131r\u0131lm\u0131\u015f Ermeniler Konferans\u0131\u2019n\u0131 izlerken dinledi\u011fim baz\u0131 \u00f6yk\u00fcleri k\u00f6\u015femde aktarm\u0131\u015ft\u0131m. Bu yaz\u0131m nedeniyle gelen mektuplardan biri de AK Parti\u2019nin iki d\u00f6nem K\u0131r\u0131kkale milletvekilli\u011fini yapan Vahit Erdem\u2019den geldi.<\/p>\n<p style=\"text-align: justify;\">\u201cSn. Oral,<br \/>\nYabanc\u0131 baz\u0131 namuslu tarih\u00e7iler sizden \u00e7ok daha insafl\u0131 bu konuda. Ge\u00e7en hafta Erzurum\u2019da idim, biraz da oralarda Ermenilerin yapt\u0131\u011f\u0131 mezalime kalem oynatmaya eliniz varabilse.<br \/>\nKe\u015fke olmasa idi, ama bu facia ba\u015flat\u0131lm\u0131\u015f ve kar\u015f\u0131l\u0131kl\u0131 katliama yol a\u00e7\u0131lm\u0131\u015f. Siyasi olarak dikte ettirilmeye \u00e7al\u0131\u015f\u0131lan, bilimsel olarak mutabakat sa\u011flanamayan \u2018soyk\u0131r\u0131m\u2019 tezini siz kabul etmi\u015f g\u00f6r\u00fcn\u00fcyorsunuz. Bu T\u00fcrk d\u00fc\u015fmanl\u0131\u011f\u0131 furyas\u0131 da bir g\u00fcn son bulacak.\u201d<br \/>\nBir\u00e7ok okur da mektubunda \u201cErmeniler de T\u00fcrkleri \u00f6ld\u00fcrd\u00fcler. Bunu da g\u00f6r\u00fcn\u201d ifadesini kullan\u0131yor.<br \/>\n1915 tehcirinde \u00f6ld\u00fcr\u00fclen Osmanl\u0131 Meclis-i Mebusan\u0131\u2019nda \u0130stanbul Milletvekili Kirkor Zohrab\u2019\u0131n \u00f6yk\u00fcs\u00fcn\u00fc yazan Nesim Ovadya \u0130zrail, daha kapsaml\u0131 yeni bir kitapla kar\u015f\u0131m\u0131zda: \u201824 Nisan 1915, \u0130stanbul, \u00c7ank\u0131r\u0131, Aya\u015f, Ankara\u2019 (\u0130leti\u015fim Yay\u0131nlar\u0131).<br \/>\nKitap, 24 Nisan 1915\u2019te \u0130stanbul\u2019da evlerinden toplanan 250 Ermeni ayd\u0131n\u0131n\u0131n ak\u0131betini anlat\u0131yor. Milletvekili, avukat, mimar, m\u00fczisyen, \u015fair, gazeteci, sanayici, t\u00fcccar gibi kentin \u00f6nde gelen Ermenileri, siyasi tutuklu olarak Ankara\u2019n\u0131n Aya\u015f ve \u00c7ank\u0131r\u0131 cezaevlerine g\u00f6t\u00fcr\u00fcl\u00fcyorlar. Ard\u0131ndan grup grup \u00f6l\u00fcm yolculu\u011funa \u00e7\u0131kart\u0131l\u0131yor.<br \/>\nAsl\u0131nda onlar, ormanl\u0131k, da\u011fl\u0131k kuytu y\u00f6relerde, \u0130ttihat ve Terakki\u2019ye ba\u011fl\u0131 Te\u015fkilat-\u0131 Mahsusa \u00e7eteleri taraf\u0131ndan katledilmi\u015flerdi. \u00d6nce \u00e7\u0131r\u0131l\u00e7\u0131plak soyulmu\u015flar, \u00fcstlerindeki de\u011ferli e\u015fya gasp edilmi\u015f, ard\u0131ndan vah\u015fi y\u00f6ntemlerle yok edilmi\u015flerdi.<br \/>\nOvadya\u2019n\u0131n saptamas\u0131na g\u00f6re 250 Ermeni ayd\u0131n\u0131ndan 174\u2019\u00fc karanl\u0131k yollarda \u00f6ld\u00fcr\u00fcl\u00fcyor, 76 ki\u015fi ise her \u015feye ra\u011fmen kurtulabiliyor.<br \/>\nRupen Sevag<br \/>\nBunlardan biri de \u00fcnl\u00fc Ermeni \u015fairi doktor Rupen Sevag. Sevag, Lozan\u2019da t\u0131p okuyor. Zengin bir Alman ailesinin k\u0131z\u0131yla evleniyor. 1914\u2019te doktorlu\u011funu \u0130stanbul\u2019da s\u00fcrd\u00fcrmek i\u00e7in geliyor. Hi\u00e7bir partiye mensup de\u011fil. \u00c7a\u011fda\u015f bir \u2018Osmanl\u0131 insan\u0131\u2019. \u0130ttihat ve Terakki\u2019nin \u00f6nde gelenleriyle de dostlu\u011fu var. Kar\u0131s\u0131 Alman yurtta\u015f\u0131. Buna ra\u011fmen \u00c7ank\u0131r\u0131\u2019ya yollan\u0131yor.<br \/>\nKorunmas\u0131 i\u00e7in bulundu\u011fu \u00c7ank\u0131r\u0131\u2019ya uyar\u0131lar g\u00f6nderiliyor. \u2018Serbest b\u0131rak\u0131n\u2019 emri bile gidiyor. Ancak hi\u00e7biri k\u00e2r etmiyor. Yerel \u0130ttihat\u00e7\u0131lar\u0131n kurdu\u011fu bir tezg\u00e2hla yola \u00e7\u0131kar\u0131l\u0131p \u00fc\u00e7 arkada\u015f\u0131yla korkun\u00e7 i\u015fkencelerden ge\u00e7irilerek soyuluyor ve \u00f6ld\u00fcr\u00fcl\u00fcyor.<br \/>\nE\u015fi Alman devletinin de \u0130ttihat\u00e7\u0131larla i\u015fbirli\u011fi yapt\u0131\u011f\u0131 inanc\u0131yla Alman kimli\u011fini b\u0131rak\u0131yor ve Ermeni olup Yanni ad\u0131n\u0131 al\u0131yor. K\u0131z\u0131 \u015eamiram ve o\u011flu Levon, T\u00fcrkiye\u2019de babaanneleri ve dedelerinin yan\u0131nda bir s\u00fcre kal\u0131yorlar. Ermeniler i\u00e7in ko\u015fullar\u0131n k\u00f6t\u00fclemesiyle Fransa\u2019ya annelerinin yan\u0131na gidiyorlar.<br \/>\n\u015eamiram 2005\u2019te bir s\u00f6yle\u015fide; babas\u0131n\u0131n \u00c7ank\u0131r\u0131\u2019da arabac\u0131ba\u015f\u0131n\u0131n k\u0131z\u0131n\u0131 tedavi etti\u011fini ve iyile\u015ftirdi\u011fini anlat\u0131yor. K\u0131z, Rupen\u2019e \u00e2\u015f\u0131k oluyor. Arabac\u0131ba\u015f\u0131, ona M\u00fcsl\u00fcman olmas\u0131n\u0131 ve k\u0131z\u0131yla evlenmesini \u00f6neriyor. \u201cB\u00f6ylece Rupen\u2019in s\u00fcrg\u00fcn g\u00fcnleri sona erecekmi\u015f. \u2018Ben evliyim, iki \u00e7ocu\u011fum da var\u2019 demi\u015f babam. \u2018\u0130slamiyete ge\u00e7ersen sorun olmaz\u2019 cevab\u0131n\u0131 alm\u0131\u015f. Arkada\u015flar\u0131n\u0131n evlen kurtul bask\u0131lar\u0131na ra\u011fmen \u2018Ben Ermenili\u011fimi ink\u00e2r edemem, kar\u0131ma duydu\u011fum sayg\u0131y\u0131 ink\u00e2r edemem\u2019 diyerek reddetmi\u015f.\u201d<br \/>\n1915 tehcirinden bir kesit. Y\u00fcz binlerce Ermeni \u00f6l\u00fcme g\u00f6nderildi. Bunlar\u0131 o s\u0131rada iktidar\u0131 elinde bulunduran bir avu\u00e7 \u0130ttihat Terakki \u00e7etesi ve onlar\u0131n etraf\u0131ndaki kanunsuz Te\u015fkilat-\u0131 Mahsusa elemanlar\u0131 ger\u00e7ekle\u015ftirdiler.<br \/>\nErdem\u2019e yazd\u0131\u011f\u0131m cevapta, \u2018T\u00fcrk oldu\u011fumuz i\u00e7in bu cinayetleri savunmak zorunda olmad\u0131\u011f\u0131m\u0131z\u0131\u2019 s\u00f6yledim.<br \/>\nH\u00fcseyin Nesimi<br \/>\nErmenilerin bir kesiminin \u00f6zellikle o tarihlerde i\u015fgal alt\u0131ndaki Erzurum ve y\u00f6resinde uygulad\u0131klar\u0131 vah\u015fetin, 1915 soyk\u0131r\u0131m\u0131 olgusunu ortadan kald\u0131rmayaca\u011f\u0131n\u0131 bilmeliyiz.<br \/>\nSonu\u00e7ta ya\u015fanan; koca bir halk\u0131n, binlerce y\u0131ld\u0131r ya\u015fad\u0131\u011f\u0131 co\u011frafyadan s\u00fcrg\u00fcn, katliam yoluyla bilin\u00e7li bir devlet politikas\u0131yla \u2018silini\u015f\u2019i, \u2018yok edili\u015f\u2019i.<br \/>\nO zaman da bu katliama dur diyen ve \u00f6l\u00fcm\u00fc bile g\u00f6ze alan Lice Kaymakam\u0131 H\u00fcseyin Nesimi gibi T\u00fcrkler de vard\u0131. Onlar da atalar\u0131m\u0131z ve ecdad\u0131m\u0131z.<br \/>\n2105\u2019e bir y\u0131l kald\u0131. Bir vicdan muhasebesi olarak, 24 Nisan\u2019da kaybetti\u011fimiz yurtta\u015flar\u0131m\u0131z\u0131 anabilir, yap\u0131lan katliam\u0131 onaylamad\u0131\u011f\u0131m\u0131z\u0131 d\u00fcnyaya ilan edebiliriz.<\/p>\n<p style=\"text-align: justify;\"><b><i>http:\/\/www.radikal.com.tr\/yazarlar\/oral_calislar\/ermeniler_de_turkleri_kesmisti_diyerek-1160095<\/i><\/b><\/p>\n","protected":false},"excerpt":{"rendered":"<p>ORAL \u00c7ALI\u015eLAR Ermenilerin bir kesiminin o tarihlerde Erzurum ve y\u00f6resinde uygulad\u0131klar\u0131 vah\u015fetin, 1915 soyk\u0131r\u0131m\u0131 olgusunu ortadan kald\u0131rmayaca\u011f\u0131n\u0131 bilmeliyiz. M\u00fcsl\u00fcmanla\u015ft\u0131r\u0131lm\u0131\u015f Ermeniler Konferans\u0131\u2019n\u0131 izlerken dinledi\u011fim baz\u0131 \u00f6yk\u00fcleri k\u00f6\u015femde aktarm\u0131\u015ft\u0131m. Bu yaz\u0131m nedeniyle gelen mektuplardan biri de AK Parti\u2019nin iki d\u00f6nem K\u0131r\u0131kkale milletvekilli\u011fini yapan Vahit Erdem\u2019den geldi. \u201cSn. Oral, Yabanc\u0131 baz\u0131 namuslu tarih\u00e7iler sizden \u00e7ok daha insafl\u0131 bu [&hellip;]<\/p>\n","protected":false},"author":7,"featured_media":0,"comment_status":"open","ping_status":"open","sticky":false,"template":"","format":"standard","meta":{"footnotes":""},"categories":[1],"tags":[],"class_list":["post-26782","post","type-post","status-publish","format-standard","hentry","category-haberler"],"yoast_head":"<!-- This site is optimized with the Yoast SEO plugin v27.4 - https:\/\/yoast.com\/product\/yoast-seo-wordpress\/ -->\n<title>&#039;Ermeniler de T\u00fcrkleri kesmi\u015fti&#039; diyerek... - Bati Ermenistan Ve Bati Ermenileri Sorunlari Ara\u015ftirmalar Merkezi<\/title>\n<meta name=\"robots\" content=\"index, follow, max-snippet:-1, max-image-preview:large, max-video-preview:-1\" \/>\n<link rel=\"canonical\" href=\"https:\/\/akunq.net\/tr\/?p=26782\" \/>\n<meta property=\"og:locale\" content=\"en_US\" \/>\n<meta property=\"og:type\" content=\"article\" \/>\n<meta property=\"og:title\" content=\"&#039;Ermeniler de T\u00fcrkleri kesmi\u015fti&#039; diyerek... - Bati Ermenistan Ve Bati Ermenileri Sorunlari Ara\u015ftirmalar Merkezi\" \/>\n<meta property=\"og:description\" content=\"ORAL \u00c7ALI\u015eLAR Ermenilerin bir kesiminin o tarihlerde Erzurum ve y\u00f6resinde uygulad\u0131klar\u0131 vah\u015fetin, 1915 soyk\u0131r\u0131m\u0131 olgusunu ortadan kald\u0131rmayaca\u011f\u0131n\u0131 bilmeliyiz. M\u00fcsl\u00fcmanla\u015ft\u0131r\u0131lm\u0131\u015f Ermeniler Konferans\u0131\u2019n\u0131 izlerken dinledi\u011fim baz\u0131 \u00f6yk\u00fcleri k\u00f6\u015femde aktarm\u0131\u015ft\u0131m. Bu yaz\u0131m nedeniyle gelen mektuplardan biri de AK Parti\u2019nin iki d\u00f6nem K\u0131r\u0131kkale milletvekilli\u011fini yapan Vahit Erdem\u2019den geldi. \u201cSn. Oral, Yabanc\u0131 baz\u0131 namuslu tarih\u00e7iler sizden \u00e7ok daha insafl\u0131 bu [&hellip;]\" \/>\n<meta property=\"og:url\" content=\"https:\/\/akunq.net\/tr\/?p=26782\" \/>\n<meta property=\"og:site_name\" content=\"Bati Ermenistan Ve Bati Ermenileri Sorunlari Ara\u015ftirmalar Merkezi\" \/>\n<meta property=\"article:published_time\" content=\"2013-11-12T06:45:55+00:00\" \/>\n<meta property=\"article:modified_time\" content=\"2013-11-12T06:46:29+00:00\" \/>\n<meta name=\"author\" content=\"admin\" \/>\n<meta name=\"twitter:card\" content=\"summary_large_image\" \/>\n<meta name=\"twitter:label1\" content=\"Written by\" \/>\n\t<meta name=\"twitter:data1\" content=\"admin\" \/>\n\t<meta name=\"twitter:label2\" content=\"Est. reading time\" \/>\n\t<meta name=\"twitter:data2\" content=\"4 minutes\" \/>\n<script type=\"application\/ld+json\" class=\"yoast-schema-graph\">{\"@context\":\"https:\\\/\\\/schema.org\",\"@graph\":[{\"@type\":\"Article\",\"@id\":\"https:\\\/\\\/akunq.net\\\/tr\\\/?p=26782#article\",\"isPartOf\":{\"@id\":\"https:\\\/\\\/akunq.net\\\/tr\\\/?p=26782\"},\"author\":{\"name\":\"admin\",\"@id\":\"https:\\\/\\\/akunq.net\\\/tr\\\/#\\\/schema\\\/person\\\/096f1d38a12cce57fb855b485ed24c9e\"},\"headline\":\"&#8216;Ermeniler de T\u00fcrkleri kesmi\u015fti&#8217; diyerek&#8230;\",\"datePublished\":\"2013-11-12T06:45:55+00:00\",\"dateModified\":\"2013-11-12T06:46:29+00:00\",\"mainEntityOfPage\":{\"@id\":\"https:\\\/\\\/akunq.net\\\/tr\\\/?p=26782\"},\"wordCount\":824,\"commentCount\":0,\"articleSection\":[\"Haberler\"],\"inLanguage\":\"en-US\",\"potentialAction\":[{\"@type\":\"CommentAction\",\"name\":\"Comment\",\"target\":[\"https:\\\/\\\/akunq.net\\\/tr\\\/?p=26782#respond\"]}]},{\"@type\":\"WebPage\",\"@id\":\"https:\\\/\\\/akunq.net\\\/tr\\\/?p=26782\",\"url\":\"https:\\\/\\\/akunq.net\\\/tr\\\/?p=26782\",\"name\":\"'Ermeniler de T\u00fcrkleri kesmi\u015fti' diyerek... - Bati Ermenistan Ve Bati Ermenileri Sorunlari Ara\u015ftirmalar Merkezi\",\"isPartOf\":{\"@id\":\"https:\\\/\\\/akunq.net\\\/tr\\\/#website\"},\"datePublished\":\"2013-11-12T06:45:55+00:00\",\"dateModified\":\"2013-11-12T06:46:29+00:00\",\"author\":{\"@id\":\"https:\\\/\\\/akunq.net\\\/tr\\\/#\\\/schema\\\/person\\\/096f1d38a12cce57fb855b485ed24c9e\"},\"breadcrumb\":{\"@id\":\"https:\\\/\\\/akunq.net\\\/tr\\\/?p=26782#breadcrumb\"},\"inLanguage\":\"en-US\",\"potentialAction\":[{\"@type\":\"ReadAction\",\"target\":[\"https:\\\/\\\/akunq.net\\\/tr\\\/?p=26782\"]}]},{\"@type\":\"BreadcrumbList\",\"@id\":\"https:\\\/\\\/akunq.net\\\/tr\\\/?p=26782#breadcrumb\",\"itemListElement\":[{\"@type\":\"ListItem\",\"position\":1,\"name\":\"Home\",\"item\":\"https:\\\/\\\/akunq.net\\\/tr\"},{\"@type\":\"ListItem\",\"position\":2,\"name\":\"&#8216;Ermeniler de T\u00fcrkleri kesmi\u015fti&#8217; diyerek&#8230;\"}]},{\"@type\":\"WebSite\",\"@id\":\"https:\\\/\\\/akunq.net\\\/tr\\\/#website\",\"url\":\"https:\\\/\\\/akunq.net\\\/tr\\\/\",\"name\":\"Bati Ermenistan Ve Bati Ermenileri Sorunlari Ara\u015ftirmalar Merkezi\",\"description\":\"\",\"potentialAction\":[{\"@type\":\"SearchAction\",\"target\":{\"@type\":\"EntryPoint\",\"urlTemplate\":\"https:\\\/\\\/akunq.net\\\/tr\\\/?s={search_term_string}\"},\"query-input\":{\"@type\":\"PropertyValueSpecification\",\"valueRequired\":true,\"valueName\":\"search_term_string\"}}],\"inLanguage\":\"en-US\"},{\"@type\":\"Person\",\"@id\":\"https:\\\/\\\/akunq.net\\\/tr\\\/#\\\/schema\\\/person\\\/096f1d38a12cce57fb855b485ed24c9e\",\"name\":\"admin\",\"url\":\"https:\\\/\\\/akunq.net\\\/tr\\\/?author=7\"}]}<\/script>\n<!-- \/ Yoast SEO plugin. -->","yoast_head_json":{"title":"'Ermeniler de T\u00fcrkleri kesmi\u015fti' diyerek... - Bati Ermenistan Ve Bati Ermenileri Sorunlari Ara\u015ftirmalar Merkezi","robots":{"index":"index","follow":"follow","max-snippet":"max-snippet:-1","max-image-preview":"max-image-preview:large","max-video-preview":"max-video-preview:-1"},"canonical":"https:\/\/akunq.net\/tr\/?p=26782","og_locale":"en_US","og_type":"article","og_title":"'Ermeniler de T\u00fcrkleri kesmi\u015fti' diyerek... - Bati Ermenistan Ve Bati Ermenileri Sorunlari Ara\u015ftirmalar Merkezi","og_description":"ORAL \u00c7ALI\u015eLAR Ermenilerin bir kesiminin o tarihlerde Erzurum ve y\u00f6resinde uygulad\u0131klar\u0131 vah\u015fetin, 1915 soyk\u0131r\u0131m\u0131 olgusunu ortadan kald\u0131rmayaca\u011f\u0131n\u0131 bilmeliyiz. M\u00fcsl\u00fcmanla\u015ft\u0131r\u0131lm\u0131\u015f Ermeniler Konferans\u0131\u2019n\u0131 izlerken dinledi\u011fim baz\u0131 \u00f6yk\u00fcleri k\u00f6\u015femde aktarm\u0131\u015ft\u0131m. Bu yaz\u0131m nedeniyle gelen mektuplardan biri de AK Parti\u2019nin iki d\u00f6nem K\u0131r\u0131kkale milletvekilli\u011fini yapan Vahit Erdem\u2019den geldi. \u201cSn. Oral, Yabanc\u0131 baz\u0131 namuslu tarih\u00e7iler sizden \u00e7ok daha insafl\u0131 bu [&hellip;]","og_url":"https:\/\/akunq.net\/tr\/?p=26782","og_site_name":"Bati Ermenistan Ve Bati Ermenileri Sorunlari Ara\u015ftirmalar Merkezi","article_published_time":"2013-11-12T06:45:55+00:00","article_modified_time":"2013-11-12T06:46:29+00:00","author":"admin","twitter_card":"summary_large_image","twitter_misc":{"Written by":"admin","Est. reading time":"4 minutes"},"schema":{"@context":"https:\/\/schema.org","@graph":[{"@type":"Article","@id":"https:\/\/akunq.net\/tr\/?p=26782#article","isPartOf":{"@id":"https:\/\/akunq.net\/tr\/?p=26782"},"author":{"name":"admin","@id":"https:\/\/akunq.net\/tr\/#\/schema\/person\/096f1d38a12cce57fb855b485ed24c9e"},"headline":"&#8216;Ermeniler de T\u00fcrkleri kesmi\u015fti&#8217; diyerek&#8230;","datePublished":"2013-11-12T06:45:55+00:00","dateModified":"2013-11-12T06:46:29+00:00","mainEntityOfPage":{"@id":"https:\/\/akunq.net\/tr\/?p=26782"},"wordCount":824,"commentCount":0,"articleSection":["Haberler"],"inLanguage":"en-US","potentialAction":[{"@type":"CommentAction","name":"Comment","target":["https:\/\/akunq.net\/tr\/?p=26782#respond"]}]},{"@type":"WebPage","@id":"https:\/\/akunq.net\/tr\/?p=26782","url":"https:\/\/akunq.net\/tr\/?p=26782","name":"'Ermeniler de T\u00fcrkleri kesmi\u015fti' diyerek... - Bati Ermenistan Ve Bati Ermenileri Sorunlari Ara\u015ftirmalar Merkezi","isPartOf":{"@id":"https:\/\/akunq.net\/tr\/#website"},"datePublished":"2013-11-12T06:45:55+00:00","dateModified":"2013-11-12T06:46:29+00:00","author":{"@id":"https:\/\/akunq.net\/tr\/#\/schema\/person\/096f1d38a12cce57fb855b485ed24c9e"},"breadcrumb":{"@id":"https:\/\/akunq.net\/tr\/?p=26782#breadcrumb"},"inLanguage":"en-US","potentialAction":[{"@type":"ReadAction","target":["https:\/\/akunq.net\/tr\/?p=26782"]}]},{"@type":"BreadcrumbList","@id":"https:\/\/akunq.net\/tr\/?p=26782#breadcrumb","itemListElement":[{"@type":"ListItem","position":1,"name":"Home","item":"https:\/\/akunq.net\/tr"},{"@type":"ListItem","position":2,"name":"&#8216;Ermeniler de T\u00fcrkleri kesmi\u015fti&#8217; diyerek&#8230;"}]},{"@type":"WebSite","@id":"https:\/\/akunq.net\/tr\/#website","url":"https:\/\/akunq.net\/tr\/","name":"Bati Ermenistan Ve Bati Ermenileri Sorunlari Ara\u015ftirmalar Merkezi","description":"","potentialAction":[{"@type":"SearchAction","target":{"@type":"EntryPoint","urlTemplate":"https:\/\/akunq.net\/tr\/?s={search_term_string}"},"query-input":{"@type":"PropertyValueSpecification","valueRequired":true,"valueName":"search_term_string"}}],"inLanguage":"en-US"},{"@type":"Person","@id":"https:\/\/akunq.net\/tr\/#\/schema\/person\/096f1d38a12cce57fb855b485ed24c9e","name":"admin","url":"https:\/\/akunq.net\/tr\/?author=7"}]}},"_links":{"self":[{"href":"https:\/\/akunq.net\/tr\/index.php?rest_route=\/wp\/v2\/posts\/26782","targetHints":{"allow":["GET"]}}],"collection":[{"href":"https:\/\/akunq.net\/tr\/index.php?rest_route=\/wp\/v2\/posts"}],"about":[{"href":"https:\/\/akunq.net\/tr\/index.php?rest_route=\/wp\/v2\/types\/post"}],"author":[{"embeddable":true,"href":"https:\/\/akunq.net\/tr\/index.php?rest_route=\/wp\/v2\/users\/7"}],"replies":[{"embeddable":true,"href":"https:\/\/akunq.net\/tr\/index.php?rest_route=%2Fwp%2Fv2%2Fcomments&post=26782"}],"version-history":[{"count":2,"href":"https:\/\/akunq.net\/tr\/index.php?rest_route=\/wp\/v2\/posts\/26782\/revisions"}],"predecessor-version":[{"id":26785,"href":"https:\/\/akunq.net\/tr\/index.php?rest_route=\/wp\/v2\/posts\/26782\/revisions\/26785"}],"wp:attachment":[{"href":"https:\/\/akunq.net\/tr\/index.php?rest_route=%2Fwp%2Fv2%2Fmedia&parent=26782"}],"wp:term":[{"taxonomy":"category","embeddable":true,"href":"https:\/\/akunq.net\/tr\/index.php?rest_route=%2Fwp%2Fv2%2Fcategories&post=26782"},{"taxonomy":"post_tag","embeddable":true,"href":"https:\/\/akunq.net\/tr\/index.php?rest_route=%2Fwp%2Fv2%2Ftags&post=26782"}],"curies":[{"name":"wp","href":"https:\/\/api.w.org\/{rel}","templated":true}]}}