{"id":26776,"date":"2013-11-11T02:40:29","date_gmt":"2013-11-11T07:40:29","guid":{"rendered":"http:\/\/akunq.net\/tr\/?p=26776"},"modified":"2013-11-11T02:40:29","modified_gmt":"2013-11-11T07:40:29","slug":"ermenistandan-istanbula-sanat-havada-kelebek-etkisi-var","status":"publish","type":"post","link":"https:\/\/akunq.net\/tr\/?p=26776","title":{"rendered":"Ermenistan\u2019dan \u0130stanbul\u2019a sanat: \u2018Havada kelebek etkisi var\u2019"},"content":{"rendered":"<p style=\"text-align: justify;\"><b><a href=\"http:\/\/akunq.net\/tr\/wp-content\/uploads\/2013\/11\/Ermenistan\u2019dan-\u0130stanbul\u2019a-sanat.jpg\"><img loading=\"lazy\" decoding=\"async\" class=\"alignright size-medium wp-image-26777\" alt=\"Ermenistan\u2019dan \u0130stanbul\u2019a sanat\" src=\"http:\/\/akunq.net\/tr\/wp-content\/uploads\/2013\/11\/Ermenistan\u2019dan-\u0130stanbul\u2019a-sanat-300x186.jpg\" width=\"300\" height=\"186\" srcset=\"https:\/\/akunq.net\/tr\/wp-content\/uploads\/sites\/6\/2013\/11\/Ermenistan\u2019dan-\u0130stanbul\u2019a-sanat-300x186.jpg 300w, https:\/\/akunq.net\/tr\/wp-content\/uploads\/sites\/6\/2013\/11\/Ermenistan\u2019dan-\u0130stanbul\u2019a-sanat.jpg 563w\" sizes=\"auto, (max-width: 300px) 100vw, 300px\" \/><\/a>BER\u0130L ESK\u0130 <\/b><\/p>\n<p style=\"text-align: justify;\"><em><strong>\u0130stanbul, son y\u0131llarda geli\u015fen ekonomisi ve dinamik gen\u00e7 k\u00fclt\u00fcr\u00fcyle, farkl\u0131 \u00fclkeler i\u00e7in bir bulu\u015fma noktas\u0131na d\u00f6n\u00fc\u015ft\u00fc.<\/strong><\/em><\/p>\n<p style=\"text-align: justify;\">Do\u011fu\u2019dan ve Bat\u0131\u2019dan gelenlerin en \u00e7ok yan yana durabildi\u011fi, en rahat ileti\u015fim kurabildi\u011fi bir \u015fehir olan \u0130stanbul, farkl\u0131 k\u00fclt\u00fcrlerin etkile\u015fime girebildi\u011fi nadir yerlerin ba\u015f\u0131nda geliyor. K\u00fclt\u00fcrel etkile\u015fimin en co\u015fkulu hissedildi\u011fi etkinliklerin ba\u015f\u0131nda ise Contemporary Istanbul (\u0130stanbul \u00c7a\u011fda\u015f Sanat Fuar\u0131) geliyor. Son d\u00f6rt y\u0131ld\u0131r fuara kat\u0131lan \u2018Art From Armenia\u2019 (Ermenistan\u2019dan Sanat) ise, Contemporary Istanbul\u2019un en dikkat \u00e7eken sergilerinden biri. T\u00fcrkiye ve Ermenistan\u2019\u0131n aras\u0131nda diplomatik ili\u015fkiler olmasa da, h\u0131zla b\u00fcy\u00fcyen k\u00fclt\u00fcrel ili\u015fkiler, her zamankinden daha s\u0131cak bir \u015fekilde devam ediyor. \u2018Art From Armenia\u2019 sergisi tam da bu ama\u00e7la Ermenistanl\u0131 sanat\u00e7\u0131lar\u0131 a\u011f\u0131rl\u0131yor ve T\u00fcrkiyeli sanatseverlerle bulu\u015fturuyor.<\/p>\n<p style=\"text-align: justify;\"><strong>\u2018\u0130stanbul\u2019da sanat her yerde\u2019<\/strong><\/p>\n<p style=\"text-align: justify;\">2011\u2019deki serginin k\u00fcrat\u00f6rl\u00fc\u011f\u00fcn\u00fc y\u00fcr\u00fcten Aram Sargsyan, bu y\u0131lki sergiye de katk\u0131da bulunuyor. Sargsyan\u2019a g\u00f6re \u0130stanbul\u2019da sanat sadece m\u00fczelerde de\u011fil, her yerde: \u201c\u0130stanbul\u2019da insanlar sanata \u00f6nem veriyor. Gitti\u011fimiz restoranlar\u0131n duvarlar\u0131nda pek \u00e7ok resme rastlad\u0131m ve bu resimler de\u011ferli eserlerdi. Sanat her yerdeydi.\u201d \u00d6zellikle Ermenistan\u2019daki gen\u00e7 ressamlar\u0131 destekleyen Sargsyan, onlar\u0131n geleneksel Ermeni resim sanat\u0131n\u0131 geli\u015ftirmelerinin \u00f6nemini vurguluyor. Sadece Ermenistan Sanat Birli\u011fi\u2019ne kay\u0131tl\u0131 ressam say\u0131s\u0131n\u0131n bile 1200 oldu\u011funu s\u00f6yleyen Sargsyan, gelecek y\u0131llarda Ermenistan\u2019dan farkl\u0131 sanat\u00e7\u0131larla bu sergiye kat\u0131labilmeyi umuyor.<\/p>\n<p style=\"text-align: justify;\">Bu sene \u2018Art From Armenia\u2019 sergisini onurland\u0131ran isim ise \u00fcnl\u00fc ressam Daron Mouradian. Mouradian\u2019\u0131n resimleri, Do\u011fu ve Bat\u0131\u2019n\u0131n mitolojilerini bir araya getirerek zengin bir d\u00fc\u015fsel \u015f\u00f6len sunuyor. Masal\u0131ms\u0131 anlat\u0131m\u0131yla Mouradian, resimleriyle bize hi\u00e7 duymad\u0131\u011f\u0131m\u0131z bir hik\u00e2yeyi anlat\u0131yor. Anlatt\u0131\u011f\u0131 hikayeyi sordu\u011fumuz Mouradian, bizi \u015f\u00f6yle yan\u0131tl\u0131yor: \u201cBen sadece resim yap\u0131yorum. Resimlerime bakanlar, orada g\u00f6rd\u00fckleri hik\u00e2yeyi okuyorlar. Yani benim hik\u00e2yem sadece resim yapma k\u0131sm\u0131yla s\u0131n\u0131rl\u0131. Gerisi, ona bakanlar\u0131n hayal g\u00fcc\u00fcne kalm\u0131\u015f.\u201d<\/p>\n<p style=\"text-align: justify;\">Bu ziyaretin, Mouradian\u2019\u0131n \u0130stanbul\u2019a ikinci ziyareti oldu\u011funu \u00f6\u011freniyoruz ve kendisinin \u0130stanbul\u2019daki sanat\u0131n geli\u015fimine dair bir yorumda bulunmas\u0131n\u0131 istiyoruz. Fakat 2004\u2019te \u0130stanbul\u2019daki sanatsal faaliyetleri takip edemedi\u011fini belirten Mouradian, bir dahaki geli\u015finde bu sorumuzu yan\u0131tlayabilece\u011fini s\u00f6yl\u00fcyor. Bu cevap bile, T\u00fcrkiye ve Ermenistan aras\u0131ndaki k\u00fclt\u00fcrel ili\u015fkilerin tazeli\u011fini ve gelecekten beklentilerini g\u00f6steriyor asl\u0131nda.<\/p>\n<p style=\"text-align: justify;\"><strong>\u2018B\u00fcrokrasi, k\u00fclt\u00fcrel diyalo\u011fa engel oluyor\u2019<\/strong><\/p>\n<p style=\"text-align: justify;\">Koleksiyoner Onno Ayvaz, serginin koordinasyonunu sa\u011flayan kilit isimlerden. Ayvaz, sergi fikrinin nas\u0131l do\u011fdu\u011funu ve kendisinin nas\u0131l dahil oldu\u011funu \u015f\u00f6yle anlat\u0131yor: \u201cAntikac\u0131 bir arkada\u015f\u0131m, Contemporary Istanbul\u2019a Ermenistan\u2019dan sanat\u00e7\u0131lar\u0131 davet ederek uluslararas\u0131 fuara katk\u0131da bulunmak istemi\u015f. Fakat Ermenistanl\u0131 sanat\u00e7\u0131lar bu davete icap etmemi\u015fler. Kendisi son anda beni arad\u0131, yard\u0131m\u0131m\u0131 istedi. B\u00f6ylece, 4 y\u0131l \u00f6nce, koleksiyonumdaki Ermenistanl\u0131 sanat\u00e7\u0131lara ait eserlerle sergiye destek verdim.\u201d Ayvaz, serginin g\u00f6rd\u00fc\u011f\u00fc b\u00fcy\u00fck ilgi kar\u015f\u0131s\u0131nda \u00e7ok \u015fa\u015f\u0131rm\u0131\u015f ve gelecek y\u0131llarda da koleksiyonuyla sergiye destek vermeye devam etmi\u015f. Ayvaz, bu vesileyle T\u00fcrkiye-Ermenistan ili\u015fkilerini g\u00fc\u00e7lendirdiklerini belirtiyor: \u201cSanat, ileti\u015fim kurmak i\u00e7in \u00e7ok anlaml\u0131 bir yol. T\u00fcrkler ve Ermeniler, y\u00fczy\u0131llard\u0131r birlikte ya\u015fayan bu halk, son 100 y\u0131ld\u0131r ayr\u0131 d\u00fc\u015ft\u00fcler. Ben b\u00f6yle g\u00f6r\u00fcyorum. Ve burada, bir araya geldik\u00e7e, ortak k\u00fclt\u00fcr\u00fcn altyap\u0131s\u0131n\u0131 hissedebiliyorsunuz. Sanki birbirimizden hi\u00e7 ayr\u0131lmam\u0131\u015f gibiyiz.\u201d Ancak Ayvaz, Ermenistan\u2019la diplomatik ili\u015fkilerimiz olmad\u0131\u011f\u0131ndan, sergi konusunda b\u00fcrokratik engellerle kar\u015f\u0131la\u015fm\u0131\u015f. Ermenistan\u2019dan resim ithal etmek yasak oldu\u011fundan, koleksiyon sadece Ayvaz\u2019\u0131n \u015fahsi koleksiyonundaki eserlerden olu\u015fuyor. Ermenistan\u2019dan bir eseri sergilemeye getirmek i\u00e7in T\u00fcrkiye h\u00fck\u00fcmetinden \u00f6zel bir izin al\u0131nmas\u0131 gerekti\u011fini ifade eden Ayvaz, bu izni almak i\u00e7in \u00e7ok u\u011fra\u015fm\u0131\u015f fakat ba\u015faramam\u0131\u015f. Ayvaz, \u201cB\u00fcrokratik s\u00fcre\u00e7ler \u00e7ok y\u0131prat\u0131c\u0131 olabiliyor. Asl\u0131nda bu \u00f6zel izin al\u0131nabilir gibi g\u00f6r\u00fcn\u00fcyor fakat yetkililer size yard\u0131mc\u0131 olmak konusunda \u00e7ok \u00e7ekingen davran\u0131yorlar. Belki \u00e7ok zorlasak alabilirdik izni, bilmiyorum. Ama \u00e7ok yorucu bir s\u00fcre\u00e7ti. Biz de \u00f6n\u00fcm\u00fczdeki y\u0131llarda denemeye karar verdik.\u201d diyor.<\/p>\n<p style=\"text-align: justify;\">Onno Ayvaz\u2019\u0131n da onaylad\u0131\u011f\u0131 gibi, havada bir kelebek etkisi var. Ve \u0130stanbul, bug\u00fcn Ermenistan ve T\u00fcrkiye i\u00e7in bir k\u00fclt\u00fcrel k\u00f6pr\u00fc vazifesi g\u00f6rerek, daha iyi bir gelecek i\u00e7in umut veriyor.<\/p>\n<p style=\"text-align: justify;\"><b><i>\u00a0<\/i><\/b><b><i>http:\/\/www.zaman.com.tr\/yorum_ermenistandan-istanbula-sanat-havada-kelebek-etkisi-var_2164532.html<\/i><\/b><\/p>\n","protected":false},"excerpt":{"rendered":"<p>BER\u0130L ESK\u0130 \u0130stanbul, son y\u0131llarda geli\u015fen ekonomisi ve dinamik gen\u00e7 k\u00fclt\u00fcr\u00fcyle, farkl\u0131 \u00fclkeler i\u00e7in bir bulu\u015fma noktas\u0131na d\u00f6n\u00fc\u015ft\u00fc. Do\u011fu\u2019dan ve Bat\u0131\u2019dan gelenlerin en \u00e7ok yan yana durabildi\u011fi, en rahat ileti\u015fim kurabildi\u011fi bir \u015fehir olan \u0130stanbul, farkl\u0131 k\u00fclt\u00fcrlerin etkile\u015fime girebildi\u011fi nadir yerlerin ba\u015f\u0131nda geliyor. K\u00fclt\u00fcrel etkile\u015fimin en co\u015fkulu hissedildi\u011fi etkinliklerin ba\u015f\u0131nda ise Contemporary Istanbul (\u0130stanbul \u00c7a\u011fda\u015f [&hellip;]<\/p>\n","protected":false},"author":7,"featured_media":0,"comment_status":"open","ping_status":"open","sticky":false,"template":"","format":"standard","meta":{"footnotes":""},"categories":[1],"tags":[],"class_list":["post-26776","post","type-post","status-publish","format-standard","hentry","category-haberler"],"yoast_head":"<!-- This site is optimized with the Yoast SEO plugin v27.4 - https:\/\/yoast.com\/product\/yoast-seo-wordpress\/ -->\n<title>Ermenistan\u2019dan \u0130stanbul\u2019a sanat: \u2018Havada kelebek etkisi var\u2019 - Bati Ermenistan Ve Bati Ermenileri Sorunlari Ara\u015ftirmalar Merkezi<\/title>\n<meta name=\"robots\" content=\"index, follow, max-snippet:-1, max-image-preview:large, max-video-preview:-1\" \/>\n<link rel=\"canonical\" href=\"https:\/\/akunq.net\/tr\/?p=26776\" \/>\n<meta property=\"og:locale\" content=\"en_US\" \/>\n<meta property=\"og:type\" content=\"article\" \/>\n<meta property=\"og:title\" content=\"Ermenistan\u2019dan \u0130stanbul\u2019a sanat: \u2018Havada kelebek etkisi var\u2019 - Bati Ermenistan Ve Bati Ermenileri Sorunlari Ara\u015ftirmalar Merkezi\" \/>\n<meta property=\"og:description\" content=\"BER\u0130L ESK\u0130 \u0130stanbul, son y\u0131llarda geli\u015fen ekonomisi ve dinamik gen\u00e7 k\u00fclt\u00fcr\u00fcyle, farkl\u0131 \u00fclkeler i\u00e7in bir bulu\u015fma noktas\u0131na d\u00f6n\u00fc\u015ft\u00fc. Do\u011fu\u2019dan ve Bat\u0131\u2019dan gelenlerin en \u00e7ok yan yana durabildi\u011fi, en rahat ileti\u015fim kurabildi\u011fi bir \u015fehir olan \u0130stanbul, farkl\u0131 k\u00fclt\u00fcrlerin etkile\u015fime girebildi\u011fi nadir yerlerin ba\u015f\u0131nda geliyor. K\u00fclt\u00fcrel etkile\u015fimin en co\u015fkulu hissedildi\u011fi etkinliklerin ba\u015f\u0131nda ise Contemporary Istanbul (\u0130stanbul \u00c7a\u011fda\u015f [&hellip;]\" \/>\n<meta property=\"og:url\" content=\"https:\/\/akunq.net\/tr\/?p=26776\" \/>\n<meta property=\"og:site_name\" content=\"Bati Ermenistan Ve Bati Ermenileri Sorunlari Ara\u015ftirmalar Merkezi\" \/>\n<meta property=\"article:published_time\" content=\"2013-11-11T07:40:29+00:00\" \/>\n<meta name=\"author\" content=\"admin\" \/>\n<meta name=\"twitter:card\" content=\"summary_large_image\" \/>\n<meta name=\"twitter:label1\" content=\"Written by\" \/>\n\t<meta name=\"twitter:data1\" content=\"admin\" \/>\n\t<meta name=\"twitter:label2\" content=\"Est. reading time\" \/>\n\t<meta name=\"twitter:data2\" content=\"4 minutes\" \/>\n<script type=\"application\/ld+json\" class=\"yoast-schema-graph\">{\"@context\":\"https:\\\/\\\/schema.org\",\"@graph\":[{\"@type\":\"Article\",\"@id\":\"https:\\\/\\\/akunq.net\\\/tr\\\/?p=26776#article\",\"isPartOf\":{\"@id\":\"https:\\\/\\\/akunq.net\\\/tr\\\/?p=26776\"},\"author\":{\"name\":\"admin\",\"@id\":\"https:\\\/\\\/akunq.net\\\/tr\\\/#\\\/schema\\\/person\\\/096f1d38a12cce57fb855b485ed24c9e\"},\"headline\":\"Ermenistan\u2019dan \u0130stanbul\u2019a sanat: \u2018Havada kelebek etkisi var\u2019\",\"datePublished\":\"2013-11-11T07:40:29+00:00\",\"mainEntityOfPage\":{\"@id\":\"https:\\\/\\\/akunq.net\\\/tr\\\/?p=26776\"},\"wordCount\":806,\"commentCount\":0,\"articleSection\":[\"Haberler\"],\"inLanguage\":\"en-US\",\"potentialAction\":[{\"@type\":\"CommentAction\",\"name\":\"Comment\",\"target\":[\"https:\\\/\\\/akunq.net\\\/tr\\\/?p=26776#respond\"]}]},{\"@type\":\"WebPage\",\"@id\":\"https:\\\/\\\/akunq.net\\\/tr\\\/?p=26776\",\"url\":\"https:\\\/\\\/akunq.net\\\/tr\\\/?p=26776\",\"name\":\"Ermenistan\u2019dan \u0130stanbul\u2019a sanat: \u2018Havada kelebek etkisi var\u2019 - Bati Ermenistan Ve Bati Ermenileri Sorunlari Ara\u015ftirmalar Merkezi\",\"isPartOf\":{\"@id\":\"https:\\\/\\\/akunq.net\\\/tr\\\/#website\"},\"datePublished\":\"2013-11-11T07:40:29+00:00\",\"author\":{\"@id\":\"https:\\\/\\\/akunq.net\\\/tr\\\/#\\\/schema\\\/person\\\/096f1d38a12cce57fb855b485ed24c9e\"},\"breadcrumb\":{\"@id\":\"https:\\\/\\\/akunq.net\\\/tr\\\/?p=26776#breadcrumb\"},\"inLanguage\":\"en-US\",\"potentialAction\":[{\"@type\":\"ReadAction\",\"target\":[\"https:\\\/\\\/akunq.net\\\/tr\\\/?p=26776\"]}]},{\"@type\":\"BreadcrumbList\",\"@id\":\"https:\\\/\\\/akunq.net\\\/tr\\\/?p=26776#breadcrumb\",\"itemListElement\":[{\"@type\":\"ListItem\",\"position\":1,\"name\":\"Home\",\"item\":\"https:\\\/\\\/akunq.net\\\/tr\"},{\"@type\":\"ListItem\",\"position\":2,\"name\":\"Ermenistan\u2019dan \u0130stanbul\u2019a sanat: \u2018Havada kelebek etkisi var\u2019\"}]},{\"@type\":\"WebSite\",\"@id\":\"https:\\\/\\\/akunq.net\\\/tr\\\/#website\",\"url\":\"https:\\\/\\\/akunq.net\\\/tr\\\/\",\"name\":\"Bati Ermenistan Ve Bati Ermenileri Sorunlari Ara\u015ftirmalar Merkezi\",\"description\":\"\",\"potentialAction\":[{\"@type\":\"SearchAction\",\"target\":{\"@type\":\"EntryPoint\",\"urlTemplate\":\"https:\\\/\\\/akunq.net\\\/tr\\\/?s={search_term_string}\"},\"query-input\":{\"@type\":\"PropertyValueSpecification\",\"valueRequired\":true,\"valueName\":\"search_term_string\"}}],\"inLanguage\":\"en-US\"},{\"@type\":\"Person\",\"@id\":\"https:\\\/\\\/akunq.net\\\/tr\\\/#\\\/schema\\\/person\\\/096f1d38a12cce57fb855b485ed24c9e\",\"name\":\"admin\",\"url\":\"https:\\\/\\\/akunq.net\\\/tr\\\/?author=7\"}]}<\/script>\n<!-- \/ Yoast SEO plugin. -->","yoast_head_json":{"title":"Ermenistan\u2019dan \u0130stanbul\u2019a sanat: \u2018Havada kelebek etkisi var\u2019 - Bati Ermenistan Ve Bati Ermenileri Sorunlari Ara\u015ftirmalar Merkezi","robots":{"index":"index","follow":"follow","max-snippet":"max-snippet:-1","max-image-preview":"max-image-preview:large","max-video-preview":"max-video-preview:-1"},"canonical":"https:\/\/akunq.net\/tr\/?p=26776","og_locale":"en_US","og_type":"article","og_title":"Ermenistan\u2019dan \u0130stanbul\u2019a sanat: \u2018Havada kelebek etkisi var\u2019 - Bati Ermenistan Ve Bati Ermenileri Sorunlari Ara\u015ftirmalar Merkezi","og_description":"BER\u0130L ESK\u0130 \u0130stanbul, son y\u0131llarda geli\u015fen ekonomisi ve dinamik gen\u00e7 k\u00fclt\u00fcr\u00fcyle, farkl\u0131 \u00fclkeler i\u00e7in bir bulu\u015fma noktas\u0131na d\u00f6n\u00fc\u015ft\u00fc. Do\u011fu\u2019dan ve Bat\u0131\u2019dan gelenlerin en \u00e7ok yan yana durabildi\u011fi, en rahat ileti\u015fim kurabildi\u011fi bir \u015fehir olan \u0130stanbul, farkl\u0131 k\u00fclt\u00fcrlerin etkile\u015fime girebildi\u011fi nadir yerlerin ba\u015f\u0131nda geliyor. K\u00fclt\u00fcrel etkile\u015fimin en co\u015fkulu hissedildi\u011fi etkinliklerin ba\u015f\u0131nda ise Contemporary Istanbul (\u0130stanbul \u00c7a\u011fda\u015f [&hellip;]","og_url":"https:\/\/akunq.net\/tr\/?p=26776","og_site_name":"Bati Ermenistan Ve Bati Ermenileri Sorunlari Ara\u015ftirmalar Merkezi","article_published_time":"2013-11-11T07:40:29+00:00","author":"admin","twitter_card":"summary_large_image","twitter_misc":{"Written by":"admin","Est. reading time":"4 minutes"},"schema":{"@context":"https:\/\/schema.org","@graph":[{"@type":"Article","@id":"https:\/\/akunq.net\/tr\/?p=26776#article","isPartOf":{"@id":"https:\/\/akunq.net\/tr\/?p=26776"},"author":{"name":"admin","@id":"https:\/\/akunq.net\/tr\/#\/schema\/person\/096f1d38a12cce57fb855b485ed24c9e"},"headline":"Ermenistan\u2019dan \u0130stanbul\u2019a sanat: \u2018Havada kelebek etkisi var\u2019","datePublished":"2013-11-11T07:40:29+00:00","mainEntityOfPage":{"@id":"https:\/\/akunq.net\/tr\/?p=26776"},"wordCount":806,"commentCount":0,"articleSection":["Haberler"],"inLanguage":"en-US","potentialAction":[{"@type":"CommentAction","name":"Comment","target":["https:\/\/akunq.net\/tr\/?p=26776#respond"]}]},{"@type":"WebPage","@id":"https:\/\/akunq.net\/tr\/?p=26776","url":"https:\/\/akunq.net\/tr\/?p=26776","name":"Ermenistan\u2019dan \u0130stanbul\u2019a sanat: \u2018Havada kelebek etkisi var\u2019 - Bati Ermenistan Ve Bati Ermenileri Sorunlari Ara\u015ftirmalar Merkezi","isPartOf":{"@id":"https:\/\/akunq.net\/tr\/#website"},"datePublished":"2013-11-11T07:40:29+00:00","author":{"@id":"https:\/\/akunq.net\/tr\/#\/schema\/person\/096f1d38a12cce57fb855b485ed24c9e"},"breadcrumb":{"@id":"https:\/\/akunq.net\/tr\/?p=26776#breadcrumb"},"inLanguage":"en-US","potentialAction":[{"@type":"ReadAction","target":["https:\/\/akunq.net\/tr\/?p=26776"]}]},{"@type":"BreadcrumbList","@id":"https:\/\/akunq.net\/tr\/?p=26776#breadcrumb","itemListElement":[{"@type":"ListItem","position":1,"name":"Home","item":"https:\/\/akunq.net\/tr"},{"@type":"ListItem","position":2,"name":"Ermenistan\u2019dan \u0130stanbul\u2019a sanat: \u2018Havada kelebek etkisi var\u2019"}]},{"@type":"WebSite","@id":"https:\/\/akunq.net\/tr\/#website","url":"https:\/\/akunq.net\/tr\/","name":"Bati Ermenistan Ve Bati Ermenileri Sorunlari Ara\u015ftirmalar Merkezi","description":"","potentialAction":[{"@type":"SearchAction","target":{"@type":"EntryPoint","urlTemplate":"https:\/\/akunq.net\/tr\/?s={search_term_string}"},"query-input":{"@type":"PropertyValueSpecification","valueRequired":true,"valueName":"search_term_string"}}],"inLanguage":"en-US"},{"@type":"Person","@id":"https:\/\/akunq.net\/tr\/#\/schema\/person\/096f1d38a12cce57fb855b485ed24c9e","name":"admin","url":"https:\/\/akunq.net\/tr\/?author=7"}]}},"_links":{"self":[{"href":"https:\/\/akunq.net\/tr\/index.php?rest_route=\/wp\/v2\/posts\/26776","targetHints":{"allow":["GET"]}}],"collection":[{"href":"https:\/\/akunq.net\/tr\/index.php?rest_route=\/wp\/v2\/posts"}],"about":[{"href":"https:\/\/akunq.net\/tr\/index.php?rest_route=\/wp\/v2\/types\/post"}],"author":[{"embeddable":true,"href":"https:\/\/akunq.net\/tr\/index.php?rest_route=\/wp\/v2\/users\/7"}],"replies":[{"embeddable":true,"href":"https:\/\/akunq.net\/tr\/index.php?rest_route=%2Fwp%2Fv2%2Fcomments&post=26776"}],"version-history":[{"count":1,"href":"https:\/\/akunq.net\/tr\/index.php?rest_route=\/wp\/v2\/posts\/26776\/revisions"}],"predecessor-version":[{"id":26778,"href":"https:\/\/akunq.net\/tr\/index.php?rest_route=\/wp\/v2\/posts\/26776\/revisions\/26778"}],"wp:attachment":[{"href":"https:\/\/akunq.net\/tr\/index.php?rest_route=%2Fwp%2Fv2%2Fmedia&parent=26776"}],"wp:term":[{"taxonomy":"category","embeddable":true,"href":"https:\/\/akunq.net\/tr\/index.php?rest_route=%2Fwp%2Fv2%2Fcategories&post=26776"},{"taxonomy":"post_tag","embeddable":true,"href":"https:\/\/akunq.net\/tr\/index.php?rest_route=%2Fwp%2Fv2%2Ftags&post=26776"}],"curies":[{"name":"wp","href":"https:\/\/api.w.org\/{rel}","templated":true}]}}