{"id":26772,"date":"2013-11-11T02:30:28","date_gmt":"2013-11-11T07:30:28","guid":{"rendered":"http:\/\/akunq.net\/tr\/?p=26772"},"modified":"2013-11-11T02:30:50","modified_gmt":"2013-11-11T07:30:50","slug":"nazli-ilicak-bir-fobi-var-erdogan-ataturk-demiyor","status":"publish","type":"post","link":"https:\/\/akunq.net\/tr\/?p=26772","title":{"rendered":"Nazl\u0131 Il\u0131cak: Bir fobi var, Erdo\u011fan Atat\u00fcrk demiyor"},"content":{"rendered":"<h5 style=\"text-align: justify;\"><b><i><a href=\"http:\/\/akunq.net\/tr\/wp-content\/uploads\/2013\/11\/\u0537\u0580\u0564\u0578\u0572\u0561\u0576-\u0544\u0578\u0582\u057d\u057f\u0561\u0586\u0561-\u0554\u0565\u0574\u0561\u056c.jpg\"><img loading=\"lazy\" decoding=\"async\" class=\"alignright size-medium wp-image-26773\" alt=\"\u0537\u0580\u0564\u0578\u0572\u0561\u0576, \u0544\u0578\u0582\u057d\u057f\u0561\u0586\u0561 \u0554\u0565\u0574\u0561\u056c\" src=\"http:\/\/akunq.net\/tr\/wp-content\/uploads\/2013\/11\/\u0537\u0580\u0564\u0578\u0572\u0561\u0576-\u0544\u0578\u0582\u057d\u057f\u0561\u0586\u0561-\u0554\u0565\u0574\u0561\u056c-300x137.jpg\" width=\"300\" height=\"137\" srcset=\"https:\/\/akunq.net\/tr\/wp-content\/uploads\/sites\/6\/2013\/11\/\u0537\u0580\u0564\u0578\u0572\u0561\u0576-\u0544\u0578\u0582\u057d\u057f\u0561\u0586\u0561-\u0554\u0565\u0574\u0561\u056c-300x137.jpg 300w, https:\/\/akunq.net\/tr\/wp-content\/uploads\/sites\/6\/2013\/11\/\u0537\u0580\u0564\u0578\u0572\u0561\u0576-\u0544\u0578\u0582\u057d\u057f\u0561\u0586\u0561-\u0554\u0565\u0574\u0561\u056c.jpg 490w\" sizes=\"auto, (max-width: 300px) 100vw, 300px\" \/><\/a>Nazl\u0131 Il\u0131cak, Atat\u00fcrk&#8217;e kar\u015f\u0131 belirli bir fobi oldu\u011funu ve Ba\u015fbakan Erdo\u011fan&#8217;\u0131n, Atat\u00fcrk&#8217;\u00fcn Milli M\u00fccadele d\u00f6nemindeki ba\u015far\u0131lar\u0131n\u0131 onaylad\u0131\u011f\u0131n\u0131 ancak ondan sonraki Atat\u00fcrk&#8217;\u00fc tasvip etmedi\u011fini d\u00fc\u015f\u00fcnd\u00fc\u011f\u00fcn\u00fc s\u00f6yledi. <\/i><\/b><\/h5>\n<p style=\"text-align: justify;\"><a href=\"http:\/\/www.radikal.com.tr\/index\/Ankara\"><strong><i>ANKARA<\/i><\/strong><\/a><strong><i> \u2013<\/i><\/strong>Gazeteci Yazar Nazl\u0131 Il\u0131cak, CNN T\u00fcrk&#8217;te yay\u0131nlanan D\u00f6rt Bir Taraf isimli programda Devlet Ni\u015fan\u0131&#8217;ndan <a href=\"http:\/\/www.radikal.com.tr\/index\/Ataturk\">Atat\u00fcrk<\/a> &#8216;\u00fcn foto\u011fraflar\u0131n\u0131n \u00e7\u0131kar\u0131lmas\u0131yla ilgili d\u00fc\u015f\u00fcncelerini anlatt\u0131.<\/p>\n<p style=\"text-align: justify;\">Ba\u015fbakan <a href=\"http:\/\/www.radikal.com.tr\/index\/Recep-Tayyip-Erdogan\">Recep Tayyip Erdo\u011fan<\/a> &#8216;\u0131 ele\u015ftiren Il\u0131cak, &#8220;Bir tek vaka olsa m\u00fcnferit diyebilirsin, nas\u0131l daha \u00f6nce Atat\u00fcrk&#8217;\u00fc putla\u015ft\u0131rma vard\u0131, her \u015fey Atat\u00fcrk&#8217;le izah edilirdi, adeta bir tap\u0131nma merasimi vard\u0131 bu beni \u00e7ok rahats\u0131z ediyordu. Ama \u015fimdi de belirli bir fobi var Atat\u00fcrk&#8217;e kar\u015f\u0131, en az\u0131ndan b\u00f6yle bir hissiyat var&#8221; dedi.<\/p>\n<p style=\"text-align: justify;\"><strong>&#8216;S\u00dcREKL\u0130 MUSTAFA KEMAL D\u0130YOR, ATAT\u00dcRK DEM\u0130YOR&#8217;<\/strong><\/p>\n<p style=\"text-align: justify;\">Ba\u015fbakan Erdo\u011fan&#8217;\u0131n Atat\u00fcrk&#8217;ten bahsederken s\u00fcrekli &#8216;Mustafa Kemal&#8217; dedi\u011fini belirten Il\u0131cak, &#8220;Mesela Tayyip Erdo\u011fan s\u00fcrekli Mustafa Kemal diyor, Atat\u00fcrk demiyor. Yani sanki ben onun Milli M\u00fccadeledeki ba\u015far\u0131lar\u0131n\u0131 onayl\u0131yorum ama ondan sonraki Atat\u00fcrk&#8217;\u00fc tasvip etmiyorum der gibi bir hal olabilir, b\u00f6yle bir d\u00fc\u015f\u00fcnce olabilir ama bunlar\u0131n sonucu mu Atat\u00fcrk&#8217;\u00fcn foto\u011fraflar\u0131n\u0131n bu ni\u015fanlardan \u00e7\u0131kar\u0131lmas\u0131? Ben TC&#8217;nin \u00e7\u0131kar\u0131lmas\u0131na da kar\u015f\u0131y\u0131m. Durup dururken <a href=\"http:\/\/www.radikal.com.tr\/index\/Turkiye\">T\u00fcrkiye<\/a> &#8216;de zaten bir tak\u0131m hassasiyetler varken TC niye \u00e7\u0131kart\u0131l\u0131yor?&#8221; \u015feklinde konu\u015ftu.<\/p>\n<p style=\"text-align: justify;\"><strong>&#8216;K\u00dcRTLER DE TC&#8217;YE KAR\u015eI DE\u011e\u0130L&#8217;<\/strong><\/p>\n<p style=\"text-align: justify;\">K\u00fcrtlerin de T\u00fcrkiye Cumhuriyetine kar\u015f\u0131 olmad\u0131\u011f\u0131n\u0131 ifade eden Il\u0131cak, \u015funlar\u0131 s\u00f6yledi: &#8220;Ne Mutlu T\u00fcrk\u00fcm Diyene, alerji yaratabilir ama &#8216;Ne Mutlu T\u00fcrkiyeliyim&#8217;, bal gibi bizim bir konsens\u00fcs ve uzla\u015fma noktam\u0131z olabilir. Bu at\u0131lan ad\u0131m ve sebebini anlam\u0131\u015f de\u011filim.&#8221;<br \/>\n<strong>&#8216;D\u0130NDAR KES\u0130M\u0130N ATAT\u00dcRK&#8217;E &#8216;DECCAL&#8217; DED\u0130\u011e\u0130N\u0130 B\u0130L\u0130YORUZ&#8217;<\/strong><\/p>\n<p style=\"text-align: justify;\">Atat\u00fcrk&#8217;\u00fcn, T\u00fcrkiye Cumhuriyeti&#8217;nin kurucusu oldu\u011funu ancak putla\u015ft\u0131rman\u0131n, tabula\u015ft\u0131rman\u0131n yanl\u0131\u015f oldu\u011funu belirten Il\u0131cak, &#8220;Atat\u00fcrk benim a\u00e7\u0131mdan da tabiki bu \u00fclkenin kurucusu ve her memlekette b\u00f6yle kuruculara \u00e7ok b\u00fcy\u00fck ehemmiyet veriliyor. Kurucu, iradedir. Tabiki putla\u015ft\u0131rmak tabula\u015ft\u0131rmak yanl\u0131\u015f, bunlar\u0131 ya\u015fad\u0131k ama&#8230; Neticede dindar kesimin asl\u0131nda Atat\u00fcrk&#8217;e &#8216;deccal&#8217; dedi\u011fini biz biliyoruz. b\u00f6yle bir tortu var ama bu de\u011fi\u015fiyor in\u015fallah, d\u00f6n\u00fc\u015f\u00fcyor. Bence m\u00fc\u015fterek bir de\u011fer diye kabul etmemiz laz\u0131m; bayrak gibi, Kuran gibi. Bunlar\u0131n \u00fczerinde art\u0131k bence m\u00fcnaka\u015fa etmemek laz\u0131m, uzla\u015fmam\u0131z laz\u0131m. Birimiz bayra\u011fa sahip \u00e7\u0131kaca\u011f\u0131z, \u00f6b\u00fcr\u00fcm\u00fcz Kurana sahip \u00e7\u0131kaca\u011f\u0131z bir di\u011ferimiz Atat\u00fcrk&#8217;e sahip \u00e7\u0131kaca\u011f\u0131z, bu da bence yanl\u0131\u015f. Ke\u015fke tart\u0131\u015fma olmayacak bir noktaya gelsek&#8221; diye konu\u015ftu.<\/p>\n<p style=\"text-align: justify;\"><strong><i>RIZA GEREN\u0130Z \/ DHA<\/i><\/strong><\/p>\n<p style=\"text-align: justify;\"><b><i>http:\/\/www.radikal.com.tr\/politika\/nazli_ilicak_bir_fobi_var_erdogan_ataturk_demiyor-1159729<\/i><\/b><\/p>\n","protected":false},"excerpt":{"rendered":"<p>Nazl\u0131 Il\u0131cak, Atat\u00fcrk&#8217;e kar\u015f\u0131 belirli bir fobi oldu\u011funu ve Ba\u015fbakan Erdo\u011fan&#8217;\u0131n, Atat\u00fcrk&#8217;\u00fcn Milli M\u00fccadele d\u00f6nemindeki ba\u015far\u0131lar\u0131n\u0131 onaylad\u0131\u011f\u0131n\u0131 ancak ondan sonraki Atat\u00fcrk&#8217;\u00fc tasvip etmedi\u011fini d\u00fc\u015f\u00fcnd\u00fc\u011f\u00fcn\u00fc s\u00f6yledi. ANKARA \u2013Gazeteci Yazar Nazl\u0131 Il\u0131cak, CNN T\u00fcrk&#8217;te yay\u0131nlanan D\u00f6rt Bir Taraf isimli programda Devlet Ni\u015fan\u0131&#8217;ndan Atat\u00fcrk &#8216;\u00fcn foto\u011fraflar\u0131n\u0131n \u00e7\u0131kar\u0131lmas\u0131yla ilgili d\u00fc\u015f\u00fcncelerini anlatt\u0131. Ba\u015fbakan Recep Tayyip Erdo\u011fan &#8216;\u0131 ele\u015ftiren Il\u0131cak, &#8220;Bir [&hellip;]<\/p>\n","protected":false},"author":7,"featured_media":0,"comment_status":"open","ping_status":"open","sticky":false,"template":"","format":"standard","meta":{"footnotes":""},"categories":[1],"tags":[],"class_list":["post-26772","post","type-post","status-publish","format-standard","hentry","category-haberler"],"yoast_head":"<!-- This site is optimized with the Yoast SEO plugin v27.4 - https:\/\/yoast.com\/product\/yoast-seo-wordpress\/ -->\n<title>Nazl\u0131 Il\u0131cak: Bir fobi var, Erdo\u011fan Atat\u00fcrk demiyor - Bati Ermenistan Ve Bati Ermenileri Sorunlari Ara\u015ftirmalar Merkezi<\/title>\n<meta name=\"robots\" content=\"index, follow, max-snippet:-1, max-image-preview:large, max-video-preview:-1\" \/>\n<link rel=\"canonical\" href=\"https:\/\/akunq.net\/tr\/?p=26772\" \/>\n<meta property=\"og:locale\" content=\"en_US\" \/>\n<meta property=\"og:type\" content=\"article\" \/>\n<meta property=\"og:title\" content=\"Nazl\u0131 Il\u0131cak: Bir fobi var, Erdo\u011fan Atat\u00fcrk demiyor - Bati Ermenistan Ve Bati Ermenileri Sorunlari Ara\u015ftirmalar Merkezi\" \/>\n<meta property=\"og:description\" content=\"Nazl\u0131 Il\u0131cak, Atat\u00fcrk&#8217;e kar\u015f\u0131 belirli bir fobi oldu\u011funu ve Ba\u015fbakan Erdo\u011fan&#8217;\u0131n, Atat\u00fcrk&#8217;\u00fcn Milli M\u00fccadele d\u00f6nemindeki ba\u015far\u0131lar\u0131n\u0131 onaylad\u0131\u011f\u0131n\u0131 ancak ondan sonraki Atat\u00fcrk&#8217;\u00fc tasvip etmedi\u011fini d\u00fc\u015f\u00fcnd\u00fc\u011f\u00fcn\u00fc s\u00f6yledi. ANKARA \u2013Gazeteci Yazar Nazl\u0131 Il\u0131cak, CNN T\u00fcrk&#8217;te yay\u0131nlanan D\u00f6rt Bir Taraf isimli programda Devlet Ni\u015fan\u0131&#8217;ndan Atat\u00fcrk &#8216;\u00fcn foto\u011fraflar\u0131n\u0131n \u00e7\u0131kar\u0131lmas\u0131yla ilgili d\u00fc\u015f\u00fcncelerini anlatt\u0131. Ba\u015fbakan Recep Tayyip Erdo\u011fan &#8216;\u0131 ele\u015ftiren Il\u0131cak, &#8220;Bir [&hellip;]\" \/>\n<meta property=\"og:url\" content=\"https:\/\/akunq.net\/tr\/?p=26772\" \/>\n<meta property=\"og:site_name\" content=\"Bati Ermenistan Ve Bati Ermenileri Sorunlari Ara\u015ftirmalar Merkezi\" \/>\n<meta property=\"article:published_time\" content=\"2013-11-11T07:30:28+00:00\" \/>\n<meta property=\"article:modified_time\" content=\"2013-11-11T07:30:50+00:00\" \/>\n<meta name=\"author\" content=\"admin\" \/>\n<meta name=\"twitter:card\" content=\"summary_large_image\" \/>\n<meta name=\"twitter:label1\" content=\"Written by\" \/>\n\t<meta name=\"twitter:data1\" content=\"admin\" \/>\n\t<meta name=\"twitter:label2\" content=\"Est. reading time\" \/>\n\t<meta name=\"twitter:data2\" content=\"3 minutes\" \/>\n<script type=\"application\/ld+json\" class=\"yoast-schema-graph\">{\"@context\":\"https:\\\/\\\/schema.org\",\"@graph\":[{\"@type\":\"Article\",\"@id\":\"https:\\\/\\\/akunq.net\\\/tr\\\/?p=26772#article\",\"isPartOf\":{\"@id\":\"https:\\\/\\\/akunq.net\\\/tr\\\/?p=26772\"},\"author\":{\"name\":\"admin\",\"@id\":\"https:\\\/\\\/akunq.net\\\/tr\\\/#\\\/schema\\\/person\\\/096f1d38a12cce57fb855b485ed24c9e\"},\"headline\":\"Nazl\u0131 Il\u0131cak: Bir fobi var, Erdo\u011fan Atat\u00fcrk demiyor\",\"datePublished\":\"2013-11-11T07:30:28+00:00\",\"dateModified\":\"2013-11-11T07:30:50+00:00\",\"mainEntityOfPage\":{\"@id\":\"https:\\\/\\\/akunq.net\\\/tr\\\/?p=26772\"},\"wordCount\":518,\"commentCount\":0,\"articleSection\":[\"Haberler\"],\"inLanguage\":\"en-US\",\"potentialAction\":[{\"@type\":\"CommentAction\",\"name\":\"Comment\",\"target\":[\"https:\\\/\\\/akunq.net\\\/tr\\\/?p=26772#respond\"]}]},{\"@type\":\"WebPage\",\"@id\":\"https:\\\/\\\/akunq.net\\\/tr\\\/?p=26772\",\"url\":\"https:\\\/\\\/akunq.net\\\/tr\\\/?p=26772\",\"name\":\"Nazl\u0131 Il\u0131cak: Bir fobi var, Erdo\u011fan Atat\u00fcrk demiyor - Bati Ermenistan Ve Bati Ermenileri Sorunlari Ara\u015ftirmalar Merkezi\",\"isPartOf\":{\"@id\":\"https:\\\/\\\/akunq.net\\\/tr\\\/#website\"},\"datePublished\":\"2013-11-11T07:30:28+00:00\",\"dateModified\":\"2013-11-11T07:30:50+00:00\",\"author\":{\"@id\":\"https:\\\/\\\/akunq.net\\\/tr\\\/#\\\/schema\\\/person\\\/096f1d38a12cce57fb855b485ed24c9e\"},\"breadcrumb\":{\"@id\":\"https:\\\/\\\/akunq.net\\\/tr\\\/?p=26772#breadcrumb\"},\"inLanguage\":\"en-US\",\"potentialAction\":[{\"@type\":\"ReadAction\",\"target\":[\"https:\\\/\\\/akunq.net\\\/tr\\\/?p=26772\"]}]},{\"@type\":\"BreadcrumbList\",\"@id\":\"https:\\\/\\\/akunq.net\\\/tr\\\/?p=26772#breadcrumb\",\"itemListElement\":[{\"@type\":\"ListItem\",\"position\":1,\"name\":\"Home\",\"item\":\"https:\\\/\\\/akunq.net\\\/tr\"},{\"@type\":\"ListItem\",\"position\":2,\"name\":\"Nazl\u0131 Il\u0131cak: Bir fobi var, Erdo\u011fan Atat\u00fcrk demiyor\"}]},{\"@type\":\"WebSite\",\"@id\":\"https:\\\/\\\/akunq.net\\\/tr\\\/#website\",\"url\":\"https:\\\/\\\/akunq.net\\\/tr\\\/\",\"name\":\"Bati Ermenistan Ve Bati Ermenileri Sorunlari Ara\u015ftirmalar Merkezi\",\"description\":\"\",\"potentialAction\":[{\"@type\":\"SearchAction\",\"target\":{\"@type\":\"EntryPoint\",\"urlTemplate\":\"https:\\\/\\\/akunq.net\\\/tr\\\/?s={search_term_string}\"},\"query-input\":{\"@type\":\"PropertyValueSpecification\",\"valueRequired\":true,\"valueName\":\"search_term_string\"}}],\"inLanguage\":\"en-US\"},{\"@type\":\"Person\",\"@id\":\"https:\\\/\\\/akunq.net\\\/tr\\\/#\\\/schema\\\/person\\\/096f1d38a12cce57fb855b485ed24c9e\",\"name\":\"admin\",\"url\":\"https:\\\/\\\/akunq.net\\\/tr\\\/?author=7\"}]}<\/script>\n<!-- \/ Yoast SEO plugin. -->","yoast_head_json":{"title":"Nazl\u0131 Il\u0131cak: Bir fobi var, Erdo\u011fan Atat\u00fcrk demiyor - Bati Ermenistan Ve Bati Ermenileri Sorunlari Ara\u015ftirmalar Merkezi","robots":{"index":"index","follow":"follow","max-snippet":"max-snippet:-1","max-image-preview":"max-image-preview:large","max-video-preview":"max-video-preview:-1"},"canonical":"https:\/\/akunq.net\/tr\/?p=26772","og_locale":"en_US","og_type":"article","og_title":"Nazl\u0131 Il\u0131cak: Bir fobi var, Erdo\u011fan Atat\u00fcrk demiyor - Bati Ermenistan Ve Bati Ermenileri Sorunlari Ara\u015ftirmalar Merkezi","og_description":"Nazl\u0131 Il\u0131cak, Atat\u00fcrk&#8217;e kar\u015f\u0131 belirli bir fobi oldu\u011funu ve Ba\u015fbakan Erdo\u011fan&#8217;\u0131n, Atat\u00fcrk&#8217;\u00fcn Milli M\u00fccadele d\u00f6nemindeki ba\u015far\u0131lar\u0131n\u0131 onaylad\u0131\u011f\u0131n\u0131 ancak ondan sonraki Atat\u00fcrk&#8217;\u00fc tasvip etmedi\u011fini d\u00fc\u015f\u00fcnd\u00fc\u011f\u00fcn\u00fc s\u00f6yledi. ANKARA \u2013Gazeteci Yazar Nazl\u0131 Il\u0131cak, CNN T\u00fcrk&#8217;te yay\u0131nlanan D\u00f6rt Bir Taraf isimli programda Devlet Ni\u015fan\u0131&#8217;ndan Atat\u00fcrk &#8216;\u00fcn foto\u011fraflar\u0131n\u0131n \u00e7\u0131kar\u0131lmas\u0131yla ilgili d\u00fc\u015f\u00fcncelerini anlatt\u0131. Ba\u015fbakan Recep Tayyip Erdo\u011fan &#8216;\u0131 ele\u015ftiren Il\u0131cak, &#8220;Bir [&hellip;]","og_url":"https:\/\/akunq.net\/tr\/?p=26772","og_site_name":"Bati Ermenistan Ve Bati Ermenileri Sorunlari Ara\u015ftirmalar Merkezi","article_published_time":"2013-11-11T07:30:28+00:00","article_modified_time":"2013-11-11T07:30:50+00:00","author":"admin","twitter_card":"summary_large_image","twitter_misc":{"Written by":"admin","Est. reading time":"3 minutes"},"schema":{"@context":"https:\/\/schema.org","@graph":[{"@type":"Article","@id":"https:\/\/akunq.net\/tr\/?p=26772#article","isPartOf":{"@id":"https:\/\/akunq.net\/tr\/?p=26772"},"author":{"name":"admin","@id":"https:\/\/akunq.net\/tr\/#\/schema\/person\/096f1d38a12cce57fb855b485ed24c9e"},"headline":"Nazl\u0131 Il\u0131cak: Bir fobi var, Erdo\u011fan Atat\u00fcrk demiyor","datePublished":"2013-11-11T07:30:28+00:00","dateModified":"2013-11-11T07:30:50+00:00","mainEntityOfPage":{"@id":"https:\/\/akunq.net\/tr\/?p=26772"},"wordCount":518,"commentCount":0,"articleSection":["Haberler"],"inLanguage":"en-US","potentialAction":[{"@type":"CommentAction","name":"Comment","target":["https:\/\/akunq.net\/tr\/?p=26772#respond"]}]},{"@type":"WebPage","@id":"https:\/\/akunq.net\/tr\/?p=26772","url":"https:\/\/akunq.net\/tr\/?p=26772","name":"Nazl\u0131 Il\u0131cak: Bir fobi var, Erdo\u011fan Atat\u00fcrk demiyor - Bati Ermenistan Ve Bati Ermenileri Sorunlari Ara\u015ftirmalar Merkezi","isPartOf":{"@id":"https:\/\/akunq.net\/tr\/#website"},"datePublished":"2013-11-11T07:30:28+00:00","dateModified":"2013-11-11T07:30:50+00:00","author":{"@id":"https:\/\/akunq.net\/tr\/#\/schema\/person\/096f1d38a12cce57fb855b485ed24c9e"},"breadcrumb":{"@id":"https:\/\/akunq.net\/tr\/?p=26772#breadcrumb"},"inLanguage":"en-US","potentialAction":[{"@type":"ReadAction","target":["https:\/\/akunq.net\/tr\/?p=26772"]}]},{"@type":"BreadcrumbList","@id":"https:\/\/akunq.net\/tr\/?p=26772#breadcrumb","itemListElement":[{"@type":"ListItem","position":1,"name":"Home","item":"https:\/\/akunq.net\/tr"},{"@type":"ListItem","position":2,"name":"Nazl\u0131 Il\u0131cak: Bir fobi var, Erdo\u011fan Atat\u00fcrk demiyor"}]},{"@type":"WebSite","@id":"https:\/\/akunq.net\/tr\/#website","url":"https:\/\/akunq.net\/tr\/","name":"Bati Ermenistan Ve Bati Ermenileri Sorunlari Ara\u015ftirmalar Merkezi","description":"","potentialAction":[{"@type":"SearchAction","target":{"@type":"EntryPoint","urlTemplate":"https:\/\/akunq.net\/tr\/?s={search_term_string}"},"query-input":{"@type":"PropertyValueSpecification","valueRequired":true,"valueName":"search_term_string"}}],"inLanguage":"en-US"},{"@type":"Person","@id":"https:\/\/akunq.net\/tr\/#\/schema\/person\/096f1d38a12cce57fb855b485ed24c9e","name":"admin","url":"https:\/\/akunq.net\/tr\/?author=7"}]}},"_links":{"self":[{"href":"https:\/\/akunq.net\/tr\/index.php?rest_route=\/wp\/v2\/posts\/26772","targetHints":{"allow":["GET"]}}],"collection":[{"href":"https:\/\/akunq.net\/tr\/index.php?rest_route=\/wp\/v2\/posts"}],"about":[{"href":"https:\/\/akunq.net\/tr\/index.php?rest_route=\/wp\/v2\/types\/post"}],"author":[{"embeddable":true,"href":"https:\/\/akunq.net\/tr\/index.php?rest_route=\/wp\/v2\/users\/7"}],"replies":[{"embeddable":true,"href":"https:\/\/akunq.net\/tr\/index.php?rest_route=%2Fwp%2Fv2%2Fcomments&post=26772"}],"version-history":[{"count":2,"href":"https:\/\/akunq.net\/tr\/index.php?rest_route=\/wp\/v2\/posts\/26772\/revisions"}],"predecessor-version":[{"id":26775,"href":"https:\/\/akunq.net\/tr\/index.php?rest_route=\/wp\/v2\/posts\/26772\/revisions\/26775"}],"wp:attachment":[{"href":"https:\/\/akunq.net\/tr\/index.php?rest_route=%2Fwp%2Fv2%2Fmedia&parent=26772"}],"wp:term":[{"taxonomy":"category","embeddable":true,"href":"https:\/\/akunq.net\/tr\/index.php?rest_route=%2Fwp%2Fv2%2Fcategories&post=26772"},{"taxonomy":"post_tag","embeddable":true,"href":"https:\/\/akunq.net\/tr\/index.php?rest_route=%2Fwp%2Fv2%2Ftags&post=26772"}],"curies":[{"name":"wp","href":"https:\/\/api.w.org\/{rel}","templated":true}]}}