{"id":26769,"date":"2013-11-11T02:09:52","date_gmt":"2013-11-11T07:09:52","guid":{"rendered":"http:\/\/akunq.net\/tr\/?p=26769"},"modified":"2013-11-11T02:09:52","modified_gmt":"2013-11-11T07:09:52","slug":"soykirim-muze-enstitusu-kanada-insan-haklari-muzesiyle-karsilikli-anlayis-memorandumu-imzaladi","status":"publish","type":"post","link":"https:\/\/akunq.net\/tr\/?p=26769","title":{"rendered":"Soyk\u0131r\u0131m M\u00fcze-Enstit\u00fcs\u00fc, Kanada \u0130nsan Haklar\u0131 M\u00fczesiyle \u00abKar\u015f\u0131l\u0131kl\u0131 Anlay\u0131\u015f Memorandumu\u00bb imzalad\u0131"},"content":{"rendered":"<p style=\"text-align: justify;\"><b><i><a href=\"http:\/\/akunq.net\/tr\/wp-content\/uploads\/2013\/11\/Demoyan-ve-Stuart-Murray.jpg\"><img loading=\"lazy\" decoding=\"async\" class=\"alignright size-medium wp-image-26770\" alt=\"Demoyan ve Stuart  Murray\" src=\"http:\/\/akunq.net\/tr\/wp-content\/uploads\/2013\/11\/Demoyan-ve-Stuart-Murray-300x224.jpg\" width=\"300\" height=\"224\" srcset=\"https:\/\/akunq.net\/tr\/wp-content\/uploads\/sites\/6\/2013\/11\/Demoyan-ve-Stuart-Murray-300x224.jpg 300w, https:\/\/akunq.net\/tr\/wp-content\/uploads\/sites\/6\/2013\/11\/Demoyan-ve-Stuart-Murray.jpg 314w\" sizes=\"auto, (max-width: 300px) 100vw, 300px\" \/><\/a>7 Kas\u0131m\u2019da Kanada\u2019n\u0131n Winnipeg kentinde Kanada \u0130nsan Haklar\u0131 M\u00fczesiyle (K\u0130HM) ve Ermeni Soyk\u0131r\u0131m\u0131 M\u00fcze-Enstit\u00fcs\u00fc (ESME) aras\u0131nda \u00abKar\u015f\u0131l\u0131kl\u0131 Anlay\u0131\u015f Memorandumu\u00bb imza t\u00f6reni ger\u00e7ekle\u015fti.<\/i><\/b><\/p>\n<p style=\"text-align: justify;\">Zorian Enstit\u00fcs\u00fcn\u00fcn aktif kat\u0131l\u0131m\u0131yla imzalanan \u00abKar\u015f\u0131l\u0131kl\u0131 Anlay\u0131\u015f Memorandumu\u00bb \u00e7er\u00e7evesinde taraflar, Ermeni Soyk\u0131r\u0131m\u0131 ara\u015ft\u0131rmalar\u0131, yay\u0131nlar, e\u011fitim, ortak sergiler d\u00fczenlenmesi, enformasyon, isti\u015fare vd. alanlarda i\u015fbirli\u011fi yapacaklar. \u0130\u015fbirli\u011fi, \u00f6zellikle iki kurumun yeni\u00a0 s\u00fcrekli sergi projelerinin geli\u015ftirilmesinde deneyim akatar\u0131m\u0131 a\u00e7\u0131s\u0131ndan \u00f6nemsenmekte.<\/p>\n<p style=\"text-align: justify;\">Memorandum; ESME Direkt\u00f6r\u00fc Hayk Demoyan ve K\u0130HM Direkt\u00f6r Stuart\u00a0 Murray taraf\u0131ndan imzaland\u0131; imza t\u00f6reninde Ermenistan\u2019\u0131n Kanada b\u00fcy\u00fckel\u00e7isi Armen Yeganyan, Zorian Enstit\u00fcs\u00fc Direkt\u00f6r\u00fc Gurgen Sargsyan, Kanada Ermeni toplumu temsilcileri kat\u0131ld\u0131lar.<\/p>\n<p style=\"text-align: justify;\">K\u0130HM\u2019nin Eyl\u00fcl 2014\u2019te a\u00e7\u0131lmas\u0131 \u00f6ng\u00f6r\u00fclmekte. Taraflar ayr\u0131ca 2015\u2019te K\u0130HM\u2019nde Ermeni Soyk\u0131r\u0131m\u0131na y\u00f6nelik s\u00fcreli bir sergi d\u00fczenlenmesine y\u00f6nelik mutabakat sa\u011flad\u0131lar.<\/p>\n<p style=\"text-align: justify;\">ESME Direkt\u00f6r\u00fc H. Demoyan Kanada ziyareti \u00e7er\u00e7evesinde Toronto ve Montreal Ermeni toplumu temsilcileriyle bulu\u015ftu; bulu\u015fmalarda Ermeni Soyk\u0131r\u0131m\u0131n\u0131n 100. y\u0131l\u0131 vesilesiyle ortak etkinlikler d\u00fczenlenmesi ve ortak strateji geli\u015ftirilmesine ili\u015fkin konular de\u011ferlendirildi.<\/p>\n<p style=\"text-align: justify;\"><b><i>http:\/\/news.am\/tur\/news\/179806.html<\/i><\/b><\/p>\n","protected":false},"excerpt":{"rendered":"<p>7 Kas\u0131m\u2019da Kanada\u2019n\u0131n Winnipeg kentinde Kanada \u0130nsan Haklar\u0131 M\u00fczesiyle (K\u0130HM) ve Ermeni Soyk\u0131r\u0131m\u0131 M\u00fcze-Enstit\u00fcs\u00fc (ESME) aras\u0131nda \u00abKar\u015f\u0131l\u0131kl\u0131 Anlay\u0131\u015f Memorandumu\u00bb imza t\u00f6reni ger\u00e7ekle\u015fti. Zorian Enstit\u00fcs\u00fcn\u00fcn aktif kat\u0131l\u0131m\u0131yla imzalanan \u00abKar\u015f\u0131l\u0131kl\u0131 Anlay\u0131\u015f Memorandumu\u00bb \u00e7er\u00e7evesinde taraflar, Ermeni Soyk\u0131r\u0131m\u0131 ara\u015ft\u0131rmalar\u0131, yay\u0131nlar, e\u011fitim, ortak sergiler d\u00fczenlenmesi, enformasyon, isti\u015fare vd. alanlarda i\u015fbirli\u011fi yapacaklar. \u0130\u015fbirli\u011fi, \u00f6zellikle iki kurumun yeni\u00a0 s\u00fcrekli sergi projelerinin geli\u015ftirilmesinde [&hellip;]<\/p>\n","protected":false},"author":7,"featured_media":0,"comment_status":"open","ping_status":"open","sticky":false,"template":"","format":"standard","meta":{"footnotes":""},"categories":[1],"tags":[],"class_list":["post-26769","post","type-post","status-publish","format-standard","hentry","category-haberler"],"yoast_head":"<!-- This site is optimized with the Yoast SEO plugin v27.4 - https:\/\/yoast.com\/product\/yoast-seo-wordpress\/ -->\n<title>Soyk\u0131r\u0131m M\u00fcze-Enstit\u00fcs\u00fc, Kanada \u0130nsan Haklar\u0131 M\u00fczesiyle \u00abKar\u015f\u0131l\u0131kl\u0131 Anlay\u0131\u015f Memorandumu\u00bb imzalad\u0131 - Bati Ermenistan Ve Bati Ermenileri Sorunlari Ara\u015ftirmalar Merkezi<\/title>\n<meta name=\"robots\" content=\"index, follow, max-snippet:-1, max-image-preview:large, max-video-preview:-1\" \/>\n<link rel=\"canonical\" href=\"https:\/\/akunq.net\/tr\/?p=26769\" \/>\n<meta property=\"og:locale\" content=\"en_US\" \/>\n<meta property=\"og:type\" content=\"article\" \/>\n<meta property=\"og:title\" content=\"Soyk\u0131r\u0131m M\u00fcze-Enstit\u00fcs\u00fc, Kanada \u0130nsan Haklar\u0131 M\u00fczesiyle \u00abKar\u015f\u0131l\u0131kl\u0131 Anlay\u0131\u015f Memorandumu\u00bb imzalad\u0131 - Bati Ermenistan Ve Bati Ermenileri Sorunlari Ara\u015ftirmalar Merkezi\" \/>\n<meta property=\"og:description\" content=\"7 Kas\u0131m\u2019da Kanada\u2019n\u0131n Winnipeg kentinde Kanada \u0130nsan Haklar\u0131 M\u00fczesiyle (K\u0130HM) ve Ermeni Soyk\u0131r\u0131m\u0131 M\u00fcze-Enstit\u00fcs\u00fc (ESME) aras\u0131nda \u00abKar\u015f\u0131l\u0131kl\u0131 Anlay\u0131\u015f Memorandumu\u00bb imza t\u00f6reni ger\u00e7ekle\u015fti. Zorian Enstit\u00fcs\u00fcn\u00fcn aktif kat\u0131l\u0131m\u0131yla imzalanan \u00abKar\u015f\u0131l\u0131kl\u0131 Anlay\u0131\u015f Memorandumu\u00bb \u00e7er\u00e7evesinde taraflar, Ermeni Soyk\u0131r\u0131m\u0131 ara\u015ft\u0131rmalar\u0131, yay\u0131nlar, e\u011fitim, ortak sergiler d\u00fczenlenmesi, enformasyon, isti\u015fare vd. alanlarda i\u015fbirli\u011fi yapacaklar. \u0130\u015fbirli\u011fi, \u00f6zellikle iki kurumun yeni\u00a0 s\u00fcrekli sergi projelerinin geli\u015ftirilmesinde [&hellip;]\" \/>\n<meta property=\"og:url\" content=\"https:\/\/akunq.net\/tr\/?p=26769\" \/>\n<meta property=\"og:site_name\" content=\"Bati Ermenistan Ve Bati Ermenileri Sorunlari Ara\u015ftirmalar Merkezi\" \/>\n<meta property=\"article:published_time\" content=\"2013-11-11T07:09:52+00:00\" \/>\n<meta property=\"og:image\" content=\"http:\/\/akunq.net\/tr\/wp-content\/uploads\/2013\/11\/Demoyan-ve-Stuart-Murray-300x224.jpg\" \/>\n<meta name=\"author\" content=\"admin\" \/>\n<meta name=\"twitter:card\" content=\"summary_large_image\" \/>\n<meta name=\"twitter:label1\" content=\"Written by\" \/>\n\t<meta name=\"twitter:data1\" content=\"admin\" \/>\n\t<meta name=\"twitter:label2\" content=\"Est. reading time\" \/>\n\t<meta name=\"twitter:data2\" content=\"1 minute\" \/>\n<script type=\"application\/ld+json\" class=\"yoast-schema-graph\">{\"@context\":\"https:\\\/\\\/schema.org\",\"@graph\":[{\"@type\":\"Article\",\"@id\":\"https:\\\/\\\/akunq.net\\\/tr\\\/?p=26769#article\",\"isPartOf\":{\"@id\":\"https:\\\/\\\/akunq.net\\\/tr\\\/?p=26769\"},\"author\":{\"name\":\"admin\",\"@id\":\"https:\\\/\\\/akunq.net\\\/tr\\\/#\\\/schema\\\/person\\\/096f1d38a12cce57fb855b485ed24c9e\"},\"headline\":\"Soyk\u0131r\u0131m M\u00fcze-Enstit\u00fcs\u00fc, Kanada \u0130nsan Haklar\u0131 M\u00fczesiyle \u00abKar\u015f\u0131l\u0131kl\u0131 Anlay\u0131\u015f Memorandumu\u00bb imzalad\u0131\",\"datePublished\":\"2013-11-11T07:09:52+00:00\",\"mainEntityOfPage\":{\"@id\":\"https:\\\/\\\/akunq.net\\\/tr\\\/?p=26769\"},\"wordCount\":243,\"commentCount\":0,\"image\":{\"@id\":\"https:\\\/\\\/akunq.net\\\/tr\\\/?p=26769#primaryimage\"},\"thumbnailUrl\":\"http:\\\/\\\/akunq.net\\\/tr\\\/wp-content\\\/uploads\\\/2013\\\/11\\\/Demoyan-ve-Stuart-Murray-300x224.jpg\",\"articleSection\":[\"Haberler\"],\"inLanguage\":\"en-US\",\"potentialAction\":[{\"@type\":\"CommentAction\",\"name\":\"Comment\",\"target\":[\"https:\\\/\\\/akunq.net\\\/tr\\\/?p=26769#respond\"]}]},{\"@type\":\"WebPage\",\"@id\":\"https:\\\/\\\/akunq.net\\\/tr\\\/?p=26769\",\"url\":\"https:\\\/\\\/akunq.net\\\/tr\\\/?p=26769\",\"name\":\"Soyk\u0131r\u0131m M\u00fcze-Enstit\u00fcs\u00fc, Kanada \u0130nsan Haklar\u0131 M\u00fczesiyle \u00abKar\u015f\u0131l\u0131kl\u0131 Anlay\u0131\u015f Memorandumu\u00bb imzalad\u0131 - Bati Ermenistan Ve Bati Ermenileri Sorunlari Ara\u015ftirmalar Merkezi\",\"isPartOf\":{\"@id\":\"https:\\\/\\\/akunq.net\\\/tr\\\/#website\"},\"primaryImageOfPage\":{\"@id\":\"https:\\\/\\\/akunq.net\\\/tr\\\/?p=26769#primaryimage\"},\"image\":{\"@id\":\"https:\\\/\\\/akunq.net\\\/tr\\\/?p=26769#primaryimage\"},\"thumbnailUrl\":\"http:\\\/\\\/akunq.net\\\/tr\\\/wp-content\\\/uploads\\\/2013\\\/11\\\/Demoyan-ve-Stuart-Murray-300x224.jpg\",\"datePublished\":\"2013-11-11T07:09:52+00:00\",\"author\":{\"@id\":\"https:\\\/\\\/akunq.net\\\/tr\\\/#\\\/schema\\\/person\\\/096f1d38a12cce57fb855b485ed24c9e\"},\"breadcrumb\":{\"@id\":\"https:\\\/\\\/akunq.net\\\/tr\\\/?p=26769#breadcrumb\"},\"inLanguage\":\"en-US\",\"potentialAction\":[{\"@type\":\"ReadAction\",\"target\":[\"https:\\\/\\\/akunq.net\\\/tr\\\/?p=26769\"]}]},{\"@type\":\"ImageObject\",\"inLanguage\":\"en-US\",\"@id\":\"https:\\\/\\\/akunq.net\\\/tr\\\/?p=26769#primaryimage\",\"url\":\"https:\\\/\\\/akunq.net\\\/tr\\\/wp-content\\\/uploads\\\/sites\\\/6\\\/2013\\\/11\\\/Demoyan-ve-Stuart-Murray.jpg\",\"contentUrl\":\"https:\\\/\\\/akunq.net\\\/tr\\\/wp-content\\\/uploads\\\/sites\\\/6\\\/2013\\\/11\\\/Demoyan-ve-Stuart-Murray.jpg\",\"width\":314,\"height\":235},{\"@type\":\"BreadcrumbList\",\"@id\":\"https:\\\/\\\/akunq.net\\\/tr\\\/?p=26769#breadcrumb\",\"itemListElement\":[{\"@type\":\"ListItem\",\"position\":1,\"name\":\"Home\",\"item\":\"https:\\\/\\\/akunq.net\\\/tr\"},{\"@type\":\"ListItem\",\"position\":2,\"name\":\"Soyk\u0131r\u0131m M\u00fcze-Enstit\u00fcs\u00fc, Kanada \u0130nsan Haklar\u0131 M\u00fczesiyle \u00abKar\u015f\u0131l\u0131kl\u0131 Anlay\u0131\u015f Memorandumu\u00bb imzalad\u0131\"}]},{\"@type\":\"WebSite\",\"@id\":\"https:\\\/\\\/akunq.net\\\/tr\\\/#website\",\"url\":\"https:\\\/\\\/akunq.net\\\/tr\\\/\",\"name\":\"Bati Ermenistan Ve Bati Ermenileri Sorunlari Ara\u015ftirmalar Merkezi\",\"description\":\"\",\"potentialAction\":[{\"@type\":\"SearchAction\",\"target\":{\"@type\":\"EntryPoint\",\"urlTemplate\":\"https:\\\/\\\/akunq.net\\\/tr\\\/?s={search_term_string}\"},\"query-input\":{\"@type\":\"PropertyValueSpecification\",\"valueRequired\":true,\"valueName\":\"search_term_string\"}}],\"inLanguage\":\"en-US\"},{\"@type\":\"Person\",\"@id\":\"https:\\\/\\\/akunq.net\\\/tr\\\/#\\\/schema\\\/person\\\/096f1d38a12cce57fb855b485ed24c9e\",\"name\":\"admin\",\"url\":\"https:\\\/\\\/akunq.net\\\/tr\\\/?author=7\"}]}<\/script>\n<!-- \/ Yoast SEO plugin. -->","yoast_head_json":{"title":"Soyk\u0131r\u0131m M\u00fcze-Enstit\u00fcs\u00fc, Kanada \u0130nsan Haklar\u0131 M\u00fczesiyle \u00abKar\u015f\u0131l\u0131kl\u0131 Anlay\u0131\u015f Memorandumu\u00bb imzalad\u0131 - Bati Ermenistan Ve Bati Ermenileri Sorunlari Ara\u015ftirmalar Merkezi","robots":{"index":"index","follow":"follow","max-snippet":"max-snippet:-1","max-image-preview":"max-image-preview:large","max-video-preview":"max-video-preview:-1"},"canonical":"https:\/\/akunq.net\/tr\/?p=26769","og_locale":"en_US","og_type":"article","og_title":"Soyk\u0131r\u0131m M\u00fcze-Enstit\u00fcs\u00fc, Kanada \u0130nsan Haklar\u0131 M\u00fczesiyle \u00abKar\u015f\u0131l\u0131kl\u0131 Anlay\u0131\u015f Memorandumu\u00bb imzalad\u0131 - Bati Ermenistan Ve Bati Ermenileri Sorunlari Ara\u015ftirmalar Merkezi","og_description":"7 Kas\u0131m\u2019da Kanada\u2019n\u0131n Winnipeg kentinde Kanada \u0130nsan Haklar\u0131 M\u00fczesiyle (K\u0130HM) ve Ermeni Soyk\u0131r\u0131m\u0131 M\u00fcze-Enstit\u00fcs\u00fc (ESME) aras\u0131nda \u00abKar\u015f\u0131l\u0131kl\u0131 Anlay\u0131\u015f Memorandumu\u00bb imza t\u00f6reni ger\u00e7ekle\u015fti. Zorian Enstit\u00fcs\u00fcn\u00fcn aktif kat\u0131l\u0131m\u0131yla imzalanan \u00abKar\u015f\u0131l\u0131kl\u0131 Anlay\u0131\u015f Memorandumu\u00bb \u00e7er\u00e7evesinde taraflar, Ermeni Soyk\u0131r\u0131m\u0131 ara\u015ft\u0131rmalar\u0131, yay\u0131nlar, e\u011fitim, ortak sergiler d\u00fczenlenmesi, enformasyon, isti\u015fare vd. alanlarda i\u015fbirli\u011fi yapacaklar. \u0130\u015fbirli\u011fi, \u00f6zellikle iki kurumun yeni\u00a0 s\u00fcrekli sergi projelerinin geli\u015ftirilmesinde [&hellip;]","og_url":"https:\/\/akunq.net\/tr\/?p=26769","og_site_name":"Bati Ermenistan Ve Bati Ermenileri Sorunlari Ara\u015ftirmalar Merkezi","article_published_time":"2013-11-11T07:09:52+00:00","og_image":[{"url":"http:\/\/akunq.net\/tr\/wp-content\/uploads\/2013\/11\/Demoyan-ve-Stuart-Murray-300x224.jpg","type":"","width":"","height":""}],"author":"admin","twitter_card":"summary_large_image","twitter_misc":{"Written by":"admin","Est. reading time":"1 minute"},"schema":{"@context":"https:\/\/schema.org","@graph":[{"@type":"Article","@id":"https:\/\/akunq.net\/tr\/?p=26769#article","isPartOf":{"@id":"https:\/\/akunq.net\/tr\/?p=26769"},"author":{"name":"admin","@id":"https:\/\/akunq.net\/tr\/#\/schema\/person\/096f1d38a12cce57fb855b485ed24c9e"},"headline":"Soyk\u0131r\u0131m M\u00fcze-Enstit\u00fcs\u00fc, Kanada \u0130nsan Haklar\u0131 M\u00fczesiyle \u00abKar\u015f\u0131l\u0131kl\u0131 Anlay\u0131\u015f Memorandumu\u00bb imzalad\u0131","datePublished":"2013-11-11T07:09:52+00:00","mainEntityOfPage":{"@id":"https:\/\/akunq.net\/tr\/?p=26769"},"wordCount":243,"commentCount":0,"image":{"@id":"https:\/\/akunq.net\/tr\/?p=26769#primaryimage"},"thumbnailUrl":"http:\/\/akunq.net\/tr\/wp-content\/uploads\/2013\/11\/Demoyan-ve-Stuart-Murray-300x224.jpg","articleSection":["Haberler"],"inLanguage":"en-US","potentialAction":[{"@type":"CommentAction","name":"Comment","target":["https:\/\/akunq.net\/tr\/?p=26769#respond"]}]},{"@type":"WebPage","@id":"https:\/\/akunq.net\/tr\/?p=26769","url":"https:\/\/akunq.net\/tr\/?p=26769","name":"Soyk\u0131r\u0131m M\u00fcze-Enstit\u00fcs\u00fc, Kanada \u0130nsan Haklar\u0131 M\u00fczesiyle \u00abKar\u015f\u0131l\u0131kl\u0131 Anlay\u0131\u015f Memorandumu\u00bb imzalad\u0131 - Bati Ermenistan Ve Bati Ermenileri Sorunlari Ara\u015ftirmalar Merkezi","isPartOf":{"@id":"https:\/\/akunq.net\/tr\/#website"},"primaryImageOfPage":{"@id":"https:\/\/akunq.net\/tr\/?p=26769#primaryimage"},"image":{"@id":"https:\/\/akunq.net\/tr\/?p=26769#primaryimage"},"thumbnailUrl":"http:\/\/akunq.net\/tr\/wp-content\/uploads\/2013\/11\/Demoyan-ve-Stuart-Murray-300x224.jpg","datePublished":"2013-11-11T07:09:52+00:00","author":{"@id":"https:\/\/akunq.net\/tr\/#\/schema\/person\/096f1d38a12cce57fb855b485ed24c9e"},"breadcrumb":{"@id":"https:\/\/akunq.net\/tr\/?p=26769#breadcrumb"},"inLanguage":"en-US","potentialAction":[{"@type":"ReadAction","target":["https:\/\/akunq.net\/tr\/?p=26769"]}]},{"@type":"ImageObject","inLanguage":"en-US","@id":"https:\/\/akunq.net\/tr\/?p=26769#primaryimage","url":"https:\/\/akunq.net\/tr\/wp-content\/uploads\/sites\/6\/2013\/11\/Demoyan-ve-Stuart-Murray.jpg","contentUrl":"https:\/\/akunq.net\/tr\/wp-content\/uploads\/sites\/6\/2013\/11\/Demoyan-ve-Stuart-Murray.jpg","width":314,"height":235},{"@type":"BreadcrumbList","@id":"https:\/\/akunq.net\/tr\/?p=26769#breadcrumb","itemListElement":[{"@type":"ListItem","position":1,"name":"Home","item":"https:\/\/akunq.net\/tr"},{"@type":"ListItem","position":2,"name":"Soyk\u0131r\u0131m M\u00fcze-Enstit\u00fcs\u00fc, Kanada \u0130nsan Haklar\u0131 M\u00fczesiyle \u00abKar\u015f\u0131l\u0131kl\u0131 Anlay\u0131\u015f Memorandumu\u00bb imzalad\u0131"}]},{"@type":"WebSite","@id":"https:\/\/akunq.net\/tr\/#website","url":"https:\/\/akunq.net\/tr\/","name":"Bati Ermenistan Ve Bati Ermenileri Sorunlari Ara\u015ftirmalar Merkezi","description":"","potentialAction":[{"@type":"SearchAction","target":{"@type":"EntryPoint","urlTemplate":"https:\/\/akunq.net\/tr\/?s={search_term_string}"},"query-input":{"@type":"PropertyValueSpecification","valueRequired":true,"valueName":"search_term_string"}}],"inLanguage":"en-US"},{"@type":"Person","@id":"https:\/\/akunq.net\/tr\/#\/schema\/person\/096f1d38a12cce57fb855b485ed24c9e","name":"admin","url":"https:\/\/akunq.net\/tr\/?author=7"}]}},"_links":{"self":[{"href":"https:\/\/akunq.net\/tr\/index.php?rest_route=\/wp\/v2\/posts\/26769","targetHints":{"allow":["GET"]}}],"collection":[{"href":"https:\/\/akunq.net\/tr\/index.php?rest_route=\/wp\/v2\/posts"}],"about":[{"href":"https:\/\/akunq.net\/tr\/index.php?rest_route=\/wp\/v2\/types\/post"}],"author":[{"embeddable":true,"href":"https:\/\/akunq.net\/tr\/index.php?rest_route=\/wp\/v2\/users\/7"}],"replies":[{"embeddable":true,"href":"https:\/\/akunq.net\/tr\/index.php?rest_route=%2Fwp%2Fv2%2Fcomments&post=26769"}],"version-history":[{"count":1,"href":"https:\/\/akunq.net\/tr\/index.php?rest_route=\/wp\/v2\/posts\/26769\/revisions"}],"predecessor-version":[{"id":26771,"href":"https:\/\/akunq.net\/tr\/index.php?rest_route=\/wp\/v2\/posts\/26769\/revisions\/26771"}],"wp:attachment":[{"href":"https:\/\/akunq.net\/tr\/index.php?rest_route=%2Fwp%2Fv2%2Fmedia&parent=26769"}],"wp:term":[{"taxonomy":"category","embeddable":true,"href":"https:\/\/akunq.net\/tr\/index.php?rest_route=%2Fwp%2Fv2%2Fcategories&post=26769"},{"taxonomy":"post_tag","embeddable":true,"href":"https:\/\/akunq.net\/tr\/index.php?rest_route=%2Fwp%2Fv2%2Ftags&post=26769"}],"curies":[{"name":"wp","href":"https:\/\/api.w.org\/{rel}","templated":true}]}}