{"id":26753,"date":"2013-11-09T03:22:49","date_gmt":"2013-11-09T08:22:49","guid":{"rendered":"http:\/\/akunq.net\/tr\/?p=26753"},"modified":"2013-11-09T03:22:49","modified_gmt":"2013-11-09T08:22:49","slug":"mhpli-halacoglundan-ayasofya-cami-olsun-teklifi","status":"publish","type":"post","link":"https:\/\/akunq.net\/tr\/?p=26753","title":{"rendered":"MHP\u2019li Hala\u00e7o\u011flu\u2019ndan Ayasofya \u2018cami\u2019 olsun teklifi"},"content":{"rendered":"<p style=\"text-align: justify;\"><b><i><a href=\"http:\/\/akunq.net\/tr\/wp-content\/uploads\/2013\/11\/Ayasofya.jpg\"><img loading=\"lazy\" decoding=\"async\" class=\"alignright size-medium wp-image-26754\" alt=\"Ayasofya\" src=\"http:\/\/akunq.net\/tr\/wp-content\/uploads\/2013\/11\/Ayasofya-300x217.jpg\" width=\"300\" height=\"217\" srcset=\"https:\/\/akunq.net\/tr\/wp-content\/uploads\/sites\/6\/2013\/11\/Ayasofya-300x217.jpg 300w, https:\/\/akunq.net\/tr\/wp-content\/uploads\/sites\/6\/2013\/11\/Ayasofya.jpg 552w\" sizes=\"auto, (max-width: 300px) 100vw, 300px\" \/><\/a>MHP Grup Ba\u015fkanvekili Yusuf Hala\u00e7o\u011flu, Ayasofya\u2019n\u0131n cami olarak yeniden ibadete a\u00e7\u0131lmas\u0131 i\u00e7in kanun teklifi verdi. <\/i><\/b><\/p>\n<p style=\"text-align: justify;\">MHP Grup Ba\u015fkanvekili Yusuf Hala\u00e7o\u011flu taraf\u0131ndan TBMM Ba\u015fkanl\u0131\u011f\u0131\u2019na sunulan teklifin gerek\u00e7esinde, 1453 y\u0131l\u0131nda Fatih Sultan Mehmed\u2019in \u0130stanbul\u2019u almas\u0131yla camiye d\u00f6n\u00fc\u015ft\u00fcr\u00fclen Ayasofya\u2019n\u0131n 1 \u015eubat 1935 y\u0131l\u0131ndan bu yana m\u00fcze olarak kullan\u0131ld\u0131\u011f\u0131n\u0131 an\u0131msat\u0131ld\u0131.<\/p>\n<p style=\"text-align: justify;\">Ayasofya\u2019n\u0131n ibadethane k\u0131sm\u0131na ve binan\u0131n di\u011fer b\u00f6l\u00fcmlerine 19. y\u00fczy\u0131la kadar T\u00fcrk mimari eserleri eklendi\u011fi ve binan\u0131n tamamen bir T\u00fcrk sanat eseri oldu\u011fu \u00f6ne s\u00fcr\u00fclen gerek\u00e7ede, bu s\u00fcre zarf\u0131nda Bizans\u2019tan kalma mozaik tablolar\u0131n korundu\u011fu, depremlerden dolay\u0131 zarar g\u00f6ren k\u0131s\u0131mlar\u0131n onar\u0131ld\u0131\u011f\u0131 ve Ayasofya\u2019n\u0131n 481 y\u0131l cami olarak hizmet verdi\u011fi anlat\u0131ld\u0131.<\/p>\n<p style=\"text-align: justify;\">Ayasofya\u2019n\u0131n 24 Kas\u0131m 1934 tarih ve 2\/1589 say\u0131l\u0131 Bakanlar Kurulu Karar\u0131 ile m\u00fcze haline getirildi\u011fi an\u0131msat\u0131lan gerek\u00e7ede, bu karar\u0131n, Resmi Gazete ve benzeri devletin hi\u00e7bir resmi yay\u0131n\u0131nda yay\u0131mlanmad\u0131\u011f\u0131, bununla ilgili herhangi bir kayda da rastlan\u0131lmad\u0131\u011f\u0131 iddia edildi. Gerek\u00e7ede, Ba\u015fbakanl\u0131k Mevzuat\u0131 Geli\u015ftirme ve Yay\u0131n Genel M\u00fcd\u00fcrl\u00fc\u011f\u00fc taraf\u0131ndan, 7 Haziran 1965 tarihinde, Ayasofya Kararnamesi\u2019nin Resmi Gazete\u2019de yay\u0131mlan\u0131p yay\u0131mlanmad\u0131\u011f\u0131na dair verilen bir dilek\u00e7eye, 14 Haziran 1995 tarihinde Genel M\u00fcd\u00fcr \u00d6zg\u00fcr Erkman imzas\u0131 ile \u201c\u2026 24.11.1934 tarih ve 2\/1589 say\u0131l\u0131 Bakanlar Kurulu Karar\u0131n\u0131n Resmi Gazete\u2019de yay\u0131mlanmad\u0131\u011f\u0131 tespit edilmi\u015ftir\u201d cevab\u0131 verildi\u011fi ifade edildi.<\/p>\n<p style=\"text-align: justify;\"><b>\u2018Ayasofya\u2019n\u0131n m\u00fcze olmas\u0131 yasad\u0131\u015f\u0131\u2019<\/b><\/p>\n<p style=\"text-align: justify;\">Gerek\u00e7ede, 1924 Anayasas\u0131\u2019na g\u00f6re de bug\u00fcnk\u00fc Anayasa\u2019ya g\u00f6re de tasar\u0131, teklif ya da kararnamelerin, yasa ya da kanun h\u00fckm\u00fcnde kararname olabilmeleri i\u00e7in Cumhurba\u015fkan\u0131\u2019n\u0131n onay\u0131ndan sonra Resmi Gazete\u2019de yay\u0131mlanmalar\u0131 gerekti\u011fine i\u015faret edilerek, \u201cAyasofya i\u00e7in b\u00f6yle bir durum s\u00f6z konusu de\u011fildir, burada a\u00e7\u0131k\u00e7a bir hukuksuzluk mevzu bahistir\u201d dendi.<\/p>\n<p style=\"text-align: justify;\">Gerek\u00e7ede, Ayasofya\u2019n\u0131n 19 \u015eubat 1936 tarihli tapu senedine g\u00f6re Fatih Sultan Mehmed Vakf\u0131 ad\u0131na \u2018t\u00fcrbe, akaret, muvakkithane ve medrese-i m\u00fc\u015ftemil Ayasofya\u2019y\u0131 Cami-i \u015eerifi\u2019 olarak tapulu oldu\u011fu, Vak\u0131flar Genel M\u00fcd\u00fcrl\u00fc\u011f\u00fc K\u00fct\u00fck Defterinde de cami olarak kay\u0131tl\u0131 oldu\u011fu ifade edildi.<\/p>\n<p style=\"text-align: justify;\">Ayasofya\u2019n\u0131n \u015fu an m\u00fcze olarak kullan\u0131lmas\u0131n\u0131n yasalara uygun olmad\u0131\u011f\u0131 savunulan gerek\u00e7ede, \u201cBug\u00fcn, t\u00fcm selatin camilerimiz sabah ezan\u0131ndan yats\u0131 ezan\u0131na kadar, haftan\u0131n her g\u00fcn\u00fc, hangi dinin mensubu oldu\u011funa bak\u0131lmaks\u0131z\u0131n herkesin ziyaretine, ibadetine \u00fccretsiz olarak a\u00e7\u0131kken, Ayasofya, yasalara, hukuka ayk\u0131r\u0131 olarak, ancak m\u00fcze olarak ziyaret edilebilmektedir. Bu Kanun teklifi, 481 y\u0131l ezan sesinin yank\u0131lar\u0131 ile ayakta kalan, \u0130stanbul\u2019un fethinin simgesi olan Ayasofya\u2019n\u0131n, cami olarak yeniden ibadete a\u00e7\u0131lmas\u0131 amac\u0131 ile haz\u0131rlanm\u0131\u015ft\u0131r\u201d dendi.<\/p>\n<p style=\"text-align: justify;\"><b>(<\/b><b>AA<\/b><b>)<\/b><\/p>\n<p style=\"text-align: justify;\">\n<p style=\"text-align: justify;\">\n","protected":false},"excerpt":{"rendered":"<p>MHP Grup Ba\u015fkanvekili Yusuf Hala\u00e7o\u011flu, Ayasofya\u2019n\u0131n cami olarak yeniden ibadete a\u00e7\u0131lmas\u0131 i\u00e7in kanun teklifi verdi. MHP Grup Ba\u015fkanvekili Yusuf Hala\u00e7o\u011flu taraf\u0131ndan TBMM Ba\u015fkanl\u0131\u011f\u0131\u2019na sunulan teklifin gerek\u00e7esinde, 1453 y\u0131l\u0131nda Fatih Sultan Mehmed\u2019in \u0130stanbul\u2019u almas\u0131yla camiye d\u00f6n\u00fc\u015ft\u00fcr\u00fclen Ayasofya\u2019n\u0131n 1 \u015eubat 1935 y\u0131l\u0131ndan bu yana m\u00fcze olarak kullan\u0131ld\u0131\u011f\u0131n\u0131 an\u0131msat\u0131ld\u0131. Ayasofya\u2019n\u0131n ibadethane k\u0131sm\u0131na ve binan\u0131n di\u011fer b\u00f6l\u00fcmlerine 19. y\u00fczy\u0131la [&hellip;]<\/p>\n","protected":false},"author":7,"featured_media":0,"comment_status":"open","ping_status":"open","sticky":false,"template":"","format":"standard","meta":{"footnotes":""},"categories":[1],"tags":[],"class_list":["post-26753","post","type-post","status-publish","format-standard","hentry","category-haberler"],"yoast_head":"<!-- This site is optimized with the Yoast SEO plugin v27.4 - https:\/\/yoast.com\/product\/yoast-seo-wordpress\/ -->\n<title>MHP\u2019li Hala\u00e7o\u011flu\u2019ndan Ayasofya \u2018cami\u2019 olsun teklifi - Bati Ermenistan Ve Bati Ermenileri Sorunlari Ara\u015ftirmalar Merkezi<\/title>\n<meta name=\"robots\" content=\"index, follow, max-snippet:-1, max-image-preview:large, max-video-preview:-1\" \/>\n<link rel=\"canonical\" href=\"https:\/\/akunq.net\/tr\/?p=26753\" \/>\n<meta property=\"og:locale\" content=\"en_US\" \/>\n<meta property=\"og:type\" content=\"article\" \/>\n<meta property=\"og:title\" content=\"MHP\u2019li Hala\u00e7o\u011flu\u2019ndan Ayasofya \u2018cami\u2019 olsun teklifi - Bati Ermenistan Ve Bati Ermenileri Sorunlari Ara\u015ftirmalar Merkezi\" \/>\n<meta property=\"og:description\" content=\"MHP Grup Ba\u015fkanvekili Yusuf Hala\u00e7o\u011flu, Ayasofya\u2019n\u0131n cami olarak yeniden ibadete a\u00e7\u0131lmas\u0131 i\u00e7in kanun teklifi verdi. MHP Grup Ba\u015fkanvekili Yusuf Hala\u00e7o\u011flu taraf\u0131ndan TBMM Ba\u015fkanl\u0131\u011f\u0131\u2019na sunulan teklifin gerek\u00e7esinde, 1453 y\u0131l\u0131nda Fatih Sultan Mehmed\u2019in \u0130stanbul\u2019u almas\u0131yla camiye d\u00f6n\u00fc\u015ft\u00fcr\u00fclen Ayasofya\u2019n\u0131n 1 \u015eubat 1935 y\u0131l\u0131ndan bu yana m\u00fcze olarak kullan\u0131ld\u0131\u011f\u0131n\u0131 an\u0131msat\u0131ld\u0131. Ayasofya\u2019n\u0131n ibadethane k\u0131sm\u0131na ve binan\u0131n di\u011fer b\u00f6l\u00fcmlerine 19. y\u00fczy\u0131la [&hellip;]\" \/>\n<meta property=\"og:url\" content=\"https:\/\/akunq.net\/tr\/?p=26753\" \/>\n<meta property=\"og:site_name\" content=\"Bati Ermenistan Ve Bati Ermenileri Sorunlari Ara\u015ftirmalar Merkezi\" \/>\n<meta property=\"article:published_time\" content=\"2013-11-09T08:22:49+00:00\" \/>\n<meta property=\"og:image\" content=\"http:\/\/akunq.net\/tr\/wp-content\/uploads\/2013\/11\/Ayasofya-300x217.jpg\" \/>\n<meta name=\"author\" content=\"admin\" \/>\n<meta name=\"twitter:card\" content=\"summary_large_image\" \/>\n<meta name=\"twitter:label1\" content=\"Written by\" \/>\n\t<meta name=\"twitter:data1\" content=\"admin\" \/>\n\t<meta name=\"twitter:label2\" content=\"Est. reading time\" \/>\n\t<meta name=\"twitter:data2\" content=\"2 minutes\" \/>\n<script type=\"application\/ld+json\" class=\"yoast-schema-graph\">{\"@context\":\"https:\\\/\\\/schema.org\",\"@graph\":[{\"@type\":\"Article\",\"@id\":\"https:\\\/\\\/akunq.net\\\/tr\\\/?p=26753#article\",\"isPartOf\":{\"@id\":\"https:\\\/\\\/akunq.net\\\/tr\\\/?p=26753\"},\"author\":{\"name\":\"admin\",\"@id\":\"https:\\\/\\\/akunq.net\\\/tr\\\/#\\\/schema\\\/person\\\/096f1d38a12cce57fb855b485ed24c9e\"},\"headline\":\"MHP\u2019li Hala\u00e7o\u011flu\u2019ndan Ayasofya \u2018cami\u2019 olsun teklifi\",\"datePublished\":\"2013-11-09T08:22:49+00:00\",\"mainEntityOfPage\":{\"@id\":\"https:\\\/\\\/akunq.net\\\/tr\\\/?p=26753\"},\"wordCount\":507,\"commentCount\":0,\"image\":{\"@id\":\"https:\\\/\\\/akunq.net\\\/tr\\\/?p=26753#primaryimage\"},\"thumbnailUrl\":\"http:\\\/\\\/akunq.net\\\/tr\\\/wp-content\\\/uploads\\\/2013\\\/11\\\/Ayasofya-300x217.jpg\",\"articleSection\":[\"Haberler\"],\"inLanguage\":\"en-US\",\"potentialAction\":[{\"@type\":\"CommentAction\",\"name\":\"Comment\",\"target\":[\"https:\\\/\\\/akunq.net\\\/tr\\\/?p=26753#respond\"]}]},{\"@type\":\"WebPage\",\"@id\":\"https:\\\/\\\/akunq.net\\\/tr\\\/?p=26753\",\"url\":\"https:\\\/\\\/akunq.net\\\/tr\\\/?p=26753\",\"name\":\"MHP\u2019li Hala\u00e7o\u011flu\u2019ndan Ayasofya \u2018cami\u2019 olsun teklifi - Bati Ermenistan Ve Bati Ermenileri Sorunlari Ara\u015ftirmalar Merkezi\",\"isPartOf\":{\"@id\":\"https:\\\/\\\/akunq.net\\\/tr\\\/#website\"},\"primaryImageOfPage\":{\"@id\":\"https:\\\/\\\/akunq.net\\\/tr\\\/?p=26753#primaryimage\"},\"image\":{\"@id\":\"https:\\\/\\\/akunq.net\\\/tr\\\/?p=26753#primaryimage\"},\"thumbnailUrl\":\"http:\\\/\\\/akunq.net\\\/tr\\\/wp-content\\\/uploads\\\/2013\\\/11\\\/Ayasofya-300x217.jpg\",\"datePublished\":\"2013-11-09T08:22:49+00:00\",\"author\":{\"@id\":\"https:\\\/\\\/akunq.net\\\/tr\\\/#\\\/schema\\\/person\\\/096f1d38a12cce57fb855b485ed24c9e\"},\"breadcrumb\":{\"@id\":\"https:\\\/\\\/akunq.net\\\/tr\\\/?p=26753#breadcrumb\"},\"inLanguage\":\"en-US\",\"potentialAction\":[{\"@type\":\"ReadAction\",\"target\":[\"https:\\\/\\\/akunq.net\\\/tr\\\/?p=26753\"]}]},{\"@type\":\"ImageObject\",\"inLanguage\":\"en-US\",\"@id\":\"https:\\\/\\\/akunq.net\\\/tr\\\/?p=26753#primaryimage\",\"url\":\"https:\\\/\\\/akunq.net\\\/tr\\\/wp-content\\\/uploads\\\/sites\\\/6\\\/2013\\\/11\\\/Ayasofya.jpg\",\"contentUrl\":\"https:\\\/\\\/akunq.net\\\/tr\\\/wp-content\\\/uploads\\\/sites\\\/6\\\/2013\\\/11\\\/Ayasofya.jpg\",\"width\":552,\"height\":400},{\"@type\":\"BreadcrumbList\",\"@id\":\"https:\\\/\\\/akunq.net\\\/tr\\\/?p=26753#breadcrumb\",\"itemListElement\":[{\"@type\":\"ListItem\",\"position\":1,\"name\":\"Home\",\"item\":\"https:\\\/\\\/akunq.net\\\/tr\"},{\"@type\":\"ListItem\",\"position\":2,\"name\":\"MHP\u2019li Hala\u00e7o\u011flu\u2019ndan Ayasofya \u2018cami\u2019 olsun teklifi\"}]},{\"@type\":\"WebSite\",\"@id\":\"https:\\\/\\\/akunq.net\\\/tr\\\/#website\",\"url\":\"https:\\\/\\\/akunq.net\\\/tr\\\/\",\"name\":\"Bati Ermenistan Ve Bati Ermenileri Sorunlari Ara\u015ftirmalar Merkezi\",\"description\":\"\",\"potentialAction\":[{\"@type\":\"SearchAction\",\"target\":{\"@type\":\"EntryPoint\",\"urlTemplate\":\"https:\\\/\\\/akunq.net\\\/tr\\\/?s={search_term_string}\"},\"query-input\":{\"@type\":\"PropertyValueSpecification\",\"valueRequired\":true,\"valueName\":\"search_term_string\"}}],\"inLanguage\":\"en-US\"},{\"@type\":\"Person\",\"@id\":\"https:\\\/\\\/akunq.net\\\/tr\\\/#\\\/schema\\\/person\\\/096f1d38a12cce57fb855b485ed24c9e\",\"name\":\"admin\",\"url\":\"https:\\\/\\\/akunq.net\\\/tr\\\/?author=7\"}]}<\/script>\n<!-- \/ Yoast SEO plugin. -->","yoast_head_json":{"title":"MHP\u2019li Hala\u00e7o\u011flu\u2019ndan Ayasofya \u2018cami\u2019 olsun teklifi - Bati Ermenistan Ve Bati Ermenileri Sorunlari Ara\u015ftirmalar Merkezi","robots":{"index":"index","follow":"follow","max-snippet":"max-snippet:-1","max-image-preview":"max-image-preview:large","max-video-preview":"max-video-preview:-1"},"canonical":"https:\/\/akunq.net\/tr\/?p=26753","og_locale":"en_US","og_type":"article","og_title":"MHP\u2019li Hala\u00e7o\u011flu\u2019ndan Ayasofya \u2018cami\u2019 olsun teklifi - Bati Ermenistan Ve Bati Ermenileri Sorunlari Ara\u015ftirmalar Merkezi","og_description":"MHP Grup Ba\u015fkanvekili Yusuf Hala\u00e7o\u011flu, Ayasofya\u2019n\u0131n cami olarak yeniden ibadete a\u00e7\u0131lmas\u0131 i\u00e7in kanun teklifi verdi. MHP Grup Ba\u015fkanvekili Yusuf Hala\u00e7o\u011flu taraf\u0131ndan TBMM Ba\u015fkanl\u0131\u011f\u0131\u2019na sunulan teklifin gerek\u00e7esinde, 1453 y\u0131l\u0131nda Fatih Sultan Mehmed\u2019in \u0130stanbul\u2019u almas\u0131yla camiye d\u00f6n\u00fc\u015ft\u00fcr\u00fclen Ayasofya\u2019n\u0131n 1 \u015eubat 1935 y\u0131l\u0131ndan bu yana m\u00fcze olarak kullan\u0131ld\u0131\u011f\u0131n\u0131 an\u0131msat\u0131ld\u0131. Ayasofya\u2019n\u0131n ibadethane k\u0131sm\u0131na ve binan\u0131n di\u011fer b\u00f6l\u00fcmlerine 19. y\u00fczy\u0131la [&hellip;]","og_url":"https:\/\/akunq.net\/tr\/?p=26753","og_site_name":"Bati Ermenistan Ve Bati Ermenileri Sorunlari Ara\u015ftirmalar Merkezi","article_published_time":"2013-11-09T08:22:49+00:00","og_image":[{"url":"http:\/\/akunq.net\/tr\/wp-content\/uploads\/2013\/11\/Ayasofya-300x217.jpg","type":"","width":"","height":""}],"author":"admin","twitter_card":"summary_large_image","twitter_misc":{"Written by":"admin","Est. reading time":"2 minutes"},"schema":{"@context":"https:\/\/schema.org","@graph":[{"@type":"Article","@id":"https:\/\/akunq.net\/tr\/?p=26753#article","isPartOf":{"@id":"https:\/\/akunq.net\/tr\/?p=26753"},"author":{"name":"admin","@id":"https:\/\/akunq.net\/tr\/#\/schema\/person\/096f1d38a12cce57fb855b485ed24c9e"},"headline":"MHP\u2019li Hala\u00e7o\u011flu\u2019ndan Ayasofya \u2018cami\u2019 olsun teklifi","datePublished":"2013-11-09T08:22:49+00:00","mainEntityOfPage":{"@id":"https:\/\/akunq.net\/tr\/?p=26753"},"wordCount":507,"commentCount":0,"image":{"@id":"https:\/\/akunq.net\/tr\/?p=26753#primaryimage"},"thumbnailUrl":"http:\/\/akunq.net\/tr\/wp-content\/uploads\/2013\/11\/Ayasofya-300x217.jpg","articleSection":["Haberler"],"inLanguage":"en-US","potentialAction":[{"@type":"CommentAction","name":"Comment","target":["https:\/\/akunq.net\/tr\/?p=26753#respond"]}]},{"@type":"WebPage","@id":"https:\/\/akunq.net\/tr\/?p=26753","url":"https:\/\/akunq.net\/tr\/?p=26753","name":"MHP\u2019li Hala\u00e7o\u011flu\u2019ndan Ayasofya \u2018cami\u2019 olsun teklifi - Bati Ermenistan Ve Bati Ermenileri Sorunlari Ara\u015ftirmalar Merkezi","isPartOf":{"@id":"https:\/\/akunq.net\/tr\/#website"},"primaryImageOfPage":{"@id":"https:\/\/akunq.net\/tr\/?p=26753#primaryimage"},"image":{"@id":"https:\/\/akunq.net\/tr\/?p=26753#primaryimage"},"thumbnailUrl":"http:\/\/akunq.net\/tr\/wp-content\/uploads\/2013\/11\/Ayasofya-300x217.jpg","datePublished":"2013-11-09T08:22:49+00:00","author":{"@id":"https:\/\/akunq.net\/tr\/#\/schema\/person\/096f1d38a12cce57fb855b485ed24c9e"},"breadcrumb":{"@id":"https:\/\/akunq.net\/tr\/?p=26753#breadcrumb"},"inLanguage":"en-US","potentialAction":[{"@type":"ReadAction","target":["https:\/\/akunq.net\/tr\/?p=26753"]}]},{"@type":"ImageObject","inLanguage":"en-US","@id":"https:\/\/akunq.net\/tr\/?p=26753#primaryimage","url":"https:\/\/akunq.net\/tr\/wp-content\/uploads\/sites\/6\/2013\/11\/Ayasofya.jpg","contentUrl":"https:\/\/akunq.net\/tr\/wp-content\/uploads\/sites\/6\/2013\/11\/Ayasofya.jpg","width":552,"height":400},{"@type":"BreadcrumbList","@id":"https:\/\/akunq.net\/tr\/?p=26753#breadcrumb","itemListElement":[{"@type":"ListItem","position":1,"name":"Home","item":"https:\/\/akunq.net\/tr"},{"@type":"ListItem","position":2,"name":"MHP\u2019li Hala\u00e7o\u011flu\u2019ndan Ayasofya \u2018cami\u2019 olsun teklifi"}]},{"@type":"WebSite","@id":"https:\/\/akunq.net\/tr\/#website","url":"https:\/\/akunq.net\/tr\/","name":"Bati Ermenistan Ve Bati Ermenileri Sorunlari Ara\u015ftirmalar Merkezi","description":"","potentialAction":[{"@type":"SearchAction","target":{"@type":"EntryPoint","urlTemplate":"https:\/\/akunq.net\/tr\/?s={search_term_string}"},"query-input":{"@type":"PropertyValueSpecification","valueRequired":true,"valueName":"search_term_string"}}],"inLanguage":"en-US"},{"@type":"Person","@id":"https:\/\/akunq.net\/tr\/#\/schema\/person\/096f1d38a12cce57fb855b485ed24c9e","name":"admin","url":"https:\/\/akunq.net\/tr\/?author=7"}]}},"_links":{"self":[{"href":"https:\/\/akunq.net\/tr\/index.php?rest_route=\/wp\/v2\/posts\/26753","targetHints":{"allow":["GET"]}}],"collection":[{"href":"https:\/\/akunq.net\/tr\/index.php?rest_route=\/wp\/v2\/posts"}],"about":[{"href":"https:\/\/akunq.net\/tr\/index.php?rest_route=\/wp\/v2\/types\/post"}],"author":[{"embeddable":true,"href":"https:\/\/akunq.net\/tr\/index.php?rest_route=\/wp\/v2\/users\/7"}],"replies":[{"embeddable":true,"href":"https:\/\/akunq.net\/tr\/index.php?rest_route=%2Fwp%2Fv2%2Fcomments&post=26753"}],"version-history":[{"count":1,"href":"https:\/\/akunq.net\/tr\/index.php?rest_route=\/wp\/v2\/posts\/26753\/revisions"}],"predecessor-version":[{"id":26755,"href":"https:\/\/akunq.net\/tr\/index.php?rest_route=\/wp\/v2\/posts\/26753\/revisions\/26755"}],"wp:attachment":[{"href":"https:\/\/akunq.net\/tr\/index.php?rest_route=%2Fwp%2Fv2%2Fmedia&parent=26753"}],"wp:term":[{"taxonomy":"category","embeddable":true,"href":"https:\/\/akunq.net\/tr\/index.php?rest_route=%2Fwp%2Fv2%2Fcategories&post=26753"},{"taxonomy":"post_tag","embeddable":true,"href":"https:\/\/akunq.net\/tr\/index.php?rest_route=%2Fwp%2Fv2%2Ftags&post=26753"}],"curies":[{"name":"wp","href":"https:\/\/api.w.org\/{rel}","templated":true}]}}