{"id":26750,"date":"2013-11-09T03:06:16","date_gmt":"2013-11-09T08:06:16","guid":{"rendered":"http:\/\/akunq.net\/tr\/?p=26750"},"modified":"2013-11-09T03:06:16","modified_gmt":"2013-11-09T08:06:16","slug":"dunya-kiliseler-konseyinden-soykirim-etkinlikleri","status":"publish","type":"post","link":"https:\/\/akunq.net\/tr\/?p=26750","title":{"rendered":"D\u00fcnya Kiliseler Konseyi&#8217;nden soyk\u0131r\u0131m etkinlikleri"},"content":{"rendered":"<p style=\"text-align: justify;\"><em><strong><a href=\"http:\/\/akunq.net\/tr\/wp-content\/uploads\/2013\/11\/D\u00fcnya-Kiliseler-Konseyi.jpg\"><img loading=\"lazy\" decoding=\"async\" class=\"alignright size-medium wp-image-26751\" alt=\"D\u00fcnya Kiliseler Konseyi\" src=\"http:\/\/akunq.net\/tr\/wp-content\/uploads\/2013\/11\/D\u00fcnya-Kiliseler-Konseyi-300x138.jpg\" width=\"300\" height=\"138\" srcset=\"https:\/\/akunq.net\/tr\/wp-content\/uploads\/sites\/6\/2013\/11\/D\u00fcnya-Kiliseler-Konseyi-300x138.jpg 300w, https:\/\/akunq.net\/tr\/wp-content\/uploads\/sites\/6\/2013\/11\/D\u00fcnya-Kiliseler-Konseyi-600x276.jpg 600w, https:\/\/akunq.net\/tr\/wp-content\/uploads\/sites\/6\/2013\/11\/D\u00fcnya-Kiliseler-Konseyi.jpg 630w\" sizes=\"auto, (max-width: 300px) 100vw, 300px\" \/><\/a>D\u00fcnya Kiliseler Konseyi Ermeni Soyk\u0131r\u0131m\u0131n\u0131n 100. Y\u0131ld\u00f6n\u00fcm\u00fc i\u00e7in anma etkinlikleri d\u00fczenleyecek&#8230;<\/strong><\/em><\/p>\n<p style=\"text-align: justify;\">D\u00fcnya Kiliseler Konseyi 10. kongresinde Ermeni Soyk\u0131r\u0131m\u0131n\u0131n 100. Y\u0131ld\u00f6n\u00fcm\u00fc anma etkinliklerine aktif bir \u015fekilde kat\u0131lmaya karar verildi.<br \/>\nG\u00fcney Kore&#8217;de ger\u00e7ekle\u015ftirilen kongreden sonra a\u00e7\u0131klanan D\u00fcnya Kiliseler Konseyi duyurusunda Ermeni Soyk\u0131r\u0131m\u0131 ve onun neticelerine de\u011finilerek, soyk\u0131r\u0131m\u0131n 100. y\u0131ld\u00f6n\u00fcm\u00fcne do\u011fru bir\u00e7ok etkinli\u011fin haz\u0131rlanaca\u011f\u0131n\u0131 kaydetti.<\/p>\n<p style=\"text-align: justify;\">Duyuruda \u015funlar kaydedildi:<\/p>\n<p style=\"text-align: justify;\">24 Nisan 2015 tarihine yak\u0131n bir d\u00f6nemde Cenevre\u2019de uluslararas\u0131 hukuk uzmanlar\u0131n\u0131n ve soyk\u0131r\u0131m uzmanlar\u0131n\u0131n kat\u0131lmas\u0131yla Ermeni Soyk\u0131r\u0131m\u0131n\u0131n tan\u0131nmas\u0131 ve telafisine ili\u015fkin uluslararas\u0131 kongre d\u00fczenlenecek.<\/p>\n<p style=\"text-align: justify;\">Cenevre Katedrali\u2019nde dini etkinlik yap\u0131lacak.<\/p>\n<p style=\"text-align: justify;\">Duyuru ile D\u00fcnya Kiliseler Konseyi \u00fcyesi kiliseleri Ermeni Soyk\u0131r\u0131m\u0131 kurbanlar\u0131n\u0131 anmaya ve Soyk\u0131r\u0131m\u0131n tan\u0131nmas\u0131 istikametinde \u00e7aba g\u00f6stermeye \u00e7a\u011fr\u0131l\u0131yor.<\/p>\n<p style=\"text-align: justify;\">1948 y\u0131l\u0131nda kurulan D\u00fcnya Kiliseler Konseyi\u2019ne d\u00fcnyan\u0131n 100 \u00fclkesinden 340 kilise ve kilise birli\u011fi kat\u0131l\u0131yor. 1983 y\u0131l\u0131nda Kanada\u2019da d\u00fczenlenen DKK oturumu Ermeni Soyk\u0131r\u0131m\u0131n\u0131 tan\u0131yarak BM\u2019e soyk\u0131r\u0131m\u0131n tan\u0131nmas\u0131 \u00e7a\u011fr\u0131s\u0131yla ba\u015fvurmu\u015ftu.<\/p>\n<p style=\"text-align: justify;\"><em><strong>(Ermenihaber.am)<\/strong><\/em><br \/>\n<em><strong> http:\/\/www.demokrathaber.net\/guncel\/dunya-kiliseler-konseyinden-soykirim-etkinlikleri-h24542.html<\/strong><\/em><\/p>\n","protected":false},"excerpt":{"rendered":"<p>D\u00fcnya Kiliseler Konseyi Ermeni Soyk\u0131r\u0131m\u0131n\u0131n 100. Y\u0131ld\u00f6n\u00fcm\u00fc i\u00e7in anma etkinlikleri d\u00fczenleyecek&#8230; D\u00fcnya Kiliseler Konseyi 10. kongresinde Ermeni Soyk\u0131r\u0131m\u0131n\u0131n 100. Y\u0131ld\u00f6n\u00fcm\u00fc anma etkinliklerine aktif bir \u015fekilde kat\u0131lmaya karar verildi. G\u00fcney Kore&#8217;de ger\u00e7ekle\u015ftirilen kongreden sonra a\u00e7\u0131klanan D\u00fcnya Kiliseler Konseyi duyurusunda Ermeni Soyk\u0131r\u0131m\u0131 ve onun neticelerine de\u011finilerek, soyk\u0131r\u0131m\u0131n 100. y\u0131ld\u00f6n\u00fcm\u00fcne do\u011fru bir\u00e7ok etkinli\u011fin haz\u0131rlanaca\u011f\u0131n\u0131 kaydetti. Duyuruda \u015funlar kaydedildi: [&hellip;]<\/p>\n","protected":false},"author":7,"featured_media":0,"comment_status":"open","ping_status":"open","sticky":false,"template":"","format":"standard","meta":{"footnotes":""},"categories":[1],"tags":[],"class_list":["post-26750","post","type-post","status-publish","format-standard","hentry","category-haberler"],"yoast_head":"<!-- This site is optimized with the Yoast SEO plugin v27.4 - https:\/\/yoast.com\/product\/yoast-seo-wordpress\/ -->\n<title>D\u00fcnya Kiliseler Konseyi&#039;nden soyk\u0131r\u0131m etkinlikleri - Bati Ermenistan Ve Bati Ermenileri Sorunlari Ara\u015ftirmalar Merkezi<\/title>\n<meta name=\"robots\" content=\"index, follow, max-snippet:-1, max-image-preview:large, max-video-preview:-1\" \/>\n<link rel=\"canonical\" href=\"https:\/\/akunq.net\/tr\/?p=26750\" \/>\n<meta property=\"og:locale\" content=\"en_US\" \/>\n<meta property=\"og:type\" content=\"article\" \/>\n<meta property=\"og:title\" content=\"D\u00fcnya Kiliseler Konseyi&#039;nden soyk\u0131r\u0131m etkinlikleri - Bati Ermenistan Ve Bati Ermenileri Sorunlari Ara\u015ftirmalar Merkezi\" \/>\n<meta property=\"og:description\" content=\"D\u00fcnya Kiliseler Konseyi Ermeni Soyk\u0131r\u0131m\u0131n\u0131n 100. Y\u0131ld\u00f6n\u00fcm\u00fc i\u00e7in anma etkinlikleri d\u00fczenleyecek&#8230; D\u00fcnya Kiliseler Konseyi 10. kongresinde Ermeni Soyk\u0131r\u0131m\u0131n\u0131n 100. Y\u0131ld\u00f6n\u00fcm\u00fc anma etkinliklerine aktif bir \u015fekilde kat\u0131lmaya karar verildi. G\u00fcney Kore&#8217;de ger\u00e7ekle\u015ftirilen kongreden sonra a\u00e7\u0131klanan D\u00fcnya Kiliseler Konseyi duyurusunda Ermeni Soyk\u0131r\u0131m\u0131 ve onun neticelerine de\u011finilerek, soyk\u0131r\u0131m\u0131n 100. y\u0131ld\u00f6n\u00fcm\u00fcne do\u011fru bir\u00e7ok etkinli\u011fin haz\u0131rlanaca\u011f\u0131n\u0131 kaydetti. Duyuruda \u015funlar kaydedildi: [&hellip;]\" \/>\n<meta property=\"og:url\" content=\"https:\/\/akunq.net\/tr\/?p=26750\" \/>\n<meta property=\"og:site_name\" content=\"Bati Ermenistan Ve Bati Ermenileri Sorunlari Ara\u015ftirmalar Merkezi\" \/>\n<meta property=\"article:published_time\" content=\"2013-11-09T08:06:16+00:00\" \/>\n<meta name=\"author\" content=\"admin\" \/>\n<meta name=\"twitter:card\" content=\"summary_large_image\" \/>\n<meta name=\"twitter:label1\" content=\"Written by\" \/>\n\t<meta name=\"twitter:data1\" content=\"admin\" \/>\n\t<meta name=\"twitter:label2\" content=\"Est. reading time\" \/>\n\t<meta name=\"twitter:data2\" content=\"1 minute\" \/>\n<script type=\"application\/ld+json\" class=\"yoast-schema-graph\">{\"@context\":\"https:\\\/\\\/schema.org\",\"@graph\":[{\"@type\":\"Article\",\"@id\":\"https:\\\/\\\/akunq.net\\\/tr\\\/?p=26750#article\",\"isPartOf\":{\"@id\":\"https:\\\/\\\/akunq.net\\\/tr\\\/?p=26750\"},\"author\":{\"name\":\"admin\",\"@id\":\"https:\\\/\\\/akunq.net\\\/tr\\\/#\\\/schema\\\/person\\\/096f1d38a12cce57fb855b485ed24c9e\"},\"headline\":\"D\u00fcnya Kiliseler Konseyi&#8217;nden soyk\u0131r\u0131m etkinlikleri\",\"datePublished\":\"2013-11-09T08:06:16+00:00\",\"mainEntityOfPage\":{\"@id\":\"https:\\\/\\\/akunq.net\\\/tr\\\/?p=26750\"},\"wordCount\":236,\"commentCount\":0,\"articleSection\":[\"Haberler\"],\"inLanguage\":\"en-US\",\"potentialAction\":[{\"@type\":\"CommentAction\",\"name\":\"Comment\",\"target\":[\"https:\\\/\\\/akunq.net\\\/tr\\\/?p=26750#respond\"]}]},{\"@type\":\"WebPage\",\"@id\":\"https:\\\/\\\/akunq.net\\\/tr\\\/?p=26750\",\"url\":\"https:\\\/\\\/akunq.net\\\/tr\\\/?p=26750\",\"name\":\"D\u00fcnya Kiliseler Konseyi'nden soyk\u0131r\u0131m etkinlikleri - Bati Ermenistan Ve Bati Ermenileri Sorunlari Ara\u015ftirmalar Merkezi\",\"isPartOf\":{\"@id\":\"https:\\\/\\\/akunq.net\\\/tr\\\/#website\"},\"datePublished\":\"2013-11-09T08:06:16+00:00\",\"author\":{\"@id\":\"https:\\\/\\\/akunq.net\\\/tr\\\/#\\\/schema\\\/person\\\/096f1d38a12cce57fb855b485ed24c9e\"},\"breadcrumb\":{\"@id\":\"https:\\\/\\\/akunq.net\\\/tr\\\/?p=26750#breadcrumb\"},\"inLanguage\":\"en-US\",\"potentialAction\":[{\"@type\":\"ReadAction\",\"target\":[\"https:\\\/\\\/akunq.net\\\/tr\\\/?p=26750\"]}]},{\"@type\":\"BreadcrumbList\",\"@id\":\"https:\\\/\\\/akunq.net\\\/tr\\\/?p=26750#breadcrumb\",\"itemListElement\":[{\"@type\":\"ListItem\",\"position\":1,\"name\":\"Home\",\"item\":\"https:\\\/\\\/akunq.net\\\/tr\"},{\"@type\":\"ListItem\",\"position\":2,\"name\":\"D\u00fcnya Kiliseler Konseyi&#8217;nden soyk\u0131r\u0131m etkinlikleri\"}]},{\"@type\":\"WebSite\",\"@id\":\"https:\\\/\\\/akunq.net\\\/tr\\\/#website\",\"url\":\"https:\\\/\\\/akunq.net\\\/tr\\\/\",\"name\":\"Bati Ermenistan Ve Bati Ermenileri Sorunlari Ara\u015ftirmalar Merkezi\",\"description\":\"\",\"potentialAction\":[{\"@type\":\"SearchAction\",\"target\":{\"@type\":\"EntryPoint\",\"urlTemplate\":\"https:\\\/\\\/akunq.net\\\/tr\\\/?s={search_term_string}\"},\"query-input\":{\"@type\":\"PropertyValueSpecification\",\"valueRequired\":true,\"valueName\":\"search_term_string\"}}],\"inLanguage\":\"en-US\"},{\"@type\":\"Person\",\"@id\":\"https:\\\/\\\/akunq.net\\\/tr\\\/#\\\/schema\\\/person\\\/096f1d38a12cce57fb855b485ed24c9e\",\"name\":\"admin\",\"url\":\"https:\\\/\\\/akunq.net\\\/tr\\\/?author=7\"}]}<\/script>\n<!-- \/ Yoast SEO plugin. -->","yoast_head_json":{"title":"D\u00fcnya Kiliseler Konseyi'nden soyk\u0131r\u0131m etkinlikleri - Bati Ermenistan Ve Bati Ermenileri Sorunlari Ara\u015ftirmalar Merkezi","robots":{"index":"index","follow":"follow","max-snippet":"max-snippet:-1","max-image-preview":"max-image-preview:large","max-video-preview":"max-video-preview:-1"},"canonical":"https:\/\/akunq.net\/tr\/?p=26750","og_locale":"en_US","og_type":"article","og_title":"D\u00fcnya Kiliseler Konseyi'nden soyk\u0131r\u0131m etkinlikleri - Bati Ermenistan Ve Bati Ermenileri Sorunlari Ara\u015ftirmalar Merkezi","og_description":"D\u00fcnya Kiliseler Konseyi Ermeni Soyk\u0131r\u0131m\u0131n\u0131n 100. Y\u0131ld\u00f6n\u00fcm\u00fc i\u00e7in anma etkinlikleri d\u00fczenleyecek&#8230; D\u00fcnya Kiliseler Konseyi 10. kongresinde Ermeni Soyk\u0131r\u0131m\u0131n\u0131n 100. Y\u0131ld\u00f6n\u00fcm\u00fc anma etkinliklerine aktif bir \u015fekilde kat\u0131lmaya karar verildi. G\u00fcney Kore&#8217;de ger\u00e7ekle\u015ftirilen kongreden sonra a\u00e7\u0131klanan D\u00fcnya Kiliseler Konseyi duyurusunda Ermeni Soyk\u0131r\u0131m\u0131 ve onun neticelerine de\u011finilerek, soyk\u0131r\u0131m\u0131n 100. y\u0131ld\u00f6n\u00fcm\u00fcne do\u011fru bir\u00e7ok etkinli\u011fin haz\u0131rlanaca\u011f\u0131n\u0131 kaydetti. Duyuruda \u015funlar kaydedildi: [&hellip;]","og_url":"https:\/\/akunq.net\/tr\/?p=26750","og_site_name":"Bati Ermenistan Ve Bati Ermenileri Sorunlari Ara\u015ftirmalar Merkezi","article_published_time":"2013-11-09T08:06:16+00:00","author":"admin","twitter_card":"summary_large_image","twitter_misc":{"Written by":"admin","Est. reading time":"1 minute"},"schema":{"@context":"https:\/\/schema.org","@graph":[{"@type":"Article","@id":"https:\/\/akunq.net\/tr\/?p=26750#article","isPartOf":{"@id":"https:\/\/akunq.net\/tr\/?p=26750"},"author":{"name":"admin","@id":"https:\/\/akunq.net\/tr\/#\/schema\/person\/096f1d38a12cce57fb855b485ed24c9e"},"headline":"D\u00fcnya Kiliseler Konseyi&#8217;nden soyk\u0131r\u0131m etkinlikleri","datePublished":"2013-11-09T08:06:16+00:00","mainEntityOfPage":{"@id":"https:\/\/akunq.net\/tr\/?p=26750"},"wordCount":236,"commentCount":0,"articleSection":["Haberler"],"inLanguage":"en-US","potentialAction":[{"@type":"CommentAction","name":"Comment","target":["https:\/\/akunq.net\/tr\/?p=26750#respond"]}]},{"@type":"WebPage","@id":"https:\/\/akunq.net\/tr\/?p=26750","url":"https:\/\/akunq.net\/tr\/?p=26750","name":"D\u00fcnya Kiliseler Konseyi'nden soyk\u0131r\u0131m etkinlikleri - Bati Ermenistan Ve Bati Ermenileri Sorunlari Ara\u015ftirmalar Merkezi","isPartOf":{"@id":"https:\/\/akunq.net\/tr\/#website"},"datePublished":"2013-11-09T08:06:16+00:00","author":{"@id":"https:\/\/akunq.net\/tr\/#\/schema\/person\/096f1d38a12cce57fb855b485ed24c9e"},"breadcrumb":{"@id":"https:\/\/akunq.net\/tr\/?p=26750#breadcrumb"},"inLanguage":"en-US","potentialAction":[{"@type":"ReadAction","target":["https:\/\/akunq.net\/tr\/?p=26750"]}]},{"@type":"BreadcrumbList","@id":"https:\/\/akunq.net\/tr\/?p=26750#breadcrumb","itemListElement":[{"@type":"ListItem","position":1,"name":"Home","item":"https:\/\/akunq.net\/tr"},{"@type":"ListItem","position":2,"name":"D\u00fcnya Kiliseler Konseyi&#8217;nden soyk\u0131r\u0131m etkinlikleri"}]},{"@type":"WebSite","@id":"https:\/\/akunq.net\/tr\/#website","url":"https:\/\/akunq.net\/tr\/","name":"Bati Ermenistan Ve Bati Ermenileri Sorunlari Ara\u015ftirmalar Merkezi","description":"","potentialAction":[{"@type":"SearchAction","target":{"@type":"EntryPoint","urlTemplate":"https:\/\/akunq.net\/tr\/?s={search_term_string}"},"query-input":{"@type":"PropertyValueSpecification","valueRequired":true,"valueName":"search_term_string"}}],"inLanguage":"en-US"},{"@type":"Person","@id":"https:\/\/akunq.net\/tr\/#\/schema\/person\/096f1d38a12cce57fb855b485ed24c9e","name":"admin","url":"https:\/\/akunq.net\/tr\/?author=7"}]}},"_links":{"self":[{"href":"https:\/\/akunq.net\/tr\/index.php?rest_route=\/wp\/v2\/posts\/26750","targetHints":{"allow":["GET"]}}],"collection":[{"href":"https:\/\/akunq.net\/tr\/index.php?rest_route=\/wp\/v2\/posts"}],"about":[{"href":"https:\/\/akunq.net\/tr\/index.php?rest_route=\/wp\/v2\/types\/post"}],"author":[{"embeddable":true,"href":"https:\/\/akunq.net\/tr\/index.php?rest_route=\/wp\/v2\/users\/7"}],"replies":[{"embeddable":true,"href":"https:\/\/akunq.net\/tr\/index.php?rest_route=%2Fwp%2Fv2%2Fcomments&post=26750"}],"version-history":[{"count":1,"href":"https:\/\/akunq.net\/tr\/index.php?rest_route=\/wp\/v2\/posts\/26750\/revisions"}],"predecessor-version":[{"id":26752,"href":"https:\/\/akunq.net\/tr\/index.php?rest_route=\/wp\/v2\/posts\/26750\/revisions\/26752"}],"wp:attachment":[{"href":"https:\/\/akunq.net\/tr\/index.php?rest_route=%2Fwp%2Fv2%2Fmedia&parent=26750"}],"wp:term":[{"taxonomy":"category","embeddable":true,"href":"https:\/\/akunq.net\/tr\/index.php?rest_route=%2Fwp%2Fv2%2Fcategories&post=26750"},{"taxonomy":"post_tag","embeddable":true,"href":"https:\/\/akunq.net\/tr\/index.php?rest_route=%2Fwp%2Fv2%2Ftags&post=26750"}],"curies":[{"name":"wp","href":"https:\/\/api.w.org\/{rel}","templated":true}]}}