{"id":26747,"date":"2013-11-09T02:55:03","date_gmt":"2013-11-09T07:55:03","guid":{"rendered":"http:\/\/akunq.net\/tr\/?p=26747"},"modified":"2013-11-09T02:55:03","modified_gmt":"2013-11-09T07:55:03","slug":"agri-ve-erzuruma-ad-degisikligi-teklifi-2","status":"publish","type":"post","link":"https:\/\/akunq.net\/tr\/?p=26747","title":{"rendered":"A\u011fr\u0131 ve Erzurum&#8217;a ad de\u011fi\u015fikli\u011fi teklifi"},"content":{"rendered":"<p style=\"text-align: justify;\"><a href=\"http:\/\/akunq.net\/tr\/wp-content\/uploads\/2013\/11\/\u0570\u0561\u0575\u056f\u0561\u056f\u0561\u0576-\u057a\u0561\u057f\u0574\u0561\u056f\u0561\u0576-\u0562\u0576\u0561\u056f\u0561\u057e\u0561\u0575\u0580\u0565\u05801.jpg\"><img loading=\"lazy\" decoding=\"async\" class=\"alignright size-medium wp-image-26748\" alt=\"\u0570\u0561\u0575\u056f\u0561\u056f\u0561\u0576 \u057a\u0561\u057f\u0574\u0561\u056f\u0561\u0576 \u0562\u0576\u0561\u056f\u0561\u057e\u0561\u0575\u0580\u0565\u0580\" src=\"http:\/\/akunq.net\/tr\/wp-content\/uploads\/2013\/11\/\u0570\u0561\u0575\u056f\u0561\u056f\u0561\u0576-\u057a\u0561\u057f\u0574\u0561\u056f\u0561\u0576-\u0562\u0576\u0561\u056f\u0561\u057e\u0561\u0575\u0580\u0565\u05801-300x206.jpg\" width=\"300\" height=\"206\" srcset=\"https:\/\/akunq.net\/tr\/wp-content\/uploads\/sites\/6\/2013\/11\/\u0570\u0561\u0575\u056f\u0561\u056f\u0561\u0576-\u057a\u0561\u057f\u0574\u0561\u056f\u0561\u0576-\u0562\u0576\u0561\u056f\u0561\u057e\u0561\u0575\u0580\u0565\u05801-300x206.jpg 300w, https:\/\/akunq.net\/tr\/wp-content\/uploads\/sites\/6\/2013\/11\/\u0570\u0561\u0575\u056f\u0561\u056f\u0561\u0576-\u057a\u0561\u057f\u0574\u0561\u056f\u0561\u0576-\u0562\u0576\u0561\u056f\u0561\u057e\u0561\u0575\u0580\u0565\u05801.jpg 307w\" sizes=\"auto, (max-width: 300px) 100vw, 300px\" \/><\/a>BDP A\u011fr\u0131 Milletvekili Halil Aksoy, A\u011fr\u0131 ilinin ad\u0131n\u0131n &#8220;Agiri&#8221;; BDP Diyarbak\u0131r Milletvekili Altan Tan da Erzurum&#8217;un ad\u0131n\u0131n &#8220;Erzerom&#8221; olarak de\u011fi\u015ftirilmesi i\u00e7in kanun teklifi verdi.<\/p>\n<p style=\"text-align: justify;\">BDP&#8217;li Aksoy ve Tan&#8217;\u0131n TBMM Ba\u015fkanl\u0131\u011f\u0131&#8217;na sundu\u011fu kanun teklifleri, bu iki il ile birlikte baz\u0131 il\u00e7elerinin adlar\u0131n\u0131n da de\u011fi\u015ftirilmesini \u00f6ng\u00f6r\u00fcyor.<\/p>\n<p style=\"text-align: justify;\"><em><strong>http:\/\/www.cnnturk.com\/2013\/turkiye\/11\/07\/agri.ve.erzuruma.ad.degisikligi.teklifi\/730104.0\/index.html<\/strong><\/em><\/p>\n","protected":false},"excerpt":{"rendered":"<p>BDP A\u011fr\u0131 Milletvekili Halil Aksoy, A\u011fr\u0131 ilinin ad\u0131n\u0131n &#8220;Agiri&#8221;; BDP Diyarbak\u0131r Milletvekili Altan Tan da Erzurum&#8217;un ad\u0131n\u0131n &#8220;Erzerom&#8221; olarak de\u011fi\u015ftirilmesi i\u00e7in kanun teklifi verdi. BDP&#8217;li Aksoy ve Tan&#8217;\u0131n TBMM Ba\u015fkanl\u0131\u011f\u0131&#8217;na sundu\u011fu kanun teklifleri, bu iki il ile birlikte baz\u0131 il\u00e7elerinin adlar\u0131n\u0131n da de\u011fi\u015ftirilmesini \u00f6ng\u00f6r\u00fcyor. http:\/\/www.cnnturk.com\/2013\/turkiye\/11\/07\/agri.ve.erzuruma.ad.degisikligi.teklifi\/730104.0\/index.html<\/p>\n","protected":false},"author":7,"featured_media":0,"comment_status":"open","ping_status":"open","sticky":false,"template":"","format":"standard","meta":{"footnotes":""},"categories":[1],"tags":[],"class_list":["post-26747","post","type-post","status-publish","format-standard","hentry","category-haberler"],"yoast_head":"<!-- This site is optimized with the Yoast SEO plugin v27.4 - https:\/\/yoast.com\/product\/yoast-seo-wordpress\/ -->\n<title>A\u011fr\u0131 ve Erzurum&#039;a ad de\u011fi\u015fikli\u011fi teklifi - Bati Ermenistan Ve Bati Ermenileri Sorunlari Ara\u015ftirmalar Merkezi<\/title>\n<meta name=\"robots\" content=\"index, follow, max-snippet:-1, max-image-preview:large, max-video-preview:-1\" \/>\n<link rel=\"canonical\" href=\"https:\/\/akunq.net\/tr\/?p=26747\" \/>\n<meta property=\"og:locale\" content=\"en_US\" \/>\n<meta property=\"og:type\" content=\"article\" \/>\n<meta property=\"og:title\" content=\"A\u011fr\u0131 ve Erzurum&#039;a ad de\u011fi\u015fikli\u011fi teklifi - Bati Ermenistan Ve Bati Ermenileri Sorunlari Ara\u015ftirmalar Merkezi\" \/>\n<meta property=\"og:description\" content=\"BDP A\u011fr\u0131 Milletvekili Halil Aksoy, A\u011fr\u0131 ilinin ad\u0131n\u0131n &#8220;Agiri&#8221;; BDP Diyarbak\u0131r Milletvekili Altan Tan da Erzurum&#8217;un ad\u0131n\u0131n &#8220;Erzerom&#8221; olarak de\u011fi\u015ftirilmesi i\u00e7in kanun teklifi verdi. BDP&#8217;li Aksoy ve Tan&#8217;\u0131n TBMM Ba\u015fkanl\u0131\u011f\u0131&#8217;na sundu\u011fu kanun teklifleri, bu iki il ile birlikte baz\u0131 il\u00e7elerinin adlar\u0131n\u0131n da de\u011fi\u015ftirilmesini \u00f6ng\u00f6r\u00fcyor. http:\/\/www.cnnturk.com\/2013\/turkiye\/11\/07\/agri.ve.erzuruma.ad.degisikligi.teklifi\/730104.0\/index.html\" \/>\n<meta property=\"og:url\" content=\"https:\/\/akunq.net\/tr\/?p=26747\" \/>\n<meta property=\"og:site_name\" content=\"Bati Ermenistan Ve Bati Ermenileri Sorunlari Ara\u015ftirmalar Merkezi\" \/>\n<meta property=\"article:published_time\" content=\"2013-11-09T07:55:03+00:00\" \/>\n<meta name=\"author\" content=\"admin\" \/>\n<meta name=\"twitter:card\" content=\"summary_large_image\" \/>\n<meta name=\"twitter:label1\" content=\"Written by\" \/>\n\t<meta name=\"twitter:data1\" content=\"admin\" \/>\n<script type=\"application\/ld+json\" class=\"yoast-schema-graph\">{\"@context\":\"https:\\\/\\\/schema.org\",\"@graph\":[{\"@type\":\"Article\",\"@id\":\"https:\\\/\\\/akunq.net\\\/tr\\\/?p=26747#article\",\"isPartOf\":{\"@id\":\"https:\\\/\\\/akunq.net\\\/tr\\\/?p=26747\"},\"author\":{\"name\":\"admin\",\"@id\":\"https:\\\/\\\/akunq.net\\\/tr\\\/#\\\/schema\\\/person\\\/096f1d38a12cce57fb855b485ed24c9e\"},\"headline\":\"A\u011fr\u0131 ve Erzurum&#8217;a ad de\u011fi\u015fikli\u011fi teklifi\",\"datePublished\":\"2013-11-09T07:55:03+00:00\",\"mainEntityOfPage\":{\"@id\":\"https:\\\/\\\/akunq.net\\\/tr\\\/?p=26747\"},\"wordCount\":88,\"commentCount\":0,\"articleSection\":[\"Haberler\"],\"inLanguage\":\"en-US\",\"potentialAction\":[{\"@type\":\"CommentAction\",\"name\":\"Comment\",\"target\":[\"https:\\\/\\\/akunq.net\\\/tr\\\/?p=26747#respond\"]}]},{\"@type\":\"WebPage\",\"@id\":\"https:\\\/\\\/akunq.net\\\/tr\\\/?p=26747\",\"url\":\"https:\\\/\\\/akunq.net\\\/tr\\\/?p=26747\",\"name\":\"A\u011fr\u0131 ve Erzurum'a ad de\u011fi\u015fikli\u011fi teklifi - Bati Ermenistan Ve Bati Ermenileri Sorunlari Ara\u015ftirmalar Merkezi\",\"isPartOf\":{\"@id\":\"https:\\\/\\\/akunq.net\\\/tr\\\/#website\"},\"datePublished\":\"2013-11-09T07:55:03+00:00\",\"author\":{\"@id\":\"https:\\\/\\\/akunq.net\\\/tr\\\/#\\\/schema\\\/person\\\/096f1d38a12cce57fb855b485ed24c9e\"},\"breadcrumb\":{\"@id\":\"https:\\\/\\\/akunq.net\\\/tr\\\/?p=26747#breadcrumb\"},\"inLanguage\":\"en-US\",\"potentialAction\":[{\"@type\":\"ReadAction\",\"target\":[\"https:\\\/\\\/akunq.net\\\/tr\\\/?p=26747\"]}]},{\"@type\":\"BreadcrumbList\",\"@id\":\"https:\\\/\\\/akunq.net\\\/tr\\\/?p=26747#breadcrumb\",\"itemListElement\":[{\"@type\":\"ListItem\",\"position\":1,\"name\":\"Home\",\"item\":\"https:\\\/\\\/akunq.net\\\/tr\"},{\"@type\":\"ListItem\",\"position\":2,\"name\":\"A\u011fr\u0131 ve Erzurum&#8217;a ad de\u011fi\u015fikli\u011fi teklifi\"}]},{\"@type\":\"WebSite\",\"@id\":\"https:\\\/\\\/akunq.net\\\/tr\\\/#website\",\"url\":\"https:\\\/\\\/akunq.net\\\/tr\\\/\",\"name\":\"Bati Ermenistan Ve Bati Ermenileri Sorunlari Ara\u015ftirmalar Merkezi\",\"description\":\"\",\"potentialAction\":[{\"@type\":\"SearchAction\",\"target\":{\"@type\":\"EntryPoint\",\"urlTemplate\":\"https:\\\/\\\/akunq.net\\\/tr\\\/?s={search_term_string}\"},\"query-input\":{\"@type\":\"PropertyValueSpecification\",\"valueRequired\":true,\"valueName\":\"search_term_string\"}}],\"inLanguage\":\"en-US\"},{\"@type\":\"Person\",\"@id\":\"https:\\\/\\\/akunq.net\\\/tr\\\/#\\\/schema\\\/person\\\/096f1d38a12cce57fb855b485ed24c9e\",\"name\":\"admin\",\"url\":\"https:\\\/\\\/akunq.net\\\/tr\\\/?author=7\"}]}<\/script>\n<!-- \/ Yoast SEO plugin. -->","yoast_head_json":{"title":"A\u011fr\u0131 ve Erzurum'a ad de\u011fi\u015fikli\u011fi teklifi - Bati Ermenistan Ve Bati Ermenileri Sorunlari Ara\u015ftirmalar Merkezi","robots":{"index":"index","follow":"follow","max-snippet":"max-snippet:-1","max-image-preview":"max-image-preview:large","max-video-preview":"max-video-preview:-1"},"canonical":"https:\/\/akunq.net\/tr\/?p=26747","og_locale":"en_US","og_type":"article","og_title":"A\u011fr\u0131 ve Erzurum'a ad de\u011fi\u015fikli\u011fi teklifi - Bati Ermenistan Ve Bati Ermenileri Sorunlari Ara\u015ftirmalar Merkezi","og_description":"BDP A\u011fr\u0131 Milletvekili Halil Aksoy, A\u011fr\u0131 ilinin ad\u0131n\u0131n &#8220;Agiri&#8221;; BDP Diyarbak\u0131r Milletvekili Altan Tan da Erzurum&#8217;un ad\u0131n\u0131n &#8220;Erzerom&#8221; olarak de\u011fi\u015ftirilmesi i\u00e7in kanun teklifi verdi. BDP&#8217;li Aksoy ve Tan&#8217;\u0131n TBMM Ba\u015fkanl\u0131\u011f\u0131&#8217;na sundu\u011fu kanun teklifleri, bu iki il ile birlikte baz\u0131 il\u00e7elerinin adlar\u0131n\u0131n da de\u011fi\u015ftirilmesini \u00f6ng\u00f6r\u00fcyor. http:\/\/www.cnnturk.com\/2013\/turkiye\/11\/07\/agri.ve.erzuruma.ad.degisikligi.teklifi\/730104.0\/index.html","og_url":"https:\/\/akunq.net\/tr\/?p=26747","og_site_name":"Bati Ermenistan Ve Bati Ermenileri Sorunlari Ara\u015ftirmalar Merkezi","article_published_time":"2013-11-09T07:55:03+00:00","author":"admin","twitter_card":"summary_large_image","twitter_misc":{"Written by":"admin"},"schema":{"@context":"https:\/\/schema.org","@graph":[{"@type":"Article","@id":"https:\/\/akunq.net\/tr\/?p=26747#article","isPartOf":{"@id":"https:\/\/akunq.net\/tr\/?p=26747"},"author":{"name":"admin","@id":"https:\/\/akunq.net\/tr\/#\/schema\/person\/096f1d38a12cce57fb855b485ed24c9e"},"headline":"A\u011fr\u0131 ve Erzurum&#8217;a ad de\u011fi\u015fikli\u011fi teklifi","datePublished":"2013-11-09T07:55:03+00:00","mainEntityOfPage":{"@id":"https:\/\/akunq.net\/tr\/?p=26747"},"wordCount":88,"commentCount":0,"articleSection":["Haberler"],"inLanguage":"en-US","potentialAction":[{"@type":"CommentAction","name":"Comment","target":["https:\/\/akunq.net\/tr\/?p=26747#respond"]}]},{"@type":"WebPage","@id":"https:\/\/akunq.net\/tr\/?p=26747","url":"https:\/\/akunq.net\/tr\/?p=26747","name":"A\u011fr\u0131 ve Erzurum'a ad de\u011fi\u015fikli\u011fi teklifi - Bati Ermenistan Ve Bati Ermenileri Sorunlari Ara\u015ftirmalar Merkezi","isPartOf":{"@id":"https:\/\/akunq.net\/tr\/#website"},"datePublished":"2013-11-09T07:55:03+00:00","author":{"@id":"https:\/\/akunq.net\/tr\/#\/schema\/person\/096f1d38a12cce57fb855b485ed24c9e"},"breadcrumb":{"@id":"https:\/\/akunq.net\/tr\/?p=26747#breadcrumb"},"inLanguage":"en-US","potentialAction":[{"@type":"ReadAction","target":["https:\/\/akunq.net\/tr\/?p=26747"]}]},{"@type":"BreadcrumbList","@id":"https:\/\/akunq.net\/tr\/?p=26747#breadcrumb","itemListElement":[{"@type":"ListItem","position":1,"name":"Home","item":"https:\/\/akunq.net\/tr"},{"@type":"ListItem","position":2,"name":"A\u011fr\u0131 ve Erzurum&#8217;a ad de\u011fi\u015fikli\u011fi teklifi"}]},{"@type":"WebSite","@id":"https:\/\/akunq.net\/tr\/#website","url":"https:\/\/akunq.net\/tr\/","name":"Bati Ermenistan Ve Bati Ermenileri Sorunlari Ara\u015ftirmalar Merkezi","description":"","potentialAction":[{"@type":"SearchAction","target":{"@type":"EntryPoint","urlTemplate":"https:\/\/akunq.net\/tr\/?s={search_term_string}"},"query-input":{"@type":"PropertyValueSpecification","valueRequired":true,"valueName":"search_term_string"}}],"inLanguage":"en-US"},{"@type":"Person","@id":"https:\/\/akunq.net\/tr\/#\/schema\/person\/096f1d38a12cce57fb855b485ed24c9e","name":"admin","url":"https:\/\/akunq.net\/tr\/?author=7"}]}},"_links":{"self":[{"href":"https:\/\/akunq.net\/tr\/index.php?rest_route=\/wp\/v2\/posts\/26747","targetHints":{"allow":["GET"]}}],"collection":[{"href":"https:\/\/akunq.net\/tr\/index.php?rest_route=\/wp\/v2\/posts"}],"about":[{"href":"https:\/\/akunq.net\/tr\/index.php?rest_route=\/wp\/v2\/types\/post"}],"author":[{"embeddable":true,"href":"https:\/\/akunq.net\/tr\/index.php?rest_route=\/wp\/v2\/users\/7"}],"replies":[{"embeddable":true,"href":"https:\/\/akunq.net\/tr\/index.php?rest_route=%2Fwp%2Fv2%2Fcomments&post=26747"}],"version-history":[{"count":1,"href":"https:\/\/akunq.net\/tr\/index.php?rest_route=\/wp\/v2\/posts\/26747\/revisions"}],"predecessor-version":[{"id":26749,"href":"https:\/\/akunq.net\/tr\/index.php?rest_route=\/wp\/v2\/posts\/26747\/revisions\/26749"}],"wp:attachment":[{"href":"https:\/\/akunq.net\/tr\/index.php?rest_route=%2Fwp%2Fv2%2Fmedia&parent=26747"}],"wp:term":[{"taxonomy":"category","embeddable":true,"href":"https:\/\/akunq.net\/tr\/index.php?rest_route=%2Fwp%2Fv2%2Fcategories&post=26747"},{"taxonomy":"post_tag","embeddable":true,"href":"https:\/\/akunq.net\/tr\/index.php?rest_route=%2Fwp%2Fv2%2Ftags&post=26747"}],"curies":[{"name":"wp","href":"https:\/\/api.w.org\/{rel}","templated":true}]}}