{"id":26721,"date":"2013-11-08T02:22:03","date_gmt":"2013-11-08T07:22:03","guid":{"rendered":"http:\/\/akunq.net\/tr\/?p=26721"},"modified":"2013-11-08T02:22:03","modified_gmt":"2013-11-08T07:22:03","slug":"agos-muslumanlastirilmis-ermeniler-ozel-sayisiyla-bayilerde","status":"publish","type":"post","link":"https:\/\/akunq.net\/tr\/?p=26721","title":{"rendered":"Agos, \u2018M\u00fcsl\u00fcmanla\u015f(t\u0131r\u0131l)m\u0131\u015f Ermeniler\u2019 \u00f6zel say\u0131s\u0131yla bayilerde"},"content":{"rendered":"<p style=\"text-align: justify;\"><b><i><a href=\"http:\/\/akunq.net\/tr\/wp-content\/uploads\/2013\/11\/Agos.jpg\"><img loading=\"lazy\" decoding=\"async\" class=\"alignright size-medium wp-image-26722\" alt=\"Agos\" src=\"http:\/\/akunq.net\/tr\/wp-content\/uploads\/2013\/11\/Agos-300x217.jpg\" width=\"300\" height=\"217\" srcset=\"https:\/\/akunq.net\/tr\/wp-content\/uploads\/sites\/6\/2013\/11\/Agos-300x217.jpg 300w, https:\/\/akunq.net\/tr\/wp-content\/uploads\/sites\/6\/2013\/11\/Agos.jpg 551w\" sizes=\"auto, (max-width: 300px) 100vw, 300px\" \/><\/a>Agos, bu hafta \u2018M\u00fcsl\u00fcman(la\u015ft\u0131r\u0131l)m\u0131\u015f Ermeniler\u2019 \u00f6zel say\u0131s\u0131yla \u00e7\u0131kt\u0131. Hrant Dink Vakf\u0131, Bo\u011fazi\u00e7i \u00dcniversitesi Tarih B\u00f6l\u00fcm\u00fc ve Malatya HAY-Der i\u015fbirli\u011fiyle 2-4 Kas\u0131m tarihinde M\u00fcsl\u00fcmanla\u015f(t\u0131r\u0131l)m\u0131\u015f Ermeniler\u2019 ba\u015fl\u0131kl\u0131 bir konferans ger\u00e7ekle\u015ftirdi. Konferanstaki sunum ve insan hik\u00e2yelerinin yer ald\u0131\u011f\u0131 Agos, yar\u0131ndan itibaren bayilerde olacak.<\/i><\/b><\/p>\n<p style=\"text-align: justify;\">Baz\u0131 olaylar\u0131n \u00f6nemini araya zaman girmesine gerek kalmadan da fark edebilirsiniz. Hrant Dink Vakf\u0131, y\u0131llar\u0131n tabusu \u2018M\u00fcsl\u00fcmanla\u015f(t\u0131r\u0131l)m\u0131\u015f Ermeniler\u2019 konusunu Bo\u011fazi\u00e7i \u00dcniversitesi Tarih B\u00f6l\u00fcm\u00fc ve Malatya HAYDer (Malatyal\u0131 Hay\u0131rsever Ermeniler K\u00fclt\u00fcr ve Dayan\u0131\u015fma Derne\u011fi) i\u015fbirli\u011fi ile bir konferansa d\u00f6n\u00fc\u015ft\u00fcrd\u00fc\u011f\u00fcnde, bunun biricik bir ad\u0131m oldu\u011funu bildik. Ya\u015fad\u0131\u011f\u0131m\u0131z \u00fc\u00e7 g\u00fcn de bu i\u00e7g\u00fcd\u00fcsel bilgiyi teyit etti.<\/p>\n<p style=\"text-align: justify;\">M\u00fcsl\u00fcmanla\u015f(t\u0131r\u0131l)m\u0131\u015f Ermeniler konusuta 2004\u2019te \u201cSorunu biraz da \u00f6len ve \u00f6ld\u00fcr\u00fclenler \u00fczerinden de\u011fil de kalanlar \u00fczerinden konu\u015fmak yeni bir y\u00f6ntem olabilir mi?\u201d sorusunu y\u00f6nelten Hrant Dink\u2019ten miras.O sorunun devam\u0131ndaki birka\u00e7 sat\u0131r\u0131 da tarihe yeniden not d\u00fc\u015felim:\u201cKurtulanlar ve kurtaranlar \u00fczerinden ni\u00e7in insana has dramlarda ortakla\u015fmayal\u0131m? Ama bir Sabiha G\u00f6k\u00e7en haberimize g\u00f6sterilen infial ve tepki de \u00e7ok net olarak ortaya koydu ki T\u00fcrkiye\u2019de 1915\u2032i \u00f6lenler \u00fczerinden konu\u015fmak belki m\u00fcmk\u00fcn olabilir ama kalanlar \u00fczerinden konu\u015fmak asla m\u00fcmk\u00fcn de\u011fildir.\u201d<\/p>\n<p style=\"text-align: justify;\">\u0130\u015fte o imk\u00e2ns\u0131z olan, bu kez ger\u00e7ekle\u015fti. Sa\u011f kalman\u0131n bedelini yerinden yurdundan, ailesinden, dilinden ve dininden olan pahas\u0131na \u00f6deyenlerin torunlar\u0131, torunlar\u0131n\u0131n \u00e7ocuklar\u0131 ilk kez bulu\u015ftu. Evlerde bile ancak f\u0131s\u0131ldanabilen o can yak\u0131c\u0131 ger\u00e7ek, kamu \u00f6n\u00fcnde dile geldi, pay edildi.<\/p>\n<p style=\"text-align: justify;\">Elbette daha gidecek \u00e7ok yol var. Dile gelen ger\u00e7ek yeni sorumluluklar\u0131 da beraberinde getiriyor. H\u0131ristiyan kimli\u011fi d\u0131\u015f\u0131nda bir Ermenili\u011fe ba\u015fta Patriklik olmak \u00fczere Ermeni toplumunun nas\u0131l kucak a\u00e7aca\u011f\u0131 temel meselelerden biri. Keza T\u00fcrkiye toplumunun da bu bilgi e\u015fli\u011finde tarihe bakmas\u0131 ve kendine yeni sorular sormas\u0131 ka\u00e7\u0131n\u0131lmaz g\u00f6z\u00fck\u00fcyor.<\/p>\n<p style=\"text-align: justify;\">Resmi tarih tezlerinde kay\u0131p say\u0131lan bu insanlar art\u0131k kar\u015f\u0131m\u0131zda. Kutsal Kitap\u2019ta denildi\u011fi gibi, kaybolmu\u015flard\u0131, bulundular. Varl\u0131klar\u0131 \u015fimdi hepimize kabul ve de\u011fi\u015fim dayat\u0131yor. Tarihi farkl\u0131 bir gelece\u011fe evirebilmek ancak birbirine elini uzatma cesaretini g\u00f6stermekle m\u00fcmk\u00fcn.O eller uzand\u0131 bile. Gerisini kimse durduramaz.<\/p>\n<p style=\"text-align: justify;\"><b><i><a href=\"http:\/\/agos.com.tr\/haber.php?seo=agos-muslumanlastirilmis-ermeniler-ozel-sayisiyla-bayilerde&amp;haberid=6072\">http:\/\/agos.com.tr\/haber.php?seo=agos-muslumanlastirilmis-ermeniler-ozel-sayisiyla-bayilerde&amp;haberid=6072<\/a><\/i><\/b><\/p>\n","protected":false},"excerpt":{"rendered":"<p>Agos, bu hafta \u2018M\u00fcsl\u00fcman(la\u015ft\u0131r\u0131l)m\u0131\u015f Ermeniler\u2019 \u00f6zel say\u0131s\u0131yla \u00e7\u0131kt\u0131. Hrant Dink Vakf\u0131, Bo\u011fazi\u00e7i \u00dcniversitesi Tarih B\u00f6l\u00fcm\u00fc ve Malatya HAY-Der i\u015fbirli\u011fiyle 2-4 Kas\u0131m tarihinde M\u00fcsl\u00fcmanla\u015f(t\u0131r\u0131l)m\u0131\u015f Ermeniler\u2019 ba\u015fl\u0131kl\u0131 bir konferans ger\u00e7ekle\u015ftirdi. Konferanstaki sunum ve insan hik\u00e2yelerinin yer ald\u0131\u011f\u0131 Agos, yar\u0131ndan itibaren bayilerde olacak. Baz\u0131 olaylar\u0131n \u00f6nemini araya zaman girmesine gerek kalmadan da fark edebilirsiniz. Hrant Dink Vakf\u0131, y\u0131llar\u0131n [&hellip;]<\/p>\n","protected":false},"author":7,"featured_media":0,"comment_status":"open","ping_status":"open","sticky":false,"template":"","format":"standard","meta":{"footnotes":""},"categories":[1],"tags":[],"class_list":["post-26721","post","type-post","status-publish","format-standard","hentry","category-haberler"],"yoast_head":"<!-- This site is optimized with the Yoast SEO plugin v27.4 - https:\/\/yoast.com\/product\/yoast-seo-wordpress\/ -->\n<title>Agos, \u2018M\u00fcsl\u00fcmanla\u015f(t\u0131r\u0131l)m\u0131\u015f Ermeniler\u2019 \u00f6zel say\u0131s\u0131yla bayilerde - Bati Ermenistan Ve Bati Ermenileri Sorunlari Ara\u015ftirmalar Merkezi<\/title>\n<meta name=\"robots\" content=\"index, follow, max-snippet:-1, max-image-preview:large, max-video-preview:-1\" \/>\n<link rel=\"canonical\" href=\"https:\/\/akunq.net\/tr\/?p=26721\" \/>\n<meta property=\"og:locale\" content=\"en_US\" \/>\n<meta property=\"og:type\" content=\"article\" \/>\n<meta property=\"og:title\" content=\"Agos, \u2018M\u00fcsl\u00fcmanla\u015f(t\u0131r\u0131l)m\u0131\u015f Ermeniler\u2019 \u00f6zel say\u0131s\u0131yla bayilerde - Bati Ermenistan Ve Bati Ermenileri Sorunlari Ara\u015ftirmalar Merkezi\" \/>\n<meta property=\"og:description\" content=\"Agos, bu hafta \u2018M\u00fcsl\u00fcman(la\u015ft\u0131r\u0131l)m\u0131\u015f Ermeniler\u2019 \u00f6zel say\u0131s\u0131yla \u00e7\u0131kt\u0131. Hrant Dink Vakf\u0131, Bo\u011fazi\u00e7i \u00dcniversitesi Tarih B\u00f6l\u00fcm\u00fc ve Malatya HAY-Der i\u015fbirli\u011fiyle 2-4 Kas\u0131m tarihinde M\u00fcsl\u00fcmanla\u015f(t\u0131r\u0131l)m\u0131\u015f Ermeniler\u2019 ba\u015fl\u0131kl\u0131 bir konferans ger\u00e7ekle\u015ftirdi. Konferanstaki sunum ve insan hik\u00e2yelerinin yer ald\u0131\u011f\u0131 Agos, yar\u0131ndan itibaren bayilerde olacak. Baz\u0131 olaylar\u0131n \u00f6nemini araya zaman girmesine gerek kalmadan da fark edebilirsiniz. Hrant Dink Vakf\u0131, y\u0131llar\u0131n [&hellip;]\" \/>\n<meta property=\"og:url\" content=\"https:\/\/akunq.net\/tr\/?p=26721\" \/>\n<meta property=\"og:site_name\" content=\"Bati Ermenistan Ve Bati Ermenileri Sorunlari Ara\u015ftirmalar Merkezi\" \/>\n<meta property=\"article:published_time\" content=\"2013-11-08T07:22:03+00:00\" \/>\n<meta property=\"og:image\" content=\"http:\/\/akunq.net\/tr\/wp-content\/uploads\/2013\/11\/Agos-300x217.jpg\" \/>\n<meta name=\"author\" content=\"admin\" \/>\n<meta name=\"twitter:card\" content=\"summary_large_image\" \/>\n<meta name=\"twitter:label1\" content=\"Written by\" \/>\n\t<meta name=\"twitter:data1\" content=\"admin\" \/>\n\t<meta name=\"twitter:label2\" content=\"Est. reading time\" \/>\n\t<meta name=\"twitter:data2\" content=\"2 minutes\" \/>\n<script type=\"application\/ld+json\" class=\"yoast-schema-graph\">{\"@context\":\"https:\\\/\\\/schema.org\",\"@graph\":[{\"@type\":\"Article\",\"@id\":\"https:\\\/\\\/akunq.net\\\/tr\\\/?p=26721#article\",\"isPartOf\":{\"@id\":\"https:\\\/\\\/akunq.net\\\/tr\\\/?p=26721\"},\"author\":{\"name\":\"admin\",\"@id\":\"https:\\\/\\\/akunq.net\\\/tr\\\/#\\\/schema\\\/person\\\/096f1d38a12cce57fb855b485ed24c9e\"},\"headline\":\"Agos, \u2018M\u00fcsl\u00fcmanla\u015f(t\u0131r\u0131l)m\u0131\u015f Ermeniler\u2019 \u00f6zel say\u0131s\u0131yla bayilerde\",\"datePublished\":\"2013-11-08T07:22:03+00:00\",\"mainEntityOfPage\":{\"@id\":\"https:\\\/\\\/akunq.net\\\/tr\\\/?p=26721\"},\"wordCount\":457,\"commentCount\":0,\"image\":{\"@id\":\"https:\\\/\\\/akunq.net\\\/tr\\\/?p=26721#primaryimage\"},\"thumbnailUrl\":\"http:\\\/\\\/akunq.net\\\/tr\\\/wp-content\\\/uploads\\\/2013\\\/11\\\/Agos-300x217.jpg\",\"articleSection\":[\"Haberler\"],\"inLanguage\":\"en-US\",\"potentialAction\":[{\"@type\":\"CommentAction\",\"name\":\"Comment\",\"target\":[\"https:\\\/\\\/akunq.net\\\/tr\\\/?p=26721#respond\"]}]},{\"@type\":\"WebPage\",\"@id\":\"https:\\\/\\\/akunq.net\\\/tr\\\/?p=26721\",\"url\":\"https:\\\/\\\/akunq.net\\\/tr\\\/?p=26721\",\"name\":\"Agos, \u2018M\u00fcsl\u00fcmanla\u015f(t\u0131r\u0131l)m\u0131\u015f Ermeniler\u2019 \u00f6zel say\u0131s\u0131yla bayilerde - Bati Ermenistan Ve Bati Ermenileri Sorunlari Ara\u015ftirmalar Merkezi\",\"isPartOf\":{\"@id\":\"https:\\\/\\\/akunq.net\\\/tr\\\/#website\"},\"primaryImageOfPage\":{\"@id\":\"https:\\\/\\\/akunq.net\\\/tr\\\/?p=26721#primaryimage\"},\"image\":{\"@id\":\"https:\\\/\\\/akunq.net\\\/tr\\\/?p=26721#primaryimage\"},\"thumbnailUrl\":\"http:\\\/\\\/akunq.net\\\/tr\\\/wp-content\\\/uploads\\\/2013\\\/11\\\/Agos-300x217.jpg\",\"datePublished\":\"2013-11-08T07:22:03+00:00\",\"author\":{\"@id\":\"https:\\\/\\\/akunq.net\\\/tr\\\/#\\\/schema\\\/person\\\/096f1d38a12cce57fb855b485ed24c9e\"},\"breadcrumb\":{\"@id\":\"https:\\\/\\\/akunq.net\\\/tr\\\/?p=26721#breadcrumb\"},\"inLanguage\":\"en-US\",\"potentialAction\":[{\"@type\":\"ReadAction\",\"target\":[\"https:\\\/\\\/akunq.net\\\/tr\\\/?p=26721\"]}]},{\"@type\":\"ImageObject\",\"inLanguage\":\"en-US\",\"@id\":\"https:\\\/\\\/akunq.net\\\/tr\\\/?p=26721#primaryimage\",\"url\":\"https:\\\/\\\/akunq.net\\\/tr\\\/wp-content\\\/uploads\\\/sites\\\/6\\\/2013\\\/11\\\/Agos.jpg\",\"contentUrl\":\"https:\\\/\\\/akunq.net\\\/tr\\\/wp-content\\\/uploads\\\/sites\\\/6\\\/2013\\\/11\\\/Agos.jpg\",\"width\":551,\"height\":400},{\"@type\":\"BreadcrumbList\",\"@id\":\"https:\\\/\\\/akunq.net\\\/tr\\\/?p=26721#breadcrumb\",\"itemListElement\":[{\"@type\":\"ListItem\",\"position\":1,\"name\":\"Home\",\"item\":\"https:\\\/\\\/akunq.net\\\/tr\"},{\"@type\":\"ListItem\",\"position\":2,\"name\":\"Agos, \u2018M\u00fcsl\u00fcmanla\u015f(t\u0131r\u0131l)m\u0131\u015f Ermeniler\u2019 \u00f6zel say\u0131s\u0131yla bayilerde\"}]},{\"@type\":\"WebSite\",\"@id\":\"https:\\\/\\\/akunq.net\\\/tr\\\/#website\",\"url\":\"https:\\\/\\\/akunq.net\\\/tr\\\/\",\"name\":\"Bati Ermenistan Ve Bati Ermenileri Sorunlari Ara\u015ftirmalar Merkezi\",\"description\":\"\",\"potentialAction\":[{\"@type\":\"SearchAction\",\"target\":{\"@type\":\"EntryPoint\",\"urlTemplate\":\"https:\\\/\\\/akunq.net\\\/tr\\\/?s={search_term_string}\"},\"query-input\":{\"@type\":\"PropertyValueSpecification\",\"valueRequired\":true,\"valueName\":\"search_term_string\"}}],\"inLanguage\":\"en-US\"},{\"@type\":\"Person\",\"@id\":\"https:\\\/\\\/akunq.net\\\/tr\\\/#\\\/schema\\\/person\\\/096f1d38a12cce57fb855b485ed24c9e\",\"name\":\"admin\",\"url\":\"https:\\\/\\\/akunq.net\\\/tr\\\/?author=7\"}]}<\/script>\n<!-- \/ Yoast SEO plugin. -->","yoast_head_json":{"title":"Agos, \u2018M\u00fcsl\u00fcmanla\u015f(t\u0131r\u0131l)m\u0131\u015f Ermeniler\u2019 \u00f6zel say\u0131s\u0131yla bayilerde - Bati Ermenistan Ve Bati Ermenileri Sorunlari Ara\u015ftirmalar Merkezi","robots":{"index":"index","follow":"follow","max-snippet":"max-snippet:-1","max-image-preview":"max-image-preview:large","max-video-preview":"max-video-preview:-1"},"canonical":"https:\/\/akunq.net\/tr\/?p=26721","og_locale":"en_US","og_type":"article","og_title":"Agos, \u2018M\u00fcsl\u00fcmanla\u015f(t\u0131r\u0131l)m\u0131\u015f Ermeniler\u2019 \u00f6zel say\u0131s\u0131yla bayilerde - Bati Ermenistan Ve Bati Ermenileri Sorunlari Ara\u015ftirmalar Merkezi","og_description":"Agos, bu hafta \u2018M\u00fcsl\u00fcman(la\u015ft\u0131r\u0131l)m\u0131\u015f Ermeniler\u2019 \u00f6zel say\u0131s\u0131yla \u00e7\u0131kt\u0131. Hrant Dink Vakf\u0131, Bo\u011fazi\u00e7i \u00dcniversitesi Tarih B\u00f6l\u00fcm\u00fc ve Malatya HAY-Der i\u015fbirli\u011fiyle 2-4 Kas\u0131m tarihinde M\u00fcsl\u00fcmanla\u015f(t\u0131r\u0131l)m\u0131\u015f Ermeniler\u2019 ba\u015fl\u0131kl\u0131 bir konferans ger\u00e7ekle\u015ftirdi. Konferanstaki sunum ve insan hik\u00e2yelerinin yer ald\u0131\u011f\u0131 Agos, yar\u0131ndan itibaren bayilerde olacak. Baz\u0131 olaylar\u0131n \u00f6nemini araya zaman girmesine gerek kalmadan da fark edebilirsiniz. Hrant Dink Vakf\u0131, y\u0131llar\u0131n [&hellip;]","og_url":"https:\/\/akunq.net\/tr\/?p=26721","og_site_name":"Bati Ermenistan Ve Bati Ermenileri Sorunlari Ara\u015ftirmalar Merkezi","article_published_time":"2013-11-08T07:22:03+00:00","og_image":[{"url":"http:\/\/akunq.net\/tr\/wp-content\/uploads\/2013\/11\/Agos-300x217.jpg","type":"","width":"","height":""}],"author":"admin","twitter_card":"summary_large_image","twitter_misc":{"Written by":"admin","Est. reading time":"2 minutes"},"schema":{"@context":"https:\/\/schema.org","@graph":[{"@type":"Article","@id":"https:\/\/akunq.net\/tr\/?p=26721#article","isPartOf":{"@id":"https:\/\/akunq.net\/tr\/?p=26721"},"author":{"name":"admin","@id":"https:\/\/akunq.net\/tr\/#\/schema\/person\/096f1d38a12cce57fb855b485ed24c9e"},"headline":"Agos, \u2018M\u00fcsl\u00fcmanla\u015f(t\u0131r\u0131l)m\u0131\u015f Ermeniler\u2019 \u00f6zel say\u0131s\u0131yla bayilerde","datePublished":"2013-11-08T07:22:03+00:00","mainEntityOfPage":{"@id":"https:\/\/akunq.net\/tr\/?p=26721"},"wordCount":457,"commentCount":0,"image":{"@id":"https:\/\/akunq.net\/tr\/?p=26721#primaryimage"},"thumbnailUrl":"http:\/\/akunq.net\/tr\/wp-content\/uploads\/2013\/11\/Agos-300x217.jpg","articleSection":["Haberler"],"inLanguage":"en-US","potentialAction":[{"@type":"CommentAction","name":"Comment","target":["https:\/\/akunq.net\/tr\/?p=26721#respond"]}]},{"@type":"WebPage","@id":"https:\/\/akunq.net\/tr\/?p=26721","url":"https:\/\/akunq.net\/tr\/?p=26721","name":"Agos, \u2018M\u00fcsl\u00fcmanla\u015f(t\u0131r\u0131l)m\u0131\u015f Ermeniler\u2019 \u00f6zel say\u0131s\u0131yla bayilerde - Bati Ermenistan Ve Bati Ermenileri Sorunlari Ara\u015ftirmalar Merkezi","isPartOf":{"@id":"https:\/\/akunq.net\/tr\/#website"},"primaryImageOfPage":{"@id":"https:\/\/akunq.net\/tr\/?p=26721#primaryimage"},"image":{"@id":"https:\/\/akunq.net\/tr\/?p=26721#primaryimage"},"thumbnailUrl":"http:\/\/akunq.net\/tr\/wp-content\/uploads\/2013\/11\/Agos-300x217.jpg","datePublished":"2013-11-08T07:22:03+00:00","author":{"@id":"https:\/\/akunq.net\/tr\/#\/schema\/person\/096f1d38a12cce57fb855b485ed24c9e"},"breadcrumb":{"@id":"https:\/\/akunq.net\/tr\/?p=26721#breadcrumb"},"inLanguage":"en-US","potentialAction":[{"@type":"ReadAction","target":["https:\/\/akunq.net\/tr\/?p=26721"]}]},{"@type":"ImageObject","inLanguage":"en-US","@id":"https:\/\/akunq.net\/tr\/?p=26721#primaryimage","url":"https:\/\/akunq.net\/tr\/wp-content\/uploads\/sites\/6\/2013\/11\/Agos.jpg","contentUrl":"https:\/\/akunq.net\/tr\/wp-content\/uploads\/sites\/6\/2013\/11\/Agos.jpg","width":551,"height":400},{"@type":"BreadcrumbList","@id":"https:\/\/akunq.net\/tr\/?p=26721#breadcrumb","itemListElement":[{"@type":"ListItem","position":1,"name":"Home","item":"https:\/\/akunq.net\/tr"},{"@type":"ListItem","position":2,"name":"Agos, \u2018M\u00fcsl\u00fcmanla\u015f(t\u0131r\u0131l)m\u0131\u015f Ermeniler\u2019 \u00f6zel say\u0131s\u0131yla bayilerde"}]},{"@type":"WebSite","@id":"https:\/\/akunq.net\/tr\/#website","url":"https:\/\/akunq.net\/tr\/","name":"Bati Ermenistan Ve Bati Ermenileri Sorunlari Ara\u015ftirmalar Merkezi","description":"","potentialAction":[{"@type":"SearchAction","target":{"@type":"EntryPoint","urlTemplate":"https:\/\/akunq.net\/tr\/?s={search_term_string}"},"query-input":{"@type":"PropertyValueSpecification","valueRequired":true,"valueName":"search_term_string"}}],"inLanguage":"en-US"},{"@type":"Person","@id":"https:\/\/akunq.net\/tr\/#\/schema\/person\/096f1d38a12cce57fb855b485ed24c9e","name":"admin","url":"https:\/\/akunq.net\/tr\/?author=7"}]}},"_links":{"self":[{"href":"https:\/\/akunq.net\/tr\/index.php?rest_route=\/wp\/v2\/posts\/26721","targetHints":{"allow":["GET"]}}],"collection":[{"href":"https:\/\/akunq.net\/tr\/index.php?rest_route=\/wp\/v2\/posts"}],"about":[{"href":"https:\/\/akunq.net\/tr\/index.php?rest_route=\/wp\/v2\/types\/post"}],"author":[{"embeddable":true,"href":"https:\/\/akunq.net\/tr\/index.php?rest_route=\/wp\/v2\/users\/7"}],"replies":[{"embeddable":true,"href":"https:\/\/akunq.net\/tr\/index.php?rest_route=%2Fwp%2Fv2%2Fcomments&post=26721"}],"version-history":[{"count":1,"href":"https:\/\/akunq.net\/tr\/index.php?rest_route=\/wp\/v2\/posts\/26721\/revisions"}],"predecessor-version":[{"id":26723,"href":"https:\/\/akunq.net\/tr\/index.php?rest_route=\/wp\/v2\/posts\/26721\/revisions\/26723"}],"wp:attachment":[{"href":"https:\/\/akunq.net\/tr\/index.php?rest_route=%2Fwp%2Fv2%2Fmedia&parent=26721"}],"wp:term":[{"taxonomy":"category","embeddable":true,"href":"https:\/\/akunq.net\/tr\/index.php?rest_route=%2Fwp%2Fv2%2Fcategories&post=26721"},{"taxonomy":"post_tag","embeddable":true,"href":"https:\/\/akunq.net\/tr\/index.php?rest_route=%2Fwp%2Fv2%2Ftags&post=26721"}],"curies":[{"name":"wp","href":"https:\/\/api.w.org\/{rel}","templated":true}]}}