{"id":26717,"date":"2013-11-08T02:17:01","date_gmt":"2013-11-08T07:17:01","guid":{"rendered":"http:\/\/akunq.net\/tr\/?p=26717"},"modified":"2013-11-08T02:17:24","modified_gmt":"2013-11-08T07:17:24","slug":"turk-ermeni-iliskilerini-anlatan-kulliyat-hazirlanacak","status":"publish","type":"post","link":"https:\/\/akunq.net\/tr\/?p=26717","title":{"rendered":"T\u00fcrk-Ermeni ili\u015fkilerini anlatan k\u00fclliyat haz\u0131rlanacak"},"content":{"rendered":"<p style=\"text-align: justify;\"><b><i><a href=\"http:\/\/akunq.net\/tr\/wp-content\/uploads\/2013\/11\/\u0539\u0578\u0582\u0580\u0584\u0561\u056f\u0561\u0576-\u057a\u0561\u057f\u0574\u0561\u0563\u056b\u057f\u0561\u056f\u0561\u0576-\u0568\u0576\u056f\u0565\u0580\u0578\u0582\u0569\u0575\u0578\u0582\u0576.jpg\"><img loading=\"lazy\" decoding=\"async\" class=\"alignright size-medium wp-image-26718\" alt=\"\u0539\u0578\u0582\u0580\u0584\u0561\u056f\u0561\u0576 \u057a\u0561\u057f\u0574\u0561\u0563\u056b\u057f\u0561\u056f\u0561\u0576 \u0568\u0576\u056f\u0565\u0580\u0578\u0582\u0569\u0575\u0578\u0582\u0576\" src=\"http:\/\/akunq.net\/tr\/wp-content\/uploads\/2013\/11\/\u0539\u0578\u0582\u0580\u0584\u0561\u056f\u0561\u0576-\u057a\u0561\u057f\u0574\u0561\u0563\u056b\u057f\u0561\u056f\u0561\u0576-\u0568\u0576\u056f\u0565\u0580\u0578\u0582\u0569\u0575\u0578\u0582\u0576-300x157.jpg\" width=\"300\" height=\"157\" srcset=\"https:\/\/akunq.net\/tr\/wp-content\/uploads\/sites\/6\/2013\/11\/\u0539\u0578\u0582\u0580\u0584\u0561\u056f\u0561\u0576-\u057a\u0561\u057f\u0574\u0561\u0563\u056b\u057f\u0561\u056f\u0561\u0576-\u0568\u0576\u056f\u0565\u0580\u0578\u0582\u0569\u0575\u0578\u0582\u0576-300x157.jpg 300w, https:\/\/akunq.net\/tr\/wp-content\/uploads\/sites\/6\/2013\/11\/\u0539\u0578\u0582\u0580\u0584\u0561\u056f\u0561\u0576-\u057a\u0561\u057f\u0574\u0561\u0563\u056b\u057f\u0561\u056f\u0561\u0576-\u0568\u0576\u056f\u0565\u0580\u0578\u0582\u0569\u0575\u0578\u0582\u0576.jpg 310w\" sizes=\"auto, (max-width: 300px) 100vw, 300px\" \/><\/a>T\u00fcrk Tarih Kurumu, uluslararas\u0131 kamuoyunda T\u00fcrkiye aleyhine g\u00fcndeme getirilen meseleleri tarihi ger\u00e7eklere uygun bir \u015fekilde anlatacak ve d\u00fcnya kamuoyunda ses getirecek sinema filmi ve belgeseller haz\u0131rlayacak. Ayr\u0131ca T\u00fcrk Ermeni ili\u015fkilerinin tarihsel s\u00fcre\u00e7te ge\u00e7irdi\u011fi evrelerin farkl\u0131 uzmanlar\u0131n kalemiyle ele al\u0131naca\u011f\u0131 T\u00fcrkErmeni \u0130li\u015fkileri K\u00fclliyat\u0131 Projesi ba\u015flat\u0131ld\u0131. K\u00fclliyat\u0131n ise 2015 y\u0131l\u0131na kadar tamamlanmas\u0131 planlan\u0131yor. <\/i><\/b><\/p>\n<p style=\"text-align: justify;\">T\u00fcrk Tarih Kurumu \u00e7al\u0131\u015fma alanlar\u0131yla ilgili 2013 y\u0131l\u0131nda 17 ara\u015ft\u0131rma eseri yay\u0131mland\u0131. Y\u0131l sonuna kadar 180 adet ara\u015ft\u0131rma eseri daha bas\u0131lacak. Ayr\u0131ca daha \u00f6nce bas\u0131lm\u0131\u015f 5 eserin t\u0131pk\u0131 bas\u0131mlar\u0131 yap\u0131ld\u0131. 2013 y\u0131l\u0131nda 34 kaz\u0131 ve y\u00fczey ara\u015ft\u0131rmas\u0131nda maddi destek verilmesi kararla\u015ft\u0131r\u0131ld\u0131. 2013 y\u0131l\u0131nda T\u00fcrk Tarih Kurumu k\u00fct\u00fcphanesinden 4 bin 486 ara\u015ft\u0131rmac\u0131 yararland\u0131, 21 bin 103 adet materyal kulland\u0131. Belge ar\u015fivinden 30 ara\u015ft\u0131rmac\u0131 4 bin 210 belge ve 656 adet foto\u011fraftan yararland\u0131. K\u00fct\u00fcphane Renovasyon Projesi kapsam\u0131nda 30 bin 733 adet kitab\u0131n etiketleme, 26 bin 635 adet kitab\u0131n e\u015fle\u015ftirme i\u015flemi tamamland\u0131. 2014 y\u0131l\u0131nda mevcut burs verilen \u00f6\u011frenciler d\u0131\u015f\u0131nda 60 yeni \u00f6\u011frenciye daha burs verilmesi planlan\u0131yor. Uluslararas\u0131 kamuoyunda T\u00fcrkiye aleyhine g\u00fcndeme getirilen meseleleri tarihi ger\u00e7eklere uygun bir \u015fekilde anlatacak ve d\u00fcnya kamuoyunda ses getirecek, sinema filmi ve belgeseller haz\u0131rlanacak. K\u00fct\u00fcphane koleksiyonuna gelen koleksiyon ve kitap d\u0131\u015f\u0131 materyalin katologlama, k\u00fct\u00fcphane ve belge ar\u015fiv depolar\u0131n\u0131n uluslararas\u0131 standartlara g\u00f6re yenilenmesi ve 6 bin 300 adet nadir basma eserin say\u0131salla\u015ft\u0131r\u0131lmas\u0131 projelerinin ger\u00e7ekle\u015ftirilmesi hedefleniyor. \u00d6te yandan T\u00fcrk Tarih Kurumu&#8217;nda T\u00fcrk-Ermeni ili\u015fkilerinin tarihsel s\u00fcre\u00e7te ge\u00e7irdi\u011fi evrelerin farkl\u0131 uzmanlar\u0131n kalemiyle ele al\u0131naca\u011f\u0131 T\u00fcrk-Ermeni \u0130li\u015fkileri K\u00fclliyat\u0131 Projesi ba\u015flat\u0131ld\u0131. 2013 y\u0131l\u0131nda makalelerin kabul\u00fcyle ba\u015flayan proje sonucunda olu\u015fan k\u00fclliyat\u0131n yay\u0131mlanmas\u0131 Tehcir Kanunu olarak bilinen Sevk ve \u0130skan Kanununun 100. y\u0131l\u0131 olan 2015 y\u0131l\u0131na kadar tamamlanmas\u0131 planlan\u0131yor.<\/p>\n<p style=\"text-align: justify;\"><b><i>(C\u0130HAN)<\/i><\/b><\/p>\n<p style=\"text-align: justify;\"><b><i><a href=\"http:\/\/www.zaman.com.tr\/gundem_turk-ermeni-iliskilerini-anlatan-kulliyat-hazirlanacak_2163046.html\">http:\/\/www.zaman.com.tr\/gundem_turk-ermeni-iliskilerini-anlatan-kulliyat-hazirlanacak_2163046.html<\/a><\/i><\/b><\/p>\n","protected":false},"excerpt":{"rendered":"<p>T\u00fcrk Tarih Kurumu, uluslararas\u0131 kamuoyunda T\u00fcrkiye aleyhine g\u00fcndeme getirilen meseleleri tarihi ger\u00e7eklere uygun bir \u015fekilde anlatacak ve d\u00fcnya kamuoyunda ses getirecek sinema filmi ve belgeseller haz\u0131rlayacak. Ayr\u0131ca T\u00fcrk Ermeni ili\u015fkilerinin tarihsel s\u00fcre\u00e7te ge\u00e7irdi\u011fi evrelerin farkl\u0131 uzmanlar\u0131n kalemiyle ele al\u0131naca\u011f\u0131 T\u00fcrkErmeni \u0130li\u015fkileri K\u00fclliyat\u0131 Projesi ba\u015flat\u0131ld\u0131. K\u00fclliyat\u0131n ise 2015 y\u0131l\u0131na kadar tamamlanmas\u0131 planlan\u0131yor. T\u00fcrk Tarih Kurumu \u00e7al\u0131\u015fma [&hellip;]<\/p>\n","protected":false},"author":7,"featured_media":0,"comment_status":"open","ping_status":"open","sticky":false,"template":"","format":"standard","meta":{"footnotes":""},"categories":[1],"tags":[],"class_list":["post-26717","post","type-post","status-publish","format-standard","hentry","category-haberler"],"yoast_head":"<!-- This site is optimized with the Yoast SEO plugin v27.4 - https:\/\/yoast.com\/product\/yoast-seo-wordpress\/ -->\n<title>T\u00fcrk-Ermeni ili\u015fkilerini anlatan k\u00fclliyat haz\u0131rlanacak - Bati Ermenistan Ve Bati Ermenileri Sorunlari Ara\u015ftirmalar Merkezi<\/title>\n<meta name=\"robots\" content=\"index, follow, max-snippet:-1, max-image-preview:large, max-video-preview:-1\" \/>\n<link rel=\"canonical\" href=\"https:\/\/akunq.net\/tr\/?p=26717\" \/>\n<meta property=\"og:locale\" content=\"en_US\" \/>\n<meta property=\"og:type\" content=\"article\" \/>\n<meta property=\"og:title\" content=\"T\u00fcrk-Ermeni ili\u015fkilerini anlatan k\u00fclliyat haz\u0131rlanacak - Bati Ermenistan Ve Bati Ermenileri Sorunlari Ara\u015ftirmalar Merkezi\" \/>\n<meta property=\"og:description\" content=\"T\u00fcrk Tarih Kurumu, uluslararas\u0131 kamuoyunda T\u00fcrkiye aleyhine g\u00fcndeme getirilen meseleleri tarihi ger\u00e7eklere uygun bir \u015fekilde anlatacak ve d\u00fcnya kamuoyunda ses getirecek sinema filmi ve belgeseller haz\u0131rlayacak. Ayr\u0131ca T\u00fcrk Ermeni ili\u015fkilerinin tarihsel s\u00fcre\u00e7te ge\u00e7irdi\u011fi evrelerin farkl\u0131 uzmanlar\u0131n kalemiyle ele al\u0131naca\u011f\u0131 T\u00fcrkErmeni \u0130li\u015fkileri K\u00fclliyat\u0131 Projesi ba\u015flat\u0131ld\u0131. K\u00fclliyat\u0131n ise 2015 y\u0131l\u0131na kadar tamamlanmas\u0131 planlan\u0131yor. T\u00fcrk Tarih Kurumu \u00e7al\u0131\u015fma [&hellip;]\" \/>\n<meta property=\"og:url\" content=\"https:\/\/akunq.net\/tr\/?p=26717\" \/>\n<meta property=\"og:site_name\" content=\"Bati Ermenistan Ve Bati Ermenileri Sorunlari Ara\u015ftirmalar Merkezi\" \/>\n<meta property=\"article:published_time\" content=\"2013-11-08T07:17:01+00:00\" \/>\n<meta property=\"article:modified_time\" content=\"2013-11-08T07:17:24+00:00\" \/>\n<meta name=\"author\" content=\"admin\" \/>\n<meta name=\"twitter:card\" content=\"summary_large_image\" \/>\n<meta name=\"twitter:label1\" content=\"Written by\" \/>\n\t<meta name=\"twitter:data1\" content=\"admin\" \/>\n\t<meta name=\"twitter:label2\" content=\"Est. reading time\" \/>\n\t<meta name=\"twitter:data2\" content=\"2 minutes\" \/>\n<script type=\"application\/ld+json\" class=\"yoast-schema-graph\">{\"@context\":\"https:\\\/\\\/schema.org\",\"@graph\":[{\"@type\":\"Article\",\"@id\":\"https:\\\/\\\/akunq.net\\\/tr\\\/?p=26717#article\",\"isPartOf\":{\"@id\":\"https:\\\/\\\/akunq.net\\\/tr\\\/?p=26717\"},\"author\":{\"name\":\"admin\",\"@id\":\"https:\\\/\\\/akunq.net\\\/tr\\\/#\\\/schema\\\/person\\\/096f1d38a12cce57fb855b485ed24c9e\"},\"headline\":\"T\u00fcrk-Ermeni ili\u015fkilerini anlatan k\u00fclliyat haz\u0131rlanacak\",\"datePublished\":\"2013-11-08T07:17:01+00:00\",\"dateModified\":\"2013-11-08T07:17:24+00:00\",\"mainEntityOfPage\":{\"@id\":\"https:\\\/\\\/akunq.net\\\/tr\\\/?p=26717\"},\"wordCount\":365,\"commentCount\":0,\"articleSection\":[\"Haberler\"],\"inLanguage\":\"en-US\",\"potentialAction\":[{\"@type\":\"CommentAction\",\"name\":\"Comment\",\"target\":[\"https:\\\/\\\/akunq.net\\\/tr\\\/?p=26717#respond\"]}]},{\"@type\":\"WebPage\",\"@id\":\"https:\\\/\\\/akunq.net\\\/tr\\\/?p=26717\",\"url\":\"https:\\\/\\\/akunq.net\\\/tr\\\/?p=26717\",\"name\":\"T\u00fcrk-Ermeni ili\u015fkilerini anlatan k\u00fclliyat haz\u0131rlanacak - Bati Ermenistan Ve Bati Ermenileri Sorunlari Ara\u015ftirmalar Merkezi\",\"isPartOf\":{\"@id\":\"https:\\\/\\\/akunq.net\\\/tr\\\/#website\"},\"datePublished\":\"2013-11-08T07:17:01+00:00\",\"dateModified\":\"2013-11-08T07:17:24+00:00\",\"author\":{\"@id\":\"https:\\\/\\\/akunq.net\\\/tr\\\/#\\\/schema\\\/person\\\/096f1d38a12cce57fb855b485ed24c9e\"},\"breadcrumb\":{\"@id\":\"https:\\\/\\\/akunq.net\\\/tr\\\/?p=26717#breadcrumb\"},\"inLanguage\":\"en-US\",\"potentialAction\":[{\"@type\":\"ReadAction\",\"target\":[\"https:\\\/\\\/akunq.net\\\/tr\\\/?p=26717\"]}]},{\"@type\":\"BreadcrumbList\",\"@id\":\"https:\\\/\\\/akunq.net\\\/tr\\\/?p=26717#breadcrumb\",\"itemListElement\":[{\"@type\":\"ListItem\",\"position\":1,\"name\":\"Home\",\"item\":\"https:\\\/\\\/akunq.net\\\/tr\"},{\"@type\":\"ListItem\",\"position\":2,\"name\":\"T\u00fcrk-Ermeni ili\u015fkilerini anlatan k\u00fclliyat haz\u0131rlanacak\"}]},{\"@type\":\"WebSite\",\"@id\":\"https:\\\/\\\/akunq.net\\\/tr\\\/#website\",\"url\":\"https:\\\/\\\/akunq.net\\\/tr\\\/\",\"name\":\"Bati Ermenistan Ve Bati Ermenileri Sorunlari Ara\u015ftirmalar Merkezi\",\"description\":\"\",\"potentialAction\":[{\"@type\":\"SearchAction\",\"target\":{\"@type\":\"EntryPoint\",\"urlTemplate\":\"https:\\\/\\\/akunq.net\\\/tr\\\/?s={search_term_string}\"},\"query-input\":{\"@type\":\"PropertyValueSpecification\",\"valueRequired\":true,\"valueName\":\"search_term_string\"}}],\"inLanguage\":\"en-US\"},{\"@type\":\"Person\",\"@id\":\"https:\\\/\\\/akunq.net\\\/tr\\\/#\\\/schema\\\/person\\\/096f1d38a12cce57fb855b485ed24c9e\",\"name\":\"admin\",\"url\":\"https:\\\/\\\/akunq.net\\\/tr\\\/?author=7\"}]}<\/script>\n<!-- \/ Yoast SEO plugin. -->","yoast_head_json":{"title":"T\u00fcrk-Ermeni ili\u015fkilerini anlatan k\u00fclliyat haz\u0131rlanacak - Bati Ermenistan Ve Bati Ermenileri Sorunlari Ara\u015ftirmalar Merkezi","robots":{"index":"index","follow":"follow","max-snippet":"max-snippet:-1","max-image-preview":"max-image-preview:large","max-video-preview":"max-video-preview:-1"},"canonical":"https:\/\/akunq.net\/tr\/?p=26717","og_locale":"en_US","og_type":"article","og_title":"T\u00fcrk-Ermeni ili\u015fkilerini anlatan k\u00fclliyat haz\u0131rlanacak - Bati Ermenistan Ve Bati Ermenileri Sorunlari Ara\u015ftirmalar Merkezi","og_description":"T\u00fcrk Tarih Kurumu, uluslararas\u0131 kamuoyunda T\u00fcrkiye aleyhine g\u00fcndeme getirilen meseleleri tarihi ger\u00e7eklere uygun bir \u015fekilde anlatacak ve d\u00fcnya kamuoyunda ses getirecek sinema filmi ve belgeseller haz\u0131rlayacak. Ayr\u0131ca T\u00fcrk Ermeni ili\u015fkilerinin tarihsel s\u00fcre\u00e7te ge\u00e7irdi\u011fi evrelerin farkl\u0131 uzmanlar\u0131n kalemiyle ele al\u0131naca\u011f\u0131 T\u00fcrkErmeni \u0130li\u015fkileri K\u00fclliyat\u0131 Projesi ba\u015flat\u0131ld\u0131. K\u00fclliyat\u0131n ise 2015 y\u0131l\u0131na kadar tamamlanmas\u0131 planlan\u0131yor. T\u00fcrk Tarih Kurumu \u00e7al\u0131\u015fma [&hellip;]","og_url":"https:\/\/akunq.net\/tr\/?p=26717","og_site_name":"Bati Ermenistan Ve Bati Ermenileri Sorunlari Ara\u015ftirmalar Merkezi","article_published_time":"2013-11-08T07:17:01+00:00","article_modified_time":"2013-11-08T07:17:24+00:00","author":"admin","twitter_card":"summary_large_image","twitter_misc":{"Written by":"admin","Est. reading time":"2 minutes"},"schema":{"@context":"https:\/\/schema.org","@graph":[{"@type":"Article","@id":"https:\/\/akunq.net\/tr\/?p=26717#article","isPartOf":{"@id":"https:\/\/akunq.net\/tr\/?p=26717"},"author":{"name":"admin","@id":"https:\/\/akunq.net\/tr\/#\/schema\/person\/096f1d38a12cce57fb855b485ed24c9e"},"headline":"T\u00fcrk-Ermeni ili\u015fkilerini anlatan k\u00fclliyat haz\u0131rlanacak","datePublished":"2013-11-08T07:17:01+00:00","dateModified":"2013-11-08T07:17:24+00:00","mainEntityOfPage":{"@id":"https:\/\/akunq.net\/tr\/?p=26717"},"wordCount":365,"commentCount":0,"articleSection":["Haberler"],"inLanguage":"en-US","potentialAction":[{"@type":"CommentAction","name":"Comment","target":["https:\/\/akunq.net\/tr\/?p=26717#respond"]}]},{"@type":"WebPage","@id":"https:\/\/akunq.net\/tr\/?p=26717","url":"https:\/\/akunq.net\/tr\/?p=26717","name":"T\u00fcrk-Ermeni ili\u015fkilerini anlatan k\u00fclliyat haz\u0131rlanacak - Bati Ermenistan Ve Bati Ermenileri Sorunlari Ara\u015ftirmalar Merkezi","isPartOf":{"@id":"https:\/\/akunq.net\/tr\/#website"},"datePublished":"2013-11-08T07:17:01+00:00","dateModified":"2013-11-08T07:17:24+00:00","author":{"@id":"https:\/\/akunq.net\/tr\/#\/schema\/person\/096f1d38a12cce57fb855b485ed24c9e"},"breadcrumb":{"@id":"https:\/\/akunq.net\/tr\/?p=26717#breadcrumb"},"inLanguage":"en-US","potentialAction":[{"@type":"ReadAction","target":["https:\/\/akunq.net\/tr\/?p=26717"]}]},{"@type":"BreadcrumbList","@id":"https:\/\/akunq.net\/tr\/?p=26717#breadcrumb","itemListElement":[{"@type":"ListItem","position":1,"name":"Home","item":"https:\/\/akunq.net\/tr"},{"@type":"ListItem","position":2,"name":"T\u00fcrk-Ermeni ili\u015fkilerini anlatan k\u00fclliyat haz\u0131rlanacak"}]},{"@type":"WebSite","@id":"https:\/\/akunq.net\/tr\/#website","url":"https:\/\/akunq.net\/tr\/","name":"Bati Ermenistan Ve Bati Ermenileri Sorunlari Ara\u015ftirmalar Merkezi","description":"","potentialAction":[{"@type":"SearchAction","target":{"@type":"EntryPoint","urlTemplate":"https:\/\/akunq.net\/tr\/?s={search_term_string}"},"query-input":{"@type":"PropertyValueSpecification","valueRequired":true,"valueName":"search_term_string"}}],"inLanguage":"en-US"},{"@type":"Person","@id":"https:\/\/akunq.net\/tr\/#\/schema\/person\/096f1d38a12cce57fb855b485ed24c9e","name":"admin","url":"https:\/\/akunq.net\/tr\/?author=7"}]}},"_links":{"self":[{"href":"https:\/\/akunq.net\/tr\/index.php?rest_route=\/wp\/v2\/posts\/26717","targetHints":{"allow":["GET"]}}],"collection":[{"href":"https:\/\/akunq.net\/tr\/index.php?rest_route=\/wp\/v2\/posts"}],"about":[{"href":"https:\/\/akunq.net\/tr\/index.php?rest_route=\/wp\/v2\/types\/post"}],"author":[{"embeddable":true,"href":"https:\/\/akunq.net\/tr\/index.php?rest_route=\/wp\/v2\/users\/7"}],"replies":[{"embeddable":true,"href":"https:\/\/akunq.net\/tr\/index.php?rest_route=%2Fwp%2Fv2%2Fcomments&post=26717"}],"version-history":[{"count":2,"href":"https:\/\/akunq.net\/tr\/index.php?rest_route=\/wp\/v2\/posts\/26717\/revisions"}],"predecessor-version":[{"id":26720,"href":"https:\/\/akunq.net\/tr\/index.php?rest_route=\/wp\/v2\/posts\/26717\/revisions\/26720"}],"wp:attachment":[{"href":"https:\/\/akunq.net\/tr\/index.php?rest_route=%2Fwp%2Fv2%2Fmedia&parent=26717"}],"wp:term":[{"taxonomy":"category","embeddable":true,"href":"https:\/\/akunq.net\/tr\/index.php?rest_route=%2Fwp%2Fv2%2Fcategories&post=26717"},{"taxonomy":"post_tag","embeddable":true,"href":"https:\/\/akunq.net\/tr\/index.php?rest_route=%2Fwp%2Fv2%2Ftags&post=26717"}],"curies":[{"name":"wp","href":"https:\/\/api.w.org\/{rel}","templated":true}]}}