{"id":26704,"date":"2013-11-07T02:49:44","date_gmt":"2013-11-07T07:49:44","guid":{"rendered":"http:\/\/akunq.net\/tr\/?p=26704"},"modified":"2013-11-07T02:49:44","modified_gmt":"2013-11-07T07:49:44","slug":"devlet-nisanindan-t-c-ve-ataturk-kaldirildi","status":"publish","type":"post","link":"https:\/\/akunq.net\/tr\/?p=26704","title":{"rendered":"Devlet ni\u015fan\u0131ndan &#8220;T.C.&#8221; ve &#8220;Atat\u00fcrk&#8221; kald\u0131r\u0131ld\u0131"},"content":{"rendered":"<p style=\"text-align: justify;\"><b><i><a href=\"http:\/\/akunq.net\/tr\/wp-content\/uploads\/2013\/11\/\u0539\u0578\u0582\u0580\u0584\u056b\u0561\u0575\u056b-\u057a\u0565\u057f\u0561\u056f\u0561\u0576-\u0577\u0584\u0561\u0576\u0577\u0561\u0576\u0576\u0565\u0580.jpg\"><img loading=\"lazy\" decoding=\"async\" class=\"alignright size-full wp-image-26705\" alt=\"\u0539\u0578\u0582\u0580\u0584\u056b\u0561\u0575\u056b \u057a\u0565\u057f\u0561\u056f\u0561\u0576 \u0577\u0584\u0561\u0576\u0577\u0561\u0576\u0576\u0565\u0580\" src=\"http:\/\/akunq.net\/tr\/wp-content\/uploads\/2013\/11\/\u0539\u0578\u0582\u0580\u0584\u056b\u0561\u0575\u056b-\u057a\u0565\u057f\u0561\u056f\u0561\u0576-\u0577\u0584\u0561\u0576\u0577\u0561\u0576\u0576\u0565\u0580.jpg\" width=\"250\" height=\"160\" \/><\/a>T\u00fcrkiye&#8217;nin ni\u015fanlar\u0131nda art\u0131k T.C. k\u0131saltmas\u0131 ve <\/i><\/b><a href=\"http:\/\/www.cnnturk.com\/guncel.konular\/ataturk\/489\/index.html\"><b><i>Atat\u00fcrk<\/i><\/b><\/a><b><i> sil\u00fceti yer almayacak. Madalya ve ni\u015fan y\u00f6netmeli\u011finde yap\u0131lan de\u011fi\u015fiklikle, devlet ni\u015fanlar\u0131 \u00fczerindeki <\/i><\/b><a href=\"http:\/\/www.cnnturk.com\/guncel.konular\/ataturk\/489\/index.html\"><b><i>Atat\u00fcrk<\/i><\/b><\/a><b><i> sil\u00fceti, Cumhuriyet ni\u015fanlar\u0131ndaki T.C. k\u0131saltmas\u0131 kald\u0131r\u0131ld\u0131. Liyakat ni\u015fanlar\u0131 da yenilendi.<\/i><\/b><br \/>\nYeni devlet ve Cumhuriyet ni\u015fanlar\u0131 ilk kez Norve\u00e7 Kral\u0131&#8217;n\u0131n ziyareti s\u0131ras\u0131nda g\u00f6r\u00fcnt\u00fclendi.<br \/>\nBakanlar Kurulu&#8217;nun yapt\u0131\u011f\u0131 de\u011fi\u015fiklik ve Cumhurba\u015fkan\u0131&#8217;n\u0131n onay\u0131yla Resmi Gazetede yay\u0131nlanan resmi ni\u015fanlarda de\u011fi\u015fiklik yap\u0131lmas\u0131na ili\u015fkin y\u00f6netmeli\u011fe g\u00f6re ni\u015fanlar\u0131n tasar\u0131m\u0131 de\u011fi\u015fti&#8230;<br \/>\nT\u00fcrkiye ile ili\u015fkilerin geli\u015fmesini sa\u011flayan yabanc\u0131 \u00fclkelerin vatanda\u015flar\u0131na verilen devlet ni\u015fan\u0131n\u0131n eski halinde, \u00f6n y\u00fczde ortada <a href=\"http:\/\/www.cnnturk.com\/guncel.konular\/ataturk\/489\/index.html\">Atat\u00fcrk<\/a> sil\u00fceti, arka y\u00fcz\u00fcnde ise T.C. Devlet ni\u015fan\u0131 yaz\u0131s\u0131 vard\u0131. Ni\u015fan\u0131n yeni g\u00f6r\u00fcn\u00fcm\u00fcnde boyutu b\u00fcy\u00fcd\u00fc, <a href=\"http:\/\/www.cnnturk.com\/guncel.konular\/ataturk\/489\/index.html\">Atat\u00fcrk<\/a> sil\u00fceti ve T.C. K\u0131saltmalar\u0131 \u00e7\u0131kar\u0131ld\u0131, <a href=\"http:\/\/www.cnnturk.com\/guncel.konular\/ay\/362\/index.html\">ay<\/a> y\u0131ld\u0131z motifine a\u011f\u0131rl\u0131k verildi.<br \/>\nT\u00fcrkiye ile ili\u015fkilerin geli\u015ftirilmesine katk\u0131 sa\u011flayan yabanc\u0131 devlet adamlar\u0131na verilen Cumhuriyet ni\u015fan\u0131n\u0131n eski halinde, ni\u015fan \u00fczerinde T\u00fcrkiye Cumhuriyeti k\u0131saltmas\u0131 olan T.C. harfleri yer al\u0131yordu. Yeni ni\u015fanda T\u00fcrkiye Cumhuriyeti&#8217;ni <a href=\"http:\/\/www.cnnturk.com\/guncel.konular\/ay\/362\/index.html\">ay<\/a> y\u0131ld\u0131z sembolize etti, T.C. Harfleri kald\u0131r\u0131ld\u0131. Ni\u015fan\u0131n arka y\u00fcz\u00fcnden de &#8220;T.C. Cumhuriyet Ni\u015fan\u0131&#8221; yaz\u0131s\u0131 kald\u0131r\u0131ld\u0131.<br \/>\nLiyakat Ni\u015fan\u0131 ise T\u00fcrkiye&#8217;nin bilim ya da sanat alanlar\u0131nda yurt d\u0131\u015f\u0131nda tan\u0131t\u0131m\u0131na katk\u0131 sunan yabanc\u0131 \u00fclke vatanda\u015flar\u0131na veriliyor. Bu ni\u015far\u0131n eski halinde kalem ve k\u0131l\u0131\u00e7la fig\u00fcrleri kullan\u0131l\u0131yor, ni\u015fan\u0131n \u00fcst\u00fcnde <a href=\"http:\/\/www.cnnturk.com\/guncel.konular\/ay\/362\/index.html\">ay<\/a> y\u0131ld\u0131z bulunuyordu. Yeni tasar\u0131mda ise <a href=\"http:\/\/www.cnnturk.com\/guncel.konular\/ay\/362\/index.html\">ay<\/a>-y\u0131ld\u0131z ve tarihteki 16 T\u00fcrk devletini temsilen 16 yaprakl\u0131 bir \u00e7i\u00e7ek yer al\u0131yor.<\/p>\n<p style=\"text-align: justify;\"><b><i>http:\/\/www.cnnturk.com\/2013\/guncel\/11\/06\/devlet.nisanindan.t.c.ve.ataturk.kaldirildi\/729902.0\/<\/i><\/b><\/p>\n","protected":false},"excerpt":{"rendered":"<p>T\u00fcrkiye&#8217;nin ni\u015fanlar\u0131nda art\u0131k T.C. k\u0131saltmas\u0131 ve Atat\u00fcrk sil\u00fceti yer almayacak. Madalya ve ni\u015fan y\u00f6netmeli\u011finde yap\u0131lan de\u011fi\u015fiklikle, devlet ni\u015fanlar\u0131 \u00fczerindeki Atat\u00fcrk sil\u00fceti, Cumhuriyet ni\u015fanlar\u0131ndaki T.C. k\u0131saltmas\u0131 kald\u0131r\u0131ld\u0131. Liyakat ni\u015fanlar\u0131 da yenilendi. Yeni devlet ve Cumhuriyet ni\u015fanlar\u0131 ilk kez Norve\u00e7 Kral\u0131&#8217;n\u0131n ziyareti s\u0131ras\u0131nda g\u00f6r\u00fcnt\u00fclendi. Bakanlar Kurulu&#8217;nun yapt\u0131\u011f\u0131 de\u011fi\u015fiklik ve Cumhurba\u015fkan\u0131&#8217;n\u0131n onay\u0131yla Resmi Gazetede yay\u0131nlanan resmi ni\u015fanlarda de\u011fi\u015fiklik [&hellip;]<\/p>\n","protected":false},"author":7,"featured_media":0,"comment_status":"open","ping_status":"open","sticky":false,"template":"","format":"standard","meta":{"footnotes":""},"categories":[1],"tags":[],"class_list":["post-26704","post","type-post","status-publish","format-standard","hentry","category-haberler"],"yoast_head":"<!-- This site is optimized with the Yoast SEO plugin v27.4 - https:\/\/yoast.com\/product\/yoast-seo-wordpress\/ -->\n<title>Devlet ni\u015fan\u0131ndan &quot;T.C.&quot; ve &quot;Atat\u00fcrk&quot; kald\u0131r\u0131ld\u0131 - Bati Ermenistan Ve Bati Ermenileri Sorunlari Ara\u015ftirmalar Merkezi<\/title>\n<meta name=\"robots\" content=\"index, follow, max-snippet:-1, max-image-preview:large, max-video-preview:-1\" \/>\n<link rel=\"canonical\" href=\"https:\/\/akunq.net\/tr\/?p=26704\" \/>\n<meta property=\"og:locale\" content=\"en_US\" \/>\n<meta property=\"og:type\" content=\"article\" \/>\n<meta property=\"og:title\" content=\"Devlet ni\u015fan\u0131ndan &quot;T.C.&quot; ve &quot;Atat\u00fcrk&quot; kald\u0131r\u0131ld\u0131 - Bati Ermenistan Ve Bati Ermenileri Sorunlari Ara\u015ftirmalar Merkezi\" \/>\n<meta property=\"og:description\" content=\"T\u00fcrkiye&#8217;nin ni\u015fanlar\u0131nda art\u0131k T.C. k\u0131saltmas\u0131 ve Atat\u00fcrk sil\u00fceti yer almayacak. Madalya ve ni\u015fan y\u00f6netmeli\u011finde yap\u0131lan de\u011fi\u015fiklikle, devlet ni\u015fanlar\u0131 \u00fczerindeki Atat\u00fcrk sil\u00fceti, Cumhuriyet ni\u015fanlar\u0131ndaki T.C. k\u0131saltmas\u0131 kald\u0131r\u0131ld\u0131. Liyakat ni\u015fanlar\u0131 da yenilendi. Yeni devlet ve Cumhuriyet ni\u015fanlar\u0131 ilk kez Norve\u00e7 Kral\u0131&#8217;n\u0131n ziyareti s\u0131ras\u0131nda g\u00f6r\u00fcnt\u00fclendi. Bakanlar Kurulu&#8217;nun yapt\u0131\u011f\u0131 de\u011fi\u015fiklik ve Cumhurba\u015fkan\u0131&#8217;n\u0131n onay\u0131yla Resmi Gazetede yay\u0131nlanan resmi ni\u015fanlarda de\u011fi\u015fiklik [&hellip;]\" \/>\n<meta property=\"og:url\" content=\"https:\/\/akunq.net\/tr\/?p=26704\" \/>\n<meta property=\"og:site_name\" content=\"Bati Ermenistan Ve Bati Ermenileri Sorunlari Ara\u015ftirmalar Merkezi\" \/>\n<meta property=\"article:published_time\" content=\"2013-11-07T07:49:44+00:00\" \/>\n<meta name=\"author\" content=\"admin\" \/>\n<meta name=\"twitter:card\" content=\"summary_large_image\" \/>\n<meta name=\"twitter:label1\" content=\"Written by\" \/>\n\t<meta name=\"twitter:data1\" content=\"admin\" \/>\n\t<meta name=\"twitter:label2\" content=\"Est. reading time\" \/>\n\t<meta name=\"twitter:data2\" content=\"2 minutes\" \/>\n<script type=\"application\/ld+json\" class=\"yoast-schema-graph\">{\"@context\":\"https:\\\/\\\/schema.org\",\"@graph\":[{\"@type\":\"Article\",\"@id\":\"https:\\\/\\\/akunq.net\\\/tr\\\/?p=26704#article\",\"isPartOf\":{\"@id\":\"https:\\\/\\\/akunq.net\\\/tr\\\/?p=26704\"},\"author\":{\"name\":\"admin\",\"@id\":\"https:\\\/\\\/akunq.net\\\/tr\\\/#\\\/schema\\\/person\\\/096f1d38a12cce57fb855b485ed24c9e\"},\"headline\":\"Devlet ni\u015fan\u0131ndan &#8220;T.C.&#8221; ve &#8220;Atat\u00fcrk&#8221; kald\u0131r\u0131ld\u0131\",\"datePublished\":\"2013-11-07T07:49:44+00:00\",\"mainEntityOfPage\":{\"@id\":\"https:\\\/\\\/akunq.net\\\/tr\\\/?p=26704\"},\"wordCount\":361,\"commentCount\":0,\"articleSection\":[\"Haberler\"],\"inLanguage\":\"en-US\",\"potentialAction\":[{\"@type\":\"CommentAction\",\"name\":\"Comment\",\"target\":[\"https:\\\/\\\/akunq.net\\\/tr\\\/?p=26704#respond\"]}]},{\"@type\":\"WebPage\",\"@id\":\"https:\\\/\\\/akunq.net\\\/tr\\\/?p=26704\",\"url\":\"https:\\\/\\\/akunq.net\\\/tr\\\/?p=26704\",\"name\":\"Devlet ni\u015fan\u0131ndan \\\"T.C.\\\" ve \\\"Atat\u00fcrk\\\" kald\u0131r\u0131ld\u0131 - Bati Ermenistan Ve Bati Ermenileri Sorunlari Ara\u015ftirmalar Merkezi\",\"isPartOf\":{\"@id\":\"https:\\\/\\\/akunq.net\\\/tr\\\/#website\"},\"datePublished\":\"2013-11-07T07:49:44+00:00\",\"author\":{\"@id\":\"https:\\\/\\\/akunq.net\\\/tr\\\/#\\\/schema\\\/person\\\/096f1d38a12cce57fb855b485ed24c9e\"},\"breadcrumb\":{\"@id\":\"https:\\\/\\\/akunq.net\\\/tr\\\/?p=26704#breadcrumb\"},\"inLanguage\":\"en-US\",\"potentialAction\":[{\"@type\":\"ReadAction\",\"target\":[\"https:\\\/\\\/akunq.net\\\/tr\\\/?p=26704\"]}]},{\"@type\":\"BreadcrumbList\",\"@id\":\"https:\\\/\\\/akunq.net\\\/tr\\\/?p=26704#breadcrumb\",\"itemListElement\":[{\"@type\":\"ListItem\",\"position\":1,\"name\":\"Home\",\"item\":\"https:\\\/\\\/akunq.net\\\/tr\"},{\"@type\":\"ListItem\",\"position\":2,\"name\":\"Devlet ni\u015fan\u0131ndan &#8220;T.C.&#8221; ve &#8220;Atat\u00fcrk&#8221; kald\u0131r\u0131ld\u0131\"}]},{\"@type\":\"WebSite\",\"@id\":\"https:\\\/\\\/akunq.net\\\/tr\\\/#website\",\"url\":\"https:\\\/\\\/akunq.net\\\/tr\\\/\",\"name\":\"Bati Ermenistan Ve Bati Ermenileri Sorunlari Ara\u015ftirmalar Merkezi\",\"description\":\"\",\"potentialAction\":[{\"@type\":\"SearchAction\",\"target\":{\"@type\":\"EntryPoint\",\"urlTemplate\":\"https:\\\/\\\/akunq.net\\\/tr\\\/?s={search_term_string}\"},\"query-input\":{\"@type\":\"PropertyValueSpecification\",\"valueRequired\":true,\"valueName\":\"search_term_string\"}}],\"inLanguage\":\"en-US\"},{\"@type\":\"Person\",\"@id\":\"https:\\\/\\\/akunq.net\\\/tr\\\/#\\\/schema\\\/person\\\/096f1d38a12cce57fb855b485ed24c9e\",\"name\":\"admin\",\"url\":\"https:\\\/\\\/akunq.net\\\/tr\\\/?author=7\"}]}<\/script>\n<!-- \/ Yoast SEO plugin. -->","yoast_head_json":{"title":"Devlet ni\u015fan\u0131ndan \"T.C.\" ve \"Atat\u00fcrk\" kald\u0131r\u0131ld\u0131 - Bati Ermenistan Ve Bati Ermenileri Sorunlari Ara\u015ftirmalar Merkezi","robots":{"index":"index","follow":"follow","max-snippet":"max-snippet:-1","max-image-preview":"max-image-preview:large","max-video-preview":"max-video-preview:-1"},"canonical":"https:\/\/akunq.net\/tr\/?p=26704","og_locale":"en_US","og_type":"article","og_title":"Devlet ni\u015fan\u0131ndan \"T.C.\" ve \"Atat\u00fcrk\" kald\u0131r\u0131ld\u0131 - Bati Ermenistan Ve Bati Ermenileri Sorunlari Ara\u015ftirmalar Merkezi","og_description":"T\u00fcrkiye&#8217;nin ni\u015fanlar\u0131nda art\u0131k T.C. k\u0131saltmas\u0131 ve Atat\u00fcrk sil\u00fceti yer almayacak. Madalya ve ni\u015fan y\u00f6netmeli\u011finde yap\u0131lan de\u011fi\u015fiklikle, devlet ni\u015fanlar\u0131 \u00fczerindeki Atat\u00fcrk sil\u00fceti, Cumhuriyet ni\u015fanlar\u0131ndaki T.C. k\u0131saltmas\u0131 kald\u0131r\u0131ld\u0131. Liyakat ni\u015fanlar\u0131 da yenilendi. Yeni devlet ve Cumhuriyet ni\u015fanlar\u0131 ilk kez Norve\u00e7 Kral\u0131&#8217;n\u0131n ziyareti s\u0131ras\u0131nda g\u00f6r\u00fcnt\u00fclendi. Bakanlar Kurulu&#8217;nun yapt\u0131\u011f\u0131 de\u011fi\u015fiklik ve Cumhurba\u015fkan\u0131&#8217;n\u0131n onay\u0131yla Resmi Gazetede yay\u0131nlanan resmi ni\u015fanlarda de\u011fi\u015fiklik [&hellip;]","og_url":"https:\/\/akunq.net\/tr\/?p=26704","og_site_name":"Bati Ermenistan Ve Bati Ermenileri Sorunlari Ara\u015ftirmalar Merkezi","article_published_time":"2013-11-07T07:49:44+00:00","author":"admin","twitter_card":"summary_large_image","twitter_misc":{"Written by":"admin","Est. reading time":"2 minutes"},"schema":{"@context":"https:\/\/schema.org","@graph":[{"@type":"Article","@id":"https:\/\/akunq.net\/tr\/?p=26704#article","isPartOf":{"@id":"https:\/\/akunq.net\/tr\/?p=26704"},"author":{"name":"admin","@id":"https:\/\/akunq.net\/tr\/#\/schema\/person\/096f1d38a12cce57fb855b485ed24c9e"},"headline":"Devlet ni\u015fan\u0131ndan &#8220;T.C.&#8221; ve &#8220;Atat\u00fcrk&#8221; kald\u0131r\u0131ld\u0131","datePublished":"2013-11-07T07:49:44+00:00","mainEntityOfPage":{"@id":"https:\/\/akunq.net\/tr\/?p=26704"},"wordCount":361,"commentCount":0,"articleSection":["Haberler"],"inLanguage":"en-US","potentialAction":[{"@type":"CommentAction","name":"Comment","target":["https:\/\/akunq.net\/tr\/?p=26704#respond"]}]},{"@type":"WebPage","@id":"https:\/\/akunq.net\/tr\/?p=26704","url":"https:\/\/akunq.net\/tr\/?p=26704","name":"Devlet ni\u015fan\u0131ndan \"T.C.\" ve \"Atat\u00fcrk\" kald\u0131r\u0131ld\u0131 - Bati Ermenistan Ve Bati Ermenileri Sorunlari Ara\u015ftirmalar Merkezi","isPartOf":{"@id":"https:\/\/akunq.net\/tr\/#website"},"datePublished":"2013-11-07T07:49:44+00:00","author":{"@id":"https:\/\/akunq.net\/tr\/#\/schema\/person\/096f1d38a12cce57fb855b485ed24c9e"},"breadcrumb":{"@id":"https:\/\/akunq.net\/tr\/?p=26704#breadcrumb"},"inLanguage":"en-US","potentialAction":[{"@type":"ReadAction","target":["https:\/\/akunq.net\/tr\/?p=26704"]}]},{"@type":"BreadcrumbList","@id":"https:\/\/akunq.net\/tr\/?p=26704#breadcrumb","itemListElement":[{"@type":"ListItem","position":1,"name":"Home","item":"https:\/\/akunq.net\/tr"},{"@type":"ListItem","position":2,"name":"Devlet ni\u015fan\u0131ndan &#8220;T.C.&#8221; ve &#8220;Atat\u00fcrk&#8221; kald\u0131r\u0131ld\u0131"}]},{"@type":"WebSite","@id":"https:\/\/akunq.net\/tr\/#website","url":"https:\/\/akunq.net\/tr\/","name":"Bati Ermenistan Ve Bati Ermenileri Sorunlari Ara\u015ftirmalar Merkezi","description":"","potentialAction":[{"@type":"SearchAction","target":{"@type":"EntryPoint","urlTemplate":"https:\/\/akunq.net\/tr\/?s={search_term_string}"},"query-input":{"@type":"PropertyValueSpecification","valueRequired":true,"valueName":"search_term_string"}}],"inLanguage":"en-US"},{"@type":"Person","@id":"https:\/\/akunq.net\/tr\/#\/schema\/person\/096f1d38a12cce57fb855b485ed24c9e","name":"admin","url":"https:\/\/akunq.net\/tr\/?author=7"}]}},"_links":{"self":[{"href":"https:\/\/akunq.net\/tr\/index.php?rest_route=\/wp\/v2\/posts\/26704","targetHints":{"allow":["GET"]}}],"collection":[{"href":"https:\/\/akunq.net\/tr\/index.php?rest_route=\/wp\/v2\/posts"}],"about":[{"href":"https:\/\/akunq.net\/tr\/index.php?rest_route=\/wp\/v2\/types\/post"}],"author":[{"embeddable":true,"href":"https:\/\/akunq.net\/tr\/index.php?rest_route=\/wp\/v2\/users\/7"}],"replies":[{"embeddable":true,"href":"https:\/\/akunq.net\/tr\/index.php?rest_route=%2Fwp%2Fv2%2Fcomments&post=26704"}],"version-history":[{"count":1,"href":"https:\/\/akunq.net\/tr\/index.php?rest_route=\/wp\/v2\/posts\/26704\/revisions"}],"predecessor-version":[{"id":26706,"href":"https:\/\/akunq.net\/tr\/index.php?rest_route=\/wp\/v2\/posts\/26704\/revisions\/26706"}],"wp:attachment":[{"href":"https:\/\/akunq.net\/tr\/index.php?rest_route=%2Fwp%2Fv2%2Fmedia&parent=26704"}],"wp:term":[{"taxonomy":"category","embeddable":true,"href":"https:\/\/akunq.net\/tr\/index.php?rest_route=%2Fwp%2Fv2%2Fcategories&post=26704"},{"taxonomy":"post_tag","embeddable":true,"href":"https:\/\/akunq.net\/tr\/index.php?rest_route=%2Fwp%2Fv2%2Ftags&post=26704"}],"curies":[{"name":"wp","href":"https:\/\/api.w.org\/{rel}","templated":true}]}}