{"id":26689,"date":"2013-11-07T01:56:43","date_gmt":"2013-11-07T06:56:43","guid":{"rendered":"http:\/\/akunq.net\/tr\/?p=26689"},"modified":"2013-11-07T01:56:43","modified_gmt":"2013-11-07T06:56:43","slug":"2014-yili-butcesi-plan-ve-butce-komisyonunda","status":"publish","type":"post","link":"https:\/\/akunq.net\/tr\/?p=26689","title":{"rendered":"2014 Y\u0131l\u0131 B\u00fct\u00e7esi Plan ve B\u00fct\u00e7e Komisyonu&#8217;nda"},"content":{"rendered":"<p style=\"text-align: justify;\"><b><i><a href=\"http:\/\/akunq.net\/tr\/wp-content\/uploads\/2013\/11\/Ba\u015fbakan-Yard\u0131mc\u0131s\u0131-Ar\u0131n\u00e7.jpg\"><img loading=\"lazy\" decoding=\"async\" class=\"alignright size-medium wp-image-26690\" alt=\"Ba\u015fbakan Yard\u0131mc\u0131s\u0131 Ar\u0131n\u00e7\" src=\"http:\/\/akunq.net\/tr\/wp-content\/uploads\/2013\/11\/Ba\u015fbakan-Yard\u0131mc\u0131s\u0131-Ar\u0131n\u00e7-300x155.jpg\" width=\"300\" height=\"155\" srcset=\"https:\/\/akunq.net\/tr\/wp-content\/uploads\/sites\/6\/2013\/11\/Ba\u015fbakan-Yard\u0131mc\u0131s\u0131-Ar\u0131n\u00e7-300x155.jpg 300w, https:\/\/akunq.net\/tr\/wp-content\/uploads\/sites\/6\/2013\/11\/Ba\u015fbakan-Yard\u0131mc\u0131s\u0131-Ar\u0131n\u00e7-600x311.jpg 600w, https:\/\/akunq.net\/tr\/wp-content\/uploads\/sites\/6\/2013\/11\/Ba\u015fbakan-Yard\u0131mc\u0131s\u0131-Ar\u0131n\u00e7.jpg 622w\" sizes=\"auto, (max-width: 300px) 100vw, 300px\" \/><\/a>Ba\u015fbakanYard\u0131mc\u0131s\u0131 B\u00fclent Ar\u0131n\u00e7, Ermeni soyk\u0131r\u0131m\u0131 iddialar\u0131na kar\u015f\u0131 b\u00fct\u00fcn d\u00fcnya \u00fclkelerini kamu diplomasisi a\u00e7\u0131s\u0131ndan etkileyebilecek \u00e7ok \u00f6zel \u00e7al\u0131\u015fmalar yapt\u0131klar\u0131n\u0131, Ba\u015fbakanl\u0131kta bir kurumun yaln\u0131zca bu i\u015fle ilgilendi\u011fini s\u00f6yledi.<\/i><\/b><\/p>\n<p style=\"text-align: justify;\">TBMM Plan ve B\u00fct\u00e7e Komisyonu&#8217;nda, Bas\u0131n Yay\u0131n ve Enformasyon Genel M\u00fcd\u00fcrl\u00fc\u011f\u00fc, Vak\u0131flar Genel M\u00fcd\u00fcrl\u00fc\u011f\u00fc, Atat\u00fcrk K\u00fclt\u00fcr, Dil ve Tarih Y\u00fcksek Kurumu, Atat\u00fcrk Ara\u015ft\u0131rma Merkezi, Atat\u00fcrk K\u00fclt\u00fcr Merkezi, T\u00fcrk Dil Kurumu, T\u00fcrk Tarih Kurumu, Radyo ve Televizyon \u00dcst Kurulu&#8217;nun 2014 Y\u0131l\u0131 B\u00fct\u00e7e Kanunu Tasar\u0131s\u0131 ile 2012 Y\u0131l\u0131 Kesinhesap Kanunu Tasar\u0131s\u0131 kabul edildi.<\/p>\n<p style=\"text-align: justify;\">Tasar\u0131 \u00fczerindeki g\u00f6r\u00fc\u015fmelerde milletvekillerinin sorular\u0131n\u0131 yan\u0131tlayan Ar\u0131n\u00e7, kendisine y\u00f6neltilen s\u00f6zl\u00fc ve yaz\u0131l\u0131 soru \u00f6nergelerinin yan\u0131tlar\u0131n\u0131 verdi\u011fini, bu konuda bir \u015fikayet olmamas\u0131 gerekti\u011fini s\u00f6yledi.<\/p>\n<p style=\"text-align: justify;\">Ancak son zamanlarda milletvekilleri aras\u0131ndaki sayg\u0131 ili\u015fkilerinde b\u00fcy\u00fck bir yozlanma g\u00f6rd\u00fc\u011f\u00fcn\u00fc ifade eden Ar\u0131n\u00e7, &#8220;K\u00fcrs\u00fcye \u00e7\u0131kan arkada\u015flar\u0131m\u0131z\u0131n &#8216;say\u0131n&#8217; ifadesini kullanarak s\u00f6ze ba\u015flamas\u0131 ne kadar do\u011fru ve sayg\u0131 ifade ediyorsa yaz\u0131l\u0131 ve s\u00f6zl\u00fc sorularda da Bakana hitaben &#8216;say\u0131n&#8217; kelimesinin kullan\u0131lmas\u0131 gerekir. Ben, kullan\u0131ld\u0131\u011f\u0131 inanc\u0131yla cevaplar\u0131mda &#8216;say\u0131n&#8217; ifadesini kullan\u0131yorum. Ama bir de bakt\u0131k ki &#8216;B\u00fclent Ar\u0131n\u00e7.&#8217; Kusura bakmas\u0131nlar, ben de cevaplar\u0131mda &#8216;say\u0131n&#8217; kelimesini kald\u0131rd\u0131m&#8221; diye konu\u015ftu.<\/p>\n<p style=\"text-align: justify;\">TDK&#8217;ya y\u00f6nelik ele\u015ftirileri yan\u0131tlayan Ar\u0131n\u00e7, &#8220;(Biz T\u00fcrk dilini b\u00fct\u00fcn yabanc\u0131 etkilerden ar\u0131nd\u0131ral\u0131m) dersek, hepimizin isminin Arap\u00e7a ya da Fars\u00e7a oldu\u011funu s\u00f6yleyebiliriz. Biz \u00f6yle bir medeniyetiz ki her dilden alm\u0131\u015f\u0131z, \u00f6z\u00fcmsemi\u015fiz g\u00fczel bir dil olarak kelime haznemizi zenginle\u015ftirmi\u015fiz&#8221; dedi.\u00a0<\/p>\n<p style=\"text-align: justify;\">Heybeliada Ruhban Okulu ile ilgili tart\u0131\u015fmalara de\u011finen Ar\u0131n\u00e7, okulun 1840 y\u0131l\u0131nda a\u00e7\u0131ld\u0131\u011f\u0131n\u0131, 1971 y\u0131l\u0131na kadar faaliyetini s\u00fcrd\u00fcrd\u00fc\u011f\u00fcn\u00fc, Anayasa Mahkemesi karar\u0131yla kapat\u0131ld\u0131\u011f\u0131n\u0131 an\u0131msatt\u0131.\u00a0<\/p>\n<p style=\"text-align: justify;\">Anayasa Mahkemesi karar\u0131r\u0131n\u0131n, okulun \u00fc\u00e7 y\u0131ll\u0131k teoloji e\u011fitimi veren k\u0131sm\u0131 ile ilgili oldu\u011funu belirten Ar\u0131n\u00e7, ancak lise k\u0131sm\u0131n\u0131 da kendilerinin, &#8216;bu durumda e\u011fitim yapamay\u0131z&#8217; d\u00fc\u015f\u00fcncesiyle kapatmak zorunda kald\u0131klar\u0131n\u0131 hat\u0131rlatt\u0131.\u00a0<\/p>\n<p style=\"text-align: justify;\">Okulun yeniden e\u011fitime a\u00e7\u0131lmas\u0131 konusunda yasal engel olmad\u0131\u011f\u0131n\u0131 anlatan Ar\u0131n\u00e7, &#8220;Bu bir siyasi iradedir. A\u00e7\u0131lmas\u0131 gerekiyorsa a\u00e7\u0131l\u0131r, a\u00e7\u0131lmamas\u0131 gerekiyorsa, baz\u0131 engeller varsa a\u00e7\u0131lmaz. Din mensuplar\u0131, kendi din adamlar\u0131n\u0131 yeti\u015ftirmek i\u00e7in b\u00f6yle bir ihtiya\u00e7 duyuyorlarsa bunu kar\u015f\u0131lamak her h\u00fck\u00fcmetin g\u00f6revidir. Anayasa Mahkemesi&#8217;nin karar\u0131n\u0131 yeniden \u00f6n\u00fcm\u00fcze koyarak, pozitif d\u00fc\u015f\u00fcnmek suretiyle bu okulun e\u011fitime a\u00e7\u0131lmas\u0131 bence m\u00fcmk\u00fcnd\u00fcr&#8221; diye konu\u015ftu.<\/p>\n<p style=\"text-align: justify;\"><b>-&#8220;\u00c7ok \u00f6zel \u00e7al\u0131\u015fmalar yap\u0131yoruz&#8221;<\/b><\/p>\n<p style=\"text-align: justify;\">Tutuklu gazeteciler konusuna de\u011finen Ar\u0131n\u00e7, Uluslararas\u0131 Gazetecileri Koruma Komitesi&#8217;nin raporunda ismi ge\u00e7en ki\u015filerin ili\u015fkilendirildi\u011fi \u00f6rg\u00fctleri s\u0131ralad\u0131. Ar\u0131n\u00e7, 33 ki\u015finin PKK-KCK, 8 ki\u015finin Ergenekon, 4 ki\u015finin Marksist-Leninist Kom\u00fcnist Parti, 3 ki\u015finin T\u0130KKO, 7 ki\u015fin DHKP-C, bir ki\u015finin de \u0130BDA-C ter\u00f6r \u00f6rg\u00fctleriyle ili\u015fkilendirildi\u011fini belirtti. Ar\u0131n\u00e7, bu ki\u015filerin, gazetecilik mesle\u011fini ifa etmek gibi bir y\u00f6n\u00fcn\u00fcn olmad\u0131\u011f\u0131n\u0131 dile getirdi.<\/p>\n<p style=\"text-align: justify;\">Ar\u0131n\u00e7, K\u0131br\u0131s&#8217;taki vak\u0131f ta\u015f\u0131nmazlar\u0131na ili\u015fkin soruyu yan\u0131tlarken, &#8220;G\u00fcney K\u0131br\u0131s Rum kesiminde kalan y\u00fczlerce vak\u0131f oldu\u011funu biliyoruz. K\u0131br\u0131s&#8217;\u0131n b\u00fct\u00fcn\u00fc dikkate alarak kay\u0131tlar da \u00e7\u0131kar\u0131ld\u0131. Ger\u00e7ekten ciddi anlamda vak\u0131f zenginli\u011fi var. Ben, g\u00fcneyde kalan vak\u0131f varl\u0131klar\u0131m\u0131z\u0131n A\u0130HM&#8217;de dava konusu edilmesini s\u00f6yledim ama bug\u00fcne kadar dava a\u00e7\u0131lmad\u0131. Dilerim ki a\u00e7arlar ve kazanma ihtimalleri de \u00e7ok y\u00fcksek&#8221; dedi.<\/p>\n<p style=\"text-align: justify;\">B\u00fclent Ar\u0131n\u00e7, Ermeni soyk\u0131r\u0131m\u0131 iddialar\u0131na kar\u015f\u0131 ciddi \u00e7al\u0131\u015fmalar\u0131n\u0131n oldu\u011funu ifade etti. Ar\u0131n\u00e7, b\u00fct\u00fcn d\u00fcnya \u00fclkelerini kamu diplomasisi a\u00e7\u0131s\u0131ndan etkileyebilecek \u00e7ok \u00f6zel \u00e7al\u0131\u015fmalar yapt\u0131klar\u0131n\u0131, Ba\u015fbakanl\u0131kta bir kurumun yaln\u0131zca bu i\u015fle ilgilendi\u011fini ifade etti.\u00a0<\/p>\n<p style=\"text-align: justify;\">Ar\u0131n\u00e7, CHP \u0130stanbul Milletvekili Melda Onur&#8217;un &#8220;Ba\u015fbakan Recep Tayyip Erdo\u011fan&#8217;\u0131n iki y\u0131l \u00f6nce bahsetti\u011fi cinsel tacizci gazetecinin kim oldu\u011fu&#8221; sorusuna, &#8220;\u0130nan\u0131n ben bilmiyorum. Ama cinsel taciz iddias\u0131yla hakk\u0131nda fezleke tanzim edilen milletvekilinin kim oldu\u011funu biliyorum&#8221; yan\u0131t\u0131n\u0131 verdi.<\/p>\n<p style=\"text-align: justify;\">Ar\u0131n\u00e7, ba\u015fka bir soruyu yan\u0131tlarken, T\u00fcrk Tarih Kurumu Ba\u015fkan\u0131&#8217;n\u0131n bir gazetede iki sayfa olarak yay\u0131mlanan demecini okudu\u011funu ve bunu tasvip etmedi\u011fini belirterek, &#8220;Kendisi iyi bir bilim adam\u0131 ama siyasi konularda, \u00f6zellikle T\u00fcrkiye&#8217;nin de ili\u015fkide bulundu\u011fu \u00fclkeleri de rahats\u0131z edecek baz\u0131 \u015feyler s\u00f6ylemesi uygun de\u011fil. Yaz\u0131 yay\u0131mland\u0131ktan sonra, acaba baz\u0131 \u00fclkeler bu yaz\u0131 dolay\u0131s\u0131yla T\u00fcrkiye&#8217;ye kar\u015f\u0131 herhangi bir protestoda bulunabilir mi diye korktum&#8221; diye konu\u015ftu.<\/p>\n<p style=\"text-align: justify;\">B\u00fclent Ar\u0131n\u00e7, Halk TV ve Ulusal TV kanallar\u0131na uygulanan cezalar\u0131n Gezi Park\u0131 eylemleriyle ilgili olmad\u0131\u011f\u0131n\u0131, yay\u0131n kurulu\u015flar\u0131na Gezi Park\u0131 eylemlerini yay\u0131nlad\u0131klar\u0131 gerek\u00e7esiyle herhangi bir m\u00fceyyide uygulanmad\u0131\u011f\u0131n\u0131 belirtti.\u00a0<\/p>\n<p style=\"text-align: justify;\">Ar\u0131n\u00e7, s\u00f6z konusu kanallara, ki\u015filere y\u00f6nelik a\u011f\u0131r hakaret i\u00e7eren ifadeler kullan\u0131lmas\u0131 nedeniyle ceza uyguland\u0131\u011f\u0131n\u0131 s\u00f6yledi.<\/p>\n<p style=\"text-align: justify;\"><b>-&#8220;Bu d\u00fc\u015f\u00fcncemi halen muhafaza ediyorum&#8221;<\/b><\/p>\n<p style=\"text-align: justify;\">Ar\u0131n\u00e7, 2006 y\u0131l\u0131nda yapt\u0131\u011f\u0131 bir konu\u015fmada, &#8220;Ger\u00e7ek laik bir \u00fclkede Diyanet \u0130\u015fleri Ba\u015fkanl\u0131\u011f\u0131 olmaz, gerekirse kald\u0131r\u0131lmal\u0131&#8221; ifadesinin an\u0131msat\u0131lmas\u0131 \u00fczerine, &#8220;Bu benim tamamen \u015fahsi d\u00fc\u015f\u00fcncemdir. Bu d\u00fc\u015f\u00fcncemi halen muhafaza ediyorum. Ama anayasada ifadesini bulan Diyanet \u0130\u015fleri Ba\u015fkanl\u0131\u011f\u0131, b\u00fct\u00fcn partiler taraf\u0131ndan, hi\u00e7bir zaman de\u011fi\u015ftirilmesi g\u00fcndeme getirilmeyen bir maddedir. H\u00fck\u00fcmetimiz de bu maddenin bug\u00fcne kadar kalmas\u0131n\u0131 do\u011fru bulmu\u015ftur. Benim \u015fahsi d\u00fc\u015f\u00fcncelerimin bu konuda \u00e7ok fazla ge\u00e7erlili\u011fi yoktur&#8221; dedi.<\/p>\n<p style=\"text-align: justify;\">B\u00fclent Ar\u0131n\u00e7, &#8220;Tosun Pa\u015fa&#8221; filminin sans\u00fcrlendi\u011fine ili\u015fkin soruya verdi\u011fi yan\u0131tta, &#8220;TRT orada 4 dakikal\u0131 bir kesinti yapm\u0131\u015f. B\u00f6ylesine Oscar&#8217;a aday bir filmden kesinti yapmak b\u00fcy\u00fck bir su\u00e7 ama ne yapal\u0131m ki yapm\u0131\u015flar. Demek ki hamam sahnelerinin do\u011fru olmad\u0131\u011f\u0131n\u0131 d\u00fc\u015f\u00fcnm\u00fc\u015fler. Bug\u00fcn eldeki kadehe, a\u011f\u0131zdaki sigaraya buzlama yapt\u0131\u011f\u0131m\u0131za g\u00f6re&#8230; Bu filmi bu kadar sevdi\u011finizi hi\u00e7 tahmin etmiyordum&#8221; diye konu\u015ftu.<\/p>\n<p style=\"text-align: justify;\"><b><i>http:\/\/www.haberler.com\/2014-yili-butcesi-plan-ve-butce-komisyonu-nda-5267261-haberi\/<\/i><\/b><\/p>\n","protected":false},"excerpt":{"rendered":"<p>Ba\u015fbakanYard\u0131mc\u0131s\u0131 B\u00fclent Ar\u0131n\u00e7, Ermeni soyk\u0131r\u0131m\u0131 iddialar\u0131na kar\u015f\u0131 b\u00fct\u00fcn d\u00fcnya \u00fclkelerini kamu diplomasisi a\u00e7\u0131s\u0131ndan etkileyebilecek \u00e7ok \u00f6zel \u00e7al\u0131\u015fmalar yapt\u0131klar\u0131n\u0131, Ba\u015fbakanl\u0131kta bir kurumun yaln\u0131zca bu i\u015fle ilgilendi\u011fini s\u00f6yledi. TBMM Plan ve B\u00fct\u00e7e Komisyonu&#8217;nda, Bas\u0131n Yay\u0131n ve Enformasyon Genel M\u00fcd\u00fcrl\u00fc\u011f\u00fc, Vak\u0131flar Genel M\u00fcd\u00fcrl\u00fc\u011f\u00fc, Atat\u00fcrk K\u00fclt\u00fcr, Dil ve Tarih Y\u00fcksek Kurumu, Atat\u00fcrk Ara\u015ft\u0131rma Merkezi, Atat\u00fcrk K\u00fclt\u00fcr Merkezi, T\u00fcrk Dil [&hellip;]<\/p>\n","protected":false},"author":7,"featured_media":0,"comment_status":"open","ping_status":"open","sticky":false,"template":"","format":"standard","meta":{"footnotes":""},"categories":[1],"tags":[],"class_list":["post-26689","post","type-post","status-publish","format-standard","hentry","category-haberler"],"yoast_head":"<!-- This site is optimized with the Yoast SEO plugin v27.4 - https:\/\/yoast.com\/product\/yoast-seo-wordpress\/ -->\n<title>2014 Y\u0131l\u0131 B\u00fct\u00e7esi Plan ve B\u00fct\u00e7e Komisyonu&#039;nda - Bati Ermenistan Ve Bati Ermenileri Sorunlari Ara\u015ftirmalar Merkezi<\/title>\n<meta name=\"robots\" content=\"index, follow, max-snippet:-1, max-image-preview:large, max-video-preview:-1\" \/>\n<link rel=\"canonical\" href=\"https:\/\/akunq.net\/tr\/?p=26689\" \/>\n<meta property=\"og:locale\" content=\"en_US\" \/>\n<meta property=\"og:type\" content=\"article\" \/>\n<meta property=\"og:title\" content=\"2014 Y\u0131l\u0131 B\u00fct\u00e7esi Plan ve B\u00fct\u00e7e Komisyonu&#039;nda - Bati Ermenistan Ve Bati Ermenileri Sorunlari Ara\u015ftirmalar Merkezi\" \/>\n<meta property=\"og:description\" content=\"Ba\u015fbakanYard\u0131mc\u0131s\u0131 B\u00fclent Ar\u0131n\u00e7, Ermeni soyk\u0131r\u0131m\u0131 iddialar\u0131na kar\u015f\u0131 b\u00fct\u00fcn d\u00fcnya \u00fclkelerini kamu diplomasisi a\u00e7\u0131s\u0131ndan etkileyebilecek \u00e7ok \u00f6zel \u00e7al\u0131\u015fmalar yapt\u0131klar\u0131n\u0131, Ba\u015fbakanl\u0131kta bir kurumun yaln\u0131zca bu i\u015fle ilgilendi\u011fini s\u00f6yledi. TBMM Plan ve B\u00fct\u00e7e Komisyonu&#8217;nda, Bas\u0131n Yay\u0131n ve Enformasyon Genel M\u00fcd\u00fcrl\u00fc\u011f\u00fc, Vak\u0131flar Genel M\u00fcd\u00fcrl\u00fc\u011f\u00fc, Atat\u00fcrk K\u00fclt\u00fcr, Dil ve Tarih Y\u00fcksek Kurumu, Atat\u00fcrk Ara\u015ft\u0131rma Merkezi, Atat\u00fcrk K\u00fclt\u00fcr Merkezi, T\u00fcrk Dil [&hellip;]\" \/>\n<meta property=\"og:url\" content=\"https:\/\/akunq.net\/tr\/?p=26689\" \/>\n<meta property=\"og:site_name\" content=\"Bati Ermenistan Ve Bati Ermenileri Sorunlari Ara\u015ftirmalar Merkezi\" \/>\n<meta property=\"article:published_time\" content=\"2013-11-07T06:56:43+00:00\" \/>\n<meta name=\"author\" content=\"admin\" \/>\n<meta name=\"twitter:card\" content=\"summary_large_image\" \/>\n<meta name=\"twitter:label1\" content=\"Written by\" \/>\n\t<meta name=\"twitter:data1\" content=\"admin\" \/>\n\t<meta name=\"twitter:label2\" content=\"Est. reading time\" \/>\n\t<meta name=\"twitter:data2\" content=\"5 minutes\" \/>\n<script type=\"application\/ld+json\" class=\"yoast-schema-graph\">{\"@context\":\"https:\\\/\\\/schema.org\",\"@graph\":[{\"@type\":\"Article\",\"@id\":\"https:\\\/\\\/akunq.net\\\/tr\\\/?p=26689#article\",\"isPartOf\":{\"@id\":\"https:\\\/\\\/akunq.net\\\/tr\\\/?p=26689\"},\"author\":{\"name\":\"admin\",\"@id\":\"https:\\\/\\\/akunq.net\\\/tr\\\/#\\\/schema\\\/person\\\/096f1d38a12cce57fb855b485ed24c9e\"},\"headline\":\"2014 Y\u0131l\u0131 B\u00fct\u00e7esi Plan ve B\u00fct\u00e7e Komisyonu&#8217;nda\",\"datePublished\":\"2013-11-07T06:56:43+00:00\",\"mainEntityOfPage\":{\"@id\":\"https:\\\/\\\/akunq.net\\\/tr\\\/?p=26689\"},\"wordCount\":1109,\"commentCount\":0,\"articleSection\":[\"Haberler\"],\"inLanguage\":\"en-US\",\"potentialAction\":[{\"@type\":\"CommentAction\",\"name\":\"Comment\",\"target\":[\"https:\\\/\\\/akunq.net\\\/tr\\\/?p=26689#respond\"]}]},{\"@type\":\"WebPage\",\"@id\":\"https:\\\/\\\/akunq.net\\\/tr\\\/?p=26689\",\"url\":\"https:\\\/\\\/akunq.net\\\/tr\\\/?p=26689\",\"name\":\"2014 Y\u0131l\u0131 B\u00fct\u00e7esi Plan ve B\u00fct\u00e7e Komisyonu'nda - Bati Ermenistan Ve Bati Ermenileri Sorunlari Ara\u015ftirmalar Merkezi\",\"isPartOf\":{\"@id\":\"https:\\\/\\\/akunq.net\\\/tr\\\/#website\"},\"datePublished\":\"2013-11-07T06:56:43+00:00\",\"author\":{\"@id\":\"https:\\\/\\\/akunq.net\\\/tr\\\/#\\\/schema\\\/person\\\/096f1d38a12cce57fb855b485ed24c9e\"},\"breadcrumb\":{\"@id\":\"https:\\\/\\\/akunq.net\\\/tr\\\/?p=26689#breadcrumb\"},\"inLanguage\":\"en-US\",\"potentialAction\":[{\"@type\":\"ReadAction\",\"target\":[\"https:\\\/\\\/akunq.net\\\/tr\\\/?p=26689\"]}]},{\"@type\":\"BreadcrumbList\",\"@id\":\"https:\\\/\\\/akunq.net\\\/tr\\\/?p=26689#breadcrumb\",\"itemListElement\":[{\"@type\":\"ListItem\",\"position\":1,\"name\":\"Home\",\"item\":\"https:\\\/\\\/akunq.net\\\/tr\"},{\"@type\":\"ListItem\",\"position\":2,\"name\":\"2014 Y\u0131l\u0131 B\u00fct\u00e7esi Plan ve B\u00fct\u00e7e Komisyonu&#8217;nda\"}]},{\"@type\":\"WebSite\",\"@id\":\"https:\\\/\\\/akunq.net\\\/tr\\\/#website\",\"url\":\"https:\\\/\\\/akunq.net\\\/tr\\\/\",\"name\":\"Bati Ermenistan Ve Bati Ermenileri Sorunlari Ara\u015ftirmalar Merkezi\",\"description\":\"\",\"potentialAction\":[{\"@type\":\"SearchAction\",\"target\":{\"@type\":\"EntryPoint\",\"urlTemplate\":\"https:\\\/\\\/akunq.net\\\/tr\\\/?s={search_term_string}\"},\"query-input\":{\"@type\":\"PropertyValueSpecification\",\"valueRequired\":true,\"valueName\":\"search_term_string\"}}],\"inLanguage\":\"en-US\"},{\"@type\":\"Person\",\"@id\":\"https:\\\/\\\/akunq.net\\\/tr\\\/#\\\/schema\\\/person\\\/096f1d38a12cce57fb855b485ed24c9e\",\"name\":\"admin\",\"url\":\"https:\\\/\\\/akunq.net\\\/tr\\\/?author=7\"}]}<\/script>\n<!-- \/ Yoast SEO plugin. -->","yoast_head_json":{"title":"2014 Y\u0131l\u0131 B\u00fct\u00e7esi Plan ve B\u00fct\u00e7e Komisyonu'nda - Bati Ermenistan Ve Bati Ermenileri Sorunlari Ara\u015ftirmalar Merkezi","robots":{"index":"index","follow":"follow","max-snippet":"max-snippet:-1","max-image-preview":"max-image-preview:large","max-video-preview":"max-video-preview:-1"},"canonical":"https:\/\/akunq.net\/tr\/?p=26689","og_locale":"en_US","og_type":"article","og_title":"2014 Y\u0131l\u0131 B\u00fct\u00e7esi Plan ve B\u00fct\u00e7e Komisyonu'nda - Bati Ermenistan Ve Bati Ermenileri Sorunlari Ara\u015ftirmalar Merkezi","og_description":"Ba\u015fbakanYard\u0131mc\u0131s\u0131 B\u00fclent Ar\u0131n\u00e7, Ermeni soyk\u0131r\u0131m\u0131 iddialar\u0131na kar\u015f\u0131 b\u00fct\u00fcn d\u00fcnya \u00fclkelerini kamu diplomasisi a\u00e7\u0131s\u0131ndan etkileyebilecek \u00e7ok \u00f6zel \u00e7al\u0131\u015fmalar yapt\u0131klar\u0131n\u0131, Ba\u015fbakanl\u0131kta bir kurumun yaln\u0131zca bu i\u015fle ilgilendi\u011fini s\u00f6yledi. TBMM Plan ve B\u00fct\u00e7e Komisyonu&#8217;nda, Bas\u0131n Yay\u0131n ve Enformasyon Genel M\u00fcd\u00fcrl\u00fc\u011f\u00fc, Vak\u0131flar Genel M\u00fcd\u00fcrl\u00fc\u011f\u00fc, Atat\u00fcrk K\u00fclt\u00fcr, Dil ve Tarih Y\u00fcksek Kurumu, Atat\u00fcrk Ara\u015ft\u0131rma Merkezi, Atat\u00fcrk K\u00fclt\u00fcr Merkezi, T\u00fcrk Dil [&hellip;]","og_url":"https:\/\/akunq.net\/tr\/?p=26689","og_site_name":"Bati Ermenistan Ve Bati Ermenileri Sorunlari Ara\u015ftirmalar Merkezi","article_published_time":"2013-11-07T06:56:43+00:00","author":"admin","twitter_card":"summary_large_image","twitter_misc":{"Written by":"admin","Est. reading time":"5 minutes"},"schema":{"@context":"https:\/\/schema.org","@graph":[{"@type":"Article","@id":"https:\/\/akunq.net\/tr\/?p=26689#article","isPartOf":{"@id":"https:\/\/akunq.net\/tr\/?p=26689"},"author":{"name":"admin","@id":"https:\/\/akunq.net\/tr\/#\/schema\/person\/096f1d38a12cce57fb855b485ed24c9e"},"headline":"2014 Y\u0131l\u0131 B\u00fct\u00e7esi Plan ve B\u00fct\u00e7e Komisyonu&#8217;nda","datePublished":"2013-11-07T06:56:43+00:00","mainEntityOfPage":{"@id":"https:\/\/akunq.net\/tr\/?p=26689"},"wordCount":1109,"commentCount":0,"articleSection":["Haberler"],"inLanguage":"en-US","potentialAction":[{"@type":"CommentAction","name":"Comment","target":["https:\/\/akunq.net\/tr\/?p=26689#respond"]}]},{"@type":"WebPage","@id":"https:\/\/akunq.net\/tr\/?p=26689","url":"https:\/\/akunq.net\/tr\/?p=26689","name":"2014 Y\u0131l\u0131 B\u00fct\u00e7esi Plan ve B\u00fct\u00e7e Komisyonu'nda - Bati Ermenistan Ve Bati Ermenileri Sorunlari Ara\u015ftirmalar Merkezi","isPartOf":{"@id":"https:\/\/akunq.net\/tr\/#website"},"datePublished":"2013-11-07T06:56:43+00:00","author":{"@id":"https:\/\/akunq.net\/tr\/#\/schema\/person\/096f1d38a12cce57fb855b485ed24c9e"},"breadcrumb":{"@id":"https:\/\/akunq.net\/tr\/?p=26689#breadcrumb"},"inLanguage":"en-US","potentialAction":[{"@type":"ReadAction","target":["https:\/\/akunq.net\/tr\/?p=26689"]}]},{"@type":"BreadcrumbList","@id":"https:\/\/akunq.net\/tr\/?p=26689#breadcrumb","itemListElement":[{"@type":"ListItem","position":1,"name":"Home","item":"https:\/\/akunq.net\/tr"},{"@type":"ListItem","position":2,"name":"2014 Y\u0131l\u0131 B\u00fct\u00e7esi Plan ve B\u00fct\u00e7e Komisyonu&#8217;nda"}]},{"@type":"WebSite","@id":"https:\/\/akunq.net\/tr\/#website","url":"https:\/\/akunq.net\/tr\/","name":"Bati Ermenistan Ve Bati Ermenileri Sorunlari Ara\u015ftirmalar Merkezi","description":"","potentialAction":[{"@type":"SearchAction","target":{"@type":"EntryPoint","urlTemplate":"https:\/\/akunq.net\/tr\/?s={search_term_string}"},"query-input":{"@type":"PropertyValueSpecification","valueRequired":true,"valueName":"search_term_string"}}],"inLanguage":"en-US"},{"@type":"Person","@id":"https:\/\/akunq.net\/tr\/#\/schema\/person\/096f1d38a12cce57fb855b485ed24c9e","name":"admin","url":"https:\/\/akunq.net\/tr\/?author=7"}]}},"_links":{"self":[{"href":"https:\/\/akunq.net\/tr\/index.php?rest_route=\/wp\/v2\/posts\/26689","targetHints":{"allow":["GET"]}}],"collection":[{"href":"https:\/\/akunq.net\/tr\/index.php?rest_route=\/wp\/v2\/posts"}],"about":[{"href":"https:\/\/akunq.net\/tr\/index.php?rest_route=\/wp\/v2\/types\/post"}],"author":[{"embeddable":true,"href":"https:\/\/akunq.net\/tr\/index.php?rest_route=\/wp\/v2\/users\/7"}],"replies":[{"embeddable":true,"href":"https:\/\/akunq.net\/tr\/index.php?rest_route=%2Fwp%2Fv2%2Fcomments&post=26689"}],"version-history":[{"count":1,"href":"https:\/\/akunq.net\/tr\/index.php?rest_route=\/wp\/v2\/posts\/26689\/revisions"}],"predecessor-version":[{"id":26691,"href":"https:\/\/akunq.net\/tr\/index.php?rest_route=\/wp\/v2\/posts\/26689\/revisions\/26691"}],"wp:attachment":[{"href":"https:\/\/akunq.net\/tr\/index.php?rest_route=%2Fwp%2Fv2%2Fmedia&parent=26689"}],"wp:term":[{"taxonomy":"category","embeddable":true,"href":"https:\/\/akunq.net\/tr\/index.php?rest_route=%2Fwp%2Fv2%2Fcategories&post=26689"},{"taxonomy":"post_tag","embeddable":true,"href":"https:\/\/akunq.net\/tr\/index.php?rest_route=%2Fwp%2Fv2%2Ftags&post=26689"}],"curies":[{"name":"wp","href":"https:\/\/api.w.org\/{rel}","templated":true}]}}