{"id":26681,"date":"2013-11-06T01:25:58","date_gmt":"2013-11-06T06:25:58","guid":{"rendered":"http:\/\/akunq.net\/tr\/?p=26681"},"modified":"2013-11-06T01:25:58","modified_gmt":"2013-11-06T06:25:58","slug":"ermeni-gazetecilerden-baydemire-ziyaret","status":"publish","type":"post","link":"https:\/\/akunq.net\/tr\/?p=26681","title":{"rendered":"Ermeni gazetecilerden Baydemir`e ziyaret"},"content":{"rendered":"<p style=\"text-align: justify;\"><img decoding=\"async\" class=\"alignright\" alt=\"Ermeni gazetecilerden Baydemir`e ziyaret\" src=\"http:\/\/ilketv.com.tr\/images\/haber\/gazetecilerden-baydemire-ziyaret-205310-35435a.jpg\" \/><em><strong>T\u00fcrkiye ve Ermenistan&#8217;daki gazetecilerin aras\u0131ndaki ba\u011flar\u0131 kuvvetlendirmek amac\u0131yla 2009 y\u0131l\u0131ndan beri ger\u00e7ekle\u015ftirilen Gazeteci Diyalog Program\u0131 kapsam\u0131nda Ermenistan&#8217;dan gelen gazeteciler Baydemir&#8217;i ziyaret etti.<\/strong><\/em><\/p>\n<p style=\"text-align: justify;\">Proje Koordinat\u00f6r\u00fc Burcu Becermen iki \u00fclke aras\u0131nda gelecekteki yeni i\u015fbirlikleri yaratmay\u0131 ve haber alma a\u011flar\u0131n\u0131n do\u011fru yollardan kurulmas\u0131na katk\u0131da bulunmay\u0131 ama\u00e7lad\u0131klar\u0131n\u0131 s\u00f6yledi. Becermen, iki \u00fclkeden 10&#8217;ar gazetecinin davet edildi\u011fi programda kat\u0131l\u0131mc\u0131lar\u0131n birbirlerinin \u00fclkelerine giderek, birer hafta boyunca ba\u015fta meslekta\u015flar\u0131 olma \u00fczere kom\u015fu \u00fclkedeki kent dinamikleri ve halkla etkile\u015fimde bulunup \u00fclkeyi tan\u0131maya \u00e7al\u0131\u015ft\u0131klar\u0131n\u0131 ifade etti. \u0130stanbul&#8217;daki programa ek olarak Diyarbak\u0131r&#8217;a geldiklerini s\u00f6yleyen Becermen, bunda Baydemir&#8217;in Hrant Dink Vakf\u0131&#8217;n\u0131n \u00e7al\u0131\u015fmalar\u0131n\u0131 yak\u0131ndan takip etmesinin etkili oldu\u011funu bildirdi.<\/p>\n<p style=\"text-align: justify;\">Baydemir de Vakf\u0131n y\u00fcr\u00fctt\u00fc\u011f\u00fc faaliyetleri \u00e7ok de\u011ferli buldu\u011funu belirterek, H\u0131rant Dink&#8217;in bu \u00fclkenin en ayd\u0131nl\u0131k y\u00fczlerinden biri oldu\u011funu an\u0131msatt\u0131. Dink&#8217;in \u00e7abalar\u0131n\u0131n halen devam etti\u011fini ifade eden Baydemir, &#8220;Hrant Dink ya\u015fasayd\u0131, bug\u00fcn yapt\u0131klar\u0131m\u0131z\u0131 yapacakt\u0131. Dolay\u0131s\u0131yla halen ya\u015f\u0131yor ve aram\u0131zda&#8221; diye konu\u015ftu.<\/p>\n<p style=\"text-align: justify;\">8 bin y\u0131ll\u0131k ge\u00e7mi\u015fe sahip Diyarbak\u0131r&#8217;\u0131n b\u00fct\u00fcn de\u011ferlerindeki har\u00e7ta Ermenilerin, S\u00fcryanilerin, Alevilerin, Keldanilerin, Ezidilerin ortak al\u0131n terinin oldu\u011funu dikkat \u00e7eken Baydemir, t\u00fcm etnik kimliklerin, inan\u00e7lar\u0131n son y\u00fczy\u0131lda kaybetti\u011fine vurgu yapt\u0131. Son 10 y\u0131ld\u0131r ge\u00e7mi\u015fin \u00e7o\u011fulculu\u011funu ya\u015fama ge\u00e7irmenin \u00e7abas\u0131 i\u00e7inde olduklar\u0131n\u0131 belirten Baydemir, &#8220;Diyarbak\u0131r her ne kadar bir K\u00fcrt olarak benim kentimse bir Ermeni, Keldani, Ezidi, Alevi kentidir. Dolay\u0131s\u0131yla kentinize ho\u015fgeldiniz&#8221; dedi.<\/p>\n<p style=\"text-align: justify;\"><b>Ge\u00e7mi\u015fin yaralar\u0131n\u0131 sarma \u00e7abas\u0131d\u0131r<\/b><\/p>\n<p style=\"text-align: justify;\">Surp Giragos Kilisesi&#8217;nin restorasyonuna ili\u015fkin gazetecilerin sorular\u0131n\u0131 yan\u0131tlayan Baydemir, kenti y\u00f6netenlerin restorasyondaki ama\u00e7lar\u0131n\u0131n ge\u00e7mi\u015fin negatif miras\u0131n\u0131 reddetmek oldu\u011funu s\u00f6yledi. 97 y\u0131l \u00f6nce piyano resitallerinin verildi\u011fi, en b\u00fcy\u00fck ibadethanelerden biri olan kilisenin \u00e7an kulesinin y\u0131kt\u0131r\u0131ld\u0131\u011f\u0131n\u0131 an\u0131msatan Baydemir, B\u00fcy\u00fck\u015fehir Belediyesi&#8217;nin restorasyon \u00e7al\u0131\u015fmas\u0131n\u0131n bu zihniyeti reddetti\u011finin g\u00f6stergesi oldu\u011funu bildirdi. Kilisenin a\u00e7\u0131l\u0131\u015f\u0131n\u0131 kentteki din adamlar\u0131yla birlikte yapt\u0131klar\u0131n\u0131 an\u0131msatan Baydemir, &#8220;Bu sadece benim de\u011fil, kentte ya\u015fayan b\u00fcy\u00fck \u00e7o\u011funlu\u011fun ortak d\u00fc\u015f\u00fcncesidir. Ge\u00e7mi\u015fin yaralar\u0131n\u0131 pratikte de sarma \u00e7abas\u0131d\u0131r&#8221; dedi. &#8220;E\u011fer bug\u00fcnk\u00fc nesil ge\u00e7mi\u015fin negatif uygulamalar\u0131n\u0131 reddedip, vicdan\u0131nda mahkum ediyorsa onlar\u0131 ya\u015fanan ac\u0131lardan sorumlu tutamay\u0131z&#8221; diyen Baydemir, kilisenin bir di\u011fer anlam\u0131n\u0131n bug\u00fcnk\u00fc ku\u015fa\u011f\u0131n ge\u00e7mi\u015fte ya\u015fananlara kar\u015f\u0131 \u00e7\u0131kmas\u0131n\u0131n sembol\u00fc oldu\u011funu ifade etti. &#8220;En b\u00fcy\u00fck mesaj ezan sesiyle \u00e7an sesinin birbirine kar\u0131\u015fmas\u0131d\u0131r&#8221; diyen Baydemir, &#8220;T\u00fcm \u00e7abam\u0131z herkesin dilini, inanc\u0131n\u0131, fikrini \u00f6zg\u00fcrce ifade edebilece\u011fi gelecek yaratmakt\u0131r&#8221; \u015feklinde konu\u015ftu.<\/p>\n<p style=\"text-align: justify;\">Cemilpa\u015fa Kona\u011f\u0131&#8217;n\u0131 kent m\u00fczesine d\u00f6n\u00fc\u015ft\u00fcreceklerini aktaran Baydemir, gelecek ku\u015fa\u011f\u0131n belle\u011fini canl\u0131 tutmay\u0131 hedeflediklerini ifade etti. Kentte ne kadar etnik kimlik ya\u015fam\u0131\u015fsa hepsinin verilerinin m\u00fczede yer alaca\u011f\u0131n\u0131 bildiren Baydemir, &#8220;Kin ve \u00f6fke duyarak ge\u00e7mi\u015fin yaralar\u0131n\u0131 saramay\u0131z. O vicdans\u0131zl\u0131k mahkum edildi\u011finde y\u00fcreklerin kap\u0131s\u0131 a\u00e7\u0131lacakt\u0131r&#8221; dedi. &#8220;Benim temennim bir kez daha kom\u015fu olabilmek. Ramazan, Kurban ve Paskalya bayramlar\u0131n\u0131 yeniden birlikte kutlamak&#8221; diye konu\u015fan Baydemir, g\u00f6\u00e7 eden Ermenilerin torunlar\u0131na geri d\u00f6nmelerinin olanaklar\u0131n\u0131n yarat\u0131lmas\u0131 gerekti\u011fini belirtti. Baydemir, &#8220;100 y\u0131l \u00f6nce \u00e7ocuklar \u00e7ok \u015fansl\u0131yd\u0131lar. Maalesef onlar gittik\u00e7e bu kent fakirle\u015fti&#8221; dedi.<\/p>\n<p style=\"text-align: justify;\">Baydemir&#8217;in anlatt\u0131\u011f\u0131 Ermeni ve K\u00fcrtler aras\u0131nda ge\u00e7en ger\u00e7ek hayat hikayeleriyle duygusal anlar\u0131n ya\u015fand\u0131\u011f\u0131 g\u00f6r\u00fc\u015fmede kimi gazeteciler g\u00f6zya\u015flar\u0131n\u0131 tutamad\u0131.<\/p>\n<p style=\"text-align: justify;\"><b><i>http:\/\/ilketv.com.tr\/ermeni-gazetecilerden-baydemire-ziyaret-n-14004.aspx<\/i><\/b><\/p>\n","protected":false},"excerpt":{"rendered":"<p>T\u00fcrkiye ve Ermenistan&#8217;daki gazetecilerin aras\u0131ndaki ba\u011flar\u0131 kuvvetlendirmek amac\u0131yla 2009 y\u0131l\u0131ndan beri ger\u00e7ekle\u015ftirilen Gazeteci Diyalog Program\u0131 kapsam\u0131nda Ermenistan&#8217;dan gelen gazeteciler Baydemir&#8217;i ziyaret etti. Proje Koordinat\u00f6r\u00fc Burcu Becermen iki \u00fclke aras\u0131nda gelecekteki yeni i\u015fbirlikleri yaratmay\u0131 ve haber alma a\u011flar\u0131n\u0131n do\u011fru yollardan kurulmas\u0131na katk\u0131da bulunmay\u0131 ama\u00e7lad\u0131klar\u0131n\u0131 s\u00f6yledi. Becermen, iki \u00fclkeden 10&#8217;ar gazetecinin davet edildi\u011fi programda kat\u0131l\u0131mc\u0131lar\u0131n birbirlerinin \u00fclkelerine [&hellip;]<\/p>\n","protected":false},"author":7,"featured_media":0,"comment_status":"open","ping_status":"open","sticky":false,"template":"","format":"standard","meta":{"footnotes":""},"categories":[1],"tags":[],"class_list":["post-26681","post","type-post","status-publish","format-standard","hentry","category-haberler"],"yoast_head":"<!-- This site is optimized with the Yoast SEO plugin v27.4 - https:\/\/yoast.com\/product\/yoast-seo-wordpress\/ -->\n<title>Ermeni gazetecilerden Baydemir`e ziyaret - Bati Ermenistan Ve Bati Ermenileri Sorunlari Ara\u015ftirmalar Merkezi<\/title>\n<meta name=\"robots\" content=\"index, follow, max-snippet:-1, max-image-preview:large, max-video-preview:-1\" \/>\n<link rel=\"canonical\" href=\"https:\/\/akunq.net\/tr\/?p=26681\" \/>\n<meta property=\"og:locale\" content=\"en_US\" \/>\n<meta property=\"og:type\" content=\"article\" \/>\n<meta property=\"og:title\" content=\"Ermeni gazetecilerden Baydemir`e ziyaret - Bati Ermenistan Ve Bati Ermenileri Sorunlari Ara\u015ftirmalar Merkezi\" \/>\n<meta property=\"og:description\" content=\"T\u00fcrkiye ve Ermenistan&#8217;daki gazetecilerin aras\u0131ndaki ba\u011flar\u0131 kuvvetlendirmek amac\u0131yla 2009 y\u0131l\u0131ndan beri ger\u00e7ekle\u015ftirilen Gazeteci Diyalog Program\u0131 kapsam\u0131nda Ermenistan&#8217;dan gelen gazeteciler Baydemir&#8217;i ziyaret etti. Proje Koordinat\u00f6r\u00fc Burcu Becermen iki \u00fclke aras\u0131nda gelecekteki yeni i\u015fbirlikleri yaratmay\u0131 ve haber alma a\u011flar\u0131n\u0131n do\u011fru yollardan kurulmas\u0131na katk\u0131da bulunmay\u0131 ama\u00e7lad\u0131klar\u0131n\u0131 s\u00f6yledi. Becermen, iki \u00fclkeden 10&#8217;ar gazetecinin davet edildi\u011fi programda kat\u0131l\u0131mc\u0131lar\u0131n birbirlerinin \u00fclkelerine [&hellip;]\" \/>\n<meta property=\"og:url\" content=\"https:\/\/akunq.net\/tr\/?p=26681\" \/>\n<meta property=\"og:site_name\" content=\"Bati Ermenistan Ve Bati Ermenileri Sorunlari Ara\u015ftirmalar Merkezi\" \/>\n<meta property=\"article:published_time\" content=\"2013-11-06T06:25:58+00:00\" \/>\n<meta property=\"og:image\" content=\"http:\/\/ilketv.com.tr\/images\/haber\/gazetecilerden-baydemire-ziyaret-205310-35435a.jpg\" \/>\n<meta name=\"author\" content=\"admin\" \/>\n<meta name=\"twitter:card\" content=\"summary_large_image\" \/>\n<meta name=\"twitter:label1\" content=\"Written by\" \/>\n\t<meta name=\"twitter:data1\" content=\"admin\" \/>\n\t<meta name=\"twitter:label2\" content=\"Est. reading time\" \/>\n\t<meta name=\"twitter:data2\" content=\"3 minutes\" \/>\n<script type=\"application\/ld+json\" class=\"yoast-schema-graph\">{\"@context\":\"https:\\\/\\\/schema.org\",\"@graph\":[{\"@type\":\"Article\",\"@id\":\"https:\\\/\\\/akunq.net\\\/tr\\\/?p=26681#article\",\"isPartOf\":{\"@id\":\"https:\\\/\\\/akunq.net\\\/tr\\\/?p=26681\"},\"author\":{\"name\":\"admin\",\"@id\":\"https:\\\/\\\/akunq.net\\\/tr\\\/#\\\/schema\\\/person\\\/096f1d38a12cce57fb855b485ed24c9e\"},\"headline\":\"Ermeni gazetecilerden Baydemir`e ziyaret\",\"datePublished\":\"2013-11-06T06:25:58+00:00\",\"mainEntityOfPage\":{\"@id\":\"https:\\\/\\\/akunq.net\\\/tr\\\/?p=26681\"},\"wordCount\":673,\"commentCount\":0,\"image\":{\"@id\":\"https:\\\/\\\/akunq.net\\\/tr\\\/?p=26681#primaryimage\"},\"thumbnailUrl\":\"http:\\\/\\\/ilketv.com.tr\\\/images\\\/haber\\\/gazetecilerden-baydemire-ziyaret-205310-35435a.jpg\",\"articleSection\":[\"Haberler\"],\"inLanguage\":\"en-US\",\"potentialAction\":[{\"@type\":\"CommentAction\",\"name\":\"Comment\",\"target\":[\"https:\\\/\\\/akunq.net\\\/tr\\\/?p=26681#respond\"]}]},{\"@type\":\"WebPage\",\"@id\":\"https:\\\/\\\/akunq.net\\\/tr\\\/?p=26681\",\"url\":\"https:\\\/\\\/akunq.net\\\/tr\\\/?p=26681\",\"name\":\"Ermeni gazetecilerden Baydemir`e ziyaret - Bati Ermenistan Ve Bati Ermenileri Sorunlari Ara\u015ftirmalar Merkezi\",\"isPartOf\":{\"@id\":\"https:\\\/\\\/akunq.net\\\/tr\\\/#website\"},\"primaryImageOfPage\":{\"@id\":\"https:\\\/\\\/akunq.net\\\/tr\\\/?p=26681#primaryimage\"},\"image\":{\"@id\":\"https:\\\/\\\/akunq.net\\\/tr\\\/?p=26681#primaryimage\"},\"thumbnailUrl\":\"http:\\\/\\\/ilketv.com.tr\\\/images\\\/haber\\\/gazetecilerden-baydemire-ziyaret-205310-35435a.jpg\",\"datePublished\":\"2013-11-06T06:25:58+00:00\",\"author\":{\"@id\":\"https:\\\/\\\/akunq.net\\\/tr\\\/#\\\/schema\\\/person\\\/096f1d38a12cce57fb855b485ed24c9e\"},\"breadcrumb\":{\"@id\":\"https:\\\/\\\/akunq.net\\\/tr\\\/?p=26681#breadcrumb\"},\"inLanguage\":\"en-US\",\"potentialAction\":[{\"@type\":\"ReadAction\",\"target\":[\"https:\\\/\\\/akunq.net\\\/tr\\\/?p=26681\"]}]},{\"@type\":\"ImageObject\",\"inLanguage\":\"en-US\",\"@id\":\"https:\\\/\\\/akunq.net\\\/tr\\\/?p=26681#primaryimage\",\"url\":\"http:\\\/\\\/ilketv.com.tr\\\/images\\\/haber\\\/gazetecilerden-baydemire-ziyaret-205310-35435a.jpg\",\"contentUrl\":\"http:\\\/\\\/ilketv.com.tr\\\/images\\\/haber\\\/gazetecilerden-baydemire-ziyaret-205310-35435a.jpg\"},{\"@type\":\"BreadcrumbList\",\"@id\":\"https:\\\/\\\/akunq.net\\\/tr\\\/?p=26681#breadcrumb\",\"itemListElement\":[{\"@type\":\"ListItem\",\"position\":1,\"name\":\"Home\",\"item\":\"https:\\\/\\\/akunq.net\\\/tr\"},{\"@type\":\"ListItem\",\"position\":2,\"name\":\"Ermeni gazetecilerden Baydemir`e ziyaret\"}]},{\"@type\":\"WebSite\",\"@id\":\"https:\\\/\\\/akunq.net\\\/tr\\\/#website\",\"url\":\"https:\\\/\\\/akunq.net\\\/tr\\\/\",\"name\":\"Bati Ermenistan Ve Bati Ermenileri Sorunlari Ara\u015ftirmalar Merkezi\",\"description\":\"\",\"potentialAction\":[{\"@type\":\"SearchAction\",\"target\":{\"@type\":\"EntryPoint\",\"urlTemplate\":\"https:\\\/\\\/akunq.net\\\/tr\\\/?s={search_term_string}\"},\"query-input\":{\"@type\":\"PropertyValueSpecification\",\"valueRequired\":true,\"valueName\":\"search_term_string\"}}],\"inLanguage\":\"en-US\"},{\"@type\":\"Person\",\"@id\":\"https:\\\/\\\/akunq.net\\\/tr\\\/#\\\/schema\\\/person\\\/096f1d38a12cce57fb855b485ed24c9e\",\"name\":\"admin\",\"url\":\"https:\\\/\\\/akunq.net\\\/tr\\\/?author=7\"}]}<\/script>\n<!-- \/ Yoast SEO plugin. -->","yoast_head_json":{"title":"Ermeni gazetecilerden Baydemir`e ziyaret - Bati Ermenistan Ve Bati Ermenileri Sorunlari Ara\u015ftirmalar Merkezi","robots":{"index":"index","follow":"follow","max-snippet":"max-snippet:-1","max-image-preview":"max-image-preview:large","max-video-preview":"max-video-preview:-1"},"canonical":"https:\/\/akunq.net\/tr\/?p=26681","og_locale":"en_US","og_type":"article","og_title":"Ermeni gazetecilerden Baydemir`e ziyaret - Bati Ermenistan Ve Bati Ermenileri Sorunlari Ara\u015ftirmalar Merkezi","og_description":"T\u00fcrkiye ve Ermenistan&#8217;daki gazetecilerin aras\u0131ndaki ba\u011flar\u0131 kuvvetlendirmek amac\u0131yla 2009 y\u0131l\u0131ndan beri ger\u00e7ekle\u015ftirilen Gazeteci Diyalog Program\u0131 kapsam\u0131nda Ermenistan&#8217;dan gelen gazeteciler Baydemir&#8217;i ziyaret etti. Proje Koordinat\u00f6r\u00fc Burcu Becermen iki \u00fclke aras\u0131nda gelecekteki yeni i\u015fbirlikleri yaratmay\u0131 ve haber alma a\u011flar\u0131n\u0131n do\u011fru yollardan kurulmas\u0131na katk\u0131da bulunmay\u0131 ama\u00e7lad\u0131klar\u0131n\u0131 s\u00f6yledi. Becermen, iki \u00fclkeden 10&#8217;ar gazetecinin davet edildi\u011fi programda kat\u0131l\u0131mc\u0131lar\u0131n birbirlerinin \u00fclkelerine [&hellip;]","og_url":"https:\/\/akunq.net\/tr\/?p=26681","og_site_name":"Bati Ermenistan Ve Bati Ermenileri Sorunlari Ara\u015ftirmalar Merkezi","article_published_time":"2013-11-06T06:25:58+00:00","og_image":[{"url":"http:\/\/ilketv.com.tr\/images\/haber\/gazetecilerden-baydemire-ziyaret-205310-35435a.jpg","type":"","width":"","height":""}],"author":"admin","twitter_card":"summary_large_image","twitter_misc":{"Written by":"admin","Est. reading time":"3 minutes"},"schema":{"@context":"https:\/\/schema.org","@graph":[{"@type":"Article","@id":"https:\/\/akunq.net\/tr\/?p=26681#article","isPartOf":{"@id":"https:\/\/akunq.net\/tr\/?p=26681"},"author":{"name":"admin","@id":"https:\/\/akunq.net\/tr\/#\/schema\/person\/096f1d38a12cce57fb855b485ed24c9e"},"headline":"Ermeni gazetecilerden Baydemir`e ziyaret","datePublished":"2013-11-06T06:25:58+00:00","mainEntityOfPage":{"@id":"https:\/\/akunq.net\/tr\/?p=26681"},"wordCount":673,"commentCount":0,"image":{"@id":"https:\/\/akunq.net\/tr\/?p=26681#primaryimage"},"thumbnailUrl":"http:\/\/ilketv.com.tr\/images\/haber\/gazetecilerden-baydemire-ziyaret-205310-35435a.jpg","articleSection":["Haberler"],"inLanguage":"en-US","potentialAction":[{"@type":"CommentAction","name":"Comment","target":["https:\/\/akunq.net\/tr\/?p=26681#respond"]}]},{"@type":"WebPage","@id":"https:\/\/akunq.net\/tr\/?p=26681","url":"https:\/\/akunq.net\/tr\/?p=26681","name":"Ermeni gazetecilerden Baydemir`e ziyaret - Bati Ermenistan Ve Bati Ermenileri Sorunlari Ara\u015ftirmalar Merkezi","isPartOf":{"@id":"https:\/\/akunq.net\/tr\/#website"},"primaryImageOfPage":{"@id":"https:\/\/akunq.net\/tr\/?p=26681#primaryimage"},"image":{"@id":"https:\/\/akunq.net\/tr\/?p=26681#primaryimage"},"thumbnailUrl":"http:\/\/ilketv.com.tr\/images\/haber\/gazetecilerden-baydemire-ziyaret-205310-35435a.jpg","datePublished":"2013-11-06T06:25:58+00:00","author":{"@id":"https:\/\/akunq.net\/tr\/#\/schema\/person\/096f1d38a12cce57fb855b485ed24c9e"},"breadcrumb":{"@id":"https:\/\/akunq.net\/tr\/?p=26681#breadcrumb"},"inLanguage":"en-US","potentialAction":[{"@type":"ReadAction","target":["https:\/\/akunq.net\/tr\/?p=26681"]}]},{"@type":"ImageObject","inLanguage":"en-US","@id":"https:\/\/akunq.net\/tr\/?p=26681#primaryimage","url":"http:\/\/ilketv.com.tr\/images\/haber\/gazetecilerden-baydemire-ziyaret-205310-35435a.jpg","contentUrl":"http:\/\/ilketv.com.tr\/images\/haber\/gazetecilerden-baydemire-ziyaret-205310-35435a.jpg"},{"@type":"BreadcrumbList","@id":"https:\/\/akunq.net\/tr\/?p=26681#breadcrumb","itemListElement":[{"@type":"ListItem","position":1,"name":"Home","item":"https:\/\/akunq.net\/tr"},{"@type":"ListItem","position":2,"name":"Ermeni gazetecilerden Baydemir`e ziyaret"}]},{"@type":"WebSite","@id":"https:\/\/akunq.net\/tr\/#website","url":"https:\/\/akunq.net\/tr\/","name":"Bati Ermenistan Ve Bati Ermenileri Sorunlari Ara\u015ftirmalar Merkezi","description":"","potentialAction":[{"@type":"SearchAction","target":{"@type":"EntryPoint","urlTemplate":"https:\/\/akunq.net\/tr\/?s={search_term_string}"},"query-input":{"@type":"PropertyValueSpecification","valueRequired":true,"valueName":"search_term_string"}}],"inLanguage":"en-US"},{"@type":"Person","@id":"https:\/\/akunq.net\/tr\/#\/schema\/person\/096f1d38a12cce57fb855b485ed24c9e","name":"admin","url":"https:\/\/akunq.net\/tr\/?author=7"}]}},"_links":{"self":[{"href":"https:\/\/akunq.net\/tr\/index.php?rest_route=\/wp\/v2\/posts\/26681","targetHints":{"allow":["GET"]}}],"collection":[{"href":"https:\/\/akunq.net\/tr\/index.php?rest_route=\/wp\/v2\/posts"}],"about":[{"href":"https:\/\/akunq.net\/tr\/index.php?rest_route=\/wp\/v2\/types\/post"}],"author":[{"embeddable":true,"href":"https:\/\/akunq.net\/tr\/index.php?rest_route=\/wp\/v2\/users\/7"}],"replies":[{"embeddable":true,"href":"https:\/\/akunq.net\/tr\/index.php?rest_route=%2Fwp%2Fv2%2Fcomments&post=26681"}],"version-history":[{"count":1,"href":"https:\/\/akunq.net\/tr\/index.php?rest_route=\/wp\/v2\/posts\/26681\/revisions"}],"predecessor-version":[{"id":26682,"href":"https:\/\/akunq.net\/tr\/index.php?rest_route=\/wp\/v2\/posts\/26681\/revisions\/26682"}],"wp:attachment":[{"href":"https:\/\/akunq.net\/tr\/index.php?rest_route=%2Fwp%2Fv2%2Fmedia&parent=26681"}],"wp:term":[{"taxonomy":"category","embeddable":true,"href":"https:\/\/akunq.net\/tr\/index.php?rest_route=%2Fwp%2Fv2%2Fcategories&post=26681"},{"taxonomy":"post_tag","embeddable":true,"href":"https:\/\/akunq.net\/tr\/index.php?rest_route=%2Fwp%2Fv2%2Ftags&post=26681"}],"curies":[{"name":"wp","href":"https:\/\/api.w.org\/{rel}","templated":true}]}}