{"id":26670,"date":"2013-11-06T01:04:44","date_gmt":"2013-11-06T06:04:44","guid":{"rendered":"http:\/\/akunq.net\/tr\/?p=26670"},"modified":"2013-11-06T01:04:44","modified_gmt":"2013-11-06T06:04:44","slug":"ankara-valiligi-soykirim-kelimesi-diplomatik-sikinti-yaratir","status":"publish","type":"post","link":"https:\/\/akunq.net\/tr\/?p=26670","title":{"rendered":"Ankara Valili\u011fi: Soyk\u0131r\u0131m kelimesi diplomatik s\u0131k\u0131nt\u0131 yarat\u0131r"},"content":{"rendered":"<p><b><i><img decoding=\"async\" class=\"alignright\" alt=\"\" src=\"http:\/\/www.tert.am\/g_image.php?id=363985&amp;tmb=3\" \/>Ankara Valili\u011fi, K\u0131z\u0131lcahamam Belediyesi\u2019nin kurmak istedi\u011fi \u201cHocal\u0131 Soyk\u0131r\u0131m\u0131 M\u00fczesi\u201dnin ad\u0131na vize vermedi. <\/i><\/b><\/p>\n<p style=\"text-align: justify;\">Valilik, \u201cSoyk\u0131r\u0131m kelimesinin kullan\u0131lmas\u0131 ve isim olarak verilmesi, diplomatik olarak s\u0131k\u0131nt\u0131 yarat\u0131r\u201d uyar\u0131s\u0131 yapt\u0131. Belediye, valili\u011fin itiraz\u0131 \u00fczerine m\u00fczeye yeni isim aray\u0131\u015f\u0131na girdi. Baz\u0131 \u00fclkelerde \u2018soyk\u0131r\u0131m\u2019 olarak kabul edilen ve ad\u0131na an\u0131tlar dikilen Hocal\u0131 katliam\u0131, Ankara\u2019da bir park ve m\u00fcze ile ya\u015fat\u0131lacak. Ankara\u2019n\u0131n K\u0131z\u0131lcahamam Belediyesi, Azerbaycan h\u00fck\u00fcmetinin deste\u011fiyle park olarak ba\u015flatt\u0131\u011f\u0131 tesisi, m\u00fczeye d\u00f6n\u00fc\u015ft\u00fcrme karar\u0131 ald\u0131.<\/p>\n<p style=\"text-align: justify;\">Temel atma t\u00f6renine Azerbaycan milletvekillerinin de kat\u0131ld\u0131\u011f\u0131 m\u00fczenin a\u00e7\u0131l\u0131\u015f\u0131, katliam\u0131n 22\u2019nci y\u0131ld\u00f6n\u00fcm\u00fc olan 26 \u015eubat\u2019a yeti\u015ftirilmeye \u00e7al\u0131\u015f\u0131l\u0131yor. Ancak \u2018soyk\u0131r\u0131m m\u00fczesi\u2019 denmesine, Ankara Valili\u011fi\u2019nden itiraz geldi.<\/p>\n<p style=\"text-align: justify;\">K\u0131z\u0131lcahamam Belediye Ba\u015fkan\u0131 Co\u015fkun \u00dcnal, Valili\u011fin itiraz\u0131n\u0131 ve m\u00fcze hakk\u0131nda \u015funlar\u0131 s\u00f6yledi: \u201cAzerbaycan devleti ile iki y\u0131ld\u0131r i\u015fbirli\u011fimiz s\u00fcr\u00fcyor. \u015eu \u00e2na kadar milletvekilleri, Say\u0131n Aliyev\u2019in dan\u0131\u015fmanlar\u0131 ve Say\u0131n B\u00fcy\u00fckel\u00e7i geldi. \u0130n\u015faat bitmek \u00fczere. Panoramik bir m\u00fcze haz\u0131rl\u0131yoruz ve Ermeni milisler taraf\u0131ndan adeta yok edilen Hocal\u0131\u2019da ya\u015fananlar\u0131 anlatacak eser ve belgeler yer alacak. A\u00e7\u0131l\u0131\u015f\u0131 da yine bir daha insanl\u0131k b\u00f6yle ac\u0131lar ya\u015famas\u0131n niyetiyle yapmak istiyoruz. Ancak m\u00fczenin ad\u0131n\u0131 de\u011fi\u015ftirmek zorunda kald\u0131k. Valilik, \u2018soyk\u0131r\u0131m\u2019 kelimesinin yasal olarak kullan\u0131lamayaca\u011f\u0131n\u0131, diplomatik olarak s\u0131k\u0131nt\u0131 yarataca\u011f\u0131n\u0131 bildirdi. Bunun \u00fczerine m\u00fczenin ad\u0131n\u0131 de\u011fi\u015ftirme ihtiyac\u0131 g\u00fcndeme geldi. Belki \u2018Katliam M\u00fczesi\u2019 belki ba\u015fka bir isim olacak ama orada ya\u015fananlar\u0131n ne oldu\u011funu d\u00fcnya biliyor. \u0130sim \u00fczerine d\u00fc\u015f\u00fcn\u00fcyoruz.\u201d<\/p>\n<p style=\"text-align: justify;\"><strong><i>(H\u00dcRR\u0130YET)<\/i><\/strong><\/p>\n<p style=\"text-align: justify;\"><b><i>http:\/\/www.agos.com.tr\/ankara-valiligi-soykirim-kelimesi-diplomatik-sikinti-yaratir-6051.html<\/i><\/b><\/p>\n","protected":false},"excerpt":{"rendered":"<p>Ankara Valili\u011fi, K\u0131z\u0131lcahamam Belediyesi\u2019nin kurmak istedi\u011fi \u201cHocal\u0131 Soyk\u0131r\u0131m\u0131 M\u00fczesi\u201dnin ad\u0131na vize vermedi. Valilik, \u201cSoyk\u0131r\u0131m kelimesinin kullan\u0131lmas\u0131 ve isim olarak verilmesi, diplomatik olarak s\u0131k\u0131nt\u0131 yarat\u0131r\u201d uyar\u0131s\u0131 yapt\u0131. Belediye, valili\u011fin itiraz\u0131 \u00fczerine m\u00fczeye yeni isim aray\u0131\u015f\u0131na girdi. Baz\u0131 \u00fclkelerde \u2018soyk\u0131r\u0131m\u2019 olarak kabul edilen ve ad\u0131na an\u0131tlar dikilen Hocal\u0131 katliam\u0131, Ankara\u2019da bir park ve m\u00fcze ile ya\u015fat\u0131lacak. Ankara\u2019n\u0131n [&hellip;]<\/p>\n","protected":false},"author":7,"featured_media":0,"comment_status":"open","ping_status":"open","sticky":false,"template":"","format":"standard","meta":{"footnotes":""},"categories":[1],"tags":[],"class_list":["post-26670","post","type-post","status-publish","format-standard","hentry","category-haberler"],"yoast_head":"<!-- This site is optimized with the Yoast SEO plugin v27.4 - https:\/\/yoast.com\/product\/yoast-seo-wordpress\/ -->\n<title>Ankara Valili\u011fi: Soyk\u0131r\u0131m kelimesi diplomatik s\u0131k\u0131nt\u0131 yarat\u0131r - Bati Ermenistan Ve Bati Ermenileri Sorunlari Ara\u015ftirmalar Merkezi<\/title>\n<meta name=\"robots\" content=\"index, follow, max-snippet:-1, max-image-preview:large, max-video-preview:-1\" \/>\n<link rel=\"canonical\" href=\"https:\/\/akunq.net\/tr\/?p=26670\" \/>\n<meta property=\"og:locale\" content=\"en_US\" \/>\n<meta property=\"og:type\" content=\"article\" \/>\n<meta property=\"og:title\" content=\"Ankara Valili\u011fi: Soyk\u0131r\u0131m kelimesi diplomatik s\u0131k\u0131nt\u0131 yarat\u0131r - Bati Ermenistan Ve Bati Ermenileri Sorunlari Ara\u015ftirmalar Merkezi\" \/>\n<meta property=\"og:description\" content=\"Ankara Valili\u011fi, K\u0131z\u0131lcahamam Belediyesi\u2019nin kurmak istedi\u011fi \u201cHocal\u0131 Soyk\u0131r\u0131m\u0131 M\u00fczesi\u201dnin ad\u0131na vize vermedi. Valilik, \u201cSoyk\u0131r\u0131m kelimesinin kullan\u0131lmas\u0131 ve isim olarak verilmesi, diplomatik olarak s\u0131k\u0131nt\u0131 yarat\u0131r\u201d uyar\u0131s\u0131 yapt\u0131. Belediye, valili\u011fin itiraz\u0131 \u00fczerine m\u00fczeye yeni isim aray\u0131\u015f\u0131na girdi. Baz\u0131 \u00fclkelerde \u2018soyk\u0131r\u0131m\u2019 olarak kabul edilen ve ad\u0131na an\u0131tlar dikilen Hocal\u0131 katliam\u0131, Ankara\u2019da bir park ve m\u00fcze ile ya\u015fat\u0131lacak. Ankara\u2019n\u0131n [&hellip;]\" \/>\n<meta property=\"og:url\" content=\"https:\/\/akunq.net\/tr\/?p=26670\" \/>\n<meta property=\"og:site_name\" content=\"Bati Ermenistan Ve Bati Ermenileri Sorunlari Ara\u015ftirmalar Merkezi\" \/>\n<meta property=\"article:published_time\" content=\"2013-11-06T06:04:44+00:00\" \/>\n<meta property=\"og:image\" content=\"http:\/\/www.tert.am\/g_image.php?id=363985&amp;tmb=3\" \/>\n<meta name=\"author\" content=\"admin\" \/>\n<meta name=\"twitter:card\" content=\"summary_large_image\" \/>\n<meta name=\"twitter:label1\" content=\"Written by\" \/>\n\t<meta name=\"twitter:data1\" content=\"admin\" \/>\n\t<meta name=\"twitter:label2\" content=\"Est. reading time\" \/>\n\t<meta name=\"twitter:data2\" content=\"2 minutes\" \/>\n<script type=\"application\/ld+json\" class=\"yoast-schema-graph\">{\"@context\":\"https:\\\/\\\/schema.org\",\"@graph\":[{\"@type\":\"Article\",\"@id\":\"https:\\\/\\\/akunq.net\\\/tr\\\/?p=26670#article\",\"isPartOf\":{\"@id\":\"https:\\\/\\\/akunq.net\\\/tr\\\/?p=26670\"},\"author\":{\"name\":\"admin\",\"@id\":\"https:\\\/\\\/akunq.net\\\/tr\\\/#\\\/schema\\\/person\\\/096f1d38a12cce57fb855b485ed24c9e\"},\"headline\":\"Ankara Valili\u011fi: Soyk\u0131r\u0131m kelimesi diplomatik s\u0131k\u0131nt\u0131 yarat\u0131r\",\"datePublished\":\"2013-11-06T06:04:44+00:00\",\"mainEntityOfPage\":{\"@id\":\"https:\\\/\\\/akunq.net\\\/tr\\\/?p=26670\"},\"wordCount\":339,\"commentCount\":0,\"image\":{\"@id\":\"https:\\\/\\\/akunq.net\\\/tr\\\/?p=26670#primaryimage\"},\"thumbnailUrl\":\"http:\\\/\\\/www.tert.am\\\/g_image.php?id=363985&amp;tmb=3\",\"articleSection\":[\"Haberler\"],\"inLanguage\":\"en-US\",\"potentialAction\":[{\"@type\":\"CommentAction\",\"name\":\"Comment\",\"target\":[\"https:\\\/\\\/akunq.net\\\/tr\\\/?p=26670#respond\"]}]},{\"@type\":\"WebPage\",\"@id\":\"https:\\\/\\\/akunq.net\\\/tr\\\/?p=26670\",\"url\":\"https:\\\/\\\/akunq.net\\\/tr\\\/?p=26670\",\"name\":\"Ankara Valili\u011fi: Soyk\u0131r\u0131m kelimesi diplomatik s\u0131k\u0131nt\u0131 yarat\u0131r - Bati Ermenistan Ve Bati Ermenileri Sorunlari Ara\u015ftirmalar Merkezi\",\"isPartOf\":{\"@id\":\"https:\\\/\\\/akunq.net\\\/tr\\\/#website\"},\"primaryImageOfPage\":{\"@id\":\"https:\\\/\\\/akunq.net\\\/tr\\\/?p=26670#primaryimage\"},\"image\":{\"@id\":\"https:\\\/\\\/akunq.net\\\/tr\\\/?p=26670#primaryimage\"},\"thumbnailUrl\":\"http:\\\/\\\/www.tert.am\\\/g_image.php?id=363985&amp;tmb=3\",\"datePublished\":\"2013-11-06T06:04:44+00:00\",\"author\":{\"@id\":\"https:\\\/\\\/akunq.net\\\/tr\\\/#\\\/schema\\\/person\\\/096f1d38a12cce57fb855b485ed24c9e\"},\"breadcrumb\":{\"@id\":\"https:\\\/\\\/akunq.net\\\/tr\\\/?p=26670#breadcrumb\"},\"inLanguage\":\"en-US\",\"potentialAction\":[{\"@type\":\"ReadAction\",\"target\":[\"https:\\\/\\\/akunq.net\\\/tr\\\/?p=26670\"]}]},{\"@type\":\"ImageObject\",\"inLanguage\":\"en-US\",\"@id\":\"https:\\\/\\\/akunq.net\\\/tr\\\/?p=26670#primaryimage\",\"url\":\"http:\\\/\\\/www.tert.am\\\/g_image.php?id=363985&amp;tmb=3\",\"contentUrl\":\"http:\\\/\\\/www.tert.am\\\/g_image.php?id=363985&amp;tmb=3\"},{\"@type\":\"BreadcrumbList\",\"@id\":\"https:\\\/\\\/akunq.net\\\/tr\\\/?p=26670#breadcrumb\",\"itemListElement\":[{\"@type\":\"ListItem\",\"position\":1,\"name\":\"Home\",\"item\":\"https:\\\/\\\/akunq.net\\\/tr\"},{\"@type\":\"ListItem\",\"position\":2,\"name\":\"Ankara Valili\u011fi: Soyk\u0131r\u0131m kelimesi diplomatik s\u0131k\u0131nt\u0131 yarat\u0131r\"}]},{\"@type\":\"WebSite\",\"@id\":\"https:\\\/\\\/akunq.net\\\/tr\\\/#website\",\"url\":\"https:\\\/\\\/akunq.net\\\/tr\\\/\",\"name\":\"Bati Ermenistan Ve Bati Ermenileri Sorunlari Ara\u015ftirmalar Merkezi\",\"description\":\"\",\"potentialAction\":[{\"@type\":\"SearchAction\",\"target\":{\"@type\":\"EntryPoint\",\"urlTemplate\":\"https:\\\/\\\/akunq.net\\\/tr\\\/?s={search_term_string}\"},\"query-input\":{\"@type\":\"PropertyValueSpecification\",\"valueRequired\":true,\"valueName\":\"search_term_string\"}}],\"inLanguage\":\"en-US\"},{\"@type\":\"Person\",\"@id\":\"https:\\\/\\\/akunq.net\\\/tr\\\/#\\\/schema\\\/person\\\/096f1d38a12cce57fb855b485ed24c9e\",\"name\":\"admin\",\"url\":\"https:\\\/\\\/akunq.net\\\/tr\\\/?author=7\"}]}<\/script>\n<!-- \/ Yoast SEO plugin. -->","yoast_head_json":{"title":"Ankara Valili\u011fi: Soyk\u0131r\u0131m kelimesi diplomatik s\u0131k\u0131nt\u0131 yarat\u0131r - Bati Ermenistan Ve Bati Ermenileri Sorunlari Ara\u015ftirmalar Merkezi","robots":{"index":"index","follow":"follow","max-snippet":"max-snippet:-1","max-image-preview":"max-image-preview:large","max-video-preview":"max-video-preview:-1"},"canonical":"https:\/\/akunq.net\/tr\/?p=26670","og_locale":"en_US","og_type":"article","og_title":"Ankara Valili\u011fi: Soyk\u0131r\u0131m kelimesi diplomatik s\u0131k\u0131nt\u0131 yarat\u0131r - Bati Ermenistan Ve Bati Ermenileri Sorunlari Ara\u015ftirmalar Merkezi","og_description":"Ankara Valili\u011fi, K\u0131z\u0131lcahamam Belediyesi\u2019nin kurmak istedi\u011fi \u201cHocal\u0131 Soyk\u0131r\u0131m\u0131 M\u00fczesi\u201dnin ad\u0131na vize vermedi. Valilik, \u201cSoyk\u0131r\u0131m kelimesinin kullan\u0131lmas\u0131 ve isim olarak verilmesi, diplomatik olarak s\u0131k\u0131nt\u0131 yarat\u0131r\u201d uyar\u0131s\u0131 yapt\u0131. Belediye, valili\u011fin itiraz\u0131 \u00fczerine m\u00fczeye yeni isim aray\u0131\u015f\u0131na girdi. Baz\u0131 \u00fclkelerde \u2018soyk\u0131r\u0131m\u2019 olarak kabul edilen ve ad\u0131na an\u0131tlar dikilen Hocal\u0131 katliam\u0131, Ankara\u2019da bir park ve m\u00fcze ile ya\u015fat\u0131lacak. Ankara\u2019n\u0131n [&hellip;]","og_url":"https:\/\/akunq.net\/tr\/?p=26670","og_site_name":"Bati Ermenistan Ve Bati Ermenileri Sorunlari Ara\u015ftirmalar Merkezi","article_published_time":"2013-11-06T06:04:44+00:00","og_image":[{"url":"http:\/\/www.tert.am\/g_image.php?id=363985&amp;tmb=3","type":"","width":"","height":""}],"author":"admin","twitter_card":"summary_large_image","twitter_misc":{"Written by":"admin","Est. reading time":"2 minutes"},"schema":{"@context":"https:\/\/schema.org","@graph":[{"@type":"Article","@id":"https:\/\/akunq.net\/tr\/?p=26670#article","isPartOf":{"@id":"https:\/\/akunq.net\/tr\/?p=26670"},"author":{"name":"admin","@id":"https:\/\/akunq.net\/tr\/#\/schema\/person\/096f1d38a12cce57fb855b485ed24c9e"},"headline":"Ankara Valili\u011fi: Soyk\u0131r\u0131m kelimesi diplomatik s\u0131k\u0131nt\u0131 yarat\u0131r","datePublished":"2013-11-06T06:04:44+00:00","mainEntityOfPage":{"@id":"https:\/\/akunq.net\/tr\/?p=26670"},"wordCount":339,"commentCount":0,"image":{"@id":"https:\/\/akunq.net\/tr\/?p=26670#primaryimage"},"thumbnailUrl":"http:\/\/www.tert.am\/g_image.php?id=363985&amp;tmb=3","articleSection":["Haberler"],"inLanguage":"en-US","potentialAction":[{"@type":"CommentAction","name":"Comment","target":["https:\/\/akunq.net\/tr\/?p=26670#respond"]}]},{"@type":"WebPage","@id":"https:\/\/akunq.net\/tr\/?p=26670","url":"https:\/\/akunq.net\/tr\/?p=26670","name":"Ankara Valili\u011fi: Soyk\u0131r\u0131m kelimesi diplomatik s\u0131k\u0131nt\u0131 yarat\u0131r - Bati Ermenistan Ve Bati Ermenileri Sorunlari Ara\u015ftirmalar Merkezi","isPartOf":{"@id":"https:\/\/akunq.net\/tr\/#website"},"primaryImageOfPage":{"@id":"https:\/\/akunq.net\/tr\/?p=26670#primaryimage"},"image":{"@id":"https:\/\/akunq.net\/tr\/?p=26670#primaryimage"},"thumbnailUrl":"http:\/\/www.tert.am\/g_image.php?id=363985&amp;tmb=3","datePublished":"2013-11-06T06:04:44+00:00","author":{"@id":"https:\/\/akunq.net\/tr\/#\/schema\/person\/096f1d38a12cce57fb855b485ed24c9e"},"breadcrumb":{"@id":"https:\/\/akunq.net\/tr\/?p=26670#breadcrumb"},"inLanguage":"en-US","potentialAction":[{"@type":"ReadAction","target":["https:\/\/akunq.net\/tr\/?p=26670"]}]},{"@type":"ImageObject","inLanguage":"en-US","@id":"https:\/\/akunq.net\/tr\/?p=26670#primaryimage","url":"http:\/\/www.tert.am\/g_image.php?id=363985&amp;tmb=3","contentUrl":"http:\/\/www.tert.am\/g_image.php?id=363985&amp;tmb=3"},{"@type":"BreadcrumbList","@id":"https:\/\/akunq.net\/tr\/?p=26670#breadcrumb","itemListElement":[{"@type":"ListItem","position":1,"name":"Home","item":"https:\/\/akunq.net\/tr"},{"@type":"ListItem","position":2,"name":"Ankara Valili\u011fi: Soyk\u0131r\u0131m kelimesi diplomatik s\u0131k\u0131nt\u0131 yarat\u0131r"}]},{"@type":"WebSite","@id":"https:\/\/akunq.net\/tr\/#website","url":"https:\/\/akunq.net\/tr\/","name":"Bati Ermenistan Ve Bati Ermenileri Sorunlari Ara\u015ftirmalar Merkezi","description":"","potentialAction":[{"@type":"SearchAction","target":{"@type":"EntryPoint","urlTemplate":"https:\/\/akunq.net\/tr\/?s={search_term_string}"},"query-input":{"@type":"PropertyValueSpecification","valueRequired":true,"valueName":"search_term_string"}}],"inLanguage":"en-US"},{"@type":"Person","@id":"https:\/\/akunq.net\/tr\/#\/schema\/person\/096f1d38a12cce57fb855b485ed24c9e","name":"admin","url":"https:\/\/akunq.net\/tr\/?author=7"}]}},"_links":{"self":[{"href":"https:\/\/akunq.net\/tr\/index.php?rest_route=\/wp\/v2\/posts\/26670","targetHints":{"allow":["GET"]}}],"collection":[{"href":"https:\/\/akunq.net\/tr\/index.php?rest_route=\/wp\/v2\/posts"}],"about":[{"href":"https:\/\/akunq.net\/tr\/index.php?rest_route=\/wp\/v2\/types\/post"}],"author":[{"embeddable":true,"href":"https:\/\/akunq.net\/tr\/index.php?rest_route=\/wp\/v2\/users\/7"}],"replies":[{"embeddable":true,"href":"https:\/\/akunq.net\/tr\/index.php?rest_route=%2Fwp%2Fv2%2Fcomments&post=26670"}],"version-history":[{"count":2,"href":"https:\/\/akunq.net\/tr\/index.php?rest_route=\/wp\/v2\/posts\/26670\/revisions"}],"predecessor-version":[{"id":26672,"href":"https:\/\/akunq.net\/tr\/index.php?rest_route=\/wp\/v2\/posts\/26670\/revisions\/26672"}],"wp:attachment":[{"href":"https:\/\/akunq.net\/tr\/index.php?rest_route=%2Fwp%2Fv2%2Fmedia&parent=26670"}],"wp:term":[{"taxonomy":"category","embeddable":true,"href":"https:\/\/akunq.net\/tr\/index.php?rest_route=%2Fwp%2Fv2%2Fcategories&post=26670"},{"taxonomy":"post_tag","embeddable":true,"href":"https:\/\/akunq.net\/tr\/index.php?rest_route=%2Fwp%2Fv2%2Ftags&post=26670"}],"curies":[{"name":"wp","href":"https:\/\/api.w.org\/{rel}","templated":true}]}}