{"id":26662,"date":"2013-11-05T04:39:29","date_gmt":"2013-11-05T09:39:29","guid":{"rendered":"http:\/\/akunq.net\/tr\/?p=26662"},"modified":"2013-11-05T04:39:29","modified_gmt":"2013-11-05T09:39:29","slug":"ermeni-gazeteciler-baydemiri-ziyaret-etti","status":"publish","type":"post","link":"https:\/\/akunq.net\/tr\/?p=26662","title":{"rendered":"Ermeni gazeteciler Baydemir\u2019i ziyaret etti"},"content":{"rendered":"<p style=\"text-align: justify;\"><em><strong><a href=\"http:\/\/akunq.net\/tr\/wp-content\/uploads\/2013\/11\/\u0540\u0561\u0575-\u056c\u0580\u0561\u0563\u0580\u0578\u0572\u0576\u0565\u0580\u0576-\u0561\u0575\u0581\u0565\u056c\u0565\u056c-\u0565\u0576-\u0534\u056b\u0561\u0580\u0562\u0565\u0584\u056b\u0580.jpg\"><img loading=\"lazy\" decoding=\"async\" class=\"alignright size-full wp-image-26663\" alt=\"\u0540\u0561\u0575 \u056c\u0580\u0561\u0563\u0580\u0578\u0572\u0576\u0565\u0580\u0576 \u0561\u0575\u0581\u0565\u056c\u0565\u056c \u0565\u0576 \u0534\u056b\u0561\u0580\u0562\u0565\u0584\u056b\u0580\" src=\"http:\/\/akunq.net\/tr\/wp-content\/uploads\/2013\/11\/\u0540\u0561\u0575-\u056c\u0580\u0561\u0563\u0580\u0578\u0572\u0576\u0565\u0580\u0576-\u0561\u0575\u0581\u0565\u056c\u0565\u056c-\u0565\u0576-\u0534\u056b\u0561\u0580\u0562\u0565\u0584\u056b\u0580.jpg\" width=\"200\" height=\"150\" \/><\/a>Hrant Dink Vakf\u0131`n\u0131n y\u00fcr\u00fctt\u00fc\u011f\u00fc T\u00fcrkiye-Ermenistan Gazeteci Diyalog Program\u0131 kapsam\u0131nda Ermenistan`dan gelen gazeteciler Diyarbak\u0131r B\u00fcy\u00fck\u015fehir Belediye Ba\u015fkan\u0131 Osman Baydemir`i ziyaret etti.<\/strong><\/em><br \/>\nHrant Dink Vakf\u0131`n\u0131n y\u00fcr\u00fctt\u00fc\u011f\u00fc T\u00fcrkiye-Ermenistan Gazeteci Diyalog Program\u0131 kapsam\u0131nda Ermenistan`dan gelen gazeteciler Diyarbak\u0131r B\u00fcy\u00fck\u015fehir Belediye Ba\u015fkan\u0131 Osman Baydemir`i ziyaret etti.<\/p>\n<p style=\"text-align: justify;\">Proje Koordinat\u00f6r\u00fc Burcu Becermen, iki \u00fclke aras\u0131nda yeni i\u015fbirli\u011fi alanlar\u0131 olu\u015fturmay\u0131 ve haber alma a\u011flar\u0131n\u0131n do\u011fru yollardan kurulmas\u0131na katk\u0131da bulunmay\u0131 ama\u00e7lad\u0131klar\u0131n\u0131 s\u00f6yledi. Becermen, iki \u00fclkeden 10&#8217;ar gazetecinin davet edildi\u011fi programda kat\u0131l\u0131mc\u0131lar\u0131n birbirlerinin \u00fclkelerine giderek, birer hafta boyunca g\u00f6r\u00fc\u015fmeler yapt\u0131\u011f\u0131n\u0131 ifade etti. \u0130stanbul&#8217;daki programa ek olarak Diyarbak\u0131r&#8217;a geldiklerini s\u00f6yleyen Becermen, bunda Baydemir&#8217;in Hrant Dink Vakf\u0131&#8217;n\u0131n \u00e7al\u0131\u015fmalar\u0131n\u0131 yak\u0131ndan takip etmesinin etkili oldu\u011funu bildirdi.<\/p>\n<p style=\"text-align: justify;\">Vakf\u0131n y\u00fcr\u00fctt\u00fc\u011f\u00fc faaliyetleri \u00e7ok de\u011ferli buldu\u011funu belirten Osman Baydemir de, &#8220;Hrant Dink ya\u015fasayd\u0131, bug\u00fcn yapt\u0131klar\u0131m\u0131z\u0131 yapacakt\u0131. Dolay\u0131s\u0131yla halen ya\u015f\u0131yor ve aram\u0131zda.&#8221; diye konu\u015ftu. 8 bin y\u0131ll\u0131k ge\u00e7mi\u015fe sahip Diyarbak\u0131r&#8217;\u0131n b\u00fct\u00fcn de\u011ferlerindeki har\u00e7ta Ermenilerin, S\u00fcryanilerin, Alevilerin, Keldanilerin, Ezidilerin ortak al\u0131n teri oldu\u011funu dikkat \u00e7eken Baydemir, ge\u00e7mi\u015fin \u00e7o\u011fulculu\u011funu ya\u015fama ge\u00e7irmenin \u00e7abas\u0131 i\u00e7inde olduklar\u0131n\u0131 belirtti. Baydemir, &#8220;Diyarbak\u0131r her ne kadar bir K\u00fcrt olarak benim kentimse bir Ermeni, Keldani, Ezidi, Alevi kentidir. Dolay\u0131s\u0131yla kentinize ho\u015f geldiniz.&#8221; \u015feklinde konu\u015ftu.<\/p>\n<p style=\"text-align: justify;\">Baydemir&#8217;in anlatt\u0131\u011f\u0131 Ermeni ve K\u00fcrtler aras\u0131nda ge\u00e7en olaylarla duygusal anlar\u0131n ya\u015fand\u0131\u011f\u0131 g\u00f6r\u00fc\u015fmede kimi gazeteciler g\u00f6zya\u015flar\u0131n\u0131 tutamad\u0131.<\/p>\n<p style=\"text-align: justify;\"><em><strong>(C\u0130HAN)<\/strong><\/em><\/p>\n<p style=\"text-align: justify;\"><em><strong>http:\/\/www.haber3.com\/ermeni-gazeteciler-baydemiri-ziyaret-etti-haberi-2289076h.htm<\/strong><\/em><\/p>\n","protected":false},"excerpt":{"rendered":"<p>Hrant Dink Vakf\u0131`n\u0131n y\u00fcr\u00fctt\u00fc\u011f\u00fc T\u00fcrkiye-Ermenistan Gazeteci Diyalog Program\u0131 kapsam\u0131nda Ermenistan`dan gelen gazeteciler Diyarbak\u0131r B\u00fcy\u00fck\u015fehir Belediye Ba\u015fkan\u0131 Osman Baydemir`i ziyaret etti. Hrant Dink Vakf\u0131`n\u0131n y\u00fcr\u00fctt\u00fc\u011f\u00fc T\u00fcrkiye-Ermenistan Gazeteci Diyalog Program\u0131 kapsam\u0131nda Ermenistan`dan gelen gazeteciler Diyarbak\u0131r B\u00fcy\u00fck\u015fehir Belediye Ba\u015fkan\u0131 Osman Baydemir`i ziyaret etti. Proje Koordinat\u00f6r\u00fc Burcu Becermen, iki \u00fclke aras\u0131nda yeni i\u015fbirli\u011fi alanlar\u0131 olu\u015fturmay\u0131 ve haber alma a\u011flar\u0131n\u0131n [&hellip;]<\/p>\n","protected":false},"author":7,"featured_media":0,"comment_status":"open","ping_status":"open","sticky":false,"template":"","format":"standard","meta":{"footnotes":""},"categories":[1],"tags":[],"class_list":["post-26662","post","type-post","status-publish","format-standard","hentry","category-haberler"],"yoast_head":"<!-- This site is optimized with the Yoast SEO plugin v27.4 - https:\/\/yoast.com\/product\/yoast-seo-wordpress\/ -->\n<title>Ermeni gazeteciler Baydemir\u2019i ziyaret etti - Bati Ermenistan Ve Bati Ermenileri Sorunlari Ara\u015ftirmalar Merkezi<\/title>\n<meta name=\"robots\" content=\"index, follow, max-snippet:-1, max-image-preview:large, max-video-preview:-1\" \/>\n<link rel=\"canonical\" href=\"https:\/\/akunq.net\/tr\/?p=26662\" \/>\n<meta property=\"og:locale\" content=\"en_US\" \/>\n<meta property=\"og:type\" content=\"article\" \/>\n<meta property=\"og:title\" content=\"Ermeni gazeteciler Baydemir\u2019i ziyaret etti - Bati Ermenistan Ve Bati Ermenileri Sorunlari Ara\u015ftirmalar Merkezi\" \/>\n<meta property=\"og:description\" content=\"Hrant Dink Vakf\u0131`n\u0131n y\u00fcr\u00fctt\u00fc\u011f\u00fc T\u00fcrkiye-Ermenistan Gazeteci Diyalog Program\u0131 kapsam\u0131nda Ermenistan`dan gelen gazeteciler Diyarbak\u0131r B\u00fcy\u00fck\u015fehir Belediye Ba\u015fkan\u0131 Osman Baydemir`i ziyaret etti. Hrant Dink Vakf\u0131`n\u0131n y\u00fcr\u00fctt\u00fc\u011f\u00fc T\u00fcrkiye-Ermenistan Gazeteci Diyalog Program\u0131 kapsam\u0131nda Ermenistan`dan gelen gazeteciler Diyarbak\u0131r B\u00fcy\u00fck\u015fehir Belediye Ba\u015fkan\u0131 Osman Baydemir`i ziyaret etti. Proje Koordinat\u00f6r\u00fc Burcu Becermen, iki \u00fclke aras\u0131nda yeni i\u015fbirli\u011fi alanlar\u0131 olu\u015fturmay\u0131 ve haber alma a\u011flar\u0131n\u0131n [&hellip;]\" \/>\n<meta property=\"og:url\" content=\"https:\/\/akunq.net\/tr\/?p=26662\" \/>\n<meta property=\"og:site_name\" content=\"Bati Ermenistan Ve Bati Ermenileri Sorunlari Ara\u015ftirmalar Merkezi\" \/>\n<meta property=\"article:published_time\" content=\"2013-11-05T09:39:29+00:00\" \/>\n<meta name=\"author\" content=\"admin\" \/>\n<meta name=\"twitter:card\" content=\"summary_large_image\" \/>\n<meta name=\"twitter:label1\" content=\"Written by\" \/>\n\t<meta name=\"twitter:data1\" content=\"admin\" \/>\n\t<meta name=\"twitter:label2\" content=\"Est. reading time\" \/>\n\t<meta name=\"twitter:data2\" content=\"2 minutes\" \/>\n<script type=\"application\/ld+json\" class=\"yoast-schema-graph\">{\"@context\":\"https:\\\/\\\/schema.org\",\"@graph\":[{\"@type\":\"Article\",\"@id\":\"https:\\\/\\\/akunq.net\\\/tr\\\/?p=26662#article\",\"isPartOf\":{\"@id\":\"https:\\\/\\\/akunq.net\\\/tr\\\/?p=26662\"},\"author\":{\"name\":\"admin\",\"@id\":\"https:\\\/\\\/akunq.net\\\/tr\\\/#\\\/schema\\\/person\\\/096f1d38a12cce57fb855b485ed24c9e\"},\"headline\":\"Ermeni gazeteciler Baydemir\u2019i ziyaret etti\",\"datePublished\":\"2013-11-05T09:39:29+00:00\",\"mainEntityOfPage\":{\"@id\":\"https:\\\/\\\/akunq.net\\\/tr\\\/?p=26662\"},\"wordCount\":313,\"commentCount\":0,\"articleSection\":[\"Haberler\"],\"inLanguage\":\"en-US\",\"potentialAction\":[{\"@type\":\"CommentAction\",\"name\":\"Comment\",\"target\":[\"https:\\\/\\\/akunq.net\\\/tr\\\/?p=26662#respond\"]}]},{\"@type\":\"WebPage\",\"@id\":\"https:\\\/\\\/akunq.net\\\/tr\\\/?p=26662\",\"url\":\"https:\\\/\\\/akunq.net\\\/tr\\\/?p=26662\",\"name\":\"Ermeni gazeteciler Baydemir\u2019i ziyaret etti - Bati Ermenistan Ve Bati Ermenileri Sorunlari Ara\u015ftirmalar Merkezi\",\"isPartOf\":{\"@id\":\"https:\\\/\\\/akunq.net\\\/tr\\\/#website\"},\"datePublished\":\"2013-11-05T09:39:29+00:00\",\"author\":{\"@id\":\"https:\\\/\\\/akunq.net\\\/tr\\\/#\\\/schema\\\/person\\\/096f1d38a12cce57fb855b485ed24c9e\"},\"breadcrumb\":{\"@id\":\"https:\\\/\\\/akunq.net\\\/tr\\\/?p=26662#breadcrumb\"},\"inLanguage\":\"en-US\",\"potentialAction\":[{\"@type\":\"ReadAction\",\"target\":[\"https:\\\/\\\/akunq.net\\\/tr\\\/?p=26662\"]}]},{\"@type\":\"BreadcrumbList\",\"@id\":\"https:\\\/\\\/akunq.net\\\/tr\\\/?p=26662#breadcrumb\",\"itemListElement\":[{\"@type\":\"ListItem\",\"position\":1,\"name\":\"Home\",\"item\":\"https:\\\/\\\/akunq.net\\\/tr\"},{\"@type\":\"ListItem\",\"position\":2,\"name\":\"Ermeni gazeteciler Baydemir\u2019i ziyaret etti\"}]},{\"@type\":\"WebSite\",\"@id\":\"https:\\\/\\\/akunq.net\\\/tr\\\/#website\",\"url\":\"https:\\\/\\\/akunq.net\\\/tr\\\/\",\"name\":\"Bati Ermenistan Ve Bati Ermenileri Sorunlari Ara\u015ftirmalar Merkezi\",\"description\":\"\",\"potentialAction\":[{\"@type\":\"SearchAction\",\"target\":{\"@type\":\"EntryPoint\",\"urlTemplate\":\"https:\\\/\\\/akunq.net\\\/tr\\\/?s={search_term_string}\"},\"query-input\":{\"@type\":\"PropertyValueSpecification\",\"valueRequired\":true,\"valueName\":\"search_term_string\"}}],\"inLanguage\":\"en-US\"},{\"@type\":\"Person\",\"@id\":\"https:\\\/\\\/akunq.net\\\/tr\\\/#\\\/schema\\\/person\\\/096f1d38a12cce57fb855b485ed24c9e\",\"name\":\"admin\",\"url\":\"https:\\\/\\\/akunq.net\\\/tr\\\/?author=7\"}]}<\/script>\n<!-- \/ Yoast SEO plugin. -->","yoast_head_json":{"title":"Ermeni gazeteciler Baydemir\u2019i ziyaret etti - Bati Ermenistan Ve Bati Ermenileri Sorunlari Ara\u015ftirmalar Merkezi","robots":{"index":"index","follow":"follow","max-snippet":"max-snippet:-1","max-image-preview":"max-image-preview:large","max-video-preview":"max-video-preview:-1"},"canonical":"https:\/\/akunq.net\/tr\/?p=26662","og_locale":"en_US","og_type":"article","og_title":"Ermeni gazeteciler Baydemir\u2019i ziyaret etti - Bati Ermenistan Ve Bati Ermenileri Sorunlari Ara\u015ftirmalar Merkezi","og_description":"Hrant Dink Vakf\u0131`n\u0131n y\u00fcr\u00fctt\u00fc\u011f\u00fc T\u00fcrkiye-Ermenistan Gazeteci Diyalog Program\u0131 kapsam\u0131nda Ermenistan`dan gelen gazeteciler Diyarbak\u0131r B\u00fcy\u00fck\u015fehir Belediye Ba\u015fkan\u0131 Osman Baydemir`i ziyaret etti. Hrant Dink Vakf\u0131`n\u0131n y\u00fcr\u00fctt\u00fc\u011f\u00fc T\u00fcrkiye-Ermenistan Gazeteci Diyalog Program\u0131 kapsam\u0131nda Ermenistan`dan gelen gazeteciler Diyarbak\u0131r B\u00fcy\u00fck\u015fehir Belediye Ba\u015fkan\u0131 Osman Baydemir`i ziyaret etti. Proje Koordinat\u00f6r\u00fc Burcu Becermen, iki \u00fclke aras\u0131nda yeni i\u015fbirli\u011fi alanlar\u0131 olu\u015fturmay\u0131 ve haber alma a\u011flar\u0131n\u0131n [&hellip;]","og_url":"https:\/\/akunq.net\/tr\/?p=26662","og_site_name":"Bati Ermenistan Ve Bati Ermenileri Sorunlari Ara\u015ftirmalar Merkezi","article_published_time":"2013-11-05T09:39:29+00:00","author":"admin","twitter_card":"summary_large_image","twitter_misc":{"Written by":"admin","Est. reading time":"2 minutes"},"schema":{"@context":"https:\/\/schema.org","@graph":[{"@type":"Article","@id":"https:\/\/akunq.net\/tr\/?p=26662#article","isPartOf":{"@id":"https:\/\/akunq.net\/tr\/?p=26662"},"author":{"name":"admin","@id":"https:\/\/akunq.net\/tr\/#\/schema\/person\/096f1d38a12cce57fb855b485ed24c9e"},"headline":"Ermeni gazeteciler Baydemir\u2019i ziyaret etti","datePublished":"2013-11-05T09:39:29+00:00","mainEntityOfPage":{"@id":"https:\/\/akunq.net\/tr\/?p=26662"},"wordCount":313,"commentCount":0,"articleSection":["Haberler"],"inLanguage":"en-US","potentialAction":[{"@type":"CommentAction","name":"Comment","target":["https:\/\/akunq.net\/tr\/?p=26662#respond"]}]},{"@type":"WebPage","@id":"https:\/\/akunq.net\/tr\/?p=26662","url":"https:\/\/akunq.net\/tr\/?p=26662","name":"Ermeni gazeteciler Baydemir\u2019i ziyaret etti - Bati Ermenistan Ve Bati Ermenileri Sorunlari Ara\u015ftirmalar Merkezi","isPartOf":{"@id":"https:\/\/akunq.net\/tr\/#website"},"datePublished":"2013-11-05T09:39:29+00:00","author":{"@id":"https:\/\/akunq.net\/tr\/#\/schema\/person\/096f1d38a12cce57fb855b485ed24c9e"},"breadcrumb":{"@id":"https:\/\/akunq.net\/tr\/?p=26662#breadcrumb"},"inLanguage":"en-US","potentialAction":[{"@type":"ReadAction","target":["https:\/\/akunq.net\/tr\/?p=26662"]}]},{"@type":"BreadcrumbList","@id":"https:\/\/akunq.net\/tr\/?p=26662#breadcrumb","itemListElement":[{"@type":"ListItem","position":1,"name":"Home","item":"https:\/\/akunq.net\/tr"},{"@type":"ListItem","position":2,"name":"Ermeni gazeteciler Baydemir\u2019i ziyaret etti"}]},{"@type":"WebSite","@id":"https:\/\/akunq.net\/tr\/#website","url":"https:\/\/akunq.net\/tr\/","name":"Bati Ermenistan Ve Bati Ermenileri Sorunlari Ara\u015ftirmalar Merkezi","description":"","potentialAction":[{"@type":"SearchAction","target":{"@type":"EntryPoint","urlTemplate":"https:\/\/akunq.net\/tr\/?s={search_term_string}"},"query-input":{"@type":"PropertyValueSpecification","valueRequired":true,"valueName":"search_term_string"}}],"inLanguage":"en-US"},{"@type":"Person","@id":"https:\/\/akunq.net\/tr\/#\/schema\/person\/096f1d38a12cce57fb855b485ed24c9e","name":"admin","url":"https:\/\/akunq.net\/tr\/?author=7"}]}},"_links":{"self":[{"href":"https:\/\/akunq.net\/tr\/index.php?rest_route=\/wp\/v2\/posts\/26662","targetHints":{"allow":["GET"]}}],"collection":[{"href":"https:\/\/akunq.net\/tr\/index.php?rest_route=\/wp\/v2\/posts"}],"about":[{"href":"https:\/\/akunq.net\/tr\/index.php?rest_route=\/wp\/v2\/types\/post"}],"author":[{"embeddable":true,"href":"https:\/\/akunq.net\/tr\/index.php?rest_route=\/wp\/v2\/users\/7"}],"replies":[{"embeddable":true,"href":"https:\/\/akunq.net\/tr\/index.php?rest_route=%2Fwp%2Fv2%2Fcomments&post=26662"}],"version-history":[{"count":1,"href":"https:\/\/akunq.net\/tr\/index.php?rest_route=\/wp\/v2\/posts\/26662\/revisions"}],"predecessor-version":[{"id":26664,"href":"https:\/\/akunq.net\/tr\/index.php?rest_route=\/wp\/v2\/posts\/26662\/revisions\/26664"}],"wp:attachment":[{"href":"https:\/\/akunq.net\/tr\/index.php?rest_route=%2Fwp%2Fv2%2Fmedia&parent=26662"}],"wp:term":[{"taxonomy":"category","embeddable":true,"href":"https:\/\/akunq.net\/tr\/index.php?rest_route=%2Fwp%2Fv2%2Fcategories&post=26662"},{"taxonomy":"post_tag","embeddable":true,"href":"https:\/\/akunq.net\/tr\/index.php?rest_route=%2Fwp%2Fv2%2Ftags&post=26662"}],"curies":[{"name":"wp","href":"https:\/\/api.w.org\/{rel}","templated":true}]}}