{"id":26552,"date":"2013-11-01T03:15:18","date_gmt":"2013-11-01T08:15:18","guid":{"rendered":"http:\/\/akunq.net\/tr\/?p=26552"},"modified":"2013-11-01T03:15:18","modified_gmt":"2013-11-01T08:15:18","slug":"prof-timur-ataturk-1915-icin-alcaklik-demisti","status":"publish","type":"post","link":"https:\/\/akunq.net\/tr\/?p=26552","title":{"rendered":"Prof. Timur: Atat\u00fcrk 1915 i\u00e7in &#8216;al\u00e7akl\u0131k&#8217; demi\u015fti"},"content":{"rendered":"<p style=\"text-align: justify;\"><b><i><a href=\"http:\/\/akunq.net\/tr\/wp-content\/uploads\/2013\/11\/Taner-Timur.jpg\"><img loading=\"lazy\" decoding=\"async\" class=\"alignright size-medium wp-image-26553\" alt=\"Taner Timur\" src=\"http:\/\/akunq.net\/tr\/wp-content\/uploads\/2013\/11\/Taner-Timur-300x150.jpg\" width=\"300\" height=\"150\" srcset=\"https:\/\/akunq.net\/tr\/wp-content\/uploads\/sites\/6\/2013\/11\/Taner-Timur-300x150.jpg 300w, https:\/\/akunq.net\/tr\/wp-content\/uploads\/sites\/6\/2013\/11\/Taner-Timur-600x300.jpg 600w, https:\/\/akunq.net\/tr\/wp-content\/uploads\/sites\/6\/2013\/11\/Taner-Timur.jpg 620w\" sizes=\"auto, (max-width: 300px) 100vw, 300px\" \/><\/a>Tarih\u00e7i akademisyen Prof. Taner Timur Atat\u00fcrk&#8217;\u00fcn Ermeni tehciri (Ermeni Soyk\u0131r\u0131m\u0131-\u2018Akunq \u2018web sayfas\u0131 y\u00f6neticileri) i\u00e7in &#8216;fazahat&#8217; (al\u00e7akl\u0131k) ifadesini kulland\u0131\u011f\u0131n\u0131 s\u00f6yledi.<\/i><\/b><\/p>\n<p style=\"text-align: justify;\">Tarih\u00e7i akademisyen Prof. <strong>Taner Timur<\/strong>, Atat\u00fcrk&#8217;\u00fcn 1915 Ermeni techiri i\u00e7in &#8220;fazahat&#8221; (al\u00e7akl\u0131k) ifadesini kulland\u0131\u011f\u0131n\u0131 s\u00f6yledi. Timur, <strong>Mustafa Kemal Atat\u00fcrk<\/strong>&#8216;\u00fcn BM&#8217;nin a\u00e7\u0131l\u0131\u015f\u0131ndan bir g\u00fcn sonra yap\u0131lan gizli oturumda o ifadeyi kulland\u0131\u011f\u0131n\u0131 belirtirken, Atat\u00fcrk&#8217;\u00fcn <strong>Fethi Okyar<\/strong>&#8216;la birlikte \u00e7\u0131kard\u0131klar\u0131 Minber gazetesinde yap\u0131lan yay\u0131nlarda Ermeni tehciri konusunda \u0130ttihat\u00e7\u0131lara a\u011f\u0131r su\u00e7lamalar y\u00f6neltti\u011fini s\u00f6yledi<\/p>\n<p style=\"text-align: justify;\">T\u00dcYAP 32. Uluslararas\u0131 \u0130stanbukl Kitap Fuar\u0131&#8217;n\u0131n &#8220;onur yazar\u0131&#8221; se\u00e7ilen Taner Timur&#8217;un Cumhuriyet gazetesinden <strong>Gamze Akdemir<\/strong>&#8216;in gazetenin kitap ekinde yay\u0131mlanan s\u00f6yle\u015fisi&#8217;nin ilgili k\u0131sm\u0131 \u015f\u00f6yle:<\/p>\n<p style=\"text-align: justify;\">\n<strong>&#8220;1915 ve sonras\u0131 &#8211; T\u00fcrkler ve Ermeniler&#8221; kitab\u0131n\u0131zda Atat\u00fcrk&#8217;\u00fcn Ermeni techiri hakk\u0131nda &#8220;fazahat&#8221; (al\u00e7akl\u0131k) dedi\u011fini yaz\u0131yorsunuz. Onu da an\u0131msat\u0131r m\u0131s\u0131n\u0131z?<\/strong><\/p>\n<p style=\"text-align: justify;\">Mustafa Kemal, daha Anadolu&#8217;ya ge\u00e7meden, 1918&#8217;de, Fethi Okyar&#8217;la birlikte \u00e7\u0131kard\u0131klar\u0131 Minber gazetesinde yap\u0131lan yay\u0131nlarda Ermeni tehciri konusunda \u0130ttihat\u00e7\u0131lara a\u011f\u0131r su\u00e7lamalar y\u00f6neltmi\u015fti. Gazetenin 9 Kas\u0131m 1918 g\u00fcn\u00fc yay\u0131mlanan say\u0131s\u0131nda \u015fu sat\u0131rlar\u0131 okuyoruz:<\/p>\n<p style=\"text-align: justify;\">&#8220;Birka\u00e7 ki\u015finin zihniyetinden \u00e7\u0131kan bu hata, as\u0131rlardan beri ayn\u0131 vatan \u00fcst\u00fcnde kap\u0131 kom\u015fu ge\u00e7inmi\u015f, hayat-\u0131 i\u00e7timaiye, siyasiye, iktisadiye velhas\u0131l umumiyede ikmal ve itmam etmi\u015f (birbirini tamamlam\u0131\u015f) iki anas\u0131r\u0131n samimiyetlerini buland\u0131rmaktan ba\u015fka bir neticede tevlid edemezdi ve nitekim etmedi. D\u00fcnyada her milletten m\u00fcfrit insanlar \u00e7\u0131kabilir; \u015f\u00fcphesiz Ermenilikten de bu kabil insanlar \u00e7\u0131kmam\u0131\u015f de\u011fillerdi. Fakat acaba bir hizbi kalile (k\u00fc\u00e7\u00fck bir hizip) k\u0131z\u0131p b\u00fct\u00fcn bir milleti k\u0131rmak sevdas\u0131nda bulunmak, o hazin efrad\u0131ndan daha m\u00fcfrit hayalata kap\u0131lmak de\u011fil midir?&#8221; Daha sonra da BM&#8217;nin a\u00e7\u0131l\u0131\u015f\u0131ndan bir g\u00fcn sonra yap\u0131lan gizli oturumda Mustafa Kemal Pa\u015fa o s\u00f6zc\u00fc\u011f\u00fc kullanm\u0131\u015ft\u0131. T\u00fcrkiye&#8217;nin d\u00f6rt bir yan\u0131nda ya\u015fayan Do\u011fu&#8217;da ya\u015fanan ter\u00f6r olaylar\u0131yla hi\u00e7bir ilgisi olmayan y\u00fczbinlerce insan\u0131n evlerinden toplan\u0131p- \u00e7o\u011fu bir daha d\u00f6nmemek \u00fczere- s\u00fcrg\u00fcne g\u00f6nderilmeleri &#8220;fazahat&#8221; de\u011fil de nedir? Techiri ba\u015flatan Talat Pa\u015fa bile bunu an\u0131lar\u0131nda facia olarak nitelemi\u015fti.\u00a0<\/p>\n<p style=\"text-align: justify;\"><b><i>http:\/\/t24.com.tr\/haber\/prof-timur-ataturk-1915-icin-alcaklik-demisti\/243031<\/i><\/b><\/p>\n","protected":false},"excerpt":{"rendered":"<p>Tarih\u00e7i akademisyen Prof. Taner Timur Atat\u00fcrk&#8217;\u00fcn Ermeni tehciri (Ermeni Soyk\u0131r\u0131m\u0131-\u2018Akunq \u2018web sayfas\u0131 y\u00f6neticileri) i\u00e7in &#8216;fazahat&#8217; (al\u00e7akl\u0131k) ifadesini kulland\u0131\u011f\u0131n\u0131 s\u00f6yledi. Tarih\u00e7i akademisyen Prof. Taner Timur, Atat\u00fcrk&#8217;\u00fcn 1915 Ermeni techiri i\u00e7in &#8220;fazahat&#8221; (al\u00e7akl\u0131k) ifadesini kulland\u0131\u011f\u0131n\u0131 s\u00f6yledi. Timur, Mustafa Kemal Atat\u00fcrk&#8216;\u00fcn BM&#8217;nin a\u00e7\u0131l\u0131\u015f\u0131ndan bir g\u00fcn sonra yap\u0131lan gizli oturumda o ifadeyi kulland\u0131\u011f\u0131n\u0131 belirtirken, Atat\u00fcrk&#8217;\u00fcn Fethi Okyar&#8216;la birlikte \u00e7\u0131kard\u0131klar\u0131 [&hellip;]<\/p>\n","protected":false},"author":7,"featured_media":0,"comment_status":"open","ping_status":"open","sticky":false,"template":"","format":"standard","meta":{"footnotes":""},"categories":[1],"tags":[],"class_list":["post-26552","post","type-post","status-publish","format-standard","hentry","category-haberler"],"yoast_head":"<!-- This site is optimized with the Yoast SEO plugin v27.4 - https:\/\/yoast.com\/product\/yoast-seo-wordpress\/ -->\n<title>Prof. Timur: Atat\u00fcrk 1915 i\u00e7in &#039;al\u00e7akl\u0131k&#039; demi\u015fti - Bati Ermenistan Ve Bati Ermenileri Sorunlari Ara\u015ftirmalar Merkezi<\/title>\n<meta name=\"robots\" content=\"index, follow, max-snippet:-1, max-image-preview:large, max-video-preview:-1\" \/>\n<link rel=\"canonical\" href=\"https:\/\/akunq.net\/tr\/?p=26552\" \/>\n<meta property=\"og:locale\" content=\"en_US\" \/>\n<meta property=\"og:type\" content=\"article\" \/>\n<meta property=\"og:title\" content=\"Prof. Timur: Atat\u00fcrk 1915 i\u00e7in &#039;al\u00e7akl\u0131k&#039; demi\u015fti - Bati Ermenistan Ve Bati Ermenileri Sorunlari Ara\u015ftirmalar Merkezi\" \/>\n<meta property=\"og:description\" content=\"Tarih\u00e7i akademisyen Prof. Taner Timur Atat\u00fcrk&#8217;\u00fcn Ermeni tehciri (Ermeni Soyk\u0131r\u0131m\u0131-\u2018Akunq \u2018web sayfas\u0131 y\u00f6neticileri) i\u00e7in &#8216;fazahat&#8217; (al\u00e7akl\u0131k) ifadesini kulland\u0131\u011f\u0131n\u0131 s\u00f6yledi. Tarih\u00e7i akademisyen Prof. Taner Timur, Atat\u00fcrk&#8217;\u00fcn 1915 Ermeni techiri i\u00e7in &#8220;fazahat&#8221; (al\u00e7akl\u0131k) ifadesini kulland\u0131\u011f\u0131n\u0131 s\u00f6yledi. Timur, Mustafa Kemal Atat\u00fcrk&#8216;\u00fcn BM&#8217;nin a\u00e7\u0131l\u0131\u015f\u0131ndan bir g\u00fcn sonra yap\u0131lan gizli oturumda o ifadeyi kulland\u0131\u011f\u0131n\u0131 belirtirken, Atat\u00fcrk&#8217;\u00fcn Fethi Okyar&#8216;la birlikte \u00e7\u0131kard\u0131klar\u0131 [&hellip;]\" \/>\n<meta property=\"og:url\" content=\"https:\/\/akunq.net\/tr\/?p=26552\" \/>\n<meta property=\"og:site_name\" content=\"Bati Ermenistan Ve Bati Ermenileri Sorunlari Ara\u015ftirmalar Merkezi\" \/>\n<meta property=\"article:published_time\" content=\"2013-11-01T08:15:18+00:00\" \/>\n<meta property=\"og:image\" content=\"http:\/\/akunq.net\/tr\/wp-content\/uploads\/2013\/11\/Taner-Timur-300x150.jpg\" \/>\n<meta name=\"author\" content=\"admin\" \/>\n<meta name=\"twitter:card\" content=\"summary_large_image\" \/>\n<meta name=\"twitter:label1\" content=\"Written by\" \/>\n\t<meta name=\"twitter:data1\" content=\"admin\" \/>\n\t<meta name=\"twitter:label2\" content=\"Est. reading time\" \/>\n\t<meta name=\"twitter:data2\" content=\"2 minutes\" \/>\n<script type=\"application\/ld+json\" class=\"yoast-schema-graph\">{\"@context\":\"https:\\\/\\\/schema.org\",\"@graph\":[{\"@type\":\"Article\",\"@id\":\"https:\\\/\\\/akunq.net\\\/tr\\\/?p=26552#article\",\"isPartOf\":{\"@id\":\"https:\\\/\\\/akunq.net\\\/tr\\\/?p=26552\"},\"author\":{\"name\":\"admin\",\"@id\":\"https:\\\/\\\/akunq.net\\\/tr\\\/#\\\/schema\\\/person\\\/096f1d38a12cce57fb855b485ed24c9e\"},\"headline\":\"Prof. Timur: Atat\u00fcrk 1915 i\u00e7in &#8216;al\u00e7akl\u0131k&#8217; demi\u015fti\",\"datePublished\":\"2013-11-01T08:15:18+00:00\",\"mainEntityOfPage\":{\"@id\":\"https:\\\/\\\/akunq.net\\\/tr\\\/?p=26552\"},\"wordCount\":416,\"commentCount\":0,\"image\":{\"@id\":\"https:\\\/\\\/akunq.net\\\/tr\\\/?p=26552#primaryimage\"},\"thumbnailUrl\":\"http:\\\/\\\/akunq.net\\\/tr\\\/wp-content\\\/uploads\\\/2013\\\/11\\\/Taner-Timur-300x150.jpg\",\"articleSection\":[\"Haberler\"],\"inLanguage\":\"en-US\",\"potentialAction\":[{\"@type\":\"CommentAction\",\"name\":\"Comment\",\"target\":[\"https:\\\/\\\/akunq.net\\\/tr\\\/?p=26552#respond\"]}]},{\"@type\":\"WebPage\",\"@id\":\"https:\\\/\\\/akunq.net\\\/tr\\\/?p=26552\",\"url\":\"https:\\\/\\\/akunq.net\\\/tr\\\/?p=26552\",\"name\":\"Prof. Timur: Atat\u00fcrk 1915 i\u00e7in 'al\u00e7akl\u0131k' demi\u015fti - Bati Ermenistan Ve Bati Ermenileri Sorunlari Ara\u015ftirmalar Merkezi\",\"isPartOf\":{\"@id\":\"https:\\\/\\\/akunq.net\\\/tr\\\/#website\"},\"primaryImageOfPage\":{\"@id\":\"https:\\\/\\\/akunq.net\\\/tr\\\/?p=26552#primaryimage\"},\"image\":{\"@id\":\"https:\\\/\\\/akunq.net\\\/tr\\\/?p=26552#primaryimage\"},\"thumbnailUrl\":\"http:\\\/\\\/akunq.net\\\/tr\\\/wp-content\\\/uploads\\\/2013\\\/11\\\/Taner-Timur-300x150.jpg\",\"datePublished\":\"2013-11-01T08:15:18+00:00\",\"author\":{\"@id\":\"https:\\\/\\\/akunq.net\\\/tr\\\/#\\\/schema\\\/person\\\/096f1d38a12cce57fb855b485ed24c9e\"},\"breadcrumb\":{\"@id\":\"https:\\\/\\\/akunq.net\\\/tr\\\/?p=26552#breadcrumb\"},\"inLanguage\":\"en-US\",\"potentialAction\":[{\"@type\":\"ReadAction\",\"target\":[\"https:\\\/\\\/akunq.net\\\/tr\\\/?p=26552\"]}]},{\"@type\":\"ImageObject\",\"inLanguage\":\"en-US\",\"@id\":\"https:\\\/\\\/akunq.net\\\/tr\\\/?p=26552#primaryimage\",\"url\":\"https:\\\/\\\/akunq.net\\\/tr\\\/wp-content\\\/uploads\\\/sites\\\/6\\\/2013\\\/11\\\/Taner-Timur.jpg\",\"contentUrl\":\"https:\\\/\\\/akunq.net\\\/tr\\\/wp-content\\\/uploads\\\/sites\\\/6\\\/2013\\\/11\\\/Taner-Timur.jpg\",\"width\":620,\"height\":310},{\"@type\":\"BreadcrumbList\",\"@id\":\"https:\\\/\\\/akunq.net\\\/tr\\\/?p=26552#breadcrumb\",\"itemListElement\":[{\"@type\":\"ListItem\",\"position\":1,\"name\":\"Home\",\"item\":\"https:\\\/\\\/akunq.net\\\/tr\"},{\"@type\":\"ListItem\",\"position\":2,\"name\":\"Prof. Timur: Atat\u00fcrk 1915 i\u00e7in &#8216;al\u00e7akl\u0131k&#8217; demi\u015fti\"}]},{\"@type\":\"WebSite\",\"@id\":\"https:\\\/\\\/akunq.net\\\/tr\\\/#website\",\"url\":\"https:\\\/\\\/akunq.net\\\/tr\\\/\",\"name\":\"Bati Ermenistan Ve Bati Ermenileri Sorunlari Ara\u015ftirmalar Merkezi\",\"description\":\"\",\"potentialAction\":[{\"@type\":\"SearchAction\",\"target\":{\"@type\":\"EntryPoint\",\"urlTemplate\":\"https:\\\/\\\/akunq.net\\\/tr\\\/?s={search_term_string}\"},\"query-input\":{\"@type\":\"PropertyValueSpecification\",\"valueRequired\":true,\"valueName\":\"search_term_string\"}}],\"inLanguage\":\"en-US\"},{\"@type\":\"Person\",\"@id\":\"https:\\\/\\\/akunq.net\\\/tr\\\/#\\\/schema\\\/person\\\/096f1d38a12cce57fb855b485ed24c9e\",\"name\":\"admin\",\"url\":\"https:\\\/\\\/akunq.net\\\/tr\\\/?author=7\"}]}<\/script>\n<!-- \/ Yoast SEO plugin. -->","yoast_head_json":{"title":"Prof. Timur: Atat\u00fcrk 1915 i\u00e7in 'al\u00e7akl\u0131k' demi\u015fti - Bati Ermenistan Ve Bati Ermenileri Sorunlari Ara\u015ftirmalar Merkezi","robots":{"index":"index","follow":"follow","max-snippet":"max-snippet:-1","max-image-preview":"max-image-preview:large","max-video-preview":"max-video-preview:-1"},"canonical":"https:\/\/akunq.net\/tr\/?p=26552","og_locale":"en_US","og_type":"article","og_title":"Prof. Timur: Atat\u00fcrk 1915 i\u00e7in 'al\u00e7akl\u0131k' demi\u015fti - Bati Ermenistan Ve Bati Ermenileri Sorunlari Ara\u015ftirmalar Merkezi","og_description":"Tarih\u00e7i akademisyen Prof. Taner Timur Atat\u00fcrk&#8217;\u00fcn Ermeni tehciri (Ermeni Soyk\u0131r\u0131m\u0131-\u2018Akunq \u2018web sayfas\u0131 y\u00f6neticileri) i\u00e7in &#8216;fazahat&#8217; (al\u00e7akl\u0131k) ifadesini kulland\u0131\u011f\u0131n\u0131 s\u00f6yledi. Tarih\u00e7i akademisyen Prof. Taner Timur, Atat\u00fcrk&#8217;\u00fcn 1915 Ermeni techiri i\u00e7in &#8220;fazahat&#8221; (al\u00e7akl\u0131k) ifadesini kulland\u0131\u011f\u0131n\u0131 s\u00f6yledi. Timur, Mustafa Kemal Atat\u00fcrk&#8216;\u00fcn BM&#8217;nin a\u00e7\u0131l\u0131\u015f\u0131ndan bir g\u00fcn sonra yap\u0131lan gizli oturumda o ifadeyi kulland\u0131\u011f\u0131n\u0131 belirtirken, Atat\u00fcrk&#8217;\u00fcn Fethi Okyar&#8216;la birlikte \u00e7\u0131kard\u0131klar\u0131 [&hellip;]","og_url":"https:\/\/akunq.net\/tr\/?p=26552","og_site_name":"Bati Ermenistan Ve Bati Ermenileri Sorunlari Ara\u015ftirmalar Merkezi","article_published_time":"2013-11-01T08:15:18+00:00","og_image":[{"url":"http:\/\/akunq.net\/tr\/wp-content\/uploads\/2013\/11\/Taner-Timur-300x150.jpg","type":"","width":"","height":""}],"author":"admin","twitter_card":"summary_large_image","twitter_misc":{"Written by":"admin","Est. reading time":"2 minutes"},"schema":{"@context":"https:\/\/schema.org","@graph":[{"@type":"Article","@id":"https:\/\/akunq.net\/tr\/?p=26552#article","isPartOf":{"@id":"https:\/\/akunq.net\/tr\/?p=26552"},"author":{"name":"admin","@id":"https:\/\/akunq.net\/tr\/#\/schema\/person\/096f1d38a12cce57fb855b485ed24c9e"},"headline":"Prof. Timur: Atat\u00fcrk 1915 i\u00e7in &#8216;al\u00e7akl\u0131k&#8217; demi\u015fti","datePublished":"2013-11-01T08:15:18+00:00","mainEntityOfPage":{"@id":"https:\/\/akunq.net\/tr\/?p=26552"},"wordCount":416,"commentCount":0,"image":{"@id":"https:\/\/akunq.net\/tr\/?p=26552#primaryimage"},"thumbnailUrl":"http:\/\/akunq.net\/tr\/wp-content\/uploads\/2013\/11\/Taner-Timur-300x150.jpg","articleSection":["Haberler"],"inLanguage":"en-US","potentialAction":[{"@type":"CommentAction","name":"Comment","target":["https:\/\/akunq.net\/tr\/?p=26552#respond"]}]},{"@type":"WebPage","@id":"https:\/\/akunq.net\/tr\/?p=26552","url":"https:\/\/akunq.net\/tr\/?p=26552","name":"Prof. Timur: Atat\u00fcrk 1915 i\u00e7in 'al\u00e7akl\u0131k' demi\u015fti - Bati Ermenistan Ve Bati Ermenileri Sorunlari Ara\u015ftirmalar Merkezi","isPartOf":{"@id":"https:\/\/akunq.net\/tr\/#website"},"primaryImageOfPage":{"@id":"https:\/\/akunq.net\/tr\/?p=26552#primaryimage"},"image":{"@id":"https:\/\/akunq.net\/tr\/?p=26552#primaryimage"},"thumbnailUrl":"http:\/\/akunq.net\/tr\/wp-content\/uploads\/2013\/11\/Taner-Timur-300x150.jpg","datePublished":"2013-11-01T08:15:18+00:00","author":{"@id":"https:\/\/akunq.net\/tr\/#\/schema\/person\/096f1d38a12cce57fb855b485ed24c9e"},"breadcrumb":{"@id":"https:\/\/akunq.net\/tr\/?p=26552#breadcrumb"},"inLanguage":"en-US","potentialAction":[{"@type":"ReadAction","target":["https:\/\/akunq.net\/tr\/?p=26552"]}]},{"@type":"ImageObject","inLanguage":"en-US","@id":"https:\/\/akunq.net\/tr\/?p=26552#primaryimage","url":"https:\/\/akunq.net\/tr\/wp-content\/uploads\/sites\/6\/2013\/11\/Taner-Timur.jpg","contentUrl":"https:\/\/akunq.net\/tr\/wp-content\/uploads\/sites\/6\/2013\/11\/Taner-Timur.jpg","width":620,"height":310},{"@type":"BreadcrumbList","@id":"https:\/\/akunq.net\/tr\/?p=26552#breadcrumb","itemListElement":[{"@type":"ListItem","position":1,"name":"Home","item":"https:\/\/akunq.net\/tr"},{"@type":"ListItem","position":2,"name":"Prof. Timur: Atat\u00fcrk 1915 i\u00e7in &#8216;al\u00e7akl\u0131k&#8217; demi\u015fti"}]},{"@type":"WebSite","@id":"https:\/\/akunq.net\/tr\/#website","url":"https:\/\/akunq.net\/tr\/","name":"Bati Ermenistan Ve Bati Ermenileri Sorunlari Ara\u015ftirmalar Merkezi","description":"","potentialAction":[{"@type":"SearchAction","target":{"@type":"EntryPoint","urlTemplate":"https:\/\/akunq.net\/tr\/?s={search_term_string}"},"query-input":{"@type":"PropertyValueSpecification","valueRequired":true,"valueName":"search_term_string"}}],"inLanguage":"en-US"},{"@type":"Person","@id":"https:\/\/akunq.net\/tr\/#\/schema\/person\/096f1d38a12cce57fb855b485ed24c9e","name":"admin","url":"https:\/\/akunq.net\/tr\/?author=7"}]}},"_links":{"self":[{"href":"https:\/\/akunq.net\/tr\/index.php?rest_route=\/wp\/v2\/posts\/26552","targetHints":{"allow":["GET"]}}],"collection":[{"href":"https:\/\/akunq.net\/tr\/index.php?rest_route=\/wp\/v2\/posts"}],"about":[{"href":"https:\/\/akunq.net\/tr\/index.php?rest_route=\/wp\/v2\/types\/post"}],"author":[{"embeddable":true,"href":"https:\/\/akunq.net\/tr\/index.php?rest_route=\/wp\/v2\/users\/7"}],"replies":[{"embeddable":true,"href":"https:\/\/akunq.net\/tr\/index.php?rest_route=%2Fwp%2Fv2%2Fcomments&post=26552"}],"version-history":[{"count":1,"href":"https:\/\/akunq.net\/tr\/index.php?rest_route=\/wp\/v2\/posts\/26552\/revisions"}],"predecessor-version":[{"id":26554,"href":"https:\/\/akunq.net\/tr\/index.php?rest_route=\/wp\/v2\/posts\/26552\/revisions\/26554"}],"wp:attachment":[{"href":"https:\/\/akunq.net\/tr\/index.php?rest_route=%2Fwp%2Fv2%2Fmedia&parent=26552"}],"wp:term":[{"taxonomy":"category","embeddable":true,"href":"https:\/\/akunq.net\/tr\/index.php?rest_route=%2Fwp%2Fv2%2Fcategories&post=26552"},{"taxonomy":"post_tag","embeddable":true,"href":"https:\/\/akunq.net\/tr\/index.php?rest_route=%2Fwp%2Fv2%2Ftags&post=26552"}],"curies":[{"name":"wp","href":"https:\/\/api.w.org\/{rel}","templated":true}]}}