{"id":26536,"date":"2013-11-01T01:39:50","date_gmt":"2013-11-01T06:39:50","guid":{"rendered":"http:\/\/akunq.net\/tr\/?p=26536"},"modified":"2013-11-01T01:39:50","modified_gmt":"2013-11-01T06:39:50","slug":"kitapkirkin-kapaginda-bu-ay-modern-ermeni-edebiyati-var","status":"publish","type":"post","link":"https:\/\/akunq.net\/tr\/?p=26536","title":{"rendered":"Kitap\/kirk\u2019in kapa\u011f\u0131nda bu ay modern Ermeni edebiyat\u0131 var!"},"content":{"rendered":"<p style=\"text-align: justify;\"><b><i><a href=\"http:\/\/akunq.net\/tr\/wp-content\/uploads\/2013\/11\/Kirk\u2019in-kapa\u011f\u0131.jpg\"><img loading=\"lazy\" decoding=\"async\" class=\"alignright size-medium wp-image-26537\" alt=\"Kirk\u2019in kapa\u011f\u0131\" src=\"http:\/\/akunq.net\/tr\/wp-content\/uploads\/2013\/11\/Kirk\u2019in-kapa\u011f\u0131-300x217.jpg\" width=\"300\" height=\"217\" srcset=\"https:\/\/akunq.net\/tr\/wp-content\/uploads\/sites\/6\/2013\/11\/Kirk\u2019in-kapa\u011f\u0131-300x217.jpg 300w, https:\/\/akunq.net\/tr\/wp-content\/uploads\/sites\/6\/2013\/11\/Kirk\u2019in-kapa\u011f\u0131.jpg 551w\" sizes=\"auto, (max-width: 300px) 100vw, 300px\" \/><\/a>Kitap\/kirk\u2019in Ekim say\u0131s\u0131 hem yar\u0131n bayiilerde olacak Agos\u2019la \u00fccretsiz hem de t\u00fcm i\u00e7eri\u011fiyle Agos.com.tr\u2019de!<\/i><\/b><\/p>\n<p style=\"text-align: justify;\">Merhaba,<\/p>\n<p style=\"text-align: justify;\">Bu say\u0131ya Yorgos Theotokas\u2019\u0131n \u2018Leonis: Bir D\u00fcnyan\u0131n Merkezindeki \u015eehir \u0130stanbul (1914-1922)\u2019u ile ba\u015fl\u0131yoruz. Resmi tarih anlay\u0131\u015f\u0131n\u0131n d\u0131\u015f\u0131nda bamba\u015fka bir d\u00f6nem ve bamba\u015fka bir \u2018\u015fehir\u2019 hik\u00e2yesi okumak istiyorsan\u0131z, ka\u00e7\u0131rmay\u0131n. Yeraz Der Garabedyan yazd\u0131.<\/p>\n<p style=\"text-align: justify;\">\u2018Filozoflar \u00e7a\u011f\u0131\u2019 19. y\u00fczy\u0131l\u0131n en ayk\u0131r\u0131 isimlerinden Max Stirner\u2019in k\u00fclt eseri \u2018Biricik ve M\u00fclkiyeti\u2019 yaz\u0131ld\u0131ktan 170 y\u0131l sonra nihayet T\u00fcrk\u00e7ede. Anar\u015fist literat\u00fcr\u00fcn en \u00f6nemli yap\u0131 ta\u015flar\u0131ndan biri olan \u2018Biricik ve M\u00fclikyeti\u2019ni Gazi Bertal yazd\u0131.<\/p>\n<p style=\"text-align: justify;\">\u2018Kapal\u0131\u00e7ar\u015f\u0131 Cinayeti\u2019 son derece ba\u015far\u0131l\u0131 bir ilk roman. Esra T\u00fcrkekul, bu kitab\u0131yla T\u00fcrkiyeli okura hem yeni bir polisiye hem de yeni bir kad\u0131n kahraman sunuyor. Banu Y\u0131ld\u0131ran Gen\u00e7 yazd\u0131.<\/p>\n<p style=\"text-align: justify;\">\u015eebnem \u0130\u015fig\u00fczel\u2019in son roman\u0131 \u2018Ven\u00fcs\u2019, e\u011flenceli oldu\u011fu kadar y\u00fcrek s\u0131zlatan, d\u00fc\u015f\u00fcnd\u00fcren, k\u00fc\u00e7\u00fck bulmacalar \u00e7\u00f6zd\u00fcren, \u00e7o\u011funlukla kad\u0131nlara dair s\u0131rlar sunan ve tam da bundan dolay\u0131 kad\u0131nl\u0131k ve insanl\u0131k durumuna e\u011filen, edebiyat d\u00fcnyam\u0131za unutulmaz bir karakter kazand\u0131ran bir roman olmu\u015f. B\u00fcrkem Cevher yazd\u0131. \u00a0\u00a0\u00a0\u00a0\u00a0<\/p>\n<p style=\"text-align: justify;\">\u2018Rosa Luxemburg Kitab\u0131\u2019 ise modern Avrupa tarihinin en b\u00fcy\u00fck kad\u0131n devrimcilerinden birinin, se\u00e7me hakk\u0131 ve demokrasi sorunu, diktat\u00f6rl\u00fck tart\u0131\u015fmalar\u0131 ve Ekim devrimi \u00fczerine Lenin ile girdi\u011fi polemik yaz\u0131lar\u0131ndan olu\u015fuyor.\u00a0<\/p>\n<p style=\"text-align: justify;\">Keyifli okumalar,<\/p>\n<p style=\"text-align: justify;\"><b><i>Ferda Balancar<br \/>\nferda@agos.com.tr<\/i><\/b><\/p>\n<p style=\"text-align: justify;\"><b><i>http:\/\/www.agos.com.tr\/haber.php?seo=kitapkirkin-kapaginda-bu-ay-modern-ermeni-edebiyati-var&amp;haberid=6018<\/i><\/b><\/p>\n","protected":false},"excerpt":{"rendered":"<p>Kitap\/kirk\u2019in Ekim say\u0131s\u0131 hem yar\u0131n bayiilerde olacak Agos\u2019la \u00fccretsiz hem de t\u00fcm i\u00e7eri\u011fiyle Agos.com.tr\u2019de! Merhaba, Bu say\u0131ya Yorgos Theotokas\u2019\u0131n \u2018Leonis: Bir D\u00fcnyan\u0131n Merkezindeki \u015eehir \u0130stanbul (1914-1922)\u2019u ile ba\u015fl\u0131yoruz. Resmi tarih anlay\u0131\u015f\u0131n\u0131n d\u0131\u015f\u0131nda bamba\u015fka bir d\u00f6nem ve bamba\u015fka bir \u2018\u015fehir\u2019 hik\u00e2yesi okumak istiyorsan\u0131z, ka\u00e7\u0131rmay\u0131n. Yeraz Der Garabedyan yazd\u0131. \u2018Filozoflar \u00e7a\u011f\u0131\u2019 19. y\u00fczy\u0131l\u0131n en ayk\u0131r\u0131 isimlerinden Max [&hellip;]<\/p>\n","protected":false},"author":7,"featured_media":0,"comment_status":"open","ping_status":"open","sticky":false,"template":"","format":"standard","meta":{"footnotes":""},"categories":[1,54],"tags":[],"class_list":["post-26536","post","type-post","status-publish","format-standard","hentry","category-haberler","category-kitaplar-elestiriler"],"yoast_head":"<!-- This site is optimized with the Yoast SEO plugin v27.4 - https:\/\/yoast.com\/product\/yoast-seo-wordpress\/ -->\n<title>Kitap\/kirk\u2019in kapa\u011f\u0131nda bu ay modern Ermeni edebiyat\u0131 var! - Bati Ermenistan Ve Bati Ermenileri Sorunlari Ara\u015ftirmalar Merkezi<\/title>\n<meta name=\"robots\" content=\"index, follow, max-snippet:-1, max-image-preview:large, max-video-preview:-1\" \/>\n<link rel=\"canonical\" href=\"https:\/\/akunq.net\/tr\/?p=26536\" \/>\n<meta property=\"og:locale\" content=\"en_US\" \/>\n<meta property=\"og:type\" content=\"article\" \/>\n<meta property=\"og:title\" content=\"Kitap\/kirk\u2019in kapa\u011f\u0131nda bu ay modern Ermeni edebiyat\u0131 var! - Bati Ermenistan Ve Bati Ermenileri Sorunlari Ara\u015ftirmalar Merkezi\" \/>\n<meta property=\"og:description\" content=\"Kitap\/kirk\u2019in Ekim say\u0131s\u0131 hem yar\u0131n bayiilerde olacak Agos\u2019la \u00fccretsiz hem de t\u00fcm i\u00e7eri\u011fiyle Agos.com.tr\u2019de! Merhaba, Bu say\u0131ya Yorgos Theotokas\u2019\u0131n \u2018Leonis: Bir D\u00fcnyan\u0131n Merkezindeki \u015eehir \u0130stanbul (1914-1922)\u2019u ile ba\u015fl\u0131yoruz. Resmi tarih anlay\u0131\u015f\u0131n\u0131n d\u0131\u015f\u0131nda bamba\u015fka bir d\u00f6nem ve bamba\u015fka bir \u2018\u015fehir\u2019 hik\u00e2yesi okumak istiyorsan\u0131z, ka\u00e7\u0131rmay\u0131n. Yeraz Der Garabedyan yazd\u0131. \u2018Filozoflar \u00e7a\u011f\u0131\u2019 19. y\u00fczy\u0131l\u0131n en ayk\u0131r\u0131 isimlerinden Max [&hellip;]\" \/>\n<meta property=\"og:url\" content=\"https:\/\/akunq.net\/tr\/?p=26536\" \/>\n<meta property=\"og:site_name\" content=\"Bati Ermenistan Ve Bati Ermenileri Sorunlari Ara\u015ftirmalar Merkezi\" \/>\n<meta property=\"article:published_time\" content=\"2013-11-01T06:39:50+00:00\" \/>\n<meta name=\"author\" content=\"admin\" \/>\n<meta name=\"twitter:card\" content=\"summary_large_image\" \/>\n<meta name=\"twitter:label1\" content=\"Written by\" \/>\n\t<meta name=\"twitter:data1\" content=\"admin\" \/>\n\t<meta name=\"twitter:label2\" content=\"Est. reading time\" \/>\n\t<meta name=\"twitter:data2\" content=\"1 minute\" \/>\n<script type=\"application\/ld+json\" class=\"yoast-schema-graph\">{\"@context\":\"https:\\\/\\\/schema.org\",\"@graph\":[{\"@type\":\"Article\",\"@id\":\"https:\\\/\\\/akunq.net\\\/tr\\\/?p=26536#article\",\"isPartOf\":{\"@id\":\"https:\\\/\\\/akunq.net\\\/tr\\\/?p=26536\"},\"author\":{\"name\":\"admin\",\"@id\":\"https:\\\/\\\/akunq.net\\\/tr\\\/#\\\/schema\\\/person\\\/096f1d38a12cce57fb855b485ed24c9e\"},\"headline\":\"Kitap\\\/kirk\u2019in kapa\u011f\u0131nda bu ay modern Ermeni edebiyat\u0131 var!\",\"datePublished\":\"2013-11-01T06:39:50+00:00\",\"mainEntityOfPage\":{\"@id\":\"https:\\\/\\\/akunq.net\\\/tr\\\/?p=26536\"},\"wordCount\":297,\"commentCount\":0,\"articleSection\":[\"Haberler\",\"Kitaplar-Ele\u015ftiriler\"],\"inLanguage\":\"en-US\",\"potentialAction\":[{\"@type\":\"CommentAction\",\"name\":\"Comment\",\"target\":[\"https:\\\/\\\/akunq.net\\\/tr\\\/?p=26536#respond\"]}]},{\"@type\":\"WebPage\",\"@id\":\"https:\\\/\\\/akunq.net\\\/tr\\\/?p=26536\",\"url\":\"https:\\\/\\\/akunq.net\\\/tr\\\/?p=26536\",\"name\":\"Kitap\\\/kirk\u2019in kapa\u011f\u0131nda bu ay modern Ermeni edebiyat\u0131 var! - Bati Ermenistan Ve Bati Ermenileri Sorunlari Ara\u015ftirmalar Merkezi\",\"isPartOf\":{\"@id\":\"https:\\\/\\\/akunq.net\\\/tr\\\/#website\"},\"datePublished\":\"2013-11-01T06:39:50+00:00\",\"author\":{\"@id\":\"https:\\\/\\\/akunq.net\\\/tr\\\/#\\\/schema\\\/person\\\/096f1d38a12cce57fb855b485ed24c9e\"},\"breadcrumb\":{\"@id\":\"https:\\\/\\\/akunq.net\\\/tr\\\/?p=26536#breadcrumb\"},\"inLanguage\":\"en-US\",\"potentialAction\":[{\"@type\":\"ReadAction\",\"target\":[\"https:\\\/\\\/akunq.net\\\/tr\\\/?p=26536\"]}]},{\"@type\":\"BreadcrumbList\",\"@id\":\"https:\\\/\\\/akunq.net\\\/tr\\\/?p=26536#breadcrumb\",\"itemListElement\":[{\"@type\":\"ListItem\",\"position\":1,\"name\":\"Home\",\"item\":\"https:\\\/\\\/akunq.net\\\/tr\"},{\"@type\":\"ListItem\",\"position\":2,\"name\":\"Kitap\\\/kirk\u2019in kapa\u011f\u0131nda bu ay modern Ermeni edebiyat\u0131 var!\"}]},{\"@type\":\"WebSite\",\"@id\":\"https:\\\/\\\/akunq.net\\\/tr\\\/#website\",\"url\":\"https:\\\/\\\/akunq.net\\\/tr\\\/\",\"name\":\"Bati Ermenistan Ve Bati Ermenileri Sorunlari Ara\u015ftirmalar Merkezi\",\"description\":\"\",\"potentialAction\":[{\"@type\":\"SearchAction\",\"target\":{\"@type\":\"EntryPoint\",\"urlTemplate\":\"https:\\\/\\\/akunq.net\\\/tr\\\/?s={search_term_string}\"},\"query-input\":{\"@type\":\"PropertyValueSpecification\",\"valueRequired\":true,\"valueName\":\"search_term_string\"}}],\"inLanguage\":\"en-US\"},{\"@type\":\"Person\",\"@id\":\"https:\\\/\\\/akunq.net\\\/tr\\\/#\\\/schema\\\/person\\\/096f1d38a12cce57fb855b485ed24c9e\",\"name\":\"admin\",\"url\":\"https:\\\/\\\/akunq.net\\\/tr\\\/?author=7\"}]}<\/script>\n<!-- \/ Yoast SEO plugin. -->","yoast_head_json":{"title":"Kitap\/kirk\u2019in kapa\u011f\u0131nda bu ay modern Ermeni edebiyat\u0131 var! - Bati Ermenistan Ve Bati Ermenileri Sorunlari Ara\u015ftirmalar Merkezi","robots":{"index":"index","follow":"follow","max-snippet":"max-snippet:-1","max-image-preview":"max-image-preview:large","max-video-preview":"max-video-preview:-1"},"canonical":"https:\/\/akunq.net\/tr\/?p=26536","og_locale":"en_US","og_type":"article","og_title":"Kitap\/kirk\u2019in kapa\u011f\u0131nda bu ay modern Ermeni edebiyat\u0131 var! - Bati Ermenistan Ve Bati Ermenileri Sorunlari Ara\u015ftirmalar Merkezi","og_description":"Kitap\/kirk\u2019in Ekim say\u0131s\u0131 hem yar\u0131n bayiilerde olacak Agos\u2019la \u00fccretsiz hem de t\u00fcm i\u00e7eri\u011fiyle Agos.com.tr\u2019de! Merhaba, Bu say\u0131ya Yorgos Theotokas\u2019\u0131n \u2018Leonis: Bir D\u00fcnyan\u0131n Merkezindeki \u015eehir \u0130stanbul (1914-1922)\u2019u ile ba\u015fl\u0131yoruz. Resmi tarih anlay\u0131\u015f\u0131n\u0131n d\u0131\u015f\u0131nda bamba\u015fka bir d\u00f6nem ve bamba\u015fka bir \u2018\u015fehir\u2019 hik\u00e2yesi okumak istiyorsan\u0131z, ka\u00e7\u0131rmay\u0131n. Yeraz Der Garabedyan yazd\u0131. \u2018Filozoflar \u00e7a\u011f\u0131\u2019 19. y\u00fczy\u0131l\u0131n en ayk\u0131r\u0131 isimlerinden Max [&hellip;]","og_url":"https:\/\/akunq.net\/tr\/?p=26536","og_site_name":"Bati Ermenistan Ve Bati Ermenileri Sorunlari Ara\u015ftirmalar Merkezi","article_published_time":"2013-11-01T06:39:50+00:00","author":"admin","twitter_card":"summary_large_image","twitter_misc":{"Written by":"admin","Est. reading time":"1 minute"},"schema":{"@context":"https:\/\/schema.org","@graph":[{"@type":"Article","@id":"https:\/\/akunq.net\/tr\/?p=26536#article","isPartOf":{"@id":"https:\/\/akunq.net\/tr\/?p=26536"},"author":{"name":"admin","@id":"https:\/\/akunq.net\/tr\/#\/schema\/person\/096f1d38a12cce57fb855b485ed24c9e"},"headline":"Kitap\/kirk\u2019in kapa\u011f\u0131nda bu ay modern Ermeni edebiyat\u0131 var!","datePublished":"2013-11-01T06:39:50+00:00","mainEntityOfPage":{"@id":"https:\/\/akunq.net\/tr\/?p=26536"},"wordCount":297,"commentCount":0,"articleSection":["Haberler","Kitaplar-Ele\u015ftiriler"],"inLanguage":"en-US","potentialAction":[{"@type":"CommentAction","name":"Comment","target":["https:\/\/akunq.net\/tr\/?p=26536#respond"]}]},{"@type":"WebPage","@id":"https:\/\/akunq.net\/tr\/?p=26536","url":"https:\/\/akunq.net\/tr\/?p=26536","name":"Kitap\/kirk\u2019in kapa\u011f\u0131nda bu ay modern Ermeni edebiyat\u0131 var! - Bati Ermenistan Ve Bati Ermenileri Sorunlari Ara\u015ftirmalar Merkezi","isPartOf":{"@id":"https:\/\/akunq.net\/tr\/#website"},"datePublished":"2013-11-01T06:39:50+00:00","author":{"@id":"https:\/\/akunq.net\/tr\/#\/schema\/person\/096f1d38a12cce57fb855b485ed24c9e"},"breadcrumb":{"@id":"https:\/\/akunq.net\/tr\/?p=26536#breadcrumb"},"inLanguage":"en-US","potentialAction":[{"@type":"ReadAction","target":["https:\/\/akunq.net\/tr\/?p=26536"]}]},{"@type":"BreadcrumbList","@id":"https:\/\/akunq.net\/tr\/?p=26536#breadcrumb","itemListElement":[{"@type":"ListItem","position":1,"name":"Home","item":"https:\/\/akunq.net\/tr"},{"@type":"ListItem","position":2,"name":"Kitap\/kirk\u2019in kapa\u011f\u0131nda bu ay modern Ermeni edebiyat\u0131 var!"}]},{"@type":"WebSite","@id":"https:\/\/akunq.net\/tr\/#website","url":"https:\/\/akunq.net\/tr\/","name":"Bati Ermenistan Ve Bati Ermenileri Sorunlari Ara\u015ftirmalar Merkezi","description":"","potentialAction":[{"@type":"SearchAction","target":{"@type":"EntryPoint","urlTemplate":"https:\/\/akunq.net\/tr\/?s={search_term_string}"},"query-input":{"@type":"PropertyValueSpecification","valueRequired":true,"valueName":"search_term_string"}}],"inLanguage":"en-US"},{"@type":"Person","@id":"https:\/\/akunq.net\/tr\/#\/schema\/person\/096f1d38a12cce57fb855b485ed24c9e","name":"admin","url":"https:\/\/akunq.net\/tr\/?author=7"}]}},"_links":{"self":[{"href":"https:\/\/akunq.net\/tr\/index.php?rest_route=\/wp\/v2\/posts\/26536","targetHints":{"allow":["GET"]}}],"collection":[{"href":"https:\/\/akunq.net\/tr\/index.php?rest_route=\/wp\/v2\/posts"}],"about":[{"href":"https:\/\/akunq.net\/tr\/index.php?rest_route=\/wp\/v2\/types\/post"}],"author":[{"embeddable":true,"href":"https:\/\/akunq.net\/tr\/index.php?rest_route=\/wp\/v2\/users\/7"}],"replies":[{"embeddable":true,"href":"https:\/\/akunq.net\/tr\/index.php?rest_route=%2Fwp%2Fv2%2Fcomments&post=26536"}],"version-history":[{"count":1,"href":"https:\/\/akunq.net\/tr\/index.php?rest_route=\/wp\/v2\/posts\/26536\/revisions"}],"predecessor-version":[{"id":26538,"href":"https:\/\/akunq.net\/tr\/index.php?rest_route=\/wp\/v2\/posts\/26536\/revisions\/26538"}],"wp:attachment":[{"href":"https:\/\/akunq.net\/tr\/index.php?rest_route=%2Fwp%2Fv2%2Fmedia&parent=26536"}],"wp:term":[{"taxonomy":"category","embeddable":true,"href":"https:\/\/akunq.net\/tr\/index.php?rest_route=%2Fwp%2Fv2%2Fcategories&post=26536"},{"taxonomy":"post_tag","embeddable":true,"href":"https:\/\/akunq.net\/tr\/index.php?rest_route=%2Fwp%2Fv2%2Ftags&post=26536"}],"curies":[{"name":"wp","href":"https:\/\/api.w.org\/{rel}","templated":true}]}}