{"id":26531,"date":"2013-10-31T04:19:14","date_gmt":"2013-10-31T09:19:14","guid":{"rendered":"http:\/\/akunq.net\/tr\/?p=26531"},"modified":"2013-10-31T04:19:29","modified_gmt":"2013-10-31T09:19:29","slug":"ermeni-fotografcilar-sergisi-acildi","status":"publish","type":"post","link":"https:\/\/akunq.net\/tr\/?p=26531","title":{"rendered":"Ermeni foto\u011fraf\u00e7\u0131lar sergisi a\u00e7\u0131ld\u0131"},"content":{"rendered":"<p style=\"text-align: justify;\"><b><i><a href=\"http:\/\/akunq.net\/tr\/wp-content\/uploads\/2013\/10\/Ermeni-foto\u011fraf\u00e7\u0131lar-sergisi.jpg\"><img loading=\"lazy\" decoding=\"async\" class=\"alignright size-medium wp-image-26532\" alt=\"Ermeni foto\u011fraf\u00e7\u0131lar sergisi\" src=\"http:\/\/akunq.net\/tr\/wp-content\/uploads\/2013\/10\/Ermeni-foto\u011fraf\u00e7\u0131lar-sergisi-300x225.jpg\" width=\"300\" height=\"225\" srcset=\"https:\/\/akunq.net\/tr\/wp-content\/uploads\/sites\/6\/2013\/10\/Ermeni-foto\u011fraf\u00e7\u0131lar-sergisi-300x225.jpg 300w, https:\/\/akunq.net\/tr\/wp-content\/uploads\/sites\/6\/2013\/10\/Ermeni-foto\u011fraf\u00e7\u0131lar-sergisi.jpg 600w\" sizes=\"auto, (max-width: 300px) 100vw, 300px\" \/><\/a>1872-1923 y\u0131llar\u0131nda Sivas, Merzifon, Samsun, Konya ve Amasya\u2019da \u00e7ekilen foto\u011fraflar sergilendi&#8230;<\/i><\/b><\/p>\n<p style=\"text-align: justify;\">Amasya\u2019n\u0131n Merzifon il\u00e7esinde ya\u015fayan Ermeni as\u0131ll\u0131 Dildilian karde\u015flerin, 1872-1923 y\u0131llar\u0131nda b\u00f6lgede \u00e7ektikleri foto\u011fraflar ya\u015fad\u0131klar\u0131 topraklarda sergilendi.<\/p>\n<p style=\"text-align: justify;\">Amasya\u2019n\u0131n Merzifon il\u00e7esinde ya\u015fayan ermeni as\u0131ll\u0131 Dildilian ailesinin, foto\u011fraf\u00e7\u0131l\u0131kla u\u011fra\u015fan Tsolag ve Aram Dildilian karde\u015fler ile anneleri Hayganu\u015f`un an\u0131lar\u0131n\u0131 Dildilian karde\u015flerin ye\u011feni Maritsa Medaksian, ailenin di\u011fer ku\u015faklar\u0131na anlatt\u0131.\u00a0<\/p>\n<p style=\"text-align: justify;\">Ailenin \u00fc\u00e7\u00fcnc\u00fc ku\u015fak torunlar\u0131ndan Armen Tsolag Marsoobian, aile koleksiyonundan \u00e7\u0131kar\u0131p bir araya getirdi\u011fi 1872-1923 y\u0131llar\u0131nda Sivas, Merzifon, Samsun, Konya ve Amasya\u2019da \u00e7ekilen 600`\u00fcn \u00fczerindeki foto\u011fraflar ilk olarak ge\u00e7en nisan ay\u0131nda \u0130stanbul\u2019da, sergilendi.<\/p>\n<p style=\"text-align: justify;\">Foto\u011fraflar bu defa Tsolag ve Aram Dildilian karde\u015flerin ya\u015fad\u0131\u011f\u0131 topraklara Amasya\u2019n\u0131n Merzifon il\u00e7esine getirildi. A\u00e7\u0131l\u0131\u015fa Merzifon Belediye Ba\u015fkan\u0131 Ak Partili \u0130skender Do\u011fru ve Armen Tsolag Marsoobian ile vatanda\u015flar kat\u0131ld\u0131.<\/p>\n<p style=\"text-align: justify;\">Armen Tsolag Marsoobian burada bu sergiyi a\u00e7maktan mutlu oldu\u011funu belirterek, &#8221; Aileme ait foto\u011fraflar\u0131 ya\u015fad\u0131klar\u0131 topraklara getirdi\u011fim, bu topraklarla bulu\u015fturdu\u011fum i\u00e7in \u00e7ok mutluyum&#8221; dedi.<\/p>\n<p style=\"text-align: justify;\"><b><i>(ermenihaber.am)<\/i><\/b><\/p>\n<p style=\"text-align: justify;\"><b><i>http:\/\/www.demokrathaber.net\/yasam\/ermeni-fotografcilar-sergisi-acildi-h24229.html<\/i><\/b><\/p>\n","protected":false},"excerpt":{"rendered":"<p>1872-1923 y\u0131llar\u0131nda Sivas, Merzifon, Samsun, Konya ve Amasya\u2019da \u00e7ekilen foto\u011fraflar sergilendi&#8230; Amasya\u2019n\u0131n Merzifon il\u00e7esinde ya\u015fayan Ermeni as\u0131ll\u0131 Dildilian karde\u015flerin, 1872-1923 y\u0131llar\u0131nda b\u00f6lgede \u00e7ektikleri foto\u011fraflar ya\u015fad\u0131klar\u0131 topraklarda sergilendi. Amasya\u2019n\u0131n Merzifon il\u00e7esinde ya\u015fayan ermeni as\u0131ll\u0131 Dildilian ailesinin, foto\u011fraf\u00e7\u0131l\u0131kla u\u011fra\u015fan Tsolag ve Aram Dildilian karde\u015fler ile anneleri Hayganu\u015f`un an\u0131lar\u0131n\u0131 Dildilian karde\u015flerin ye\u011feni Maritsa Medaksian, ailenin di\u011fer ku\u015faklar\u0131na anlatt\u0131.\u00a0 [&hellip;]<\/p>\n","protected":false},"author":7,"featured_media":0,"comment_status":"open","ping_status":"open","sticky":false,"template":"","format":"standard","meta":{"footnotes":""},"categories":[1],"tags":[],"class_list":["post-26531","post","type-post","status-publish","format-standard","hentry","category-haberler"],"yoast_head":"<!-- This site is optimized with the Yoast SEO plugin v27.4 - https:\/\/yoast.com\/product\/yoast-seo-wordpress\/ -->\n<title>Ermeni foto\u011fraf\u00e7\u0131lar sergisi a\u00e7\u0131ld\u0131 - Bati Ermenistan Ve Bati Ermenileri Sorunlari Ara\u015ftirmalar Merkezi<\/title>\n<meta name=\"robots\" content=\"index, follow, max-snippet:-1, max-image-preview:large, max-video-preview:-1\" \/>\n<link rel=\"canonical\" href=\"https:\/\/akunq.net\/tr\/?p=26531\" \/>\n<meta property=\"og:locale\" content=\"en_US\" \/>\n<meta property=\"og:type\" content=\"article\" \/>\n<meta property=\"og:title\" content=\"Ermeni foto\u011fraf\u00e7\u0131lar sergisi a\u00e7\u0131ld\u0131 - Bati Ermenistan Ve Bati Ermenileri Sorunlari Ara\u015ftirmalar Merkezi\" \/>\n<meta property=\"og:description\" content=\"1872-1923 y\u0131llar\u0131nda Sivas, Merzifon, Samsun, Konya ve Amasya\u2019da \u00e7ekilen foto\u011fraflar sergilendi&#8230; Amasya\u2019n\u0131n Merzifon il\u00e7esinde ya\u015fayan Ermeni as\u0131ll\u0131 Dildilian karde\u015flerin, 1872-1923 y\u0131llar\u0131nda b\u00f6lgede \u00e7ektikleri foto\u011fraflar ya\u015fad\u0131klar\u0131 topraklarda sergilendi. Amasya\u2019n\u0131n Merzifon il\u00e7esinde ya\u015fayan ermeni as\u0131ll\u0131 Dildilian ailesinin, foto\u011fraf\u00e7\u0131l\u0131kla u\u011fra\u015fan Tsolag ve Aram Dildilian karde\u015fler ile anneleri Hayganu\u015f`un an\u0131lar\u0131n\u0131 Dildilian karde\u015flerin ye\u011feni Maritsa Medaksian, ailenin di\u011fer ku\u015faklar\u0131na anlatt\u0131.\u00a0 [&hellip;]\" \/>\n<meta property=\"og:url\" content=\"https:\/\/akunq.net\/tr\/?p=26531\" \/>\n<meta property=\"og:site_name\" content=\"Bati Ermenistan Ve Bati Ermenileri Sorunlari Ara\u015ftirmalar Merkezi\" \/>\n<meta property=\"article:published_time\" content=\"2013-10-31T09:19:14+00:00\" \/>\n<meta property=\"article:modified_time\" content=\"2013-10-31T09:19:29+00:00\" \/>\n<meta name=\"author\" content=\"admin\" \/>\n<meta name=\"twitter:card\" content=\"summary_large_image\" \/>\n<meta name=\"twitter:label1\" content=\"Written by\" \/>\n\t<meta name=\"twitter:data1\" content=\"admin\" \/>\n\t<meta name=\"twitter:label2\" content=\"Est. reading time\" \/>\n\t<meta name=\"twitter:data2\" content=\"1 minute\" \/>\n<script type=\"application\/ld+json\" class=\"yoast-schema-graph\">{\"@context\":\"https:\\\/\\\/schema.org\",\"@graph\":[{\"@type\":\"Article\",\"@id\":\"https:\\\/\\\/akunq.net\\\/tr\\\/?p=26531#article\",\"isPartOf\":{\"@id\":\"https:\\\/\\\/akunq.net\\\/tr\\\/?p=26531\"},\"author\":{\"name\":\"admin\",\"@id\":\"https:\\\/\\\/akunq.net\\\/tr\\\/#\\\/schema\\\/person\\\/096f1d38a12cce57fb855b485ed24c9e\"},\"headline\":\"Ermeni foto\u011fraf\u00e7\u0131lar sergisi a\u00e7\u0131ld\u0131\",\"datePublished\":\"2013-10-31T09:19:14+00:00\",\"dateModified\":\"2013-10-31T09:19:29+00:00\",\"mainEntityOfPage\":{\"@id\":\"https:\\\/\\\/akunq.net\\\/tr\\\/?p=26531\"},\"wordCount\":222,\"commentCount\":0,\"articleSection\":[\"Haberler\"],\"inLanguage\":\"en-US\",\"potentialAction\":[{\"@type\":\"CommentAction\",\"name\":\"Comment\",\"target\":[\"https:\\\/\\\/akunq.net\\\/tr\\\/?p=26531#respond\"]}]},{\"@type\":\"WebPage\",\"@id\":\"https:\\\/\\\/akunq.net\\\/tr\\\/?p=26531\",\"url\":\"https:\\\/\\\/akunq.net\\\/tr\\\/?p=26531\",\"name\":\"Ermeni foto\u011fraf\u00e7\u0131lar sergisi a\u00e7\u0131ld\u0131 - Bati Ermenistan Ve Bati Ermenileri Sorunlari Ara\u015ftirmalar Merkezi\",\"isPartOf\":{\"@id\":\"https:\\\/\\\/akunq.net\\\/tr\\\/#website\"},\"datePublished\":\"2013-10-31T09:19:14+00:00\",\"dateModified\":\"2013-10-31T09:19:29+00:00\",\"author\":{\"@id\":\"https:\\\/\\\/akunq.net\\\/tr\\\/#\\\/schema\\\/person\\\/096f1d38a12cce57fb855b485ed24c9e\"},\"breadcrumb\":{\"@id\":\"https:\\\/\\\/akunq.net\\\/tr\\\/?p=26531#breadcrumb\"},\"inLanguage\":\"en-US\",\"potentialAction\":[{\"@type\":\"ReadAction\",\"target\":[\"https:\\\/\\\/akunq.net\\\/tr\\\/?p=26531\"]}]},{\"@type\":\"BreadcrumbList\",\"@id\":\"https:\\\/\\\/akunq.net\\\/tr\\\/?p=26531#breadcrumb\",\"itemListElement\":[{\"@type\":\"ListItem\",\"position\":1,\"name\":\"Home\",\"item\":\"https:\\\/\\\/akunq.net\\\/tr\"},{\"@type\":\"ListItem\",\"position\":2,\"name\":\"Ermeni foto\u011fraf\u00e7\u0131lar sergisi a\u00e7\u0131ld\u0131\"}]},{\"@type\":\"WebSite\",\"@id\":\"https:\\\/\\\/akunq.net\\\/tr\\\/#website\",\"url\":\"https:\\\/\\\/akunq.net\\\/tr\\\/\",\"name\":\"Bati Ermenistan Ve Bati Ermenileri Sorunlari Ara\u015ftirmalar Merkezi\",\"description\":\"\",\"potentialAction\":[{\"@type\":\"SearchAction\",\"target\":{\"@type\":\"EntryPoint\",\"urlTemplate\":\"https:\\\/\\\/akunq.net\\\/tr\\\/?s={search_term_string}\"},\"query-input\":{\"@type\":\"PropertyValueSpecification\",\"valueRequired\":true,\"valueName\":\"search_term_string\"}}],\"inLanguage\":\"en-US\"},{\"@type\":\"Person\",\"@id\":\"https:\\\/\\\/akunq.net\\\/tr\\\/#\\\/schema\\\/person\\\/096f1d38a12cce57fb855b485ed24c9e\",\"name\":\"admin\",\"url\":\"https:\\\/\\\/akunq.net\\\/tr\\\/?author=7\"}]}<\/script>\n<!-- \/ Yoast SEO plugin. -->","yoast_head_json":{"title":"Ermeni foto\u011fraf\u00e7\u0131lar sergisi a\u00e7\u0131ld\u0131 - Bati Ermenistan Ve Bati Ermenileri Sorunlari Ara\u015ftirmalar Merkezi","robots":{"index":"index","follow":"follow","max-snippet":"max-snippet:-1","max-image-preview":"max-image-preview:large","max-video-preview":"max-video-preview:-1"},"canonical":"https:\/\/akunq.net\/tr\/?p=26531","og_locale":"en_US","og_type":"article","og_title":"Ermeni foto\u011fraf\u00e7\u0131lar sergisi a\u00e7\u0131ld\u0131 - Bati Ermenistan Ve Bati Ermenileri Sorunlari Ara\u015ftirmalar Merkezi","og_description":"1872-1923 y\u0131llar\u0131nda Sivas, Merzifon, Samsun, Konya ve Amasya\u2019da \u00e7ekilen foto\u011fraflar sergilendi&#8230; Amasya\u2019n\u0131n Merzifon il\u00e7esinde ya\u015fayan Ermeni as\u0131ll\u0131 Dildilian karde\u015flerin, 1872-1923 y\u0131llar\u0131nda b\u00f6lgede \u00e7ektikleri foto\u011fraflar ya\u015fad\u0131klar\u0131 topraklarda sergilendi. Amasya\u2019n\u0131n Merzifon il\u00e7esinde ya\u015fayan ermeni as\u0131ll\u0131 Dildilian ailesinin, foto\u011fraf\u00e7\u0131l\u0131kla u\u011fra\u015fan Tsolag ve Aram Dildilian karde\u015fler ile anneleri Hayganu\u015f`un an\u0131lar\u0131n\u0131 Dildilian karde\u015flerin ye\u011feni Maritsa Medaksian, ailenin di\u011fer ku\u015faklar\u0131na anlatt\u0131.\u00a0 [&hellip;]","og_url":"https:\/\/akunq.net\/tr\/?p=26531","og_site_name":"Bati Ermenistan Ve Bati Ermenileri Sorunlari Ara\u015ftirmalar Merkezi","article_published_time":"2013-10-31T09:19:14+00:00","article_modified_time":"2013-10-31T09:19:29+00:00","author":"admin","twitter_card":"summary_large_image","twitter_misc":{"Written by":"admin","Est. reading time":"1 minute"},"schema":{"@context":"https:\/\/schema.org","@graph":[{"@type":"Article","@id":"https:\/\/akunq.net\/tr\/?p=26531#article","isPartOf":{"@id":"https:\/\/akunq.net\/tr\/?p=26531"},"author":{"name":"admin","@id":"https:\/\/akunq.net\/tr\/#\/schema\/person\/096f1d38a12cce57fb855b485ed24c9e"},"headline":"Ermeni foto\u011fraf\u00e7\u0131lar sergisi a\u00e7\u0131ld\u0131","datePublished":"2013-10-31T09:19:14+00:00","dateModified":"2013-10-31T09:19:29+00:00","mainEntityOfPage":{"@id":"https:\/\/akunq.net\/tr\/?p=26531"},"wordCount":222,"commentCount":0,"articleSection":["Haberler"],"inLanguage":"en-US","potentialAction":[{"@type":"CommentAction","name":"Comment","target":["https:\/\/akunq.net\/tr\/?p=26531#respond"]}]},{"@type":"WebPage","@id":"https:\/\/akunq.net\/tr\/?p=26531","url":"https:\/\/akunq.net\/tr\/?p=26531","name":"Ermeni foto\u011fraf\u00e7\u0131lar sergisi a\u00e7\u0131ld\u0131 - Bati Ermenistan Ve Bati Ermenileri Sorunlari Ara\u015ftirmalar Merkezi","isPartOf":{"@id":"https:\/\/akunq.net\/tr\/#website"},"datePublished":"2013-10-31T09:19:14+00:00","dateModified":"2013-10-31T09:19:29+00:00","author":{"@id":"https:\/\/akunq.net\/tr\/#\/schema\/person\/096f1d38a12cce57fb855b485ed24c9e"},"breadcrumb":{"@id":"https:\/\/akunq.net\/tr\/?p=26531#breadcrumb"},"inLanguage":"en-US","potentialAction":[{"@type":"ReadAction","target":["https:\/\/akunq.net\/tr\/?p=26531"]}]},{"@type":"BreadcrumbList","@id":"https:\/\/akunq.net\/tr\/?p=26531#breadcrumb","itemListElement":[{"@type":"ListItem","position":1,"name":"Home","item":"https:\/\/akunq.net\/tr"},{"@type":"ListItem","position":2,"name":"Ermeni foto\u011fraf\u00e7\u0131lar sergisi a\u00e7\u0131ld\u0131"}]},{"@type":"WebSite","@id":"https:\/\/akunq.net\/tr\/#website","url":"https:\/\/akunq.net\/tr\/","name":"Bati Ermenistan Ve Bati Ermenileri Sorunlari Ara\u015ftirmalar Merkezi","description":"","potentialAction":[{"@type":"SearchAction","target":{"@type":"EntryPoint","urlTemplate":"https:\/\/akunq.net\/tr\/?s={search_term_string}"},"query-input":{"@type":"PropertyValueSpecification","valueRequired":true,"valueName":"search_term_string"}}],"inLanguage":"en-US"},{"@type":"Person","@id":"https:\/\/akunq.net\/tr\/#\/schema\/person\/096f1d38a12cce57fb855b485ed24c9e","name":"admin","url":"https:\/\/akunq.net\/tr\/?author=7"}]}},"_links":{"self":[{"href":"https:\/\/akunq.net\/tr\/index.php?rest_route=\/wp\/v2\/posts\/26531","targetHints":{"allow":["GET"]}}],"collection":[{"href":"https:\/\/akunq.net\/tr\/index.php?rest_route=\/wp\/v2\/posts"}],"about":[{"href":"https:\/\/akunq.net\/tr\/index.php?rest_route=\/wp\/v2\/types\/post"}],"author":[{"embeddable":true,"href":"https:\/\/akunq.net\/tr\/index.php?rest_route=\/wp\/v2\/users\/7"}],"replies":[{"embeddable":true,"href":"https:\/\/akunq.net\/tr\/index.php?rest_route=%2Fwp%2Fv2%2Fcomments&post=26531"}],"version-history":[{"count":2,"href":"https:\/\/akunq.net\/tr\/index.php?rest_route=\/wp\/v2\/posts\/26531\/revisions"}],"predecessor-version":[{"id":26534,"href":"https:\/\/akunq.net\/tr\/index.php?rest_route=\/wp\/v2\/posts\/26531\/revisions\/26534"}],"wp:attachment":[{"href":"https:\/\/akunq.net\/tr\/index.php?rest_route=%2Fwp%2Fv2%2Fmedia&parent=26531"}],"wp:term":[{"taxonomy":"category","embeddable":true,"href":"https:\/\/akunq.net\/tr\/index.php?rest_route=%2Fwp%2Fv2%2Fcategories&post=26531"},{"taxonomy":"post_tag","embeddable":true,"href":"https:\/\/akunq.net\/tr\/index.php?rest_route=%2Fwp%2Fv2%2Ftags&post=26531"}],"curies":[{"name":"wp","href":"https:\/\/api.w.org\/{rel}","templated":true}]}}