{"id":26525,"date":"2013-10-31T04:00:06","date_gmt":"2013-10-31T09:00:06","guid":{"rendered":"http:\/\/akunq.net\/tr\/?p=26525"},"modified":"2013-10-31T04:00:06","modified_gmt":"2013-10-31T09:00:06","slug":"bu-sozlere-inanmak-icin-tutarlilik-ararim","status":"publish","type":"post","link":"https:\/\/akunq.net\/tr\/?p=26525","title":{"rendered":"Bu s\u00f6zlere inanmak i\u00e7in tutarl\u0131l\u0131k arar\u0131m"},"content":{"rendered":"<p style=\"text-align: justify;\"><b><a href=\"http:\/\/akunq.net\/tr\/wp-content\/uploads\/2013\/10\/Mehmet-Y.-YILMAZ.jpg\"><img loading=\"lazy\" decoding=\"async\" class=\"alignright size-full wp-image-26526\" alt=\"Mehmet Y. YILMAZ\" src=\"http:\/\/akunq.net\/tr\/wp-content\/uploads\/2013\/10\/Mehmet-Y.-YILMAZ.jpg\" width=\"240\" height=\"180\" \/><\/a><a href=\"http:\/\/www.hurriyet.com.tr\/index\/mehmet_y._y\u0131lmaz\" target=\"_blank\">Mehmet Y. YILMAZ<\/a><\/b><\/p>\n<p style=\"text-align: justify;\"><b><i>BA\u015eBAKAN Recep Tayyip Erdo\u011fan, Devlet Bah\u00e7eli\u2019nin ele\u015ftirilerini yan\u0131tlarken \u015f\u00f6yle konu\u015ftu:<\/i><\/b><\/p>\n<p style=\"text-align: justify;\">\u201cBu \u00fclkede Ermeni Ortodoks vatanda\u015flar\u0131m var m\u0131? Var. Ermeni vatanda\u015f\u0131m vergi \u00f6d\u00fcyor mu? \u00d6d\u00fcyor. Onun da inanc\u0131n\u0131n gere\u011fini yerine getiresini sa\u011flamak senin g\u00f6revindir.\u201d<br \/>\nBa\u015fbakan\u2019\u0131n bu ger\u00e7e\u011fi y\u00fcksek sesle s\u00f6ylemi\u015f olmas\u0131 \u00f6nemlidir.<br \/>\n\u00c7\u00fcnk\u00fc bu \u00fclkede Yahudiler, Ermeniler, Rumlar, S\u00fcryaniler, s\u0131rf dinleri farkl\u0131 oldu\u011fu i\u00e7in y\u0131llard\u0131r ayr\u0131mc\u0131l\u0131\u011fa u\u011fruyorlar.<br \/>\nHerkes gibi vergi veriyorlar, askerlik yap\u0131yorlar, se\u00e7imlerde oy kullanma haklar\u0131 var ama y\u0131llard\u0131r \u201ci\u00e7imizdeki yabanc\u0131lar\u201d gibi muamele g\u00f6r\u00fcyorlar.<br \/>\nDevletle i\u015flerini Yabanc\u0131lar \u015eubesi ve D\u0131\u015fi\u015fleri Bakanl\u0131\u011f\u0131 ile g\u00f6rebiliyorlar, gerisini d\u00fc\u015f\u00fcn\u00fcn.<br \/>\nElbette devletin, kendi vatanda\u015flar\u0131na ayr\u0131m g\u00f6zetmeden dini inan\u00e7lar\u0131n\u0131 yerine getirme olana\u011f\u0131 tan\u0131mas\u0131 \u00f6nemlidir ama yeterli de say\u0131lmaz.<br \/>\n\u201cKiliselerini onar\u0131yorum\u201d demek, devletin di\u011fer sorumluluklar\u0131n\u0131 ortadan kald\u0131rmaz.<br \/>\nBa\u015fbakan bu s\u00f6zleri s\u00f6yl\u00fcyor ama s\u00f6zlerinin b\u00fct\u00fcn gereklerini yerine getirdi\u011fini de s\u00f6yleyemeyiz.<br \/>\nVergi veren, askere giden, se\u00e7imde oy kullanan vatanda\u015flar\u0131n\u0131n haklar\u0131n\u0131, ba\u015fka \u00fclkelerin kendi vatanda\u015flar\u0131na yapt\u0131\u011f\u0131 uygulamalar\u0131 gerek\u00e7e g\u00f6stererek g\u00f6rmezden gelmek bunlardan biri.<br \/>\nDemokratikle\u015fme Paketi\u2019ni a\u00e7\u0131klarken, Yunanistan, kendi M\u00fcsl\u00fcman T\u00fcrklerine eziyet ediyor diye, T\u00fcrkiye Rumlar\u0131n\u0131n haklar\u0131n\u0131 vermeyi erteledi mesela.<br \/>\nBu olmaz. D\u0131\u015f politikadaki \u201cm\u00fctekabiliyet kural\u0131\u201d bir devletin kendi vatanda\u015flar\u0131na kar\u015f\u0131 uygulayabilece\u011fi bir \u015fey de\u011fildir.<br \/>\nBu s\u00f6zleri s\u00f6yleyen bir politikac\u0131n\u0131n y\u00f6netti\u011fi partinin belediye ba\u015fkan\u0131n\u0131n sanat dan\u0131\u015fman\u0131 \u0131rk\u00e7\u0131 nefret su\u00e7u i\u015fleyen bir profes\u00f6r de olmamal\u0131d\u0131r.<br \/>\nGezi protestolar\u0131 s\u0131ras\u0131nda Yahudileri, Ermenileri ve Rumlar\u0131 \u0131rk\u00e7\u0131 s\u00f6zlerle a\u015fa\u011f\u0131lamaya \u00e7al\u0131\u015fan Prof. Dr. Ahmet Atan, \u0130stanbul B\u00fcy\u00fck\u015fehir Belediyesi\u2019nin dan\u0131\u015fmanl\u0131\u011f\u0131n\u0131 yapmaya devam ediyor!<br \/>\nBa\u015fbakan o s\u00f6zleri ger\u00e7ekten inanarak s\u00f6yl\u00fcyorsa, bu \u00e7eli\u015fkiyi nas\u0131l a\u00e7\u0131klayaca\u011f\u0131z?<br \/>\nYoksa bu da tutarl\u0131l\u0131k aramamam\u0131z\u0131 gerektiren, \u00f6ylesine s\u00f6ylenmi\u015f bir s\u00f6z m\u00fc?<\/p>\n<p style=\"text-align: justify;\"><b>Gecikmede \u2018sapman\u0131n\u2019 rol\u00fc neydi?<\/b><\/p>\n<p style=\"text-align: justify;\">MARMARAY bug\u00fcn a\u00e7\u0131l\u0131yor, hay\u0131rl\u0131 u\u011furlu olsun, eme\u011fi ge\u00e7en herkese te\u015fekk\u00fcr etmek isterim.<br \/>\nUla\u015ft\u0131rma Bakan\u0131, bir bas\u0131n gezisi ile Bo\u011faz ge\u00e7i\u015f t\u00fcnelini tan\u0131tm\u0131\u015f, gazetecilere bilgiler vermi\u015f. Ben \u00e7a\u011fr\u0131l\u0131 de\u011fildim, gitmedim. Beni \u00e7a\u011f\u0131rm\u0131yorlar, san\u0131r\u0131m \u2018\u00e7\u0131k\u0131nt\u0131l\u0131k\u2019 yapar\u0131m diye.<br \/>\nHakl\u0131lar da, yapabilirdim.<br \/>\nBakan, gazetecilere \u201carkeologlar\u0131n engellemesi nedeniyle\u201d Marmaray\u2019\u0131n 2009\u2019da hizmete giremedi\u011fini s\u00f6yledi. E\u011fer arkeologlara kalsaym\u0131\u015f, 2023\u2019te ancak bitebilirmi\u015f.<br \/>\nBu s\u00f6zlerden nas\u0131l bir sonu\u00e7 \u00e7\u0131karmal\u0131y\u0131z: Arkeologlar\u0131n \u201cDaha kazacak \u00e7ok \u015fey var\u201d demelerine ra\u011fmen mi in\u015faata devam edildi?<br \/>\nBunu ge\u00e7elim.<br \/>\nSon t\u00fcp yerle\u015ftirildikten sonra Yenikap\u0131\u2019da t\u00fcnel kazma i\u015flemi ba\u015flad\u0131.<br \/>\nO g\u00fcnlerde Ula\u015ft\u0131rma Bakan\u0131 \u015f\u00f6yle diyordu:<br \/>\n\u201cMarmaray, \u0130stanbul\u2019un t\u0131kanan damarlar\u0131n\u0131 a\u00e7an, toplu ta\u015f\u0131ma projesi olmaktan ziyade \u0130stanbul\u2019un tarihini, k\u00fclt\u00fcrel zenginliklerini ortaya \u00e7\u0131karan bir arkeolojik proje olarak an\u0131lmaya ba\u015fland\u0131. \u2018Arkeoloji \u015f\u00f6leni\u2019 diyorlar sanat adamlar\u0131. Bu bize 4 y\u0131la mal oldu. Helal olsun. \u0130stanbul\u2019un toplu ta\u015f\u0131ma sorununu \u00e7\u00f6zecek projenin ayn\u0131 zamanda kentin tarihi zenginliklerini, 8500 y\u0131l \u00f6ncesine varan bir zaman dilimini de ortaya \u00e7\u0131karacak olmas\u0131 \u0130stanbullu olarak beni de mutlu ediyor. Heyecan duyuyoruz.\u201d<br \/>\nYani arkeologlar\u0131n tarihi ortaya \u00e7\u0131karma \u00e7abalar\u0131 pek de \u015fik\u00e2yet edilecek bir durum de\u011filmi\u015f!<br \/>\n\u00d6te yandan kaz\u0131lar nedeniyle geciken i\u015f Yenikap\u0131\u2019daki delme i\u015flemi olabilir.<br \/>\nYani d\u00f6rt y\u0131l \u00f6nce her \u015fey tamamland\u0131 da, sadece bu t\u00fcnelin kaz\u0131lmas\u0131n\u0131 m\u0131 bekledik?<br \/>\nAcaba projede ba\u015fka ne t\u00fcr gecikmeler oldu?<br \/>\nYedinci \u00fcnitenin konulmas\u0131 s\u0131ras\u0131nda ortaya \u00e7\u0131kan 15 santimlik sapman\u0131n d\u00fczeltilmesi i\u00e7in kaybedilen zaman\u0131n da bir rol\u00fc oldu mu?<\/p>\n<p style=\"text-align: justify;\"><b>\u2018Sinirli ba\u015f\u00e7avu\u015f\u2019 meselesi<\/b><\/p>\n<p style=\"text-align: justify;\">GE\u00c7EN g\u00fcn Ba\u015fbakan\u2019\u0131n durduk yerde her \u015feye ve herkese sinirlenmesinden s\u00f6z ederken \u201cMesela askerde b\u00f6yle sinirli ba\u015f\u00e7avu\u015flar vard\u0131r\u201d gibi bir c\u00fcmle de kurmu\u015ftum.<br \/>\nVerdi\u011fim tek \u00f6rnek de o de\u011fildi, \u201csinirli \u00f6\u011fretmen\u201d \u00f6rne\u011fi de vermi\u015ftim.<br \/>\nAralar\u0131nda emekliler de olan baz\u0131 astsubay okuyucular, bu \u00f6rne\u011fi vermeme k\u0131r\u0131ld\u0131lar.<br \/>\n\u201cBir meslek grubunu a\u015fa\u011f\u0131lad\u0131\u011f\u0131m\u0131\u201d iddia edenler de oldu.<br \/>\nHay\u0131r, b\u00f6yle bir niyetim yoktu, devaml\u0131 okuyucular bu k\u00f6\u015feyi yazarken kimseyi a\u015fa\u011f\u0131lamamaya \u00f6zel olarak dikkat etti\u011fimi bilirler.<br \/>\nAstsubaylar\u0131n, ciddi mesleki ve \u00f6zl\u00fck sorunlar\u0131 oldu\u011funu biliyorum. Kald\u0131 ki bunu bilmesem ya da b\u00f6yle sorunlar\u0131 olmasa da akl\u0131mdan bir meslek grubunu topluca ele\u015ftirmem.<br \/>\nYine de k\u0131r\u0131lan olduysa, kusura bakmas\u0131nlar.<br \/>\nBu k\u00f6\u015fede politikac\u0131lar\u0131, polisleri, yarg\u0131 mensuplar\u0131n\u0131 s\u0131k\u00e7a ele\u015ftiriyorum.<br \/>\nYapt\u0131\u011f\u0131m ele\u015ftirilerin amac\u0131, bu meslek mensuplar\u0131n\u0131 genel olarak k\u00fc\u00e7\u00fcmsemek vs. de\u011fildir.<br \/>\nBu k\u00f6\u015fede yazd\u0131\u011f\u0131m ele\u015ftirilerdeki amac\u0131m, daha iyi ve yeterli bir kamu hizmetine hepimizin ula\u015fabilmesini sa\u011flamakt\u0131r.<\/p>\n<p style=\"text-align: justify;\"><b><i>http:\/\/www.hurriyet.com.tr\/yazarlar\/25000348.asp<\/i><\/b><\/p>\n","protected":false},"excerpt":{"rendered":"<p>Mehmet Y. YILMAZ BA\u015eBAKAN Recep Tayyip Erdo\u011fan, Devlet Bah\u00e7eli\u2019nin ele\u015ftirilerini yan\u0131tlarken \u015f\u00f6yle konu\u015ftu: \u201cBu \u00fclkede Ermeni Ortodoks vatanda\u015flar\u0131m var m\u0131? Var. Ermeni vatanda\u015f\u0131m vergi \u00f6d\u00fcyor mu? \u00d6d\u00fcyor. Onun da inanc\u0131n\u0131n gere\u011fini yerine getiresini sa\u011flamak senin g\u00f6revindir.\u201d Ba\u015fbakan\u2019\u0131n bu ger\u00e7e\u011fi y\u00fcksek sesle s\u00f6ylemi\u015f olmas\u0131 \u00f6nemlidir. \u00c7\u00fcnk\u00fc bu \u00fclkede Yahudiler, Ermeniler, Rumlar, S\u00fcryaniler, s\u0131rf dinleri farkl\u0131 oldu\u011fu [&hellip;]<\/p>\n","protected":false},"author":7,"featured_media":0,"comment_status":"open","ping_status":"open","sticky":false,"template":"","format":"standard","meta":{"footnotes":""},"categories":[1,70,53],"tags":[],"class_list":["post-26525","post","type-post","status-publish","format-standard","hentry","category-haberler","category-makaleler","category-turkiyede-azinliklar"],"yoast_head":"<!-- This site is optimized with the Yoast SEO plugin v27.4 - https:\/\/yoast.com\/product\/yoast-seo-wordpress\/ -->\n<title>Bu s\u00f6zlere inanmak i\u00e7in tutarl\u0131l\u0131k arar\u0131m - Bati Ermenistan Ve Bati Ermenileri Sorunlari Ara\u015ftirmalar Merkezi<\/title>\n<meta name=\"robots\" content=\"index, follow, max-snippet:-1, max-image-preview:large, max-video-preview:-1\" \/>\n<link rel=\"canonical\" href=\"https:\/\/akunq.net\/tr\/?p=26525\" \/>\n<meta property=\"og:locale\" content=\"en_US\" \/>\n<meta property=\"og:type\" content=\"article\" \/>\n<meta property=\"og:title\" content=\"Bu s\u00f6zlere inanmak i\u00e7in tutarl\u0131l\u0131k arar\u0131m - Bati Ermenistan Ve Bati Ermenileri Sorunlari Ara\u015ftirmalar Merkezi\" \/>\n<meta property=\"og:description\" content=\"Mehmet Y. YILMAZ BA\u015eBAKAN Recep Tayyip Erdo\u011fan, Devlet Bah\u00e7eli\u2019nin ele\u015ftirilerini yan\u0131tlarken \u015f\u00f6yle konu\u015ftu: \u201cBu \u00fclkede Ermeni Ortodoks vatanda\u015flar\u0131m var m\u0131? Var. Ermeni vatanda\u015f\u0131m vergi \u00f6d\u00fcyor mu? \u00d6d\u00fcyor. Onun da inanc\u0131n\u0131n gere\u011fini yerine getiresini sa\u011flamak senin g\u00f6revindir.\u201d Ba\u015fbakan\u2019\u0131n bu ger\u00e7e\u011fi y\u00fcksek sesle s\u00f6ylemi\u015f olmas\u0131 \u00f6nemlidir. \u00c7\u00fcnk\u00fc bu \u00fclkede Yahudiler, Ermeniler, Rumlar, S\u00fcryaniler, s\u0131rf dinleri farkl\u0131 oldu\u011fu [&hellip;]\" \/>\n<meta property=\"og:url\" content=\"https:\/\/akunq.net\/tr\/?p=26525\" \/>\n<meta property=\"og:site_name\" content=\"Bati Ermenistan Ve Bati Ermenileri Sorunlari Ara\u015ftirmalar Merkezi\" \/>\n<meta property=\"article:published_time\" content=\"2013-10-31T09:00:06+00:00\" \/>\n<meta property=\"og:image\" content=\"http:\/\/akunq.net\/tr\/wp-content\/uploads\/2013\/10\/Mehmet-Y.-YILMAZ.jpg\" \/>\n<meta name=\"author\" content=\"admin\" \/>\n<meta name=\"twitter:card\" content=\"summary_large_image\" \/>\n<meta name=\"twitter:label1\" content=\"Written by\" \/>\n\t<meta name=\"twitter:data1\" content=\"admin\" \/>\n\t<meta name=\"twitter:label2\" content=\"Est. reading time\" \/>\n\t<meta name=\"twitter:data2\" content=\"4 minutes\" \/>\n<script type=\"application\/ld+json\" class=\"yoast-schema-graph\">{\"@context\":\"https:\\\/\\\/schema.org\",\"@graph\":[{\"@type\":\"Article\",\"@id\":\"https:\\\/\\\/akunq.net\\\/tr\\\/?p=26525#article\",\"isPartOf\":{\"@id\":\"https:\\\/\\\/akunq.net\\\/tr\\\/?p=26525\"},\"author\":{\"name\":\"admin\",\"@id\":\"https:\\\/\\\/akunq.net\\\/tr\\\/#\\\/schema\\\/person\\\/096f1d38a12cce57fb855b485ed24c9e\"},\"headline\":\"Bu s\u00f6zlere inanmak i\u00e7in tutarl\u0131l\u0131k arar\u0131m\",\"datePublished\":\"2013-10-31T09:00:06+00:00\",\"mainEntityOfPage\":{\"@id\":\"https:\\\/\\\/akunq.net\\\/tr\\\/?p=26525\"},\"wordCount\":888,\"commentCount\":0,\"image\":{\"@id\":\"https:\\\/\\\/akunq.net\\\/tr\\\/?p=26525#primaryimage\"},\"thumbnailUrl\":\"http:\\\/\\\/akunq.net\\\/tr\\\/wp-content\\\/uploads\\\/2013\\\/10\\\/Mehmet-Y.-YILMAZ.jpg\",\"articleSection\":[\"Haberler\",\"Makaleler\",\"T\u00fcrkiye\u2019de Az\u0131nl\u0131klar\"],\"inLanguage\":\"en-US\",\"potentialAction\":[{\"@type\":\"CommentAction\",\"name\":\"Comment\",\"target\":[\"https:\\\/\\\/akunq.net\\\/tr\\\/?p=26525#respond\"]}]},{\"@type\":\"WebPage\",\"@id\":\"https:\\\/\\\/akunq.net\\\/tr\\\/?p=26525\",\"url\":\"https:\\\/\\\/akunq.net\\\/tr\\\/?p=26525\",\"name\":\"Bu s\u00f6zlere inanmak i\u00e7in tutarl\u0131l\u0131k arar\u0131m - Bati Ermenistan Ve Bati Ermenileri Sorunlari Ara\u015ftirmalar Merkezi\",\"isPartOf\":{\"@id\":\"https:\\\/\\\/akunq.net\\\/tr\\\/#website\"},\"primaryImageOfPage\":{\"@id\":\"https:\\\/\\\/akunq.net\\\/tr\\\/?p=26525#primaryimage\"},\"image\":{\"@id\":\"https:\\\/\\\/akunq.net\\\/tr\\\/?p=26525#primaryimage\"},\"thumbnailUrl\":\"http:\\\/\\\/akunq.net\\\/tr\\\/wp-content\\\/uploads\\\/2013\\\/10\\\/Mehmet-Y.-YILMAZ.jpg\",\"datePublished\":\"2013-10-31T09:00:06+00:00\",\"author\":{\"@id\":\"https:\\\/\\\/akunq.net\\\/tr\\\/#\\\/schema\\\/person\\\/096f1d38a12cce57fb855b485ed24c9e\"},\"breadcrumb\":{\"@id\":\"https:\\\/\\\/akunq.net\\\/tr\\\/?p=26525#breadcrumb\"},\"inLanguage\":\"en-US\",\"potentialAction\":[{\"@type\":\"ReadAction\",\"target\":[\"https:\\\/\\\/akunq.net\\\/tr\\\/?p=26525\"]}]},{\"@type\":\"ImageObject\",\"inLanguage\":\"en-US\",\"@id\":\"https:\\\/\\\/akunq.net\\\/tr\\\/?p=26525#primaryimage\",\"url\":\"http:\\\/\\\/akunq.net\\\/tr\\\/wp-content\\\/uploads\\\/2013\\\/10\\\/Mehmet-Y.-YILMAZ.jpg\",\"contentUrl\":\"http:\\\/\\\/akunq.net\\\/tr\\\/wp-content\\\/uploads\\\/2013\\\/10\\\/Mehmet-Y.-YILMAZ.jpg\"},{\"@type\":\"BreadcrumbList\",\"@id\":\"https:\\\/\\\/akunq.net\\\/tr\\\/?p=26525#breadcrumb\",\"itemListElement\":[{\"@type\":\"ListItem\",\"position\":1,\"name\":\"Home\",\"item\":\"https:\\\/\\\/akunq.net\\\/tr\"},{\"@type\":\"ListItem\",\"position\":2,\"name\":\"Bu s\u00f6zlere inanmak i\u00e7in tutarl\u0131l\u0131k arar\u0131m\"}]},{\"@type\":\"WebSite\",\"@id\":\"https:\\\/\\\/akunq.net\\\/tr\\\/#website\",\"url\":\"https:\\\/\\\/akunq.net\\\/tr\\\/\",\"name\":\"Bati Ermenistan Ve Bati Ermenileri Sorunlari Ara\u015ftirmalar Merkezi\",\"description\":\"\",\"potentialAction\":[{\"@type\":\"SearchAction\",\"target\":{\"@type\":\"EntryPoint\",\"urlTemplate\":\"https:\\\/\\\/akunq.net\\\/tr\\\/?s={search_term_string}\"},\"query-input\":{\"@type\":\"PropertyValueSpecification\",\"valueRequired\":true,\"valueName\":\"search_term_string\"}}],\"inLanguage\":\"en-US\"},{\"@type\":\"Person\",\"@id\":\"https:\\\/\\\/akunq.net\\\/tr\\\/#\\\/schema\\\/person\\\/096f1d38a12cce57fb855b485ed24c9e\",\"name\":\"admin\",\"url\":\"https:\\\/\\\/akunq.net\\\/tr\\\/?author=7\"}]}<\/script>\n<!-- \/ Yoast SEO plugin. -->","yoast_head_json":{"title":"Bu s\u00f6zlere inanmak i\u00e7in tutarl\u0131l\u0131k arar\u0131m - Bati Ermenistan Ve Bati Ermenileri Sorunlari Ara\u015ftirmalar Merkezi","robots":{"index":"index","follow":"follow","max-snippet":"max-snippet:-1","max-image-preview":"max-image-preview:large","max-video-preview":"max-video-preview:-1"},"canonical":"https:\/\/akunq.net\/tr\/?p=26525","og_locale":"en_US","og_type":"article","og_title":"Bu s\u00f6zlere inanmak i\u00e7in tutarl\u0131l\u0131k arar\u0131m - Bati Ermenistan Ve Bati Ermenileri Sorunlari Ara\u015ftirmalar Merkezi","og_description":"Mehmet Y. YILMAZ BA\u015eBAKAN Recep Tayyip Erdo\u011fan, Devlet Bah\u00e7eli\u2019nin ele\u015ftirilerini yan\u0131tlarken \u015f\u00f6yle konu\u015ftu: \u201cBu \u00fclkede Ermeni Ortodoks vatanda\u015flar\u0131m var m\u0131? Var. Ermeni vatanda\u015f\u0131m vergi \u00f6d\u00fcyor mu? \u00d6d\u00fcyor. Onun da inanc\u0131n\u0131n gere\u011fini yerine getiresini sa\u011flamak senin g\u00f6revindir.\u201d Ba\u015fbakan\u2019\u0131n bu ger\u00e7e\u011fi y\u00fcksek sesle s\u00f6ylemi\u015f olmas\u0131 \u00f6nemlidir. \u00c7\u00fcnk\u00fc bu \u00fclkede Yahudiler, Ermeniler, Rumlar, S\u00fcryaniler, s\u0131rf dinleri farkl\u0131 oldu\u011fu [&hellip;]","og_url":"https:\/\/akunq.net\/tr\/?p=26525","og_site_name":"Bati Ermenistan Ve Bati Ermenileri Sorunlari Ara\u015ftirmalar Merkezi","article_published_time":"2013-10-31T09:00:06+00:00","og_image":[{"url":"http:\/\/akunq.net\/tr\/wp-content\/uploads\/2013\/10\/Mehmet-Y.-YILMAZ.jpg","type":"","width":"","height":""}],"author":"admin","twitter_card":"summary_large_image","twitter_misc":{"Written by":"admin","Est. reading time":"4 minutes"},"schema":{"@context":"https:\/\/schema.org","@graph":[{"@type":"Article","@id":"https:\/\/akunq.net\/tr\/?p=26525#article","isPartOf":{"@id":"https:\/\/akunq.net\/tr\/?p=26525"},"author":{"name":"admin","@id":"https:\/\/akunq.net\/tr\/#\/schema\/person\/096f1d38a12cce57fb855b485ed24c9e"},"headline":"Bu s\u00f6zlere inanmak i\u00e7in tutarl\u0131l\u0131k arar\u0131m","datePublished":"2013-10-31T09:00:06+00:00","mainEntityOfPage":{"@id":"https:\/\/akunq.net\/tr\/?p=26525"},"wordCount":888,"commentCount":0,"image":{"@id":"https:\/\/akunq.net\/tr\/?p=26525#primaryimage"},"thumbnailUrl":"http:\/\/akunq.net\/tr\/wp-content\/uploads\/2013\/10\/Mehmet-Y.-YILMAZ.jpg","articleSection":["Haberler","Makaleler","T\u00fcrkiye\u2019de Az\u0131nl\u0131klar"],"inLanguage":"en-US","potentialAction":[{"@type":"CommentAction","name":"Comment","target":["https:\/\/akunq.net\/tr\/?p=26525#respond"]}]},{"@type":"WebPage","@id":"https:\/\/akunq.net\/tr\/?p=26525","url":"https:\/\/akunq.net\/tr\/?p=26525","name":"Bu s\u00f6zlere inanmak i\u00e7in tutarl\u0131l\u0131k arar\u0131m - Bati Ermenistan Ve Bati Ermenileri Sorunlari Ara\u015ftirmalar Merkezi","isPartOf":{"@id":"https:\/\/akunq.net\/tr\/#website"},"primaryImageOfPage":{"@id":"https:\/\/akunq.net\/tr\/?p=26525#primaryimage"},"image":{"@id":"https:\/\/akunq.net\/tr\/?p=26525#primaryimage"},"thumbnailUrl":"http:\/\/akunq.net\/tr\/wp-content\/uploads\/2013\/10\/Mehmet-Y.-YILMAZ.jpg","datePublished":"2013-10-31T09:00:06+00:00","author":{"@id":"https:\/\/akunq.net\/tr\/#\/schema\/person\/096f1d38a12cce57fb855b485ed24c9e"},"breadcrumb":{"@id":"https:\/\/akunq.net\/tr\/?p=26525#breadcrumb"},"inLanguage":"en-US","potentialAction":[{"@type":"ReadAction","target":["https:\/\/akunq.net\/tr\/?p=26525"]}]},{"@type":"ImageObject","inLanguage":"en-US","@id":"https:\/\/akunq.net\/tr\/?p=26525#primaryimage","url":"http:\/\/akunq.net\/tr\/wp-content\/uploads\/2013\/10\/Mehmet-Y.-YILMAZ.jpg","contentUrl":"http:\/\/akunq.net\/tr\/wp-content\/uploads\/2013\/10\/Mehmet-Y.-YILMAZ.jpg"},{"@type":"BreadcrumbList","@id":"https:\/\/akunq.net\/tr\/?p=26525#breadcrumb","itemListElement":[{"@type":"ListItem","position":1,"name":"Home","item":"https:\/\/akunq.net\/tr"},{"@type":"ListItem","position":2,"name":"Bu s\u00f6zlere inanmak i\u00e7in tutarl\u0131l\u0131k arar\u0131m"}]},{"@type":"WebSite","@id":"https:\/\/akunq.net\/tr\/#website","url":"https:\/\/akunq.net\/tr\/","name":"Bati Ermenistan Ve Bati Ermenileri Sorunlari Ara\u015ftirmalar Merkezi","description":"","potentialAction":[{"@type":"SearchAction","target":{"@type":"EntryPoint","urlTemplate":"https:\/\/akunq.net\/tr\/?s={search_term_string}"},"query-input":{"@type":"PropertyValueSpecification","valueRequired":true,"valueName":"search_term_string"}}],"inLanguage":"en-US"},{"@type":"Person","@id":"https:\/\/akunq.net\/tr\/#\/schema\/person\/096f1d38a12cce57fb855b485ed24c9e","name":"admin","url":"https:\/\/akunq.net\/tr\/?author=7"}]}},"_links":{"self":[{"href":"https:\/\/akunq.net\/tr\/index.php?rest_route=\/wp\/v2\/posts\/26525","targetHints":{"allow":["GET"]}}],"collection":[{"href":"https:\/\/akunq.net\/tr\/index.php?rest_route=\/wp\/v2\/posts"}],"about":[{"href":"https:\/\/akunq.net\/tr\/index.php?rest_route=\/wp\/v2\/types\/post"}],"author":[{"embeddable":true,"href":"https:\/\/akunq.net\/tr\/index.php?rest_route=\/wp\/v2\/users\/7"}],"replies":[{"embeddable":true,"href":"https:\/\/akunq.net\/tr\/index.php?rest_route=%2Fwp%2Fv2%2Fcomments&post=26525"}],"version-history":[{"count":1,"href":"https:\/\/akunq.net\/tr\/index.php?rest_route=\/wp\/v2\/posts\/26525\/revisions"}],"predecessor-version":[{"id":26527,"href":"https:\/\/akunq.net\/tr\/index.php?rest_route=\/wp\/v2\/posts\/26525\/revisions\/26527"}],"wp:attachment":[{"href":"https:\/\/akunq.net\/tr\/index.php?rest_route=%2Fwp%2Fv2%2Fmedia&parent=26525"}],"wp:term":[{"taxonomy":"category","embeddable":true,"href":"https:\/\/akunq.net\/tr\/index.php?rest_route=%2Fwp%2Fv2%2Fcategories&post=26525"},{"taxonomy":"post_tag","embeddable":true,"href":"https:\/\/akunq.net\/tr\/index.php?rest_route=%2Fwp%2Fv2%2Ftags&post=26525"}],"curies":[{"name":"wp","href":"https:\/\/api.w.org\/{rel}","templated":true}]}}