{"id":26459,"date":"2013-10-29T01:49:58","date_gmt":"2013-10-29T06:49:58","guid":{"rendered":"http:\/\/akunq.net\/tr\/?p=26459"},"modified":"2013-10-29T01:49:58","modified_gmt":"2013-10-29T06:49:58","slug":"milli-guvenlik-kurulu-toplandi","status":"publish","type":"post","link":"https:\/\/akunq.net\/tr\/?p=26459","title":{"rendered":"Milli G\u00fcvenlik Kurulu topland\u0131"},"content":{"rendered":"<p style=\"text-align: justify;\"><b><i><a href=\"http:\/\/akunq.net\/tr\/wp-content\/uploads\/2013\/10\/\u0531\u0566\u0563\u0561\u0575\u056b\u0576-\u0561\u0576\u057e\u057f\u0561\u0576\u0563\u0578\u0582\u0569\u0575\u0561\u0576-\u056d\u0578\u0580\u0570\u0580\u0564\u056b-\u0576\u056b\u057d\u057f.jpg\"><img loading=\"lazy\" decoding=\"async\" class=\"alignright size-full wp-image-26460\" alt=\"\u0531\u0566\u0563\u0561\u0575\u056b\u0576 \u0561\u0576\u057e\u057f\u0561\u0576\u0563\u0578\u0582\u0569\u0575\u0561\u0576 \u056d\u0578\u0580\u0570\u0580\u0564\u056b \u0576\u056b\u057d\u057f\" src=\"http:\/\/akunq.net\/tr\/wp-content\/uploads\/2013\/10\/\u0531\u0566\u0563\u0561\u0575\u056b\u0576-\u0561\u0576\u057e\u057f\u0561\u0576\u0563\u0578\u0582\u0569\u0575\u0561\u0576-\u056d\u0578\u0580\u0570\u0580\u0564\u056b-\u0576\u056b\u057d\u057f.jpg\" width=\"268\" height=\"143\" \/><\/a>ANKARA\u00a0&#8211;<\/i><\/b> Milli G\u00fcvenlik Kurulu (MGK), Cumhurba\u015fkan\u0131 Abdullah G\u00fcl ba\u015fkanl\u0131\u011f\u0131nda topland\u0131.<\/p>\n<p style=\"text-align: justify;\">\u00c7ankaya K\u00f6\u015fk\u00fc&#8217;ndeki Ekim ay\u0131 ola\u011fan toplant\u0131s\u0131 saat 14.30&#8217;da ba\u015flad\u0131.<\/p>\n<p style=\"text-align: justify;\">Toplant\u0131ya, Kara Kuvvetleri Komutan\u0131 Orgeneral Hulusi Akar, Deniz Kuvvetleri Komutan\u0131 Oramiral B\u00fclent Bostano\u011flu, Hava Kuvvetleri Komutan\u0131 Orgeneral Ak\u0131n \u00d6zt\u00fcrk ve Jandarma Genel Komutan\u0131 <b><i>Orgeneral Servet Y\u00f6r\u00fck ilk kez kat\u0131l\u0131yor.<\/i><\/b><\/p>\n<p style=\"text-align: justify;\"><b><i>http:\/\/www.dunya.com\/milli-guvenlik-kurulu-toplandi-206246h.htm<\/i><\/b><\/p>\n","protected":false},"excerpt":{"rendered":"<p>ANKARA\u00a0&#8211; Milli G\u00fcvenlik Kurulu (MGK), Cumhurba\u015fkan\u0131 Abdullah G\u00fcl ba\u015fkanl\u0131\u011f\u0131nda topland\u0131. \u00c7ankaya K\u00f6\u015fk\u00fc&#8217;ndeki Ekim ay\u0131 ola\u011fan toplant\u0131s\u0131 saat 14.30&#8217;da ba\u015flad\u0131. Toplant\u0131ya, Kara Kuvvetleri Komutan\u0131 Orgeneral Hulusi Akar, Deniz Kuvvetleri Komutan\u0131 Oramiral B\u00fclent Bostano\u011flu, Hava Kuvvetleri Komutan\u0131 Orgeneral Ak\u0131n \u00d6zt\u00fcrk ve Jandarma Genel Komutan\u0131 Orgeneral Servet Y\u00f6r\u00fck ilk kez kat\u0131l\u0131yor. http:\/\/www.dunya.com\/milli-guvenlik-kurulu-toplandi-206246h.htm<\/p>\n","protected":false},"author":7,"featured_media":0,"comment_status":"open","ping_status":"open","sticky":false,"template":"","format":"standard","meta":{"footnotes":""},"categories":[1],"tags":[],"class_list":["post-26459","post","type-post","status-publish","format-standard","hentry","category-haberler"],"yoast_head":"<!-- This site is optimized with the Yoast SEO plugin v27.4 - https:\/\/yoast.com\/product\/yoast-seo-wordpress\/ -->\n<title>Milli G\u00fcvenlik Kurulu topland\u0131 - Bati Ermenistan Ve Bati Ermenileri Sorunlari Ara\u015ftirmalar Merkezi<\/title>\n<meta name=\"robots\" content=\"index, follow, max-snippet:-1, max-image-preview:large, max-video-preview:-1\" \/>\n<link rel=\"canonical\" href=\"https:\/\/akunq.net\/tr\/?p=26459\" \/>\n<meta property=\"og:locale\" content=\"en_US\" \/>\n<meta property=\"og:type\" content=\"article\" \/>\n<meta property=\"og:title\" content=\"Milli G\u00fcvenlik Kurulu topland\u0131 - Bati Ermenistan Ve Bati Ermenileri Sorunlari Ara\u015ftirmalar Merkezi\" \/>\n<meta property=\"og:description\" content=\"ANKARA\u00a0&#8211; Milli G\u00fcvenlik Kurulu (MGK), Cumhurba\u015fkan\u0131 Abdullah G\u00fcl ba\u015fkanl\u0131\u011f\u0131nda topland\u0131. \u00c7ankaya K\u00f6\u015fk\u00fc&#8217;ndeki Ekim ay\u0131 ola\u011fan toplant\u0131s\u0131 saat 14.30&#8217;da ba\u015flad\u0131. Toplant\u0131ya, Kara Kuvvetleri Komutan\u0131 Orgeneral Hulusi Akar, Deniz Kuvvetleri Komutan\u0131 Oramiral B\u00fclent Bostano\u011flu, Hava Kuvvetleri Komutan\u0131 Orgeneral Ak\u0131n \u00d6zt\u00fcrk ve Jandarma Genel Komutan\u0131 Orgeneral Servet Y\u00f6r\u00fck ilk kez kat\u0131l\u0131yor. http:\/\/www.dunya.com\/milli-guvenlik-kurulu-toplandi-206246h.htm\" \/>\n<meta property=\"og:url\" content=\"https:\/\/akunq.net\/tr\/?p=26459\" \/>\n<meta property=\"og:site_name\" content=\"Bati Ermenistan Ve Bati Ermenileri Sorunlari Ara\u015ftirmalar Merkezi\" \/>\n<meta property=\"article:published_time\" content=\"2013-10-29T06:49:58+00:00\" \/>\n<meta name=\"author\" content=\"admin\" \/>\n<meta name=\"twitter:card\" content=\"summary_large_image\" \/>\n<meta name=\"twitter:label1\" content=\"Written by\" \/>\n\t<meta name=\"twitter:data1\" content=\"admin\" \/>\n<script type=\"application\/ld+json\" class=\"yoast-schema-graph\">{\"@context\":\"https:\\\/\\\/schema.org\",\"@graph\":[{\"@type\":\"Article\",\"@id\":\"https:\\\/\\\/akunq.net\\\/tr\\\/?p=26459#article\",\"isPartOf\":{\"@id\":\"https:\\\/\\\/akunq.net\\\/tr\\\/?p=26459\"},\"author\":{\"name\":\"admin\",\"@id\":\"https:\\\/\\\/akunq.net\\\/tr\\\/#\\\/schema\\\/person\\\/096f1d38a12cce57fb855b485ed24c9e\"},\"headline\":\"Milli G\u00fcvenlik Kurulu topland\u0131\",\"datePublished\":\"2013-10-29T06:49:58+00:00\",\"mainEntityOfPage\":{\"@id\":\"https:\\\/\\\/akunq.net\\\/tr\\\/?p=26459\"},\"wordCount\":80,\"commentCount\":0,\"articleSection\":[\"Haberler\"],\"inLanguage\":\"en-US\",\"potentialAction\":[{\"@type\":\"CommentAction\",\"name\":\"Comment\",\"target\":[\"https:\\\/\\\/akunq.net\\\/tr\\\/?p=26459#respond\"]}]},{\"@type\":\"WebPage\",\"@id\":\"https:\\\/\\\/akunq.net\\\/tr\\\/?p=26459\",\"url\":\"https:\\\/\\\/akunq.net\\\/tr\\\/?p=26459\",\"name\":\"Milli G\u00fcvenlik Kurulu topland\u0131 - Bati Ermenistan Ve Bati Ermenileri Sorunlari Ara\u015ftirmalar Merkezi\",\"isPartOf\":{\"@id\":\"https:\\\/\\\/akunq.net\\\/tr\\\/#website\"},\"datePublished\":\"2013-10-29T06:49:58+00:00\",\"author\":{\"@id\":\"https:\\\/\\\/akunq.net\\\/tr\\\/#\\\/schema\\\/person\\\/096f1d38a12cce57fb855b485ed24c9e\"},\"breadcrumb\":{\"@id\":\"https:\\\/\\\/akunq.net\\\/tr\\\/?p=26459#breadcrumb\"},\"inLanguage\":\"en-US\",\"potentialAction\":[{\"@type\":\"ReadAction\",\"target\":[\"https:\\\/\\\/akunq.net\\\/tr\\\/?p=26459\"]}]},{\"@type\":\"BreadcrumbList\",\"@id\":\"https:\\\/\\\/akunq.net\\\/tr\\\/?p=26459#breadcrumb\",\"itemListElement\":[{\"@type\":\"ListItem\",\"position\":1,\"name\":\"Home\",\"item\":\"https:\\\/\\\/akunq.net\\\/tr\"},{\"@type\":\"ListItem\",\"position\":2,\"name\":\"Milli G\u00fcvenlik Kurulu topland\u0131\"}]},{\"@type\":\"WebSite\",\"@id\":\"https:\\\/\\\/akunq.net\\\/tr\\\/#website\",\"url\":\"https:\\\/\\\/akunq.net\\\/tr\\\/\",\"name\":\"Bati Ermenistan Ve Bati Ermenileri Sorunlari Ara\u015ftirmalar Merkezi\",\"description\":\"\",\"potentialAction\":[{\"@type\":\"SearchAction\",\"target\":{\"@type\":\"EntryPoint\",\"urlTemplate\":\"https:\\\/\\\/akunq.net\\\/tr\\\/?s={search_term_string}\"},\"query-input\":{\"@type\":\"PropertyValueSpecification\",\"valueRequired\":true,\"valueName\":\"search_term_string\"}}],\"inLanguage\":\"en-US\"},{\"@type\":\"Person\",\"@id\":\"https:\\\/\\\/akunq.net\\\/tr\\\/#\\\/schema\\\/person\\\/096f1d38a12cce57fb855b485ed24c9e\",\"name\":\"admin\",\"url\":\"https:\\\/\\\/akunq.net\\\/tr\\\/?author=7\"}]}<\/script>\n<!-- \/ Yoast SEO plugin. -->","yoast_head_json":{"title":"Milli G\u00fcvenlik Kurulu topland\u0131 - Bati Ermenistan Ve Bati Ermenileri Sorunlari Ara\u015ftirmalar Merkezi","robots":{"index":"index","follow":"follow","max-snippet":"max-snippet:-1","max-image-preview":"max-image-preview:large","max-video-preview":"max-video-preview:-1"},"canonical":"https:\/\/akunq.net\/tr\/?p=26459","og_locale":"en_US","og_type":"article","og_title":"Milli G\u00fcvenlik Kurulu topland\u0131 - Bati Ermenistan Ve Bati Ermenileri Sorunlari Ara\u015ftirmalar Merkezi","og_description":"ANKARA\u00a0&#8211; Milli G\u00fcvenlik Kurulu (MGK), Cumhurba\u015fkan\u0131 Abdullah G\u00fcl ba\u015fkanl\u0131\u011f\u0131nda topland\u0131. \u00c7ankaya K\u00f6\u015fk\u00fc&#8217;ndeki Ekim ay\u0131 ola\u011fan toplant\u0131s\u0131 saat 14.30&#8217;da ba\u015flad\u0131. Toplant\u0131ya, Kara Kuvvetleri Komutan\u0131 Orgeneral Hulusi Akar, Deniz Kuvvetleri Komutan\u0131 Oramiral B\u00fclent Bostano\u011flu, Hava Kuvvetleri Komutan\u0131 Orgeneral Ak\u0131n \u00d6zt\u00fcrk ve Jandarma Genel Komutan\u0131 Orgeneral Servet Y\u00f6r\u00fck ilk kez kat\u0131l\u0131yor. http:\/\/www.dunya.com\/milli-guvenlik-kurulu-toplandi-206246h.htm","og_url":"https:\/\/akunq.net\/tr\/?p=26459","og_site_name":"Bati Ermenistan Ve Bati Ermenileri Sorunlari Ara\u015ftirmalar Merkezi","article_published_time":"2013-10-29T06:49:58+00:00","author":"admin","twitter_card":"summary_large_image","twitter_misc":{"Written by":"admin"},"schema":{"@context":"https:\/\/schema.org","@graph":[{"@type":"Article","@id":"https:\/\/akunq.net\/tr\/?p=26459#article","isPartOf":{"@id":"https:\/\/akunq.net\/tr\/?p=26459"},"author":{"name":"admin","@id":"https:\/\/akunq.net\/tr\/#\/schema\/person\/096f1d38a12cce57fb855b485ed24c9e"},"headline":"Milli G\u00fcvenlik Kurulu topland\u0131","datePublished":"2013-10-29T06:49:58+00:00","mainEntityOfPage":{"@id":"https:\/\/akunq.net\/tr\/?p=26459"},"wordCount":80,"commentCount":0,"articleSection":["Haberler"],"inLanguage":"en-US","potentialAction":[{"@type":"CommentAction","name":"Comment","target":["https:\/\/akunq.net\/tr\/?p=26459#respond"]}]},{"@type":"WebPage","@id":"https:\/\/akunq.net\/tr\/?p=26459","url":"https:\/\/akunq.net\/tr\/?p=26459","name":"Milli G\u00fcvenlik Kurulu topland\u0131 - Bati Ermenistan Ve Bati Ermenileri Sorunlari Ara\u015ftirmalar Merkezi","isPartOf":{"@id":"https:\/\/akunq.net\/tr\/#website"},"datePublished":"2013-10-29T06:49:58+00:00","author":{"@id":"https:\/\/akunq.net\/tr\/#\/schema\/person\/096f1d38a12cce57fb855b485ed24c9e"},"breadcrumb":{"@id":"https:\/\/akunq.net\/tr\/?p=26459#breadcrumb"},"inLanguage":"en-US","potentialAction":[{"@type":"ReadAction","target":["https:\/\/akunq.net\/tr\/?p=26459"]}]},{"@type":"BreadcrumbList","@id":"https:\/\/akunq.net\/tr\/?p=26459#breadcrumb","itemListElement":[{"@type":"ListItem","position":1,"name":"Home","item":"https:\/\/akunq.net\/tr"},{"@type":"ListItem","position":2,"name":"Milli G\u00fcvenlik Kurulu topland\u0131"}]},{"@type":"WebSite","@id":"https:\/\/akunq.net\/tr\/#website","url":"https:\/\/akunq.net\/tr\/","name":"Bati Ermenistan Ve Bati Ermenileri Sorunlari Ara\u015ftirmalar Merkezi","description":"","potentialAction":[{"@type":"SearchAction","target":{"@type":"EntryPoint","urlTemplate":"https:\/\/akunq.net\/tr\/?s={search_term_string}"},"query-input":{"@type":"PropertyValueSpecification","valueRequired":true,"valueName":"search_term_string"}}],"inLanguage":"en-US"},{"@type":"Person","@id":"https:\/\/akunq.net\/tr\/#\/schema\/person\/096f1d38a12cce57fb855b485ed24c9e","name":"admin","url":"https:\/\/akunq.net\/tr\/?author=7"}]}},"_links":{"self":[{"href":"https:\/\/akunq.net\/tr\/index.php?rest_route=\/wp\/v2\/posts\/26459","targetHints":{"allow":["GET"]}}],"collection":[{"href":"https:\/\/akunq.net\/tr\/index.php?rest_route=\/wp\/v2\/posts"}],"about":[{"href":"https:\/\/akunq.net\/tr\/index.php?rest_route=\/wp\/v2\/types\/post"}],"author":[{"embeddable":true,"href":"https:\/\/akunq.net\/tr\/index.php?rest_route=\/wp\/v2\/users\/7"}],"replies":[{"embeddable":true,"href":"https:\/\/akunq.net\/tr\/index.php?rest_route=%2Fwp%2Fv2%2Fcomments&post=26459"}],"version-history":[{"count":1,"href":"https:\/\/akunq.net\/tr\/index.php?rest_route=\/wp\/v2\/posts\/26459\/revisions"}],"predecessor-version":[{"id":26461,"href":"https:\/\/akunq.net\/tr\/index.php?rest_route=\/wp\/v2\/posts\/26459\/revisions\/26461"}],"wp:attachment":[{"href":"https:\/\/akunq.net\/tr\/index.php?rest_route=%2Fwp%2Fv2%2Fmedia&parent=26459"}],"wp:term":[{"taxonomy":"category","embeddable":true,"href":"https:\/\/akunq.net\/tr\/index.php?rest_route=%2Fwp%2Fv2%2Fcategories&post=26459"},{"taxonomy":"post_tag","embeddable":true,"href":"https:\/\/akunq.net\/tr\/index.php?rest_route=%2Fwp%2Fv2%2Ftags&post=26459"}],"curies":[{"name":"wp","href":"https:\/\/api.w.org\/{rel}","templated":true}]}}