{"id":26456,"date":"2013-10-29T01:39:18","date_gmt":"2013-10-29T06:39:18","guid":{"rendered":"http:\/\/akunq.net\/tr\/?p=26456"},"modified":"2013-10-29T01:39:18","modified_gmt":"2013-10-29T06:39:18","slug":"ermeni-okulunda-andimiz-hatiralari","status":"publish","type":"post","link":"https:\/\/akunq.net\/tr\/?p=26456","title":{"rendered":"Ermeni okulunda \u2018And\u0131m\u0131z\u2019 hat\u0131ralar\u0131"},"content":{"rendered":"<p style=\"text-align: justify;\"><b><a href=\"http:\/\/akunq.net\/tr\/wp-content\/uploads\/2013\/10\/Ermeni-okulunda-\u2018And\u0131m\u0131z\u2019.jpg\"><img loading=\"lazy\" decoding=\"async\" class=\"alignright size-medium wp-image-26457\" alt=\"Ermeni okulunda \u2018And\u0131m\u0131z\u2019\" src=\"http:\/\/akunq.net\/tr\/wp-content\/uploads\/2013\/10\/Ermeni-okulunda-\u2018And\u0131m\u0131z\u2019-300x186.jpg\" width=\"300\" height=\"186\" srcset=\"https:\/\/akunq.net\/tr\/wp-content\/uploads\/sites\/6\/2013\/10\/Ermeni-okulunda-\u2018And\u0131m\u0131z\u2019-300x186.jpg 300w, https:\/\/akunq.net\/tr\/wp-content\/uploads\/sites\/6\/2013\/10\/Ermeni-okulunda-\u2018And\u0131m\u0131z\u2019.jpg 563w\" sizes=\"auto, (max-width: 300px) 100vw, 300px\" \/><\/a>ALINE OZINIAN* <\/b><\/p>\n<p style=\"text-align: justify;\"><b><i>T\u00fcrkiye\u2019de do\u011fan, ya\u015fayan her \u00e7ocuk bu \u00fclkenin kutsallar\u0131n\u0131 sevmeye meyillidir. Ama ne zaman sevebilece\u011fi bayra\u011f\u0131 ona ceza diye ta\u015f\u0131tt\u0131rmaya \u00e7al\u0131\u015f\u0131rsan\u0131z, And\u0131m\u0131z dedi\u011finiz sekiz m\u0131sra \u015fey ile beyin y\u0131kad\u0131\u011f\u0131n\u0131z\u0131 d\u00fc\u015f\u00fcn\u00fcrseniz, t\u00fcm sembolleri bu \u00e7ocuklar i\u00e7in i\u015fkence olarak g\u00f6r\u00fcrseniz, o i\u015fin tad\u0131 ka\u00e7ar.<\/i><\/b><\/p>\n<p style=\"text-align: justify;\">\u0130lk \u00f6nce And\u0131m\u0131z, sonra \u0130stiklal Mar\u015f\u0131, daha sonra Atat\u00fcrk&#8217;\u00fcn Gen\u00e7li\u011fe Hitabesi&#8230; Ezberlenmeliydi, s\u0131ras\u0131yla; ilkokul birinci s\u0131n\u0131ftan itibaren. Vatan topra\u011f\u0131na g\u00f6z diken \u201cd\u00fc\u015fman\u201d kar\u015f\u0131ndaym\u0131\u015f ve sen ona bir kar\u0131\u015f toprak bile vermeye tahamm\u00fcl edemeyecek bir askermi\u015fsin gibi s\u00f6ylenmeliydi. \u0130nanarak, her seferinde daha y\u00fcksek, d\u00fc\u015fman\u0131 denize d\u00f6ker gibi&#8230; Ne kadar y\u00fcksek ise sesin o kadar duyar ve korkard\u0131 \u00e7\u00fcnk\u00fc d\u00fc\u015fman. Kimdi bu uzak d\u00fc\u015fman, o zaman bilmiyorduk; i\u00e7imizdeymi\u015f&#8230;<\/p>\n<p style=\"text-align: justify;\">Kap\u0131s\u0131nda kocaman harflerle \u201cMilli E\u011fitim Bakanl\u0131\u011f\u0131&#8217;na ba\u011fl\u0131d\u0131r\u201d yazan ama bakanl\u0131ktan son y\u0131llara kadar hi\u00e7bir yard\u0131m alamayan, her okulda bulunandan daha \u00e7ok bayrak, Atat\u00fcrk k\u00f6\u015fesi ve alt\u0131nda hangi \u00f6zl\u00fc s\u00f6z\u00fcn yaz\u0131ld\u0131\u011f\u0131n\u0131 ezbere bilmeniz gereken gri Atat\u00fcrk b\u00fcstlerinin bulundu\u011fu bir Ermeni okulunda okuduysan\u0131z baz\u0131 \u015feyleri bilirsiniz. Dersin ortas\u0131nda, bakanl\u0131k taraf\u0131ndan g\u00f6nderilen mill\u00ee g\u00fcvenlik, mill\u00ee tarih, co\u011frafya, T\u00fcrk\u00e7e \u00f6\u011fretmenlerinden herhangi birisi sorabilir: \u201cArka bah\u00e7edeki Atat\u00fcrk&#8217;\u00fcm\u00fcz\u00fcn b\u00fcst\u00fcn\u00fcn alt\u0131nda ne yazar? Sen, en \u00f6ndeki, s\u00f6yle bakal\u0131m?..\u201d Cevap verirsiniz: \u201cHocam arka bah\u00e7ede iki tane var, hangisi?\u201d Bilemezseniz o sene biraz zorlu ge\u00e7er, bunu o okullardaki herkes gibi bilirsiniz. Anne kuca\u011f\u0131ndan ve t\u00fcrk\u00fclerinden ayr\u0131l\u0131p okula giden her \u00e7ocu\u011fun s\u0131k\u0131nt\u0131s\u0131ndan fazla de\u011fildir asl\u0131nda derdiniz ilk ba\u015flarda. 1933 y\u0131l\u0131ndan beri, yani neredeyse dedenize bile esas duru\u015fta okutulan And\u0131m\u0131z, size de okutulur. T\u00fcrkiye&#8217;de okula giden her masum \u00e7ocuk gibi, sizin de milletten, \u0131rktan, ideolojiden haberi olmayan, ko\u015fup oynamak i\u00e7in can atan tertemiz y\u00fcrekler ve beyinler oldu\u011funuz unutulur; siz bile bile \u00fczerine yat\u0131r\u0131m yap\u0131lan birer \u201caskere\u201d d\u00f6n\u00fc\u015fmeye ba\u015flars\u0131n\u0131z. Art\u0131k \u201c\u00e7ocuk\u201d yoktur, \u00e7ocu\u011fa do\u011frudan \u00e7ocuk oldu\u011fu i\u00e7in de\u011fil ileride resm\u00ee ideolojiyi \u00f6z\u00fcmseyen rejime sad\u0131k birer vatanda\u015f olacaklar\u0131 i\u00e7in de\u011fer verilir. \u00d6\u011fretmenler, okul, s\u0131n\u0131flar, ders kitaplar\u0131 da bu yakla\u015f\u0131ma hizmet i\u00e7in haz\u0131rlan\u0131r.<\/p>\n<p style=\"text-align: justify;\">Kendilerinin ve arkada\u015flar\u0131n\u0131n hen\u00fcz T\u00fcrk, Ermeni, K\u00fcrt, Rum, Musevi, Arap, Alevi, \u015eii, S\u00fcnni oldu\u011fundan ya da olabilece\u011finden bile haberdar olamayan k\u00fc\u00e7\u00fckler, kurumsalla\u015fan milliyet\u00e7ilik anlay\u0131\u015f\u0131n\u0131n i\u00e7selle\u015ftirildi\u011fi okullarda \u201cAtat\u00fcrk\u00e7\u00fcl\u00fc\u011f\u00fcn\u201d a\u015f\u0131land\u0131\u011f\u0131 birer ideolojik ayg\u0131t olup \u00e7\u0131kar. Ermeni okullar\u0131nda her sabah, \u201cT\u00fcrk&#8217;\u00fcm, do\u011fruyum&#8230;\u201d diye yemin etmek tek haneli ya\u015flarda \u00e7ocuklara tuhaf gelmese de, daha sonra siz fark\u0131na bile varmadan sistem sizi yava\u015f yava\u015f i\u011fnelemeye ba\u015flar. T\u00fcrk m\u00fcd\u00fcr yard\u0131mc\u0131s\u0131 ad\u0131 alt\u0131nda okullarda \u201cg\u00f6rev\u201d yapan \u00f6\u011fretmenler Ermeni m\u00fcd\u00fcre muhalefet etmenin d\u0131\u015f\u0131nda, ideolojinin bek\u00e7isidir asl\u0131nda. \u201cKim And\u0131m\u0131z&#8217;\u0131 daha iyi okuyacak?\u201d ile ba\u015flayan masum \u00e7\u0131k\u0131\u015flar, pazartesi sabahlar\u0131 ya da cuma ak\u015fam\u00fcstlerinde \u201cMar\u015f\u0131m\u0131z\u0131 s\u00f6ylerken, s\u00f6ylemeyenler sadece dudak k\u0131p\u0131rdatanlar oldu, isimlerini okuduklar\u0131m odama gelecekler&#8230;\u201d \u015feklindeki k\u0131\u015fla e\u011fitimine d\u00f6n\u00fc\u015f\u00fcrler. \u201cHerkes ta\u015f\u0131yacak bu \u015fanl\u0131 T\u00fcrk bayra\u011f\u0131n\u0131, evet k\u0131zlar da!\u201d dedikten sonra haftalarca bayrak s\u0131ras\u0131n\u0131 sinsice takibe al\u0131p baz\u0131 m\u00fcd\u00fcr yard\u0131mc\u0131lar\u0131, en sonunda bel a\u011fr\u0131s\u0131ndan dolay\u0131 bayra\u011f\u0131 hi\u00e7bir zaman ta\u015f\u0131yamam\u0131\u015f fiziksel sorunlar\u0131 olan bir \u00f6\u011frencinin velisinin s\u00f6z\u00fcne itimat edemeyerek, \u201cTamam da han\u0131mefendi, biri belim, biri aya\u011f\u0131m derse ne olur halimiz, b\u00f6ylece kaytarmaya ba\u015flarlar, siz bana bir doktor raporu getirin bayrak ta\u015f\u0131yamaz diye\u201d \u015feklinde noktay\u0131 koyar.<\/p>\n<p style=\"text-align: justify;\">T\u00fcm bunlar\u0131n genel bir rutin oldu\u011funu d\u00fc\u015f\u00fcnmeyebilirsiniz ama bir an gelir ve siz bir \u015feylerin ters gitti\u011fini anlars\u0131n\u0131z. Mesela bir g\u00fcn sizinle yetinmeyip, veli toplant\u0131s\u0131na gelen annenizin di\u011fer anneler ile birlikte, aya\u011fa kald\u0131r\u0131l\u0131p \u201cHaydi \u0130stiklal Mar\u015f\u0131&#8217;m\u0131z\u0131 s\u00f6yleyelim\u201d diyerek t\u00fcm velilerin \u015fa\u015fk\u0131nl\u0131kla mar\u015f\u0131 s\u00f6ylemesinden \u00e7ok, \u00f6\u011fretmenler odas\u0131ndaki konu\u015fmalar sizi kendinize getirir. M\u00fcd\u00fcr yard\u0131mc\u0131s\u0131n\u0131n art\u0131k abartt\u0131\u011f\u0131n\u0131 s\u00f6yleyen bir co\u011frafya \u00f6\u011fretmenine tarih \u00f6\u011fretmeninden sert yan\u0131t gelir: \u201cBunlara her g\u00fcn s\u00f6yleteceksin, her dersten \u00f6nce, ki ak\u0131llans\u0131nlar!\u201d Ak\u0131llans\u0131nlar m\u0131? Kim? Biz d\u00f6rd\u00fcnc\u00fc s\u0131n\u0131ftakiler mi, ama biz ak\u0131ll\u0131y\u0131z, hem \u00f6\u011fretmen neden bize \u201cbunlar\u201d dedi?<\/p>\n<p style=\"text-align: justify;\">Yava\u015f yava\u015f \u201cbiz\u201d dediklerinde \u201csizi\u201d kastetmediklerini anlamaya ba\u015flars\u0131n\u0131z. Kim oldu\u011funuz ve kim zannedildi\u011finiz aras\u0131ndaki u\u00e7urum gittik\u00e7e b\u00fcy\u00fcmeye ba\u015flar. Siz daha fark\u0131nda olmayacak ya\u015ftayken onlar sizden bir \u201cyabanc\u0131\u201d yaratmay\u0131 ba\u015far\u0131rlar ve ad\u0131n\u0131 da \u201conlar\u201d koyarlar. Sonra yaratt\u0131klar\u0131 bu yabanc\u0131y\u0131 \u201cT\u00fcrkle\u015ftirmeye\u201d \u00e7al\u0131\u015f\u0131rlar. Her sabah co\u015fkuyla \u201cT\u00fcrk&#8217;\u00fcm!\u201d demenizi\u00a0 isteyenler, her \u00f6\u011flen T\u00fcrk olmad\u0131\u011f\u0131n\u0131z\u0131 hat\u0131rlatmaya ba\u015flarlar. Asker selam\u0131 ile haz\u0131rolda kar\u015f\u0131lad\u0131\u011f\u0131n\u0131z hatta sevdi\u011finiz lise \u00f6\u011fretmeniniz, \u201cBizim T\u00fcrk ordumuz profesyoneldir, sizin Ermenistan gibi \u00fclkelere bir ucundan girer di\u011fer ucundan \u00e7\u0131kar, bir g\u00fcnde ku\u015fat\u0131r\u0131z&#8230;\u201d dedi\u011finde anlayamazs\u0131n\u0131z; hepimiz T\u00fcrk&#8217;t\u00fck i\u015fte, ne oldu \u015fimdi? And\u0131m\u0131z, kendi mutlak do\u011frulu\u011funa inanan, kendisine benzemeyen herkesi d\u00fc\u015fmanla\u015ft\u0131rd\u0131ktan sonra, bu d\u00fc\u015fmandan kendi anlad\u0131\u011f\u0131 bir \u201cT\u00fcrk\u201d dev\u015firme yoluna giden, \u201cT\u00fcrk\u201d olmaya raz\u0131 olan ve bunun i\u00e7in \u00e7aba sarf edenlere bile her an \u201cger\u00e7ek T\u00fcrk\u201d olmad\u0131klar\u0131n\u0131 hat\u0131rlatan, onlar\u0131 kodlayan, \u201csak\u0131ncal\u0131\u201d gruplara dahil eden devlet ideolojisinin e\u011fitime vurdu\u011fu damgan\u0131n en \u00f6nemli tezah\u00fcr\u00fcd\u00fcr. T\u00fcrk olmayanlara, zorla T\u00fcrk&#8217;\u00fcm dedirtmek ve hatta vatana ba\u011fl\u0131l\u0131klar\u0131n\u0131 her sabah and i\u00e7erek ispatlamalar\u0131n\u0131 talep etmek ama t\u00fcm hayatlar\u0131 boyunca i\u00e7tikleri bu and\u0131 hi\u00e7e say\u0131p onlar\u0131 \u201chain-rehine-ter\u00f6rist\u201d ya da en masumundan \u201cyabanc\u0131\u201d saymak, bunu ufac\u0131k bir \u00e7ocu\u011fa 6 ya\u015f\u0131ndan itibaren uygulamak, ideoloji bile say\u0131lamayacak bir yasaklar ve emirler silsilesinden \u00f6te, \u00e7ok y\u0131pranm\u0131\u015f bir gelene\u011fin art\u0131k devam edemeyecek hezeyanlar\u0131d\u0131r.<\/p>\n<p style=\"text-align: justify;\">T\u00fcrkiye&#8217;de do\u011fan, ya\u015fayan her \u00e7ocuk bu \u00fclkenin kutsallar\u0131n\u0131 sevmeye meyillidir. Ama ne zaman sevebilece\u011fi bayra\u011f\u0131 ona ceza diye ta\u015f\u0131tt\u0131rmaya \u00e7al\u0131\u015f\u0131rsan\u0131z, And\u0131m\u0131z dedi\u011finiz sekiz m\u0131sra \u015fey ile beyin y\u0131kad\u0131\u011f\u0131n\u0131z\u0131 d\u00fc\u015f\u00fcn\u00fcrseniz, t\u00fcm sembolleri bu \u00e7ocuklar i\u00e7in i\u015fkence olarak g\u00f6r\u00fcrseniz, o i\u015fin tad\u0131 ka\u00e7ar. 80 y\u0131l sonra da olsa, bu yanl\u0131\u015f en sonunda d\u00fczeltildi. D\u00fczeltildi ki, bir tek T\u00fcrk&#8217;\u00fcn de\u011fil, K\u00fcrt&#8217;\u00fcn, Ermeni&#8217;nin, Yahudi&#8217;nin de do\u011fru olabilece\u011fi anla\u015f\u0131ls\u0131n, d\u00fczeltildi ki, T\u00fcrkiye&#8217;de T\u00fcrk olmadan da mutlu olunabilece\u011fi fark edilsin. B\u00f6ylece bu topraklarda ya\u015fayan herkes bu topraklar\u0131 vatan sayar, topra\u011f\u0131n\u0131 a\u015f\u0131r\u0131 kafiyeden muzdarip yeminlerle de\u011fil, g\u00f6nl\u00fc ile korur. nd\u0131m\u0131z kald\u0131r\u0131ld\u0131, yasaklanmad\u0131. \u00d6yle ki, bir milleti ayakta tutan tek \u015feyin bu tekerleme oldu\u011funu d\u00fc\u015f\u00fcnenler, sabahlar\u0131 ailece kap\u0131 \u00f6n\u00fcnde, arabalar\u0131 ile yol almadan konta\u011f\u0131 \u00e7evirirken, hatta ak\u015fam yeme\u011finden ya da yatmadan \u00f6nce dua niyetine y\u00fcksek sesle s\u00f6yleyebilirler.<\/p>\n<p style=\"text-align: justify;\">\u00a0<b><i>*Ermenistan&#8217;da ya\u015fayan ara\u015ft\u0131rmac\u0131, yazar<\/i><\/b><\/p>\n<p style=\"text-align: justify;\"><b><i>http:\/\/www.zaman.com.tr\/yorum_ermeni-okulunda-andimiz-hatiralari_2157803.html<\/i><\/b><\/p>\n","protected":false},"excerpt":{"rendered":"<p>ALINE OZINIAN* T\u00fcrkiye\u2019de do\u011fan, ya\u015fayan her \u00e7ocuk bu \u00fclkenin kutsallar\u0131n\u0131 sevmeye meyillidir. Ama ne zaman sevebilece\u011fi bayra\u011f\u0131 ona ceza diye ta\u015f\u0131tt\u0131rmaya \u00e7al\u0131\u015f\u0131rsan\u0131z, And\u0131m\u0131z dedi\u011finiz sekiz m\u0131sra \u015fey ile beyin y\u0131kad\u0131\u011f\u0131n\u0131z\u0131 d\u00fc\u015f\u00fcn\u00fcrseniz, t\u00fcm sembolleri bu \u00e7ocuklar i\u00e7in i\u015fkence olarak g\u00f6r\u00fcrseniz, o i\u015fin tad\u0131 ka\u00e7ar. \u0130lk \u00f6nce And\u0131m\u0131z, sonra \u0130stiklal Mar\u015f\u0131, daha sonra Atat\u00fcrk&#8217;\u00fcn Gen\u00e7li\u011fe Hitabesi&#8230; Ezberlenmeliydi, [&hellip;]<\/p>\n","protected":false},"author":7,"featured_media":0,"comment_status":"open","ping_status":"open","sticky":false,"template":"","format":"standard","meta":{"footnotes":""},"categories":[1,70,53],"tags":[],"class_list":["post-26456","post","type-post","status-publish","format-standard","hentry","category-haberler","category-makaleler","category-turkiyede-azinliklar"],"yoast_head":"<!-- This site is optimized with the Yoast SEO plugin v27.4 - https:\/\/yoast.com\/product\/yoast-seo-wordpress\/ -->\n<title>Ermeni okulunda \u2018And\u0131m\u0131z\u2019 hat\u0131ralar\u0131 - Bati Ermenistan Ve Bati Ermenileri Sorunlari Ara\u015ftirmalar Merkezi<\/title>\n<meta name=\"robots\" content=\"index, follow, max-snippet:-1, max-image-preview:large, max-video-preview:-1\" \/>\n<link rel=\"canonical\" href=\"https:\/\/akunq.net\/tr\/?p=26456\" \/>\n<meta property=\"og:locale\" content=\"en_US\" \/>\n<meta property=\"og:type\" content=\"article\" \/>\n<meta property=\"og:title\" content=\"Ermeni okulunda \u2018And\u0131m\u0131z\u2019 hat\u0131ralar\u0131 - Bati Ermenistan Ve Bati Ermenileri Sorunlari Ara\u015ftirmalar Merkezi\" \/>\n<meta property=\"og:description\" content=\"ALINE OZINIAN* T\u00fcrkiye\u2019de do\u011fan, ya\u015fayan her \u00e7ocuk bu \u00fclkenin kutsallar\u0131n\u0131 sevmeye meyillidir. Ama ne zaman sevebilece\u011fi bayra\u011f\u0131 ona ceza diye ta\u015f\u0131tt\u0131rmaya \u00e7al\u0131\u015f\u0131rsan\u0131z, And\u0131m\u0131z dedi\u011finiz sekiz m\u0131sra \u015fey ile beyin y\u0131kad\u0131\u011f\u0131n\u0131z\u0131 d\u00fc\u015f\u00fcn\u00fcrseniz, t\u00fcm sembolleri bu \u00e7ocuklar i\u00e7in i\u015fkence olarak g\u00f6r\u00fcrseniz, o i\u015fin tad\u0131 ka\u00e7ar. \u0130lk \u00f6nce And\u0131m\u0131z, sonra \u0130stiklal Mar\u015f\u0131, daha sonra Atat\u00fcrk&#8217;\u00fcn Gen\u00e7li\u011fe Hitabesi&#8230; Ezberlenmeliydi, [&hellip;]\" \/>\n<meta property=\"og:url\" content=\"https:\/\/akunq.net\/tr\/?p=26456\" \/>\n<meta property=\"og:site_name\" content=\"Bati Ermenistan Ve Bati Ermenileri Sorunlari Ara\u015ftirmalar Merkezi\" \/>\n<meta property=\"article:published_time\" content=\"2013-10-29T06:39:18+00:00\" \/>\n<meta name=\"author\" content=\"admin\" \/>\n<meta name=\"twitter:card\" content=\"summary_large_image\" \/>\n<meta name=\"twitter:label1\" content=\"Written by\" \/>\n\t<meta name=\"twitter:data1\" content=\"admin\" \/>\n\t<meta name=\"twitter:label2\" content=\"Est. reading time\" \/>\n\t<meta name=\"twitter:data2\" content=\"7 minutes\" \/>\n<script type=\"application\/ld+json\" class=\"yoast-schema-graph\">{\"@context\":\"https:\\\/\\\/schema.org\",\"@graph\":[{\"@type\":\"Article\",\"@id\":\"https:\\\/\\\/akunq.net\\\/tr\\\/?p=26456#article\",\"isPartOf\":{\"@id\":\"https:\\\/\\\/akunq.net\\\/tr\\\/?p=26456\"},\"author\":{\"name\":\"admin\",\"@id\":\"https:\\\/\\\/akunq.net\\\/tr\\\/#\\\/schema\\\/person\\\/096f1d38a12cce57fb855b485ed24c9e\"},\"headline\":\"Ermeni okulunda \u2018And\u0131m\u0131z\u2019 hat\u0131ralar\u0131\",\"datePublished\":\"2013-10-29T06:39:18+00:00\",\"mainEntityOfPage\":{\"@id\":\"https:\\\/\\\/akunq.net\\\/tr\\\/?p=26456\"},\"wordCount\":1323,\"commentCount\":0,\"articleSection\":[\"Haberler\",\"Makaleler\",\"T\u00fcrkiye\u2019de Az\u0131nl\u0131klar\"],\"inLanguage\":\"en-US\",\"potentialAction\":[{\"@type\":\"CommentAction\",\"name\":\"Comment\",\"target\":[\"https:\\\/\\\/akunq.net\\\/tr\\\/?p=26456#respond\"]}]},{\"@type\":\"WebPage\",\"@id\":\"https:\\\/\\\/akunq.net\\\/tr\\\/?p=26456\",\"url\":\"https:\\\/\\\/akunq.net\\\/tr\\\/?p=26456\",\"name\":\"Ermeni okulunda \u2018And\u0131m\u0131z\u2019 hat\u0131ralar\u0131 - Bati Ermenistan Ve Bati Ermenileri Sorunlari Ara\u015ftirmalar Merkezi\",\"isPartOf\":{\"@id\":\"https:\\\/\\\/akunq.net\\\/tr\\\/#website\"},\"datePublished\":\"2013-10-29T06:39:18+00:00\",\"author\":{\"@id\":\"https:\\\/\\\/akunq.net\\\/tr\\\/#\\\/schema\\\/person\\\/096f1d38a12cce57fb855b485ed24c9e\"},\"breadcrumb\":{\"@id\":\"https:\\\/\\\/akunq.net\\\/tr\\\/?p=26456#breadcrumb\"},\"inLanguage\":\"en-US\",\"potentialAction\":[{\"@type\":\"ReadAction\",\"target\":[\"https:\\\/\\\/akunq.net\\\/tr\\\/?p=26456\"]}]},{\"@type\":\"BreadcrumbList\",\"@id\":\"https:\\\/\\\/akunq.net\\\/tr\\\/?p=26456#breadcrumb\",\"itemListElement\":[{\"@type\":\"ListItem\",\"position\":1,\"name\":\"Home\",\"item\":\"https:\\\/\\\/akunq.net\\\/tr\"},{\"@type\":\"ListItem\",\"position\":2,\"name\":\"Ermeni okulunda \u2018And\u0131m\u0131z\u2019 hat\u0131ralar\u0131\"}]},{\"@type\":\"WebSite\",\"@id\":\"https:\\\/\\\/akunq.net\\\/tr\\\/#website\",\"url\":\"https:\\\/\\\/akunq.net\\\/tr\\\/\",\"name\":\"Bati Ermenistan Ve Bati Ermenileri Sorunlari Ara\u015ftirmalar Merkezi\",\"description\":\"\",\"potentialAction\":[{\"@type\":\"SearchAction\",\"target\":{\"@type\":\"EntryPoint\",\"urlTemplate\":\"https:\\\/\\\/akunq.net\\\/tr\\\/?s={search_term_string}\"},\"query-input\":{\"@type\":\"PropertyValueSpecification\",\"valueRequired\":true,\"valueName\":\"search_term_string\"}}],\"inLanguage\":\"en-US\"},{\"@type\":\"Person\",\"@id\":\"https:\\\/\\\/akunq.net\\\/tr\\\/#\\\/schema\\\/person\\\/096f1d38a12cce57fb855b485ed24c9e\",\"name\":\"admin\",\"url\":\"https:\\\/\\\/akunq.net\\\/tr\\\/?author=7\"}]}<\/script>\n<!-- \/ Yoast SEO plugin. -->","yoast_head_json":{"title":"Ermeni okulunda \u2018And\u0131m\u0131z\u2019 hat\u0131ralar\u0131 - Bati Ermenistan Ve Bati Ermenileri Sorunlari Ara\u015ftirmalar Merkezi","robots":{"index":"index","follow":"follow","max-snippet":"max-snippet:-1","max-image-preview":"max-image-preview:large","max-video-preview":"max-video-preview:-1"},"canonical":"https:\/\/akunq.net\/tr\/?p=26456","og_locale":"en_US","og_type":"article","og_title":"Ermeni okulunda \u2018And\u0131m\u0131z\u2019 hat\u0131ralar\u0131 - Bati Ermenistan Ve Bati Ermenileri Sorunlari Ara\u015ftirmalar Merkezi","og_description":"ALINE OZINIAN* T\u00fcrkiye\u2019de do\u011fan, ya\u015fayan her \u00e7ocuk bu \u00fclkenin kutsallar\u0131n\u0131 sevmeye meyillidir. Ama ne zaman sevebilece\u011fi bayra\u011f\u0131 ona ceza diye ta\u015f\u0131tt\u0131rmaya \u00e7al\u0131\u015f\u0131rsan\u0131z, And\u0131m\u0131z dedi\u011finiz sekiz m\u0131sra \u015fey ile beyin y\u0131kad\u0131\u011f\u0131n\u0131z\u0131 d\u00fc\u015f\u00fcn\u00fcrseniz, t\u00fcm sembolleri bu \u00e7ocuklar i\u00e7in i\u015fkence olarak g\u00f6r\u00fcrseniz, o i\u015fin tad\u0131 ka\u00e7ar. \u0130lk \u00f6nce And\u0131m\u0131z, sonra \u0130stiklal Mar\u015f\u0131, daha sonra Atat\u00fcrk&#8217;\u00fcn Gen\u00e7li\u011fe Hitabesi&#8230; Ezberlenmeliydi, [&hellip;]","og_url":"https:\/\/akunq.net\/tr\/?p=26456","og_site_name":"Bati Ermenistan Ve Bati Ermenileri Sorunlari Ara\u015ftirmalar Merkezi","article_published_time":"2013-10-29T06:39:18+00:00","author":"admin","twitter_card":"summary_large_image","twitter_misc":{"Written by":"admin","Est. reading time":"7 minutes"},"schema":{"@context":"https:\/\/schema.org","@graph":[{"@type":"Article","@id":"https:\/\/akunq.net\/tr\/?p=26456#article","isPartOf":{"@id":"https:\/\/akunq.net\/tr\/?p=26456"},"author":{"name":"admin","@id":"https:\/\/akunq.net\/tr\/#\/schema\/person\/096f1d38a12cce57fb855b485ed24c9e"},"headline":"Ermeni okulunda \u2018And\u0131m\u0131z\u2019 hat\u0131ralar\u0131","datePublished":"2013-10-29T06:39:18+00:00","mainEntityOfPage":{"@id":"https:\/\/akunq.net\/tr\/?p=26456"},"wordCount":1323,"commentCount":0,"articleSection":["Haberler","Makaleler","T\u00fcrkiye\u2019de Az\u0131nl\u0131klar"],"inLanguage":"en-US","potentialAction":[{"@type":"CommentAction","name":"Comment","target":["https:\/\/akunq.net\/tr\/?p=26456#respond"]}]},{"@type":"WebPage","@id":"https:\/\/akunq.net\/tr\/?p=26456","url":"https:\/\/akunq.net\/tr\/?p=26456","name":"Ermeni okulunda \u2018And\u0131m\u0131z\u2019 hat\u0131ralar\u0131 - Bati Ermenistan Ve Bati Ermenileri Sorunlari Ara\u015ftirmalar Merkezi","isPartOf":{"@id":"https:\/\/akunq.net\/tr\/#website"},"datePublished":"2013-10-29T06:39:18+00:00","author":{"@id":"https:\/\/akunq.net\/tr\/#\/schema\/person\/096f1d38a12cce57fb855b485ed24c9e"},"breadcrumb":{"@id":"https:\/\/akunq.net\/tr\/?p=26456#breadcrumb"},"inLanguage":"en-US","potentialAction":[{"@type":"ReadAction","target":["https:\/\/akunq.net\/tr\/?p=26456"]}]},{"@type":"BreadcrumbList","@id":"https:\/\/akunq.net\/tr\/?p=26456#breadcrumb","itemListElement":[{"@type":"ListItem","position":1,"name":"Home","item":"https:\/\/akunq.net\/tr"},{"@type":"ListItem","position":2,"name":"Ermeni okulunda \u2018And\u0131m\u0131z\u2019 hat\u0131ralar\u0131"}]},{"@type":"WebSite","@id":"https:\/\/akunq.net\/tr\/#website","url":"https:\/\/akunq.net\/tr\/","name":"Bati Ermenistan Ve Bati Ermenileri Sorunlari Ara\u015ftirmalar Merkezi","description":"","potentialAction":[{"@type":"SearchAction","target":{"@type":"EntryPoint","urlTemplate":"https:\/\/akunq.net\/tr\/?s={search_term_string}"},"query-input":{"@type":"PropertyValueSpecification","valueRequired":true,"valueName":"search_term_string"}}],"inLanguage":"en-US"},{"@type":"Person","@id":"https:\/\/akunq.net\/tr\/#\/schema\/person\/096f1d38a12cce57fb855b485ed24c9e","name":"admin","url":"https:\/\/akunq.net\/tr\/?author=7"}]}},"_links":{"self":[{"href":"https:\/\/akunq.net\/tr\/index.php?rest_route=\/wp\/v2\/posts\/26456","targetHints":{"allow":["GET"]}}],"collection":[{"href":"https:\/\/akunq.net\/tr\/index.php?rest_route=\/wp\/v2\/posts"}],"about":[{"href":"https:\/\/akunq.net\/tr\/index.php?rest_route=\/wp\/v2\/types\/post"}],"author":[{"embeddable":true,"href":"https:\/\/akunq.net\/tr\/index.php?rest_route=\/wp\/v2\/users\/7"}],"replies":[{"embeddable":true,"href":"https:\/\/akunq.net\/tr\/index.php?rest_route=%2Fwp%2Fv2%2Fcomments&post=26456"}],"version-history":[{"count":1,"href":"https:\/\/akunq.net\/tr\/index.php?rest_route=\/wp\/v2\/posts\/26456\/revisions"}],"predecessor-version":[{"id":26458,"href":"https:\/\/akunq.net\/tr\/index.php?rest_route=\/wp\/v2\/posts\/26456\/revisions\/26458"}],"wp:attachment":[{"href":"https:\/\/akunq.net\/tr\/index.php?rest_route=%2Fwp%2Fv2%2Fmedia&parent=26456"}],"wp:term":[{"taxonomy":"category","embeddable":true,"href":"https:\/\/akunq.net\/tr\/index.php?rest_route=%2Fwp%2Fv2%2Fcategories&post=26456"},{"taxonomy":"post_tag","embeddable":true,"href":"https:\/\/akunq.net\/tr\/index.php?rest_route=%2Fwp%2Fv2%2Ftags&post=26456"}],"curies":[{"name":"wp","href":"https:\/\/api.w.org\/{rel}","templated":true}]}}