{"id":26449,"date":"2013-10-28T02:20:05","date_gmt":"2013-10-28T07:20:05","guid":{"rendered":"http:\/\/akunq.net\/tr\/?p=26449"},"modified":"2013-10-28T02:20:05","modified_gmt":"2013-10-28T07:20:05","slug":"duduk-ustadi","status":"publish","type":"post","link":"https:\/\/akunq.net\/tr\/?p=26449","title":{"rendered":"Duduk \u00fcstad\u0131"},"content":{"rendered":"<h2 style=\"text-align: justify;\"><i><a href=\"http:\/\/akunq.net\/tr\/wp-content\/uploads\/2013\/10\/Suren-Asaduryan.jpg\"><img loading=\"lazy\" decoding=\"async\" class=\"alignright size-medium wp-image-26450\" alt=\"Suren Asaduryan\" src=\"http:\/\/akunq.net\/tr\/wp-content\/uploads\/2013\/10\/Suren-Asaduryan-300x111.jpg\" width=\"300\" height=\"111\" srcset=\"https:\/\/akunq.net\/tr\/wp-content\/uploads\/sites\/6\/2013\/10\/Suren-Asaduryan-300x111.jpg 300w, https:\/\/akunq.net\/tr\/wp-content\/uploads\/sites\/6\/2013\/10\/Suren-Asaduryan-600x222.jpg 600w, https:\/\/akunq.net\/tr\/wp-content\/uploads\/sites\/6\/2013\/10\/Suren-Asaduryan.jpg 670w\" sizes=\"auto, (max-width: 300px) 100vw, 300px\" \/><\/a>Kad\u0131k\u00f6y&#8217;de m\u00fctevaz\u0131 bir mekanda otururken sahneye \u00e7\u0131kan ki\u015finin Suren Asaduryan oldu\u011funu bilmiyordum. Duduk \u00e7almaya ba\u015flad\u0131, mekandaki herkes sus pus oldu. Ses mekana yay\u0131l\u0131rken a\u011flayan, h\u00fcz\u00fcnlenen insanlar vard\u0131. Bu etkileyici m\u00fczi\u011fi sunan ki\u015fi ile bir vapur yolculu\u011funda konu\u015ftuk. Huzurlar\u0131n\u0131zda Ermenistan&#8217;da ya\u015fayan ama \u00fclkemizde de 7 alb\u00fcm \u00e7\u0131karm\u0131\u015f olan Ermeni duduk sanat\u00e7\u0131s\u0131 Suren Asaduryan (52).<\/i><\/h2>\n<p style=\"text-align: justify;\"><strong>D\u00fcnyaca \u00fcnl\u00fcs\u00fcn\u00fcz. Ama k\u00fc\u00e7\u00fck, m\u00fctevaz\u0131 bir mekanda \u00e7alarken rastlad\u0131m size.<\/strong><\/p>\n<p style=\"text-align: justify;\">Sanat\u00e7\u0131n\u0131n <a href=\"http:\/\/www.posta.com.tr\/DetayliAra?q=nerede\" target=\"_blank\">nerede<\/a> \u00e7ald\u0131\u011f\u0131 de\u011fil, kimlere \u00e7ald\u0131\u011f\u0131 \u00f6nemli. Dinleyicilerinizle etkile\u015fime girmi\u015fseniz, duygu al\u0131\u015fveri\u015fi yapm\u0131\u015fsan\u0131z, yeter. Dinleyen insan\u0131n hislerinizi anlamas\u0131, etkilenmesi laz\u0131m. Herkesi susturmal\u0131, kendinizi dinletebilmelisiniz. Buras\u0131 b\u00fcy\u00fck bir <a href=\"http:\/\/www.posta.com.tr\/DetayliAra?q=konser\" target=\"_blank\">konser<\/a> alan\u0131 da olur, k\u00fc\u00e7\u00fck bir mekan da. Fark etmez.<\/p>\n<p style=\"text-align: justify;\"><strong>Ailenizde ba\u015fka m\u00fczisyen var m\u0131?<\/strong><\/p>\n<p style=\"text-align: justify;\">Kar\u0131m ve k\u0131z\u0131m konservatuvar mezunu <a href=\"http:\/\/www.posta.com.tr\/DetayliAra?q=piyanist\" target=\"_blank\">piyanist<\/a>. Bir o\u011flum garmon ve kemen\u00e7e \u00e7al\u0131yor. Di\u011fer o\u011flum hukuk okudu. Amcalar\u0131m ve day\u0131lar\u0131mdan da m\u00fczisyenler var. Bu, Tanr\u0131\u2019n\u0131n ailemize verdi\u011fi bir yetenek olmal\u0131.<\/p>\n<p style=\"text-align: justify;\"><strong>R\u00f6portaj: Ali R. <\/strong><a href=\"http:\/\/www.posta.com.tr\/DetayliAra?q=Karada\u011f\" target=\"_blank\"><strong>Karada\u011f<\/strong><\/a><\/p>\n<p style=\"text-align: justify;\"><strong>alirkaradag@<\/strong><a href=\"http:\/\/www.posta.com.tr\/DetayliAra?q=Gmail\" target=\"_blank\"><strong>gmail<\/strong><\/a><strong>.com<\/strong><\/p>\n<p style=\"text-align: justify;\"><strong>\u201cEn iyi duduk, kay\u0131s\u0131 a\u011fac\u0131ndan&#8230;\u201d <\/strong><\/p>\n<p style=\"text-align: justify;\"><strong>Duduk, insanlar\u0131 \u00e7ok etkileyen bir <\/strong><a href=\"http:\/\/www.posta.com.tr\/DetayliAra?q=m\u00fczik\" target=\"_blank\"><strong>m\u00fczik<\/strong><\/a><strong> aleti. Biraz tan\u0131t\u0131r m\u0131s\u0131n\u0131z?<\/strong><\/p>\n<p style=\"text-align: justify;\">Efsaneye g\u00f6re <a href=\"http:\/\/www.posta.com.tr\/DetayliAra?q=Nuh%20Peygamber\" target=\"_blank\">Nuh Peygamber<\/a>, Tufan\u2019dan sonra <a href=\"http:\/\/www.posta.com.tr\/DetayliAra?q=A\u011fr\u0131\" target=\"_blank\">A\u011fr\u0131<\/a> Da\u011f\u0131\u2019n\u0131n tepesine gemisiyle oturmu\u015f. <a href=\"http:\/\/www.posta.com.tr\/DetayliAra?q=insanlar\" target=\"_blank\">\u0130nsanlar<\/a> orada tekrar \u00e7o\u011falm\u0131\u015flar. \u0130\u015fte o zamandan beri kullan\u0131lan bir enstr\u00fcman duduk. O zamandan beri bir\u00e7ok insan duduk \u00e7alm\u0131\u015f ama \u00e7ok az\u0131 hakk\u0131n\u0131 vererek \u00e7alabilmi\u015f. Asl\u0131nda 1 oktavl\u0131k bir alet. Ama \u00e7ellodan, klarnetten zordur \u00e7almas\u0131. Bir\u00e7ok a\u011fa\u00e7tan yap\u0131lsa da en makbul\u00fc kay\u0131s\u0131 a\u011fac\u0131d\u0131r. Ya\u015flan\u0131p <a href=\"http:\/\/www.posta.com.tr\/DetayliAra?q=meyve\" target=\"_blank\">meyve<\/a> vermeyen kay\u0131s\u0131 a\u011fa\u00e7lar\u0131n\u0131n en fazla <a href=\"http:\/\/www.posta.com.tr\/DetayliAra?q=g\u00fcne\u015f\" target=\"_blank\">g\u00fcne\u015f<\/a> alan k\u0131s\u0131mlar\u0131 kesiliyor. Uzun y\u0131lllar bir yerde bekletilerek iyice kurutuluyor. Sonra tuzlu suyla doyurup delikleri a\u00e7\u0131l\u0131yor. 10 delikli bir \u00e7alg\u0131 bu. A\u011f\u0131zl\u0131\u011f\u0131 ise kam\u0131\u015ftan yap\u0131l\u0131r. Sonu\u00e7ta insan\u0131 oynatan ya da a\u011flatan duduk ortaya \u00e7\u0131kar.<\/p>\n<p style=\"text-align: justify;\"><strong>Siz nas\u0131l tan\u0131\u015ft\u0131n\u0131z dudukla? <\/strong><\/p>\n<p style=\"text-align: justify;\">Bir <a href=\"http:\/\/www.posta.com.tr\/DetayliAra?q=Yaz\" target=\"_blank\">yaz<\/a> kamp\u0131nda tan\u0131\u015fm\u0131\u015ft\u0131m. 17 ya\u015f\u0131ndayken ustam Va\u00e7e Hosepyan\u2019dan ders ald\u0131m. 18 ya\u015f\u0131nda da profesyonel olarak \u00e7almaya ba\u015flad\u0131m. 20 ya\u015f\u0131nda <a href=\"http:\/\/www.posta.com.tr\/DetayliAra?q=Ermenistan\" target=\"_blank\">Ermenistan<\/a> Halk M\u00fczi\u011fi Orkestras\u0131\u2019nda \u00e7ald\u0131m. 24 ya\u015f\u0131nda, konservatuvarda e\u011fitimini ald\u0131m. Ger\u00e7i ondan \u00f6nce heykel b\u00f6l\u00fcm\u00fcn\u00fc bitirdim ama heykelle amat\u00f6rce ilgilendim. Dudukta s\u0131k\u0131 <a href=\"http:\/\/www.posta.com.tr\/DetayliAra?q=e\u011fitim\" target=\"_blank\">e\u011fitim<\/a> \u00e7ok \u00f6nemli. Markar Markaryan, Va\u00e7e Hosepyan, Civan Gasparyan gibi ustalar duduku geli\u015ftirdiler. Ben de katk\u0131da bulunuyorum bu geli\u015fime.<\/p>\n<p style=\"text-align: justify;\"><strong>\u201c<\/strong><a href=\"http:\/\/www.posta.com.tr\/DetayliAra?q=\u0130stanbul\" target=\"_blank\"><strong>\u0130stanbul<\/strong><\/a><strong>\u2019un enerjisi g\u00fc\u00e7l\u00fc\u201d<\/strong><\/p>\n<p style=\"text-align: justify;\"><strong>Duduk \u00e7alarken ne hissediyorsunuz?<\/strong><\/p>\n<p style=\"text-align: justify;\">\u0130yi \u00e7alarsan\u0131z hem siz, hem dinleyen, hem de enstr\u00fcman kendini iyi hisseder. \u0130yi m\u00fczik, sanat\u00e7\u0131n\u0131n ar\u0131nma \u015feklidir. Ruhun esenli\u011fe kavu\u015fmas\u0131d\u0131r. \u0130nsan\u0131n iki g\u00f6z\u00fc var. \u00dc\u00e7\u00fcnc\u00fcs\u00fc kalptir. <a href=\"http:\/\/www.posta.com.tr\/DetayliAra?q=sanat\" target=\"_blank\">Sanat<\/a>, Tanr\u0131\u2019n\u0131n dili. O\u2019nun enerjisini hissetmek \u00e7ok etkileyici. \u0130nsanlar farkl\u0131 diller konu\u015fur ve \u00e7o\u011fu zaman birbirini anlamaz. Ama m\u00fczik t\u00fcm insanlar\u0131n ortak dilidir. M\u00fczisyen olmak, hakikate ula\u015fma gayretidir. Bu, Tanr\u0131\u2019n\u0131n size ne kadar iyilik verdi\u011fi ile ilgili. Yani m\u00fczisyenin bir \u0131rk\u0131, bir dini yok. Herkesle bir olmak g\u00fczel bir duygu.<\/p>\n<p style=\"text-align: justify;\"><strong>\u0130stanbul\u2019a s\u0131k gelip gidiyor musunuz? <\/strong><\/p>\n<p style=\"text-align: justify;\">\u0130stanbul sizin i\u00e7in ne ifade ediyor? 1994\u2019<a href=\"http:\/\/www.posta.com.tr\/DetayliAra?q=Ten\" target=\"_blank\">ten<\/a> beri s\u00fcrekli gidip geliyorum. \u0130stanbul d\u00fcnyan\u0131n ortas\u0131. \u00c7ok az insan bu \u015fehrin fark\u0131nda olarak ya\u015f\u0131yor. \u00c7ok farkl\u0131 k\u00fclt\u00fcrler yan yana ya\u015f\u0131yor burada. O nedenle de \u00e7ok g\u00fc\u00e7l\u00fc bir enerjisi var kentin. Burada seni anlayan insan bulman \u00e7ok kolay. \u0130stanbul benim i\u00e7in; \u00e7ok iyi m\u00fczisyenlerin oldu\u011fu, \u00e7ok iyi dinleyicilerin oldu\u011fu bir \u015fehir. Burada olmay\u0131 seviyorum.<\/p>\n<p style=\"text-align: justify;\"><strong>Bu, geleneksel bir m\u00fczik aleti mi? Yeniliklere ne kadar a\u00e7\u0131k?<\/strong><\/p>\n<p style=\"text-align: justify;\">\u00d6nce ba\u015fka m\u00fczik aletlerine e\u015flik ediyordu. Markar Markaryan sayesinde solo \u00e7al\u0131\u015fmaya ba\u015flad\u0131. Bir\u00e7ok m\u00fczik aletiyle uyumlu. Mesela ben, <a href=\"http:\/\/www.posta.com.tr\/DetayliAra?q=Avustralya\" target=\"_blank\">Avustralya<\/a> yerlisi olan Aborijinlerin geleneksel \u00e7alg\u0131s\u0131 \u2018djiridoo\u2019 ile d\u00fcet yapt\u0131m. Ayn\u0131 \u015fekilde gitarla, neyle de. Yeniliklere kolay uyum sa\u011fl\u0131yor yani. Ama duduk orkestras\u0131yla tad\u0131 ba\u015fka olur. Sabit sesle \u00e7alan bir-iki dudu\u011fun \u00fcst\u00fcne solist duduk \u00e7ald\u0131\u011f\u0131nda m\u00fcthi\u015ftir.<\/p>\n<p style=\"text-align: justify;\"><strong>Burada konserleriniz olacak m\u0131?<\/strong><\/p>\n<p style=\"text-align: justify;\">Haz\u0131rl\u0131klar var. Burada <a href=\"http:\/\/www.posta.com.tr\/DetayliAra?q=Ermeni\" target=\"_blank\">Ermeni<\/a> dinleyicilerden \u00e7ok T\u00fcrk m\u00fczikseverler geliyor dinlemeye. Demek ki m\u00fczi\u011fe evrensel bakabiliyorlar. Bir Ermeni olarak burada sevilmek g\u00fczel duygu.<\/p>\n<p style=\"text-align: justify;\"><strong>\u201cT\u00fcrk sanat m\u00fczi\u011fini \u00c7OK <\/strong><a href=\"http:\/\/www.posta.com.tr\/DetayliAra?q=severim\" target=\"_blank\"><strong>SEVER\u0130M<\/strong><\/a><strong>\u201d<\/strong><\/p>\n<p style=\"text-align: justify;\"><strong>Az \u00f6nce \u201c\u00c7ok iyi m\u00fczisyenler var\u201d dediniz. T\u00fcrk sanat\u00e7\u0131larla \u00e7al\u0131\u015fmalar\u0131n\u0131z nas\u0131l gidiyor? <\/strong><\/p>\n<p style=\"text-align: justify;\"><a href=\"http:\/\/www.posta.com.tr\/DetayliAra?q=T\u00fcrkiye\" target=\"_blank\">T\u00fcrkiye<\/a>\u2019de yedi <a href=\"http:\/\/www.posta.com.tr\/DetayliAra?q=alb\u00fcm\" target=\"_blank\">alb\u00fcm<\/a> \u00e7\u0131kard\u0131m. Konserler verdim, baz\u0131 sanat\u00e7\u0131lar\u0131n alb\u00fcmlerinde \u00e7ald\u0131m. Birlikte \u00e7al\u0131\u015ft\u0131\u011f\u0131m sanat\u00e7\u0131lar\u0131 \u00e7ok be\u011feniyorum. Birol Yayla iyi bir neyzen. Erkan O\u011fur da \u00e7ok iyi bir sanat\u00e7\u0131. Onlarla \u00e7al\u0131\u015ft\u0131\u011f\u0131m, tan\u0131\u015ft\u0131\u011f\u0131m i\u00e7in mutluyum.<\/p>\n<p style=\"text-align: justify;\"><strong>T\u00fcrk m\u00fczi\u011fini nas\u0131l buluyorsunuz?<\/strong><\/p>\n<p style=\"text-align: justify;\">\u0130yi bir duduk sanat\u00e7\u0131s\u0131 gezer, k\u00fclt\u00fcrleri ara\u015ft\u0131r\u0131r, \u00f6\u011frenir. T\u00fcrk sanat m\u00fczi\u011fi ve T\u00fcrk halk m\u00fczi\u011fini \u00e7ok seviyorum. Duduk, erkeklerin a\u011f\u0131t\u0131d\u0131r. Onunla \u00e7al\u0131nan \u00e7ok g\u00fczel halk t\u00fcrk\u00fcleri var. \u2018Uzun \u0130nce Bir Yolday\u0131m\u2019, \u2018Tutam Yar Elinden\u2019, \u2018<a href=\"http:\/\/www.posta.com.tr\/DetayliAra?q=Sar\u0131%20Gelin\" target=\"_blank\">Sar\u0131 Gelin<\/a>\u2019, \u2018<a href=\"http:\/\/www.posta.com.tr\/DetayliAra?q=Bitlis\" target=\"_blank\">Bitlis<\/a>\u2019te Be\u015f Minare\u2019 gibi t\u00fcrk\u00fcleri duduk i\u00e7in d\u00fczenledim. Mesela Ermenistan\u2019da \u015fimdi cenazelerde bu t\u00fcrk\u00fcler \u00e7al\u0131n\u0131yor dudukla.<\/p>\n<p style=\"text-align: justify;\"><b><i>http:\/\/www.posta.com.tr\/cumartesipostasi\/HaberDetay\/Duduk-ustadi.htm?ArticleID=201585<\/i><\/b><\/p>\n","protected":false},"excerpt":{"rendered":"<p>Kad\u0131k\u00f6y&#8217;de m\u00fctevaz\u0131 bir mekanda otururken sahneye \u00e7\u0131kan ki\u015finin Suren Asaduryan oldu\u011funu bilmiyordum. Duduk \u00e7almaya ba\u015flad\u0131, mekandaki herkes sus pus oldu. Ses mekana yay\u0131l\u0131rken a\u011flayan, h\u00fcz\u00fcnlenen insanlar vard\u0131. Bu etkileyici m\u00fczi\u011fi sunan ki\u015fi ile bir vapur yolculu\u011funda konu\u015ftuk. Huzurlar\u0131n\u0131zda Ermenistan&#8217;da ya\u015fayan ama \u00fclkemizde de 7 alb\u00fcm \u00e7\u0131karm\u0131\u015f olan Ermeni duduk sanat\u00e7\u0131s\u0131 Suren Asaduryan (52). D\u00fcnyaca \u00fcnl\u00fcs\u00fcn\u00fcz. [&hellip;]<\/p>\n","protected":false},"author":7,"featured_media":0,"comment_status":"open","ping_status":"open","sticky":false,"template":"","format":"standard","meta":{"footnotes":""},"categories":[1,71],"tags":[],"class_list":["post-26449","post","type-post","status-publish","format-standard","hentry","category-haberler","category-mulakatlar"],"yoast_head":"<!-- This site is optimized with the Yoast SEO plugin v27.4 - https:\/\/yoast.com\/product\/yoast-seo-wordpress\/ -->\n<title>Duduk \u00fcstad\u0131 - Bati Ermenistan Ve Bati Ermenileri Sorunlari Ara\u015ftirmalar Merkezi<\/title>\n<meta name=\"robots\" content=\"index, follow, max-snippet:-1, max-image-preview:large, max-video-preview:-1\" \/>\n<link rel=\"canonical\" href=\"https:\/\/akunq.net\/tr\/?p=26449\" \/>\n<meta property=\"og:locale\" content=\"en_US\" \/>\n<meta property=\"og:type\" content=\"article\" \/>\n<meta property=\"og:title\" content=\"Duduk \u00fcstad\u0131 - Bati Ermenistan Ve Bati Ermenileri Sorunlari Ara\u015ftirmalar Merkezi\" \/>\n<meta property=\"og:description\" content=\"Kad\u0131k\u00f6y&#8217;de m\u00fctevaz\u0131 bir mekanda otururken sahneye \u00e7\u0131kan ki\u015finin Suren Asaduryan oldu\u011funu bilmiyordum. Duduk \u00e7almaya ba\u015flad\u0131, mekandaki herkes sus pus oldu. Ses mekana yay\u0131l\u0131rken a\u011flayan, h\u00fcz\u00fcnlenen insanlar vard\u0131. Bu etkileyici m\u00fczi\u011fi sunan ki\u015fi ile bir vapur yolculu\u011funda konu\u015ftuk. Huzurlar\u0131n\u0131zda Ermenistan&#8217;da ya\u015fayan ama \u00fclkemizde de 7 alb\u00fcm \u00e7\u0131karm\u0131\u015f olan Ermeni duduk sanat\u00e7\u0131s\u0131 Suren Asaduryan (52). D\u00fcnyaca \u00fcnl\u00fcs\u00fcn\u00fcz. [&hellip;]\" \/>\n<meta property=\"og:url\" content=\"https:\/\/akunq.net\/tr\/?p=26449\" \/>\n<meta property=\"og:site_name\" content=\"Bati Ermenistan Ve Bati Ermenileri Sorunlari Ara\u015ftirmalar Merkezi\" \/>\n<meta property=\"article:published_time\" content=\"2013-10-28T07:20:05+00:00\" \/>\n<meta property=\"og:image\" content=\"http:\/\/akunq.net\/tr\/wp-content\/uploads\/2013\/10\/Suren-Asaduryan-300x111.jpg\" \/>\n<meta name=\"author\" content=\"admin\" \/>\n<meta name=\"twitter:card\" content=\"summary_large_image\" \/>\n<meta name=\"twitter:label1\" content=\"Written by\" \/>\n\t<meta name=\"twitter:data1\" content=\"admin\" \/>\n\t<meta name=\"twitter:label2\" content=\"Est. reading time\" \/>\n\t<meta name=\"twitter:data2\" content=\"5 minutes\" \/>\n<script type=\"application\/ld+json\" class=\"yoast-schema-graph\">{\"@context\":\"https:\\\/\\\/schema.org\",\"@graph\":[{\"@type\":\"Article\",\"@id\":\"https:\\\/\\\/akunq.net\\\/tr\\\/?p=26449#article\",\"isPartOf\":{\"@id\":\"https:\\\/\\\/akunq.net\\\/tr\\\/?p=26449\"},\"author\":{\"name\":\"admin\",\"@id\":\"https:\\\/\\\/akunq.net\\\/tr\\\/#\\\/schema\\\/person\\\/096f1d38a12cce57fb855b485ed24c9e\"},\"headline\":\"Duduk \u00fcstad\u0131\",\"datePublished\":\"2013-10-28T07:20:05+00:00\",\"mainEntityOfPage\":{\"@id\":\"https:\\\/\\\/akunq.net\\\/tr\\\/?p=26449\"},\"wordCount\":945,\"commentCount\":0,\"image\":{\"@id\":\"https:\\\/\\\/akunq.net\\\/tr\\\/?p=26449#primaryimage\"},\"thumbnailUrl\":\"http:\\\/\\\/akunq.net\\\/tr\\\/wp-content\\\/uploads\\\/2013\\\/10\\\/Suren-Asaduryan-300x111.jpg\",\"articleSection\":[\"Haberler\",\"M\u00fclakatlar\"],\"inLanguage\":\"en-US\",\"potentialAction\":[{\"@type\":\"CommentAction\",\"name\":\"Comment\",\"target\":[\"https:\\\/\\\/akunq.net\\\/tr\\\/?p=26449#respond\"]}]},{\"@type\":\"WebPage\",\"@id\":\"https:\\\/\\\/akunq.net\\\/tr\\\/?p=26449\",\"url\":\"https:\\\/\\\/akunq.net\\\/tr\\\/?p=26449\",\"name\":\"Duduk \u00fcstad\u0131 - Bati Ermenistan Ve Bati Ermenileri Sorunlari Ara\u015ftirmalar Merkezi\",\"isPartOf\":{\"@id\":\"https:\\\/\\\/akunq.net\\\/tr\\\/#website\"},\"primaryImageOfPage\":{\"@id\":\"https:\\\/\\\/akunq.net\\\/tr\\\/?p=26449#primaryimage\"},\"image\":{\"@id\":\"https:\\\/\\\/akunq.net\\\/tr\\\/?p=26449#primaryimage\"},\"thumbnailUrl\":\"http:\\\/\\\/akunq.net\\\/tr\\\/wp-content\\\/uploads\\\/2013\\\/10\\\/Suren-Asaduryan-300x111.jpg\",\"datePublished\":\"2013-10-28T07:20:05+00:00\",\"author\":{\"@id\":\"https:\\\/\\\/akunq.net\\\/tr\\\/#\\\/schema\\\/person\\\/096f1d38a12cce57fb855b485ed24c9e\"},\"breadcrumb\":{\"@id\":\"https:\\\/\\\/akunq.net\\\/tr\\\/?p=26449#breadcrumb\"},\"inLanguage\":\"en-US\",\"potentialAction\":[{\"@type\":\"ReadAction\",\"target\":[\"https:\\\/\\\/akunq.net\\\/tr\\\/?p=26449\"]}]},{\"@type\":\"ImageObject\",\"inLanguage\":\"en-US\",\"@id\":\"https:\\\/\\\/akunq.net\\\/tr\\\/?p=26449#primaryimage\",\"url\":\"https:\\\/\\\/akunq.net\\\/tr\\\/wp-content\\\/uploads\\\/sites\\\/6\\\/2013\\\/10\\\/Suren-Asaduryan.jpg\",\"contentUrl\":\"https:\\\/\\\/akunq.net\\\/tr\\\/wp-content\\\/uploads\\\/sites\\\/6\\\/2013\\\/10\\\/Suren-Asaduryan.jpg\",\"width\":670,\"height\":248},{\"@type\":\"BreadcrumbList\",\"@id\":\"https:\\\/\\\/akunq.net\\\/tr\\\/?p=26449#breadcrumb\",\"itemListElement\":[{\"@type\":\"ListItem\",\"position\":1,\"name\":\"Home\",\"item\":\"https:\\\/\\\/akunq.net\\\/tr\"},{\"@type\":\"ListItem\",\"position\":2,\"name\":\"Duduk \u00fcstad\u0131\"}]},{\"@type\":\"WebSite\",\"@id\":\"https:\\\/\\\/akunq.net\\\/tr\\\/#website\",\"url\":\"https:\\\/\\\/akunq.net\\\/tr\\\/\",\"name\":\"Bati Ermenistan Ve Bati Ermenileri Sorunlari Ara\u015ftirmalar Merkezi\",\"description\":\"\",\"potentialAction\":[{\"@type\":\"SearchAction\",\"target\":{\"@type\":\"EntryPoint\",\"urlTemplate\":\"https:\\\/\\\/akunq.net\\\/tr\\\/?s={search_term_string}\"},\"query-input\":{\"@type\":\"PropertyValueSpecification\",\"valueRequired\":true,\"valueName\":\"search_term_string\"}}],\"inLanguage\":\"en-US\"},{\"@type\":\"Person\",\"@id\":\"https:\\\/\\\/akunq.net\\\/tr\\\/#\\\/schema\\\/person\\\/096f1d38a12cce57fb855b485ed24c9e\",\"name\":\"admin\",\"url\":\"https:\\\/\\\/akunq.net\\\/tr\\\/?author=7\"}]}<\/script>\n<!-- \/ Yoast SEO plugin. -->","yoast_head_json":{"title":"Duduk \u00fcstad\u0131 - Bati Ermenistan Ve Bati Ermenileri Sorunlari Ara\u015ftirmalar Merkezi","robots":{"index":"index","follow":"follow","max-snippet":"max-snippet:-1","max-image-preview":"max-image-preview:large","max-video-preview":"max-video-preview:-1"},"canonical":"https:\/\/akunq.net\/tr\/?p=26449","og_locale":"en_US","og_type":"article","og_title":"Duduk \u00fcstad\u0131 - Bati Ermenistan Ve Bati Ermenileri Sorunlari Ara\u015ftirmalar Merkezi","og_description":"Kad\u0131k\u00f6y&#8217;de m\u00fctevaz\u0131 bir mekanda otururken sahneye \u00e7\u0131kan ki\u015finin Suren Asaduryan oldu\u011funu bilmiyordum. Duduk \u00e7almaya ba\u015flad\u0131, mekandaki herkes sus pus oldu. Ses mekana yay\u0131l\u0131rken a\u011flayan, h\u00fcz\u00fcnlenen insanlar vard\u0131. Bu etkileyici m\u00fczi\u011fi sunan ki\u015fi ile bir vapur yolculu\u011funda konu\u015ftuk. Huzurlar\u0131n\u0131zda Ermenistan&#8217;da ya\u015fayan ama \u00fclkemizde de 7 alb\u00fcm \u00e7\u0131karm\u0131\u015f olan Ermeni duduk sanat\u00e7\u0131s\u0131 Suren Asaduryan (52). D\u00fcnyaca \u00fcnl\u00fcs\u00fcn\u00fcz. [&hellip;]","og_url":"https:\/\/akunq.net\/tr\/?p=26449","og_site_name":"Bati Ermenistan Ve Bati Ermenileri Sorunlari Ara\u015ftirmalar Merkezi","article_published_time":"2013-10-28T07:20:05+00:00","og_image":[{"url":"http:\/\/akunq.net\/tr\/wp-content\/uploads\/2013\/10\/Suren-Asaduryan-300x111.jpg","type":"","width":"","height":""}],"author":"admin","twitter_card":"summary_large_image","twitter_misc":{"Written by":"admin","Est. reading time":"5 minutes"},"schema":{"@context":"https:\/\/schema.org","@graph":[{"@type":"Article","@id":"https:\/\/akunq.net\/tr\/?p=26449#article","isPartOf":{"@id":"https:\/\/akunq.net\/tr\/?p=26449"},"author":{"name":"admin","@id":"https:\/\/akunq.net\/tr\/#\/schema\/person\/096f1d38a12cce57fb855b485ed24c9e"},"headline":"Duduk \u00fcstad\u0131","datePublished":"2013-10-28T07:20:05+00:00","mainEntityOfPage":{"@id":"https:\/\/akunq.net\/tr\/?p=26449"},"wordCount":945,"commentCount":0,"image":{"@id":"https:\/\/akunq.net\/tr\/?p=26449#primaryimage"},"thumbnailUrl":"http:\/\/akunq.net\/tr\/wp-content\/uploads\/2013\/10\/Suren-Asaduryan-300x111.jpg","articleSection":["Haberler","M\u00fclakatlar"],"inLanguage":"en-US","potentialAction":[{"@type":"CommentAction","name":"Comment","target":["https:\/\/akunq.net\/tr\/?p=26449#respond"]}]},{"@type":"WebPage","@id":"https:\/\/akunq.net\/tr\/?p=26449","url":"https:\/\/akunq.net\/tr\/?p=26449","name":"Duduk \u00fcstad\u0131 - Bati Ermenistan Ve Bati Ermenileri Sorunlari Ara\u015ftirmalar Merkezi","isPartOf":{"@id":"https:\/\/akunq.net\/tr\/#website"},"primaryImageOfPage":{"@id":"https:\/\/akunq.net\/tr\/?p=26449#primaryimage"},"image":{"@id":"https:\/\/akunq.net\/tr\/?p=26449#primaryimage"},"thumbnailUrl":"http:\/\/akunq.net\/tr\/wp-content\/uploads\/2013\/10\/Suren-Asaduryan-300x111.jpg","datePublished":"2013-10-28T07:20:05+00:00","author":{"@id":"https:\/\/akunq.net\/tr\/#\/schema\/person\/096f1d38a12cce57fb855b485ed24c9e"},"breadcrumb":{"@id":"https:\/\/akunq.net\/tr\/?p=26449#breadcrumb"},"inLanguage":"en-US","potentialAction":[{"@type":"ReadAction","target":["https:\/\/akunq.net\/tr\/?p=26449"]}]},{"@type":"ImageObject","inLanguage":"en-US","@id":"https:\/\/akunq.net\/tr\/?p=26449#primaryimage","url":"https:\/\/akunq.net\/tr\/wp-content\/uploads\/sites\/6\/2013\/10\/Suren-Asaduryan.jpg","contentUrl":"https:\/\/akunq.net\/tr\/wp-content\/uploads\/sites\/6\/2013\/10\/Suren-Asaduryan.jpg","width":670,"height":248},{"@type":"BreadcrumbList","@id":"https:\/\/akunq.net\/tr\/?p=26449#breadcrumb","itemListElement":[{"@type":"ListItem","position":1,"name":"Home","item":"https:\/\/akunq.net\/tr"},{"@type":"ListItem","position":2,"name":"Duduk \u00fcstad\u0131"}]},{"@type":"WebSite","@id":"https:\/\/akunq.net\/tr\/#website","url":"https:\/\/akunq.net\/tr\/","name":"Bati Ermenistan Ve Bati Ermenileri Sorunlari Ara\u015ftirmalar Merkezi","description":"","potentialAction":[{"@type":"SearchAction","target":{"@type":"EntryPoint","urlTemplate":"https:\/\/akunq.net\/tr\/?s={search_term_string}"},"query-input":{"@type":"PropertyValueSpecification","valueRequired":true,"valueName":"search_term_string"}}],"inLanguage":"en-US"},{"@type":"Person","@id":"https:\/\/akunq.net\/tr\/#\/schema\/person\/096f1d38a12cce57fb855b485ed24c9e","name":"admin","url":"https:\/\/akunq.net\/tr\/?author=7"}]}},"_links":{"self":[{"href":"https:\/\/akunq.net\/tr\/index.php?rest_route=\/wp\/v2\/posts\/26449","targetHints":{"allow":["GET"]}}],"collection":[{"href":"https:\/\/akunq.net\/tr\/index.php?rest_route=\/wp\/v2\/posts"}],"about":[{"href":"https:\/\/akunq.net\/tr\/index.php?rest_route=\/wp\/v2\/types\/post"}],"author":[{"embeddable":true,"href":"https:\/\/akunq.net\/tr\/index.php?rest_route=\/wp\/v2\/users\/7"}],"replies":[{"embeddable":true,"href":"https:\/\/akunq.net\/tr\/index.php?rest_route=%2Fwp%2Fv2%2Fcomments&post=26449"}],"version-history":[{"count":1,"href":"https:\/\/akunq.net\/tr\/index.php?rest_route=\/wp\/v2\/posts\/26449\/revisions"}],"predecessor-version":[{"id":26451,"href":"https:\/\/akunq.net\/tr\/index.php?rest_route=\/wp\/v2\/posts\/26449\/revisions\/26451"}],"wp:attachment":[{"href":"https:\/\/akunq.net\/tr\/index.php?rest_route=%2Fwp%2Fv2%2Fmedia&parent=26449"}],"wp:term":[{"taxonomy":"category","embeddable":true,"href":"https:\/\/akunq.net\/tr\/index.php?rest_route=%2Fwp%2Fv2%2Fcategories&post=26449"},{"taxonomy":"post_tag","embeddable":true,"href":"https:\/\/akunq.net\/tr\/index.php?rest_route=%2Fwp%2Fv2%2Ftags&post=26449"}],"curies":[{"name":"wp","href":"https:\/\/api.w.org\/{rel}","templated":true}]}}